{"id":9866,"date":"2022-03-29T14:06:55","date_gmt":"2022-03-29T12:06:55","guid":{"rendered":"https:\/\/turismocoria.es\/turismo\/?p=9866"},"modified":"2022-04-12T10:50:36","modified_gmt":"2022-04-12T08:50:36","slug":"la-experiencia-de-vivir-una-semana-santa-a-traves-de-los-sentidos","status":"publish","type":"post","link":"https:\/\/turismocoria.es\/turismo\/la-experiencia-de-vivir-una-semana-santa-a-traves-de-los-sentidos\/","title":{"rendered":"La experiencia de vivir una Semana Santa a trav\u00e9s de los sentidos"},"content":{"rendered":"\n<p><strong><em>La Ciudad de Coria le propone para esta Semana Santa una nueva y distinta forma de viajar, de conocer y de disfrutar de su tiempo de ocio de manera segura, tranquila y sostenible, a trav\u00e9s de la b\u00fasqueda de experiencias inesperadas de tipo culturales o simplemente espirituales de entre alguna de las posibilidades que ofrece su adaptada programaci\u00f3n tur\u00edstica.<\/em><\/strong><\/p>\n\n\n\n<p>Acompa\u00f1ado en pareja, con la familia o los amigos, el <strong>Casco Hist\u00f3rico de Coria<\/strong> se configura nuevamente en inmejorable decorado natural donde poder vivir esta diferente semana de fe y pasi\u00f3n, pero ideal para descubrir los encantos que atesora su antigua Ciudad Monumental sin las prisas impuestas por el turismo de masas, practicando un turismo cultural de interior basado en la historia, el arte, el recogimiento, la gastronom\u00eda o la naturaleza, placentero y entretenido, lejos de los tumultos y fuera de los barullos y los ruidos\u2026<\/p>\n\n\n\n<p>Una invitaci\u00f3n tur\u00edstica, cultural y espiritual, convertida en momento propicio para conocer y venerar esa reliquia universal y \u00fanica de la cristiandad que es el <strong>Sagrado Mantel de la \u00daltima Cena<\/strong> custodiado desde la antig\u00fcedad en la Santa Iglesia <strong>Catedral de Santa Mar\u00eda de la Asunci\u00f3n<\/strong>.<\/p>\n\n\n\n<figure class=\"wp-block-embed is-type-video is-provider-youtube wp-block-embed-youtube wp-embed-aspect-16-9 wp-has-aspect-ratio\"><div class=\"wp-block-embed__wrapper\">\n<div class=\"ast-oembed-container \" style=\"height: 100%;\"><iframe loading=\"lazy\" title=\"El Sagrado Mantel de Coria: Cultura, Devoci\u00f3n y Turismo - Reliquia Universal de la Cristiandad\" width=\"500\" height=\"281\" data-src=\"https:\/\/www.youtube.com\/embed\/qBfoZ48Qe9Q?feature=oembed\" frameborder=\"0\" allow=\"accelerometer; autoplay; clipboard-write; encrypted-media; gyroscope; picture-in-picture; web-share\" referrerpolicy=\"strict-origin-when-cross-origin\" allowfullscreen src=\"data:image\/gif;base64,R0lGODlhAQABAAAAACH5BAEKAAEALAAAAAABAAEAAAICTAEAOw==\" class=\"lazyload\" data-load-mode=\"1\"><\/iframe><\/div>\n<\/div><\/figure>\n\n\n\n<p>Un relajado paseo por su Casco Antiguo les redescubrir\u00e1, en estas se\u00f1aladas fechas, ese inmejorable marco por donde han transitado desde tiempos inmemoriales los ornamentales pasos procesionales portados por las penitenciales <strong>Cofrad\u00edas de la Santa y Vera Cruz<\/strong>, <strong>del Sant\u00edsimo Cristo de la Salud<\/strong>, <strong>del Sant\u00edsimo Cristo de los Afligidos<\/strong>, <strong>de Mar\u00eda Sant\u00edsima del Amor Hermoso<\/strong>, y <strong>de Jes\u00fas Resucitado<\/strong> y <strong>Nuestra Se\u00f1ora del Rosario<\/strong>, realzando la belleza art\u00edstica de sus escult\u00f3ricas im\u00e1genes religiosas.<\/p>\n\n\n\n<figure class=\"wp-block-embed is-type-video is-provider-youtube wp-block-embed-youtube wp-embed-aspect-16-9 wp-has-aspect-ratio\"><div class=\"wp-block-embed__wrapper\">\n<div class=\"ast-oembed-container \" style=\"height: 100%;\"><iframe loading=\"lazy\" title=\"Pas\u00ed\u00f3n, Muerte y Resurrecci\u00f3n por el casco hist\u00f3rico de Coria\" width=\"500\" height=\"281\" data-src=\"https:\/\/www.youtube.com\/embed\/DOH5lig9X54?feature=oembed\" frameborder=\"0\" allow=\"accelerometer; autoplay; clipboard-write; encrypted-media; gyroscope; picture-in-picture; web-share\" referrerpolicy=\"strict-origin-when-cross-origin\" allowfullscreen src=\"data:image\/gif;base64,R0lGODlhAQABAAAAACH5BAEKAAEALAAAAAABAAEAAAICTAEAOw==\" class=\"lazyload\" data-load-mode=\"1\"><\/iframe><\/div>\n<\/div><\/figure>\n\n\n\n<p>Atractivos tesoros que celosamente sigue conservando este m\u00e1gico escenario heredado durante siglos, lo que la convierten, seg\u00fan algunas fuentes, en la novena poblaci\u00f3n m\u00e1s antigua de toda Espa\u00f1a, cuyos vestigios de la longeva historia cauriense quedan en parte atestiguados por el magn\u00edfico <strong>Conjunto Monumental<\/strong> que conserva la ciudad. Desde las volum\u00e9tricas <strong>Murallas Romanas (s. I)<\/strong> que circundan el Casco Hist\u00f3rico constituy\u00e9ndose como una de las fortalezas de origen romano mejor conservadas en su conjunto de entre todas las halladas en el resto de Europa; pasando por los soberbios y se\u00f1oriales <strong>Castillo (s. XV)<\/strong> y <strong>Palacio de los Duques de Alba (s. XVI)<\/strong> como s\u00edmbolos del rancio poder nobiliario; hasta la magna <strong>Catedral de Santa Mar\u00eda de la Asunci\u00f3n (s. XV-XVIII)<\/strong>, joya del g\u00f3tico-plateresco extreme\u00f1o, en la que se custodia el <strong>Sagrado Mantel de la \u00daltima Cena<\/strong>; adem\u00e1s del <strong>Palacio Episcopal (s. XVII)<\/strong>, la <strong>Iglesia de Santiago Ap\u00f3stol (s. XVI-XVIII)<\/strong>, el <strong>Convento de la Madre de Dios (s. XVI-XVII)<\/strong>, el <strong>Hospital de San Nicol\u00e1s de Bari (s. XVI-XIX)<\/strong>, el <strong>Colegio Seminario Menor Conciliar (s. XVI-XIX)<\/strong>, las <strong>C\u00e1rceles Real (s. XVII)<\/strong>, convertida en Museo de Historia, Arqueolog\u00eda y Etnograf\u00eda, y <strong>Eclesi\u00e1stica (s. XVIII)<\/strong>, o los <strong>Puentes de Piedra (s. XVI)<\/strong> y <strong>de Hierro (s. XX)<\/strong>, entre otros.<\/p>\n\n\n\n<p>Grandes y soberbios monumentos conservados entre un entramado de calles que enamorar\u00e1n al turista, cuyo legado cultural y espiritual se exhiben en las colecciones conservadas en los <strong>Museos Catedralicio<\/strong> y <strong>de la C\u00e1rcel Real<\/strong> de la tambi\u00e9n ciudad episcopal que fue, en su tiempo, el punto final  de una de las peregrinaciones m\u00e1s importantes y conocidas de toda la pen\u00ednsula Ib\u00e9rica. Devoci\u00f3n, cultura y turismo en torno a las <strong>Santas Reliquias<\/strong> conservadas en la seo cauriense, convertidas en verdaderos tesoros sacros para el gozo y fervor de los fieles. Un rico legado de piezas y alhajas entre las que destacan una <strong>Santa Espina<\/strong> de la Corona, junto a un <strong><em>Lignum Crucis<\/em><\/strong> o fragmento de la Cruz de Jesucristo, adem\u00e1s del citado y excepcional <strong>Sagrado Mantel de la \u00daltima Cena<\/strong>, como reliquia universal de la cristiandad.<\/p>\n\n\n\n<p>Y, junto a las milenarias huellas de la historia del pasado cauriense celosamente atesorado, el turista podr\u00e1 sentir y disfrutar tambi\u00e9n de su diversificada y variada <strong>oferta hostelera<\/strong> y <strong>comercia<\/strong>l que, unidas con la fecunda <strong>oferta gastron\u00f3mica<\/strong> con la que tener el placer de saborear la buena cocina tradicional de sus fogones en los principales establecimientos de restauraci\u00f3n abiertos dentro de esta nobiliaria y episcopal ciudad altoextreme\u00f1a, a buen seguro que cubrir\u00e1n todas las necesidades y los gustos de aquellos viajeros que visiten este centenario centro de destino tur\u00edstico cargado de encanto, seguro y tranquilo, convertido en una de las mejores opciones para su tiempo de ocio libre en Semana Santa dentro de una de las estaciones privilegiadas para viajar como es la primavera.<\/p>\n\n\n\n<p><strong>M\u00e1s Informaci\u00f3n en:<br>Oficina Municipal de Turismo<\/strong><br>Plaza de San Pedro, 1<br>Tlfno.: 927 50 80 00 Ext. 290 \u2013 Email: <a href=\"mailto:oficinaturismo@coria.org\">oficinaturismo@coria.org<\/a><\/p>\n\n\n\n<p>URL:<a href=\"https:\/\/turismocoria.es\/semanasanta\" target=\"_blank\" rel=\"noreferrer noopener\">https:\/\/turismocoria.es\/semanasanta<\/a><\/p>\n","protected":false},"excerpt":{"rendered":"<p>La Ciudad de Coria le propone para esta Semana Santa una nueva y distinta forma de viajar, de conocer y de disfrutar de su tiempo de ocio de manera segura, tranquila y sostenible, a trav\u00e9s de la b\u00fasqueda de experiencias inesperadas de tipo culturales o simplemente espirituales de entre alguna de las posibilidades que ofrece [&hellip;]<\/p>\n","protected":false},"author":4,"featured_media":9867,"comment_status":"closed","ping_status":"closed","sticky":false,"template":"","format":"standard","meta":{"_uag_custom_page_level_css":"","site-sidebar-layout":"default","site-content-layout":"","ast-site-content-layout":"","site-content-style":"default","site-sidebar-style":"default","ast-global-header-display":"","ast-banner-title-visibility":"","ast-main-header-display":"","ast-hfb-above-header-display":"","ast-hfb-below-header-display":"","ast-hfb-mobile-header-display":"","site-post-title":"","ast-breadcrumbs-content":"","ast-featured-img":"","footer-sml-layout":"","theme-transparent-header-meta":"","adv-header-id-meta":"","stick-header-meta":"","header-above-stick-meta":"","header-main-stick-meta":"","header-below-stick-meta":"","astra-migrate-meta-layouts":"default","ast-page-background-enabled":"default","ast-page-background-meta":{"desktop":{"background-color":"","background-image":"","background-repeat":"repeat","background-position":"center center","background-size":"auto","background-attachment":"scroll","background-type":"","background-media":"","overlay-type":"","overlay-color":"","overlay-opacity":"","overlay-gradient":""},"tablet":{"background-color":"","background-image":"","background-repeat":"repeat","background-position":"center center","background-size":"auto","background-attachment":"scroll","background-type":"","background-media":"","overlay-type":"","overlay-color":"","overlay-opacity":"","overlay-gradient":""},"mobile":{"background-color":"","background-image":"","background-repeat":"repeat","background-position":"center center","background-size":"auto","background-attachment":"scroll","background-type":"","background-media":"","overlay-type":"","overlay-color":"","overlay-opacity":"","overlay-gradient":""}},"ast-content-background-meta":{"desktop":{"background-color":"var(--ast-global-color-5)","background-image":"","background-repeat":"repeat","background-position":"center center","background-size":"auto","background-attachment":"scroll","background-type":"","background-media":"","overlay-type":"","overlay-color":"","overlay-opacity":"","overlay-gradient":""},"tablet":{"background-color":"var(--ast-global-color-5)","background-image":"","background-repeat":"repeat","background-position":"center center","background-size":"auto","background-attachment":"scroll","background-type":"","background-media":"","overlay-type":"","overlay-color":"","overlay-opacity":"","overlay-gradient":""},"mobile":{"background-color":"var(--ast-global-color-5)","background-image":"","background-repeat":"repeat","background-position":"center center","background-size":"auto","background-attachment":"scroll","background-type":"","background-media":"","overlay-type":"","overlay-color":"","overlay-opacity":"","overlay-gradient":""}},"_EventAllDay":false,"_EventTimezone":"","_EventStartDate":"","_EventEndDate":"","_EventStartDateUTC":"","_EventEndDateUTC":"","_EventShowMap":false,"_EventShowMapLink":false,"_EventURL":"","_EventCost":"","_EventCostDescription":"","_EventCurrencySymbol":"","_EventCurrencyCode":"","_EventCurrencyPosition":"","_EventDateTimeSeparator":"","_EventTimeRangeSeparator":"","_EventOrganizerID":[],"_EventVenueID":0,"_OrganizerEmail":"","_OrganizerPhone":"","_OrganizerWebsite":"","_VenueAddress":"","_VenueCity":"","_VenueCountry":"","_VenueProvince":"","_VenueZip":"","_VenuePhone":"","_VenueURL":"","_VenueStateProvince":"","_VenueLat":"","_VenueLng":"","footnotes":""},"categories":[33],"tags":[],"class_list":["post-9866","post","type-post","status-publish","format-standard","has-post-thumbnail","hentry","category-sin-categorizar"],"featured_image_src":"https:\/\/turismocoria.es\/turismo\/wp-content\/uploads\/2022\/03\/Coria-Semana-Santa-Cauriense-600x400.jpg","featured_image_src_square":"https:\/\/turismocoria.es\/turismo\/wp-content\/uploads\/2022\/03\/Coria-Semana-Santa-Cauriense-600x600.jpg","author_info":{"display_name":"Oficina Turismo","author_link":"https:\/\/turismocoria.es\/turismo\/author\/oficina\/"},"uagb_featured_image_src":{"full":["https:\/\/turismocoria.es\/turismo\/wp-content\/uploads\/2022\/03\/Coria-Semana-Santa-Cauriense.jpg",2061,1168,false],"thumbnail":["https:\/\/turismocoria.es\/turismo\/wp-content\/uploads\/2022\/03\/Coria-Semana-Santa-Cauriense-150x150.jpg",150,150,true],"medium":["https:\/\/turismocoria.es\/turismo\/wp-content\/uploads\/2022\/03\/Coria-Semana-Santa-Cauriense-300x170.jpg",300,170,true],"medium_large":["https:\/\/turismocoria.es\/turismo\/wp-content\/uploads\/2022\/03\/Coria-Semana-Santa-Cauriense-768x435.jpg",768,435,true],"large":["https:\/\/turismocoria.es\/turismo\/wp-content\/uploads\/2022\/03\/Coria-Semana-Santa-Cauriense-1024x580.jpg",1024,580,true],"gs-tiny":["https:\/\/turismocoria.es\/turismo\/wp-content\/uploads\/2022\/03\/Coria-Semana-Santa-Cauriense.jpg",50,28,false],"xl":["https:\/\/turismocoria.es\/turismo\/wp-content\/uploads\/2022\/03\/Coria-Semana-Santa-Cauriense-1600x907.jpg",1600,907,true],"xxl":["https:\/\/turismocoria.es\/turismo\/wp-content\/uploads\/2022\/03\/Coria-Semana-Santa-Cauriense.jpg",2061,1168,false],"xxxl":["https:\/\/turismocoria.es\/turismo\/wp-content\/uploads\/2022\/03\/Coria-Semana-Santa-Cauriense.jpg",2061,1168,false],"xxxxl":["https:\/\/turismocoria.es\/turismo\/wp-content\/uploads\/2022\/03\/Coria-Semana-Santa-Cauriense.jpg",2061,1168,false],"xxxxxl":["https:\/\/turismocoria.es\/turismo\/wp-content\/uploads\/2022\/03\/Coria-Semana-Santa-Cauriense.jpg",2061,1168,false],"1536x1536":["https:\/\/turismocoria.es\/turismo\/wp-content\/uploads\/2022\/03\/Coria-Semana-Santa-Cauriense-1536x870.jpg",1536,870,true],"2048x2048":["https:\/\/turismocoria.es\/turismo\/wp-content\/uploads\/2022\/03\/Coria-Semana-Santa-Cauriense-2048x1161.jpg",2048,1161,true],"ultp_layout_landscape_large":["https:\/\/turismocoria.es\/turismo\/wp-content\/uploads\/2022\/03\/Coria-Semana-Santa-Cauriense-1200x800.jpg",1200,800,true],"ultp_layout_landscape":["https:\/\/turismocoria.es\/turismo\/wp-content\/uploads\/2022\/03\/Coria-Semana-Santa-Cauriense-870x570.jpg",870,570,true],"ultp_layout_portrait":["https:\/\/turismocoria.es\/turismo\/wp-content\/uploads\/2022\/03\/Coria-Semana-Santa-Cauriense-600x900.jpg",600,900,true],"ultp_layout_square":["https:\/\/turismocoria.es\/turismo\/wp-content\/uploads\/2022\/03\/Coria-Semana-Santa-Cauriense-600x600.jpg",600,600,true],"gb-block-post-grid-landscape":["https:\/\/turismocoria.es\/turismo\/wp-content\/uploads\/2022\/03\/Coria-Semana-Santa-Cauriense-600x400.jpg",600,400,true],"gb-block-post-grid-square":["https:\/\/turismocoria.es\/turismo\/wp-content\/uploads\/2022\/03\/Coria-Semana-Santa-Cauriense-600x600.jpg",600,600,true]},"uagb_author_info":{"display_name":"Oficina Turismo","author_link":"https:\/\/turismocoria.es\/turismo\/author\/oficina\/"},"uagb_comment_info":0,"uagb_excerpt":"La Ciudad de Coria le propone para esta Semana Santa una nueva y distinta forma de viajar, de conocer y de disfrutar de su tiempo de ocio de manera segura, tranquila y sostenible, a trav\u00e9s de la b\u00fasqueda de experiencias inesperadas de tipo culturales o simplemente espirituales de entre alguna de las posibilidades que ofrece&hellip;","_links":{"self":[{"href":"https:\/\/turismocoria.es\/turismo\/wp-json\/wp\/v2\/posts\/9866"}],"collection":[{"href":"https:\/\/turismocoria.es\/turismo\/wp-json\/wp\/v2\/posts"}],"about":[{"href":"https:\/\/turismocoria.es\/turismo\/wp-json\/wp\/v2\/types\/post"}],"author":[{"embeddable":true,"href":"https:\/\/turismocoria.es\/turismo\/wp-json\/wp\/v2\/users\/4"}],"replies":[{"embeddable":true,"href":"https:\/\/turismocoria.es\/turismo\/wp-json\/wp\/v2\/comments?post=9866"}],"version-history":[{"count":3,"href":"https:\/\/turismocoria.es\/turismo\/wp-json\/wp\/v2\/posts\/9866\/revisions"}],"predecessor-version":[{"id":9912,"href":"https:\/\/turismocoria.es\/turismo\/wp-json\/wp\/v2\/posts\/9866\/revisions\/9912"}],"wp:featuredmedia":[{"embeddable":true,"href":"https:\/\/turismocoria.es\/turismo\/wp-json\/wp\/v2\/media\/9867"}],"wp:attachment":[{"href":"https:\/\/turismocoria.es\/turismo\/wp-json\/wp\/v2\/media?parent=9866"}],"wp:term":[{"taxonomy":"category","embeddable":true,"href":"https:\/\/turismocoria.es\/turismo\/wp-json\/wp\/v2\/categories?post=9866"},{"taxonomy":"post_tag","embeddable":true,"href":"https:\/\/turismocoria.es\/turismo\/wp-json\/wp\/v2\/tags?post=9866"}],"curies":[{"name":"wp","href":"https:\/\/api.w.org\/{rel}","templated":true}]}}