{"id":9858,"date":"2022-03-25T11:20:25","date_gmt":"2022-03-25T10:20:25","guid":{"rendered":"https:\/\/turismocoria.es\/turismo\/?p=9858"},"modified":"2022-07-08T19:16:19","modified_gmt":"2022-07-08T17:16:19","slug":"coria-balcon-de-primavera","status":"publish","type":"post","link":"https:\/\/turismocoria.es\/turismo\/coria-balcon-de-primavera\/","title":{"rendered":"Coria Balc\u00f3n de Primavera"},"content":{"rendered":"\n<p><strong><em>La primavera es otra de las \u00e9pocas que invitan a viajar y descubrir sensaciones y experiencias \u00fanicas. Un momento id\u00f3neo para disfrutar y conocer la centenaria Ciudad de Coria, cuya bimilenaria historia est\u00e1 descrita en su longevo Conjunto Monumental que celosamente guarda su coqueto Casco Hist\u00f3rico, enclave y fuente de inspiraci\u00f3n de su fecunda oferta cultural y festiva, gastron\u00f3mica y deportiva.<\/em><\/strong><\/p>\n\n\n\n<p>Sierras, roquedos, dehesas, llanuras y riberas a orillas del anchuroso r\u00edo Alag\u00f3n configuran todo un amplio decorado paisaj\u00edstico que deleitar\u00e1 la mirada de cuantos viajeros se acerquen hasta la nobiliaria y episcopal <strong>Ciudad de Coria<\/strong>, convertida en centro de destino tur\u00edstico derivado de su rico y longevo Patrimonio Hist\u00f3rico-Art\u00edstico, Cultural y Natural heredado durante siglos, lo que la convierten en la <strong>novena poblaci\u00f3n m\u00e1s antigua de toda Espa\u00f1a<\/strong>.<\/p>\n\n\n\n<p>Aunque no importa la \u00e9poca, pues esta urbe es espectacular durante todo el a\u00f1o, durante la primavera el paisaje agreste de las ricas tierras de labor se representa en su estado m\u00e1s puro ofreciendo los matices tostados de las roturaciones que se preparan para las siembras que contrastan con las tonalidades esmeraldas de los campos adehesados, junto con los irrepetibles bosques verduscos de ribera que pueblan los m\u00e1rgenes del r\u00edo Alag\u00f3n, cuya orograf\u00eda y color hacen de su recorrido un oasis de peque\u00f1as \u201cislas\u201d en pleno coraz\u00f3n del valle que lleva su nombre.<\/p>\n\n\n\n<p>Un verdadero arco-iris a la espera de ser descubierto por los amantes de la Naturaleza, a trav\u00e9s de las <strong>rutas o itinerarios tur\u00edsticos naturales<\/strong> que radialmente parten de la Ciudad de Coria para ser transitados acompa\u00f1ados de la familia o los amigos bien a pie, a caballo o en mountain-bike, caso de la Ruta de la V\u00eda Dalmacia, de Peregrinaci\u00f3n al Santuario de Ntra. Sra. Virgen de Argeme, de los Poblados I de Puebla de Argeme y II de Rinc\u00f3n del Obispo, de la Dehesa Boyal de M\u00ednguez y de los Canales o antiguo Camino de Casas de Don G\u00f3mez.<\/p>\n\n\n\n<p>(Enlace Rutas: <a href=\"https:\/\/turismocoria.es\/turismo\/deporte-activo-de-salud-y-vida\/de-ruta-por-los-senderos-coria\/\">De Ruta por los Senderos de Coria<\/a>).<\/p>\n\n\n\n<p>Adem\u00e1s, un relajado paseo por el evocador <strong>Casco Hist\u00f3rico de Coria<\/strong> les descubrir\u00e1 muchos de los atractivos tesoros que celosamente conserva a\u00fan este m\u00e1gico escenario. Patrimonio hist\u00f3ricoart\u00edstico que est\u00e1 presente, con gran autenticidad, en nuestra admirada y legendaria ciudad antigua, bajo cuyo reposado silencio emergen los recuerdos de su florida antig\u00fcedad descritos en las cicatrices de las piedras de los vetustos monumentos de una villa fraguada por los distintos pueblos que se asentaron por estas ricas tierras de vega: vettones, romanos, visigodos, \u00e1rabes, jud\u00edos y cristianos.<\/p>\n\n\n\n<figure class=\"wp-block-embed is-type-video is-provider-youtube wp-block-embed-youtube wp-embed-aspect-16-9 wp-has-aspect-ratio\"><div class=\"wp-block-embed__wrapper\">\n<div class=\"ast-oembed-container \" style=\"height: 100%;\"><iframe loading=\"lazy\" title=\"Coria, Si\u00e9ntela\" width=\"500\" height=\"281\" data-src=\"https:\/\/www.youtube.com\/embed\/h0IiyeqB9hY?feature=oembed\" frameborder=\"0\" allow=\"accelerometer; autoplay; clipboard-write; encrypted-media; gyroscope; picture-in-picture; web-share\" referrerpolicy=\"strict-origin-when-cross-origin\" allowfullscreen src=\"data:image\/gif;base64,R0lGODlhAQABAAAAACH5BAEKAAEALAAAAAABAAEAAAICTAEAOw==\" class=\"lazyload\" data-load-mode=\"1\"><\/iframe><\/div>\n<\/div><\/figure>\n\n\n\n<p>Vestigios, todos ellos, cuyas sucesivas etapas cronol\u00f3gicas de la longeva historia cauriense han quedado en parte atestiguadas por el magn\u00edfico <strong>legado monumental<\/strong> que conserva la ciudad. Desde las volum\u00e9tricas <strong>Murallas Romanas (s. I)<\/strong> que circundan el Casco Hist\u00f3rico constituy\u00e9ndose como una de las fortalezas de origen romano mejor conservadas en su conjunto de entre todas las halladas en el resto de Europa; pasando por los soberbios y se\u00f1oriales <strong>Castillo (s. XV)<\/strong> y <strong>Palacio de los Duques de Alba (s. XVI)<\/strong> como s\u00edmbolos del rancio poder nobiliario; hasta la magna <strong>Catedral de Santa Mar\u00eda de la Asunci\u00f3n (s. XV-XVIII)<\/strong>, joya del g\u00f3tico-plateresco extreme\u00f1o, en la que se custodia el <strong>Sagrado Mantel de la \u00daltima Cena<\/strong>; adem\u00e1s del <strong>Palacio Episcopal (s. XVII)<\/strong>, la <strong>Iglesia de Santiago Ap\u00f3stol (s. XVI-XVIII)<\/strong>, el <strong>Convento de la Madre de Dios (s. XVI-XVII)<\/strong>, el <strong>Hospital de San Nicol\u00e1s de Bari (s. XVI-XIX)<\/strong>, el <strong>Colegio Seminario Menor Conciliar (s. XVI-XIX)<\/strong>, las <strong>C\u00e1rceles Real (s. XVII)<\/strong>, convertida en Museo de Historia, Arqueolog\u00eda y Etnograf\u00eda, y <strong>Eclesi\u00e1stica (s. XVIII)<\/strong>, o los <strong>Puentes de Piedra (s. XVI)<\/strong> y <strong>de Hierro (s. XX)<\/strong>, entre otros.<\/p>\n\n\n\n<p>Grandes y soberbios monumentos conservados entre un entramado de calles que enamorar\u00e1n al turista, cuyo <strong>legado cultural y espiritual<\/strong> se exhiben en las colecciones conservadas en los <strong>museos Catedralicio<\/strong> y <strong>de la C\u00e1rcel Real<\/strong> de la tambi\u00e9n ciudad episcopal que fue, en su tiempo, el punto final de una de las peregrinaciones m\u00e1s importantes y conocidas de toda la pen\u00ednsula Ib\u00e9rica. Devoci\u00f3n, cultura y turismo en torno a las <strong>Santas Reliquias<\/strong> conservadas en la seo cauriense, convertidas en verdaderos tesoros sacros para el gozo y fervor de los fieles. Un rico legado de piezas y alhajas entre las que destacan una <strong>Santa Espina<\/strong> de la Corona, junto a un <strong><em>Lignum Crucis<\/em><\/strong> o fragmento de la Cruz de Jesucristo, adem\u00e1s del citado y excepcional <strong>Sagrado Mantel de la \u00daltima Cena<\/strong>, como reliquia universal de la cristiandad.<\/p>\n\n\n\n<p>Y, junto las milenarias huellas de la historia del pasado cauriense celosamente atesorado, el turista podr\u00e1 sentir y disfrutar tambi\u00e9n de una variada y fecunda <strong>oferta gastron\u00f3mica<\/strong>, <strong>cultural<\/strong> y <strong>deportiva primaveral<\/strong> que, unida a la diversificada <strong>oferta hostelera<\/strong> y <strong>comercial<\/strong>, a buen seguro cubrir\u00e1n todas las necesidades y los gustos de aquellos viajeros que visiten este centenario destino tur\u00edstico cargado de encanto, seguro y tranquilo, convertido en una de las mejores opciones para su tiempo de ocio libre en una de las estaciones privilegiadas para viajar como es la primavera.<\/p>\n\n\n\n<figure class=\"wp-block-embed is-type-video is-provider-youtube wp-block-embed-youtube wp-embed-aspect-16-9 wp-has-aspect-ratio\"><div class=\"wp-block-embed__wrapper\">\n<div class=\"ast-oembed-container \" style=\"height: 100%;\"><iframe loading=\"lazy\" title=\"Coria Si\u00e9ntela!!!\" width=\"500\" height=\"281\" data-src=\"https:\/\/www.youtube.com\/embed\/fl9MXfVOGP4?feature=oembed\" frameborder=\"0\" allow=\"accelerometer; autoplay; clipboard-write; encrypted-media; gyroscope; picture-in-picture; web-share\" referrerpolicy=\"strict-origin-when-cross-origin\" allowfullscreen src=\"data:image\/gif;base64,R0lGODlhAQABAAAAACH5BAEKAAEALAAAAAABAAEAAAICTAEAOw==\" class=\"lazyload\" data-load-mode=\"1\"><\/iframe><\/div>\n<\/div><\/figure>\n\n\n\n<p><strong>M\u00e1s Informaci\u00f3n en:<br>Oficina Municipal de Turismo<\/strong><br>Plaza de San Pedro, 1<br>Tlfno.: 927 50 80 00 Ext. 290 \u2013 Email: <a href=\"mailto:oficinaturismo@coria.org\">oficinaturismo@coria.org<\/a><\/p>\n\n\n\n<p>URL:<a href=\"https:\/\/turismocoria.es\/semanasanta\" target=\"_blank\" rel=\"noreferrer noopener\">https:\/\/turismocoria.es\/semanasanta<\/a><\/p>\n","protected":false},"excerpt":{"rendered":"<p>La primavera es otra de las \u00e9pocas que invitan a viajar y descubrir sensaciones y experiencias \u00fanicas. Un momento id\u00f3neo para disfrutar y conocer la centenaria Ciudad de Coria, cuya bimilenaria historia est\u00e1 descrita en su longevo Conjunto Monumental que celosamente guarda su coqueto Casco Hist\u00f3rico, enclave y fuente de inspiraci\u00f3n de su fecunda oferta [&hellip;]<\/p>\n","protected":false},"author":4,"featured_media":9859,"comment_status":"closed","ping_status":"closed","sticky":false,"template":"","format":"standard","meta":{"_uag_custom_page_level_css":"","site-sidebar-layout":"default","site-content-layout":"","ast-site-content-layout":"","site-content-style":"default","site-sidebar-style":"default","ast-global-header-display":"","ast-banner-title-visibility":"","ast-main-header-display":"","ast-hfb-above-header-display":"","ast-hfb-below-header-display":"","ast-hfb-mobile-header-display":"","site-post-title":"","ast-breadcrumbs-content":"","ast-featured-img":"","footer-sml-layout":"","theme-transparent-header-meta":"","adv-header-id-meta":"","stick-header-meta":"","header-above-stick-meta":"","header-main-stick-meta":"","header-below-stick-meta":"","astra-migrate-meta-layouts":"default","ast-page-background-enabled":"default","ast-page-background-meta":{"desktop":{"background-color":"","background-image":"","background-repeat":"repeat","background-position":"center center","background-size":"auto","background-attachment":"scroll","background-type":"","background-media":"","overlay-type":"","overlay-color":"","overlay-opacity":"","overlay-gradient":""},"tablet":{"background-color":"","background-image":"","background-repeat":"repeat","background-position":"center center","background-size":"auto","background-attachment":"scroll","background-type":"","background-media":"","overlay-type":"","overlay-color":"","overlay-opacity":"","overlay-gradient":""},"mobile":{"background-color":"","background-image":"","background-repeat":"repeat","background-position":"center center","background-size":"auto","background-attachment":"scroll","background-type":"","background-media":"","overlay-type":"","overlay-color":"","overlay-opacity":"","overlay-gradient":""}},"ast-content-background-meta":{"desktop":{"background-color":"var(--ast-global-color-5)","background-image":"","background-repeat":"repeat","background-position":"center center","background-size":"auto","background-attachment":"scroll","background-type":"","background-media":"","overlay-type":"","overlay-color":"","overlay-opacity":"","overlay-gradient":""},"tablet":{"background-color":"var(--ast-global-color-5)","background-image":"","background-repeat":"repeat","background-position":"center center","background-size":"auto","background-attachment":"scroll","background-type":"","background-media":"","overlay-type":"","overlay-color":"","overlay-opacity":"","overlay-gradient":""},"mobile":{"background-color":"var(--ast-global-color-5)","background-image":"","background-repeat":"repeat","background-position":"center center","background-size":"auto","background-attachment":"scroll","background-type":"","background-media":"","overlay-type":"","overlay-color":"","overlay-opacity":"","overlay-gradient":""}},"_EventAllDay":false,"_EventTimezone":"","_EventStartDate":"","_EventEndDate":"","_EventStartDateUTC":"","_EventEndDateUTC":"","_EventShowMap":false,"_EventShowMapLink":false,"_EventURL":"","_EventCost":"","_EventCostDescription":"","_EventCurrencySymbol":"","_EventCurrencyCode":"","_EventCurrencyPosition":"","_EventDateTimeSeparator":"","_EventTimeRangeSeparator":"","_EventOrganizerID":[],"_EventVenueID":0,"_OrganizerEmail":"","_OrganizerPhone":"","_OrganizerWebsite":"","_VenueAddress":"","_VenueCity":"","_VenueCountry":"","_VenueProvince":"","_VenueZip":"","_VenuePhone":"","_VenueURL":"","_VenueStateProvince":"","_VenueLat":"","_VenueLng":"","footnotes":""},"categories":[33],"tags":[],"class_list":["post-9858","post","type-post","status-publish","format-standard","has-post-thumbnail","hentry","category-sin-categorizar"],"featured_image_src":"https:\/\/turismocoria.es\/turismo\/wp-content\/uploads\/2022\/03\/coria-balcon-primavera-600x400.jpg","featured_image_src_square":"https:\/\/turismocoria.es\/turismo\/wp-content\/uploads\/2022\/03\/coria-balcon-primavera-600x600.jpg","author_info":{"display_name":"Oficina Turismo","author_link":"https:\/\/turismocoria.es\/turismo\/author\/oficina\/"},"uagb_featured_image_src":{"full":["https:\/\/turismocoria.es\/turismo\/wp-content\/uploads\/2022\/03\/coria-balcon-primavera.jpg",1200,797,false],"thumbnail":["https:\/\/turismocoria.es\/turismo\/wp-content\/uploads\/2022\/03\/coria-balcon-primavera-150x150.jpg",150,150,true],"medium":["https:\/\/turismocoria.es\/turismo\/wp-content\/uploads\/2022\/03\/coria-balcon-primavera-300x199.jpg",300,199,true],"medium_large":["https:\/\/turismocoria.es\/turismo\/wp-content\/uploads\/2022\/03\/coria-balcon-primavera-768x510.jpg",768,510,true],"large":["https:\/\/turismocoria.es\/turismo\/wp-content\/uploads\/2022\/03\/coria-balcon-primavera-1024x680.jpg",1024,680,true],"gs-tiny":["https:\/\/turismocoria.es\/turismo\/wp-content\/uploads\/2022\/03\/coria-balcon-primavera.jpg",50,33,false],"xl":["https:\/\/turismocoria.es\/turismo\/wp-content\/uploads\/2022\/03\/coria-balcon-primavera.jpg",1200,797,false],"xxl":["https:\/\/turismocoria.es\/turismo\/wp-content\/uploads\/2022\/03\/coria-balcon-primavera.jpg",1200,797,false],"xxxl":["https:\/\/turismocoria.es\/turismo\/wp-content\/uploads\/2022\/03\/coria-balcon-primavera.jpg",1200,797,false],"xxxxl":["https:\/\/turismocoria.es\/turismo\/wp-content\/uploads\/2022\/03\/coria-balcon-primavera.jpg",1200,797,false],"xxxxxl":["https:\/\/turismocoria.es\/turismo\/wp-content\/uploads\/2022\/03\/coria-balcon-primavera.jpg",1200,797,false],"1536x1536":["https:\/\/turismocoria.es\/turismo\/wp-content\/uploads\/2022\/03\/coria-balcon-primavera.jpg",1200,797,false],"2048x2048":["https:\/\/turismocoria.es\/turismo\/wp-content\/uploads\/2022\/03\/coria-balcon-primavera.jpg",1200,797,false],"ultp_layout_landscape_large":["https:\/\/turismocoria.es\/turismo\/wp-content\/uploads\/2022\/03\/coria-balcon-primavera.jpg",1200,797,false],"ultp_layout_landscape":["https:\/\/turismocoria.es\/turismo\/wp-content\/uploads\/2022\/03\/coria-balcon-primavera-870x570.jpg",870,570,true],"ultp_layout_portrait":["https:\/\/turismocoria.es\/turismo\/wp-content\/uploads\/2022\/03\/coria-balcon-primavera-600x797.jpg",600,797,true],"ultp_layout_square":["https:\/\/turismocoria.es\/turismo\/wp-content\/uploads\/2022\/03\/coria-balcon-primavera-600x600.jpg",600,600,true],"gb-block-post-grid-landscape":["https:\/\/turismocoria.es\/turismo\/wp-content\/uploads\/2022\/03\/coria-balcon-primavera-600x400.jpg",600,400,true],"gb-block-post-grid-square":["https:\/\/turismocoria.es\/turismo\/wp-content\/uploads\/2022\/03\/coria-balcon-primavera-600x600.jpg",600,600,true]},"uagb_author_info":{"display_name":"Oficina Turismo","author_link":"https:\/\/turismocoria.es\/turismo\/author\/oficina\/"},"uagb_comment_info":0,"uagb_excerpt":"La primavera es otra de las \u00e9pocas que invitan a viajar y descubrir sensaciones y experiencias \u00fanicas. Un momento id\u00f3neo para disfrutar y conocer la centenaria Ciudad de Coria, cuya bimilenaria historia est\u00e1 descrita en su longevo Conjunto Monumental que celosamente guarda su coqueto Casco Hist\u00f3rico, enclave y fuente de inspiraci\u00f3n de su fecunda oferta&hellip;","_links":{"self":[{"href":"https:\/\/turismocoria.es\/turismo\/wp-json\/wp\/v2\/posts\/9858"}],"collection":[{"href":"https:\/\/turismocoria.es\/turismo\/wp-json\/wp\/v2\/posts"}],"about":[{"href":"https:\/\/turismocoria.es\/turismo\/wp-json\/wp\/v2\/types\/post"}],"author":[{"embeddable":true,"href":"https:\/\/turismocoria.es\/turismo\/wp-json\/wp\/v2\/users\/4"}],"replies":[{"embeddable":true,"href":"https:\/\/turismocoria.es\/turismo\/wp-json\/wp\/v2\/comments?post=9858"}],"version-history":[{"count":1,"href":"https:\/\/turismocoria.es\/turismo\/wp-json\/wp\/v2\/posts\/9858\/revisions"}],"predecessor-version":[{"id":9860,"href":"https:\/\/turismocoria.es\/turismo\/wp-json\/wp\/v2\/posts\/9858\/revisions\/9860"}],"wp:featuredmedia":[{"embeddable":true,"href":"https:\/\/turismocoria.es\/turismo\/wp-json\/wp\/v2\/media\/9859"}],"wp:attachment":[{"href":"https:\/\/turismocoria.es\/turismo\/wp-json\/wp\/v2\/media?parent=9858"}],"wp:term":[{"taxonomy":"category","embeddable":true,"href":"https:\/\/turismocoria.es\/turismo\/wp-json\/wp\/v2\/categories?post=9858"},{"taxonomy":"post_tag","embeddable":true,"href":"https:\/\/turismocoria.es\/turismo\/wp-json\/wp\/v2\/tags?post=9858"}],"curies":[{"name":"wp","href":"https:\/\/api.w.org\/{rel}","templated":true}]}}