{"id":9754,"date":"2022-03-08T13:34:11","date_gmt":"2022-03-08T12:34:11","guid":{"rendered":"https:\/\/turismocoria.es\/turismo\/?p=9754"},"modified":"2022-03-16T13:57:55","modified_gmt":"2022-03-16T12:57:55","slug":"fitcoria-2022","status":"publish","type":"post","link":"https:\/\/turismocoria.es\/turismo\/fitcoria-2022\/","title":{"rendered":"FITCORIA 2022"},"content":{"rendered":"\n<p><strong><em>Una cita ineludible para los profesionales, los empresarios y los aficionados al Mundo del Toro y de la Tauromaquia dentro de la Feria Internacional del Toro de la Ciudad de Coria del 18 al 20 de marzo de 2022.<\/em><\/strong><\/p>\n\n\n\n<p>Si lo que busca el aficionado al mundo del toro es dedicar su tiempo de ocio a conocer otras costumbres taurinas y otras gentes, a disfrutar de la familia y los amigos practicando un<strong> turismo taurino<\/strong> basado en la historia, la cultura, el arte, la naturaleza o las tradiciones m\u00e1s enraizadas, debe entonces acercarse hasta la milenaria <strong>Ciudad de Coria<\/strong>.<\/p>\n\n\n\n<p>Una urbe, anta\u00f1o antigua sede del marquesado de Alba, episcopal y nobiliaria, convertida hoy en centro de destino tur\u00edstico derivado de su rico y longevo patrimonio hist\u00f3rico-art\u00edstico, cultural y natural heredado durante siglos, lo que la convierten en la <strong>novena poblaci\u00f3n m\u00e1s antigua de toda Espa\u00f1a.<\/strong><\/p>\n\n\n\n<p><strong>(Enlace divulgaci\u00f3n noticia cultural nacional: <a href=\"https:\/\/www.abc.es\/viajar\/top\/abci-veinte-ciudadesmas-antiguas-espana-201903010128_noticia.html\">https:\/\/www.abc.es\/viajar\/top\/abci-veinte-ciudadesmas-antiguas-espana-201903010128_noticia.html<\/a>).<\/strong><\/p>\n\n\n\n<p>Y es que la Ciudad de Coria es una de esas afortunadas poblaciones espa\u00f1olas que, enclavada en la f\u00e9rtil Extremadura, posee una de las <strong>tradiciones taurinas<\/strong> heredadas m\u00e1s ancestrales de toda la pen\u00ednsula ib\u00e9rica, en la que todo un pueblo, el cauriense, ha hecho al <strong>toro protagonista<\/strong> de sus centenarias y hospitalarias Fiestas de San Juan, distinguidas y reconocidas dentro del orbe taurino con <strong>sello propio, aut\u00e9ntico y genuino<\/strong>.<\/p>\n\n\n\n<p>La <strong>Catedral del Toro en Extremadura<\/strong>, cuya experiencia de descubrir y conocer esa encantadora sensaci\u00f3n de contacto directo con el buen ambiente taurino, puede ser tambi\u00e9n vivida a trav\u00e9s de su importante <strong>Feria Internacional del Toro<\/strong> que, <strong>del 18 al 20 de marzo de 2022<\/strong>, abrir\u00e1 sus puertas a todos los profesionales, empresarios y aficionados al Mundo del Toro y la Tauromaquia.<\/p>\n\n\n\n<figure class=\"wp-block-embed is-type-video is-provider-youtube wp-block-embed-youtube wp-embed-aspect-16-9 wp-has-aspect-ratio\"><div class=\"wp-block-embed__wrapper\">\n<div class=\"ast-oembed-container \" style=\"height: 100%;\"><iframe loading=\"lazy\" title=\"VI FITCORIA 2022\" width=\"500\" height=\"281\" data-src=\"https:\/\/www.youtube.com\/embed\/IIpVEGB2-D4?feature=oembed\" frameborder=\"0\" allow=\"accelerometer; autoplay; clipboard-write; encrypted-media; gyroscope; picture-in-picture; web-share\" referrerpolicy=\"strict-origin-when-cross-origin\" allowfullscreen src=\"data:image\/gif;base64,R0lGODlhAQABAAAAACH5BAEKAAEALAAAAAABAAEAAAICTAEAOw==\" class=\"lazyload\" data-load-mode=\"1\"><\/iframe><\/div>\n<\/div><\/figure>\n\n\n\n<p>Una <strong>Fitcoria<\/strong> que, como evento cultural, social, econ\u00f3mico y tur\u00edstico que es, persigue la <strong>defensa, promoci\u00f3n y dignificaci\u00f3n del toro de lidia<\/strong> y, por lo tanto, de la Fiesta Nacional como <strong>Patrimonio Cultural Inmaterial de Espa\u00f1a<\/strong>.<\/p>\n\n\n\n<p>Una <strong>actividad empresarial<\/strong>, que promulga los <strong>valores culturales y art\u00edsticos<\/strong> en los que se asienta la base de la Tauromaquia, a la vez que se constituye en un consolidado <strong>yacimiento de empleo<\/strong> e importante <strong>fuente de ingresos econ\u00f3micos<\/strong>, con un m\u00e1s que significativo <strong>valor social<\/strong> derivado de la riqueza de las relaciones humano-festivas que se producen dentro de la Tauromaquia en sus distintas manifestaciones, adem\u00e1s de por su alta dinamizaci\u00f3n del sector tur\u00edstico a trav\u00e9s del desarrollo del <strong>turismo taurino<\/strong> que a su vez garantiza la diversificaci\u00f3n del medio rural.<\/p>\n\n\n\n<p>Una forma de vivir tres intensos d\u00edas llenos de sensaciones y experiencias \u00fanicas, que se dejar\u00e1n sentir gracias a su amplia <strong>programaci\u00f3n<\/strong> dise\u00f1ada basada principalmente en <strong>espect\u00e1culos taurinos, musicales, enogastron\u00f3micos, conferencias, exposiciones y desfiles de modas<\/strong>, entre otros, en cuyo festival taurino con picadores programado estar\u00e1n presentes algunas de las principales figuras del escalaf\u00f3n taurino del pa\u00eds.<\/p>\n\n\n\n<figure class=\"wp-block-embed is-type-video is-provider-youtube wp-block-embed-youtube wp-embed-aspect-16-9 wp-has-aspect-ratio\"><div class=\"wp-block-embed__wrapper\">\n<div class=\"ast-oembed-container \" style=\"height: 100%;\"><iframe loading=\"lazy\" title=\"Presentaci\u00f3n del Cartel Taurino de la Feria del Toro de Coria 2022\" width=\"500\" height=\"281\" data-src=\"https:\/\/www.youtube.com\/embed\/wKJkV6EwZRs?feature=oembed\" frameborder=\"0\" allow=\"accelerometer; autoplay; clipboard-write; encrypted-media; gyroscope; picture-in-picture; web-share\" referrerpolicy=\"strict-origin-when-cross-origin\" allowfullscreen src=\"data:image\/gif;base64,R0lGODlhAQABAAAAACH5BAEKAAEALAAAAAABAAEAAAICTAEAOw==\" class=\"lazyload\" data-load-mode=\"1\"><\/iframe><\/div>\n<\/div><\/figure>\n\n\n\n<p>Una feria, en la que los amantes a la <strong>buena cocina<\/strong> y el <strong>tapeo<\/strong> podr\u00e1n tambi\u00e9n participar, dentro de su II edici\u00f3n, en el pionero y original <strong>II Concurso Gastron\u00f3mico \u201cTauroTapas FitCoria 2022\u201d<\/strong> que naci\u00f3 con el objetivo principal de fomentar, conservar, promocionar y ensalzar la cultura taurina a trav\u00e9s de la <strong>puesta en valor<\/strong> de la <strong>carne ib\u00e9rica del toro de lidia<\/strong> mediante el dise\u00f1o y creaci\u00f3n de excelentes tapas taurinas elaboradas en los fogones de los principales establecimientos hosteleros de la Ciudad de Coria, <strong>del 12 al 13 y del 18 al 20 de marzo de 2022<\/strong>.<\/p>\n\n\n\n<p>Una forma tur\u00edstica m\u00e1s de poder visitar y conocer, a la par, el magn\u00edfico <strong>Conjunto Monumenta<\/strong>l atesorado durante siglos dentro del coqueto <strong>Casco Hist\u00f3rico de Coria<\/strong>, en el que descubrir muchos de los atractivos tesoros que celosamente sigue conservando este m\u00e1gico escenario, bajo cuyo silencio emergen los recuerdos de su florida antig\u00fcedad descritos en las cicatrices de las piedras de los vetustos monumentos de una villa que a\u00fan sigue manteniendo el legendario aroma taurino que la ha hecho mundialmente conocida, al erigirse los toros en due\u00f1os, amos y se\u00f1ores por las calles y plazas de su ciudad antigua.<\/p>\n\n\n\n<figure class=\"wp-block-embed is-type-video is-provider-youtube wp-block-embed-youtube wp-embed-aspect-16-9 wp-has-aspect-ratio\"><div class=\"wp-block-embed__wrapper\">\n<div class=\"ast-oembed-container \" style=\"height: 100%;\"><iframe loading=\"lazy\" title=\"Coria \u201cConjunto Monumental\u201d, destino tur\u00edstico del noroeste de Extremadura\" width=\"500\" height=\"281\" data-src=\"https:\/\/www.youtube.com\/embed\/M6VniblQWMo?feature=oembed\" frameborder=\"0\" allow=\"accelerometer; autoplay; clipboard-write; encrypted-media; gyroscope; picture-in-picture; web-share\" referrerpolicy=\"strict-origin-when-cross-origin\" allowfullscreen src=\"data:image\/gif;base64,R0lGODlhAQABAAAAACH5BAEKAAEALAAAAAABAAEAAAICTAEAOw==\" class=\"lazyload\" data-load-mode=\"1\"><\/iframe><\/div>\n<\/div><\/figure>\n\n\n\n<p>Un rico <strong>legado cultural y espiritual<\/strong> exhibido asimismo en las colecciones conservadas en los <strong>museos Catedralicio<\/strong> y de la <strong>C\u00e1rcel Real<\/strong> de la tambi\u00e9n ciudad episcopal que fue, en su tiempo, el punto final de una de las peregrinaciones m\u00e1s importantes conocidas del catolicismo en torno a las <strong>Santas Reliquias<\/strong> conservadas en la seo cauriense. Devoci\u00f3n, cultura y turismo alrededor de un magn\u00edfico legado de piezas y alhajas entre las que destacan una <strong>Santa Espina<\/strong> de la Corona, junto a un <em><strong>Lignum Crucis<\/strong><\/em> o fragmento de la Cruz de Jesucristo, adem\u00e1s del excepcional <strong>Sagrado Mantel de la \u00daltima Cena<\/strong>, como reliquia universal de la cristiandad.<\/p>\n\n\n\n<figure class=\"wp-block-embed is-type-video is-provider-youtube wp-block-embed-youtube wp-embed-aspect-16-9 wp-has-aspect-ratio\"><div class=\"wp-block-embed__wrapper\">\n<div class=\"ast-oembed-container \" style=\"height: 100%;\"><iframe loading=\"lazy\" title=\"El Sagrado Mantel de Coria: Cultura, Devoci\u00f3n y Turismo - Reliquia Universal de la Cristiandad\" width=\"500\" height=\"281\" data-src=\"https:\/\/www.youtube.com\/embed\/qBfoZ48Qe9Q?feature=oembed\" frameborder=\"0\" allow=\"accelerometer; autoplay; clipboard-write; encrypted-media; gyroscope; picture-in-picture; web-share\" referrerpolicy=\"strict-origin-when-cross-origin\" allowfullscreen src=\"data:image\/gif;base64,R0lGODlhAQABAAAAACH5BAEKAAEALAAAAAABAAEAAAICTAEAOw==\" class=\"lazyload\" data-load-mode=\"1\"><\/iframe><\/div>\n<\/div><\/figure>\n\n\n\n<p>En definitiva, una hist\u00f3rica y taurina ciudad, que les aguarda pacientemente con sus brazos abiertos, al objeto de que puedan disfrutar en plenitud de nuestras amables gentes, de nuestras enraizadas costumbres y tradiciones, y de nuestro rico legado patrimonial cultural y natural milenariamente heredado, cuyas huellas se tercian rom\u00e1nticas al atardecer\u2026 como esos atardeceres de perfiles y siluetas del toro de lidia que sale a nuestro encuentro para recordarnos lo que ha hecho, a la Ciudad de Coria, famosa en el mundo entero: Los Toros de San Juan, ahora igualmente dignificados a trav\u00e9s de la FITCORIA.<\/p>\n\n\n\n<figure class=\"wp-block-embed is-type-video is-provider-youtube wp-block-embed-youtube wp-embed-aspect-16-9 wp-has-aspect-ratio\"><div class=\"wp-block-embed__wrapper\">\n<div class=\"ast-oembed-container \" style=\"height: 100%;\"><iframe loading=\"lazy\" title=\"Coria Si\u00e9ntela!!!\" width=\"500\" height=\"281\" data-src=\"https:\/\/www.youtube.com\/embed\/fl9MXfVOGP4?feature=oembed\" frameborder=\"0\" allow=\"accelerometer; autoplay; clipboard-write; encrypted-media; gyroscope; picture-in-picture; web-share\" referrerpolicy=\"strict-origin-when-cross-origin\" allowfullscreen src=\"data:image\/gif;base64,R0lGODlhAQABAAAAACH5BAEKAAEALAAAAAABAAEAAAICTAEAOw==\" class=\"lazyload\" data-load-mode=\"1\"><\/iframe><\/div>\n<\/div><\/figure>\n\n\n\n<p><strong>M\u00e1s informaci\u00f3n en:<\/strong><br><strong>Portal web FITCORIA<\/strong>: <a href=\"https:\/\/turismocoria.es\/fit\" target=\"_blank\" rel=\"noreferrer noopener\">https:\/\/turismocoria.es\/fit<\/a><br><strong>Oficina Municipal de Turismo<\/strong><br>Plaza de San Pedro, 1. Tfno.: <a href=\"tel:927508000\">927 50 80 00<\/a> Ext. 290. email: <a href=\"mailto:oficinaturismo@coria.org\">oficinaturismo@coria.org<\/a><br>Url: <a href=\"https:\/\/turismocoria.es\">https:\/\/turismocoria.es<\/a><\/p>\n","protected":false},"excerpt":{"rendered":"<p>Una cita ineludible para los profesionales, los empresarios y los aficionados al Mundo del Toro y de la Tauromaquia dentro de la Feria Internacional del Toro de la Ciudad de Coria del 18 al 20 de marzo de 2022. Si lo que busca el aficionado al mundo del toro es dedicar su tiempo de ocio [&hellip;]<\/p>\n","protected":false},"author":4,"featured_media":9755,"comment_status":"closed","ping_status":"closed","sticky":false,"template":"","format":"standard","meta":{"_uag_custom_page_level_css":"","site-sidebar-layout":"default","site-content-layout":"","ast-site-content-layout":"","site-content-style":"default","site-sidebar-style":"default","ast-global-header-display":"","ast-banner-title-visibility":"","ast-main-header-display":"","ast-hfb-above-header-display":"","ast-hfb-below-header-display":"","ast-hfb-mobile-header-display":"","site-post-title":"","ast-breadcrumbs-content":"","ast-featured-img":"","footer-sml-layout":"","theme-transparent-header-meta":"default","adv-header-id-meta":"","stick-header-meta":"","header-above-stick-meta":"","header-main-stick-meta":"","header-below-stick-meta":"","astra-migrate-meta-layouts":"default","ast-page-background-enabled":"default","ast-page-background-meta":{"desktop":{"background-color":"","background-image":"","background-repeat":"repeat","background-position":"center center","background-size":"auto","background-attachment":"scroll","background-type":"","background-media":"","overlay-type":"","overlay-color":"","overlay-opacity":"","overlay-gradient":""},"tablet":{"background-color":"","background-image":"","background-repeat":"repeat","background-position":"center center","background-size":"auto","background-attachment":"scroll","background-type":"","background-media":"","overlay-type":"","overlay-color":"","overlay-opacity":"","overlay-gradient":""},"mobile":{"background-color":"","background-image":"","background-repeat":"repeat","background-position":"center center","background-size":"auto","background-attachment":"scroll","background-type":"","background-media":"","overlay-type":"","overlay-color":"","overlay-opacity":"","overlay-gradient":""}},"ast-content-background-meta":{"desktop":{"background-color":"var(--ast-global-color-5)","background-image":"","background-repeat":"repeat","background-position":"center center","background-size":"auto","background-attachment":"scroll","background-type":"","background-media":"","overlay-type":"","overlay-color":"","overlay-opacity":"","overlay-gradient":""},"tablet":{"background-color":"var(--ast-global-color-5)","background-image":"","background-repeat":"repeat","background-position":"center center","background-size":"auto","background-attachment":"scroll","background-type":"","background-media":"","overlay-type":"","overlay-color":"","overlay-opacity":"","overlay-gradient":""},"mobile":{"background-color":"var(--ast-global-color-5)","background-image":"","background-repeat":"repeat","background-position":"center center","background-size":"auto","background-attachment":"scroll","background-type":"","background-media":"","overlay-type":"","overlay-color":"","overlay-opacity":"","overlay-gradient":""}},"_EventAllDay":false,"_EventTimezone":"","_EventStartDate":"","_EventEndDate":"","_EventStartDateUTC":"","_EventEndDateUTC":"","_EventShowMap":false,"_EventShowMapLink":false,"_EventURL":"","_EventCost":"","_EventCostDescription":"","_EventCurrencySymbol":"","_EventCurrencyCode":"","_EventCurrencyPosition":"","_EventDateTimeSeparator":"","_EventTimeRangeSeparator":"","_EventOrganizerID":[],"_EventVenueID":0,"_OrganizerEmail":"","_OrganizerPhone":"","_OrganizerWebsite":"","_VenueAddress":"","_VenueCity":"","_VenueCountry":"","_VenueProvince":"","_VenueZip":"","_VenuePhone":"","_VenueURL":"","_VenueStateProvince":"","_VenueLat":"","_VenueLng":"","footnotes":""},"categories":[33],"tags":[323],"class_list":["post-9754","post","type-post","status-publish","format-standard","has-post-thumbnail","hentry","category-sin-categorizar","tag-fitcoria"],"featured_image_src":"https:\/\/turismocoria.es\/turismo\/wp-content\/uploads\/2022\/03\/fitcoria-2022-600x400.jpg","featured_image_src_square":"https:\/\/turismocoria.es\/turismo\/wp-content\/uploads\/2022\/03\/fitcoria-2022-600x600.jpg","author_info":{"display_name":"Oficina Turismo","author_link":"https:\/\/turismocoria.es\/turismo\/author\/oficina\/"},"uagb_featured_image_src":{"full":["https:\/\/turismocoria.es\/turismo\/wp-content\/uploads\/2022\/03\/fitcoria-2022-scaled.jpg",2560,1440,false],"thumbnail":["https:\/\/turismocoria.es\/turismo\/wp-content\/uploads\/2022\/03\/fitcoria-2022-150x150.jpg",150,150,true],"medium":["https:\/\/turismocoria.es\/turismo\/wp-content\/uploads\/2022\/03\/fitcoria-2022-300x169.jpg",300,169,true],"medium_large":["https:\/\/turismocoria.es\/turismo\/wp-content\/uploads\/2022\/03\/fitcoria-2022-768x432.jpg",768,432,true],"large":["https:\/\/turismocoria.es\/turismo\/wp-content\/uploads\/2022\/03\/fitcoria-2022-1024x576.jpg",1024,576,true],"gs-tiny":["https:\/\/turismocoria.es\/turismo\/wp-content\/uploads\/2022\/03\/fitcoria-2022-scaled.jpg",50,28,false],"xl":["https:\/\/turismocoria.es\/turismo\/wp-content\/uploads\/2022\/03\/fitcoria-2022-1600x900.jpg",1600,900,true],"xxl":["https:\/\/turismocoria.es\/turismo\/wp-content\/uploads\/2022\/03\/fitcoria-2022-2200x1238.jpg",2200,1238,true],"xxxl":["https:\/\/turismocoria.es\/turismo\/wp-content\/uploads\/2022\/03\/fitcoria-2022-2800x1575.jpg",2800,1575,true],"xxxxl":["https:\/\/turismocoria.es\/turismo\/wp-content\/uploads\/2022\/03\/fitcoria-2022-3400x1913.jpg",3400,1913,true],"xxxxxl":["https:\/\/turismocoria.es\/turismo\/wp-content\/uploads\/2022\/03\/fitcoria-2022-scaled.jpg",2560,1440,false],"1536x1536":["https:\/\/turismocoria.es\/turismo\/wp-content\/uploads\/2022\/03\/fitcoria-2022-1536x864.jpg",1536,864,true],"2048x2048":["https:\/\/turismocoria.es\/turismo\/wp-content\/uploads\/2022\/03\/fitcoria-2022-2048x1152.jpg",2048,1152,true],"ultp_layout_landscape_large":["https:\/\/turismocoria.es\/turismo\/wp-content\/uploads\/2022\/03\/fitcoria-2022-1200x800.jpg",1200,800,true],"ultp_layout_landscape":["https:\/\/turismocoria.es\/turismo\/wp-content\/uploads\/2022\/03\/fitcoria-2022-870x570.jpg",870,570,true],"ultp_layout_portrait":["https:\/\/turismocoria.es\/turismo\/wp-content\/uploads\/2022\/03\/fitcoria-2022-600x900.jpg",600,900,true],"ultp_layout_square":["https:\/\/turismocoria.es\/turismo\/wp-content\/uploads\/2022\/03\/fitcoria-2022-600x600.jpg",600,600,true],"gb-block-post-grid-landscape":["https:\/\/turismocoria.es\/turismo\/wp-content\/uploads\/2022\/03\/fitcoria-2022-600x400.jpg",600,400,true],"gb-block-post-grid-square":["https:\/\/turismocoria.es\/turismo\/wp-content\/uploads\/2022\/03\/fitcoria-2022-600x600.jpg",600,600,true]},"uagb_author_info":{"display_name":"Oficina Turismo","author_link":"https:\/\/turismocoria.es\/turismo\/author\/oficina\/"},"uagb_comment_info":0,"uagb_excerpt":"Una cita ineludible para los profesionales, los empresarios y los aficionados al Mundo del Toro y de la Tauromaquia dentro de la Feria Internacional del Toro de la Ciudad de Coria del 18 al 20 de marzo de 2022. Si lo que busca el aficionado al mundo del toro es dedicar su tiempo de ocio&hellip;","_links":{"self":[{"href":"https:\/\/turismocoria.es\/turismo\/wp-json\/wp\/v2\/posts\/9754"}],"collection":[{"href":"https:\/\/turismocoria.es\/turismo\/wp-json\/wp\/v2\/posts"}],"about":[{"href":"https:\/\/turismocoria.es\/turismo\/wp-json\/wp\/v2\/types\/post"}],"author":[{"embeddable":true,"href":"https:\/\/turismocoria.es\/turismo\/wp-json\/wp\/v2\/users\/4"}],"replies":[{"embeddable":true,"href":"https:\/\/turismocoria.es\/turismo\/wp-json\/wp\/v2\/comments?post=9754"}],"version-history":[{"count":4,"href":"https:\/\/turismocoria.es\/turismo\/wp-json\/wp\/v2\/posts\/9754\/revisions"}],"predecessor-version":[{"id":9817,"href":"https:\/\/turismocoria.es\/turismo\/wp-json\/wp\/v2\/posts\/9754\/revisions\/9817"}],"wp:featuredmedia":[{"embeddable":true,"href":"https:\/\/turismocoria.es\/turismo\/wp-json\/wp\/v2\/media\/9755"}],"wp:attachment":[{"href":"https:\/\/turismocoria.es\/turismo\/wp-json\/wp\/v2\/media?parent=9754"}],"wp:term":[{"taxonomy":"category","embeddable":true,"href":"https:\/\/turismocoria.es\/turismo\/wp-json\/wp\/v2\/categories?post=9754"},{"taxonomy":"post_tag","embeddable":true,"href":"https:\/\/turismocoria.es\/turismo\/wp-json\/wp\/v2\/tags?post=9754"}],"curies":[{"name":"wp","href":"https:\/\/api.w.org\/{rel}","templated":true}]}}