{"id":9747,"date":"2022-03-08T13:17:23","date_gmt":"2022-03-08T12:17:23","guid":{"rendered":"https:\/\/turismocoria.es\/turismo\/?p=9747"},"modified":"2022-03-08T13:17:24","modified_gmt":"2022-03-08T12:17:24","slug":"disfruta-del-duatlon-en-la-ciudad-de-coria","status":"publish","type":"post","link":"https:\/\/turismocoria.es\/turismo\/disfruta-del-duatlon-en-la-ciudad-de-coria\/","title":{"rendered":"Disfruta del Duatl\u00f3n en la Ciudad de Coria"},"content":{"rendered":"\n<p><strong><em>Otra deportiva manera de descubrir la Ciudad de Coria y su historia es a trav\u00e9s de la bicicleta de carreras dentro del III Duatl\u00f3n Sprint \u201cDiego Paredes\u201d que tendr\u00e1 lugar el pr\u00f3ximo domingo, 6 de marzo<\/em><\/strong>.<\/p>\n\n\n\n<p>La Ciudad de Coria vuelve a acoger con fuerzas renovadas dentro del calendario deportivo de la Federaci\u00f3n Extreme\u00f1a de Duatl\u00f3n la organizaci\u00f3n del <strong>III Duatl\u00f3n Sprint<\/strong> dentro del <strong>Circuito Extreme\u00f1o de Triatl\u00f3n y Duatl\u00f3n<\/strong> incluido dentro del Campeonato de Extremadura Contrarreloj por Equipos.<\/p>\n\n\n\n<p>Una edici\u00f3n, en la que los amantes de las dos ruedas de radios tendr\u00e1n la oportunidad de descubrir y conocer la milenaria historia de la Ciudad de Coria descrita en su centenario Conjunto Monumental, mediante su participaci\u00f3n activa o simplemente como turistas de esta prueba deportiva que se iniciar\u00e1 a las 11:30 horas desde la plazuela del Mentidero ubicada en pleno coraz\u00f3n urbano cauriense.<\/p>\n\n\n\n<p>Una modalidad sprint, de car\u00e1cter competitivo, que se desarrollar\u00e1 por las principales avenidas de la Ciudad de Coria y sus v\u00edas de acceso colindantes, constando la prueba de carrera a pie de 4,5 km. y 3 km., respectivamente, y de 20,4 km. en el apartado de ciclismo.<\/p>\n\n\n\n<p><strong>(Enlace Informaci\u00f3n III Duatl\u00f3n Sprint \u201cDiego Paredes\u201d: https:\/\/duatloncoria.blogspot.com\/).<\/strong><\/p>\n\n\n\n<p>Una oportunidad m\u00e1s de conocer el coqueto <strong>Casco Hist\u00f3rico<\/strong> de la nobiliaria y episcopal <strong>Ciudad de Coria<\/strong>, convertida en centro de destino tur\u00edstico derivado de su rico y longevo Patrimonio Hist\u00f3rico-Art\u00edstico, Cultural y Natural heredado durante siglos, lo que la convierten en la <strong>novena poblaci\u00f3n m\u00e1s antigua de toda Espa\u00f1a<\/strong>.<\/p>\n\n\n\n<p><strong>(Enlace divulgaci\u00f3n noticia cultural nacional: <a href=\"https:\/\/www.abc.es\/viajar\/top\/abci-veinte-ciudadesmas-antiguas-espana-201903010128_noticia.html\">https:\/\/www.abc.es\/viajar\/top\/abci-veinte-ciudadesmas-antiguas-espana-201903010128_noticia.html<\/a>).<\/strong><\/p>\n\n\n\n<p>Vestigios todos ellos, cuyas sucesivas etapas cronol\u00f3gicas de la milenaria historia cauriense han quedado en parte atestiguadas por el magn\u00edfico <strong>legado monumental<\/strong> que conserva la ciudad. Desde las volum\u00e9tricas <strong>Murallas Romanas (s. I)<\/strong> que circundan el Casco Hist\u00f3rico constituy\u00e9ndose como una de las fortalezas de origen romano mejor conservadas en su conjunto de entre todas las halladas en el resto de Europa; pasando por los soberbios y se\u00f1oriales <strong>Castillo (s. XV)<\/strong> y <strong>Palacio de los Duques de Alba (s. XVI)<\/strong> como s\u00edmbolos del rancio poder nobiliario; hasta la magna <strong>Catedral de Santa Mar\u00eda de la Asunci\u00f3n (s. XV-XVIII)<\/strong>, joya del g\u00f3tico-plateresco extreme\u00f1o, en la que se custodia el <strong>Sagrado Mantel de la \u00daltima Cena<\/strong>; adem\u00e1s del <strong>Palacio Episcopal (s. XVII)<\/strong>, la <strong>Iglesia de Santiago Ap\u00f3stol (s. XVI-XVIII)<\/strong>, el <strong>Convento de la Madre de Dios (s. XVI-XVII)<\/strong>, el <strong>Hospital de San Nicol\u00e1s de Bari (s. XVI-XIX)<\/strong>, el <strong>Colegio Seminario Menor Conciliar (s. XVI-XIX)<\/strong>, las <strong>C\u00e1rceles Real (s. XVII)<\/strong>, convertida en Museo de Historia, Arqueolog\u00eda y Etnograf\u00eda, y <strong>Eclesi\u00e1stica (s. XVIII)<\/strong>, o los <strong>Puentes de Piedra (s. XVI)<\/strong> y <strong>de Hierro (s. XX)<\/strong>, entre otros.<\/p>\n\n\n\n<figure class=\"wp-block-embed is-type-video is-provider-youtube wp-block-embed-youtube wp-embed-aspect-16-9 wp-has-aspect-ratio\"><div class=\"wp-block-embed__wrapper\">\n<div class=\"ast-oembed-container \" style=\"height: 100%;\"><iframe loading=\"lazy\" title=\"Coria \u201cConjunto Monumental\u201d, destino tur\u00edstico del noroeste de Extremadura\" width=\"500\" height=\"281\" data-src=\"https:\/\/www.youtube.com\/embed\/M6VniblQWMo?feature=oembed\" frameborder=\"0\" allow=\"accelerometer; autoplay; clipboard-write; encrypted-media; gyroscope; picture-in-picture; web-share\" referrerpolicy=\"strict-origin-when-cross-origin\" allowfullscreen src=\"data:image\/gif;base64,R0lGODlhAQABAAAAACH5BAEKAAEALAAAAAABAAEAAAICTAEAOw==\" class=\"lazyload\" data-load-mode=\"1\"><\/iframe><\/div>\n<\/div><\/figure>\n\n\n\n<p>Grandes y soberbios monumentos conservados entre un entramado de calles que enamorar\u00e1n al turista, cuyo <strong>legado cultural y espiritual<\/strong> se exhiben en las colecciones conservadas en los <strong>museos Catedralicio<\/strong> y <strong>de la C\u00e1rcel Real<\/strong> de la tambi\u00e9n ciudad episcopal que fue, en su tiempo, el punto final de una de las peregrinaciones m\u00e1s importantes y conocidas de toda la pen\u00ednsula Ib\u00e9rica. Devoci\u00f3n, cultura y turismo en torno a las <strong>Santas Reliquias<\/strong> conservadas en la seo cauriense, convertidas en verdaderos tesoros sacros para el gozo y fervor de los fieles. Un rico legado de piezas y alhajas entre las que destacan una <strong>Santa Espina<\/strong> de la Corona, junto a un <em><strong>Lignum Crucis<\/strong><\/em> o fragmento de la Cruz de Jesucristo, adem\u00e1s del citado y excepcional <strong>Sagrado Mantel de la \u00daltima Cena<\/strong>, como reliquia universal de la cristiandad.<\/p>\n\n\n\n<figure class=\"wp-block-embed is-type-video is-provider-youtube wp-block-embed-youtube wp-embed-aspect-16-9 wp-has-aspect-ratio\"><div class=\"wp-block-embed__wrapper\">\n<div class=\"ast-oembed-container \" style=\"height: 100%;\"><iframe loading=\"lazy\" title=\"El Sagrado Mantel de Coria: Cultura, Devoci\u00f3n y Turismo - Reliquia Universal de la Cristiandad\" width=\"500\" height=\"281\" data-src=\"https:\/\/www.youtube.com\/embed\/qBfoZ48Qe9Q?feature=oembed\" frameborder=\"0\" allow=\"accelerometer; autoplay; clipboard-write; encrypted-media; gyroscope; picture-in-picture; web-share\" referrerpolicy=\"strict-origin-when-cross-origin\" allowfullscreen src=\"data:image\/gif;base64,R0lGODlhAQABAAAAACH5BAEKAAEALAAAAAABAAEAAAICTAEAOw==\" class=\"lazyload\" data-load-mode=\"1\"><\/iframe><\/div>\n<\/div><\/figure>\n\n\n\n<p>Y, junto las milenarias huellas de la historia del pasado cauriense atesorado, el turista podr\u00e1 sentir y disfrutar tambi\u00e9n de una variada y fecunda <strong>oferta gastron\u00f3mica, cultural y deportiva invernal<\/strong>, que, unida a la diversificada <strong>oferta hostelera<\/strong> y <strong>comercial<\/strong>, a buen seguro cubrir\u00e1n todas las necesidades y los gustos de aquellos viajeros que la visiten para deleitarse en plenitud de nuestras amables gentes y del rico legado Patrimonial Cultural y Natural heredado desde siglos pret\u00e9ritos.<\/p>\n\n\n\n<figure class=\"wp-block-embed is-type-video is-provider-youtube wp-block-embed-youtube wp-embed-aspect-16-9 wp-has-aspect-ratio\"><div class=\"wp-block-embed__wrapper\">\n<div class=\"ast-oembed-container \" style=\"height: 100%;\"><iframe loading=\"lazy\" title=\"Coria Si\u00e9ntela!!!\" width=\"500\" height=\"281\" data-src=\"https:\/\/www.youtube.com\/embed\/fl9MXfVOGP4?feature=oembed\" frameborder=\"0\" allow=\"accelerometer; autoplay; clipboard-write; encrypted-media; gyroscope; picture-in-picture; web-share\" referrerpolicy=\"strict-origin-when-cross-origin\" allowfullscreen src=\"data:image\/gif;base64,R0lGODlhAQABAAAAACH5BAEKAAEALAAAAAABAAEAAAICTAEAOw==\" class=\"lazyload\" data-load-mode=\"1\"><\/iframe><\/div>\n<\/div><\/figure>\n\n\n\n<p>Adem\u00e1s de interesarse, derivado de su tradici\u00f3n taurina ancestral heredada, por la pr\u00f3xima <strong>Feria Internacional del Toro de Coria (FITCORIA)<\/strong> que, en su 6\u00aa edici\u00f3n, acoger\u00e1 del 18 al 20 de marzo de 2022 a los profesionales y aficionados del mundo del toro y de la tauromaquia como punto de encuentro de la cultura taurina en la que est\u00e1 considerada como la Catedral del Toro en Extremadura.<\/p>\n\n\n\n<figure class=\"wp-block-embed is-type-video is-provider-youtube wp-block-embed-youtube wp-embed-aspect-16-9 wp-has-aspect-ratio\"><div class=\"wp-block-embed__wrapper\">\n<div class=\"ast-oembed-container \" style=\"height: 100%;\"><iframe loading=\"lazy\" title=\"FITCORIA 2020: Arte, Cultura, Gastronom\u00eda y Turismo\" width=\"500\" height=\"281\" data-src=\"https:\/\/www.youtube.com\/embed\/KT0YeSxs6tM?feature=oembed\" frameborder=\"0\" allow=\"accelerometer; autoplay; clipboard-write; encrypted-media; gyroscope; picture-in-picture; web-share\" referrerpolicy=\"strict-origin-when-cross-origin\" allowfullscreen src=\"data:image\/gif;base64,R0lGODlhAQABAAAAACH5BAEKAAEALAAAAAABAAEAAAICTAEAOw==\" class=\"lazyload\" data-load-mode=\"1\"><\/iframe><\/div>\n<\/div><\/figure>\n\n\n\n<p><strong>M\u00e1s Informaci\u00f3n en:<br>Oficina Municipal de Turismo<\/strong><br>Plaza de San Pedro, 1<br>Tlfno.: 927 50 80 00 Ext. 290 \u2013 Email: <a href=\"mailto:oficinaturismo@coria.org\">oficinaturismo@coria.org<\/a><\/p>\n\n\n\n<p>URL:<a href=\"https:\/\/turismocoria.es\/semanasanta\" target=\"_blank\" rel=\"noreferrer noopener\">https:\/\/turismocoria.es\/semanasanta<\/a><\/p>\n","protected":false},"excerpt":{"rendered":"<p>Otra deportiva manera de descubrir la Ciudad de Coria y su historia es a trav\u00e9s de la bicicleta de carreras dentro del III Duatl\u00f3n Sprint \u201cDiego Paredes\u201d que tendr\u00e1 lugar el pr\u00f3ximo domingo, 6 de marzo. La Ciudad de Coria vuelve a acoger con fuerzas renovadas dentro del calendario deportivo de la Federaci\u00f3n Extreme\u00f1a de [&hellip;]<\/p>\n","protected":false},"author":4,"featured_media":9748,"comment_status":"closed","ping_status":"closed","sticky":false,"template":"","format":"standard","meta":{"_uag_custom_page_level_css":"","site-sidebar-layout":"default","site-content-layout":"","ast-site-content-layout":"","site-content-style":"default","site-sidebar-style":"default","ast-global-header-display":"","ast-banner-title-visibility":"","ast-main-header-display":"","ast-hfb-above-header-display":"","ast-hfb-below-header-display":"","ast-hfb-mobile-header-display":"","site-post-title":"","ast-breadcrumbs-content":"","ast-featured-img":"","footer-sml-layout":"","theme-transparent-header-meta":"","adv-header-id-meta":"","stick-header-meta":"","header-above-stick-meta":"","header-main-stick-meta":"","header-below-stick-meta":"","astra-migrate-meta-layouts":"default","ast-page-background-enabled":"default","ast-page-background-meta":{"desktop":{"background-color":"","background-image":"","background-repeat":"repeat","background-position":"center center","background-size":"auto","background-attachment":"scroll","background-type":"","background-media":"","overlay-type":"","overlay-color":"","overlay-opacity":"","overlay-gradient":""},"tablet":{"background-color":"","background-image":"","background-repeat":"repeat","background-position":"center center","background-size":"auto","background-attachment":"scroll","background-type":"","background-media":"","overlay-type":"","overlay-color":"","overlay-opacity":"","overlay-gradient":""},"mobile":{"background-color":"","background-image":"","background-repeat":"repeat","background-position":"center center","background-size":"auto","background-attachment":"scroll","background-type":"","background-media":"","overlay-type":"","overlay-color":"","overlay-opacity":"","overlay-gradient":""}},"ast-content-background-meta":{"desktop":{"background-color":"var(--ast-global-color-5)","background-image":"","background-repeat":"repeat","background-position":"center center","background-size":"auto","background-attachment":"scroll","background-type":"","background-media":"","overlay-type":"","overlay-color":"","overlay-opacity":"","overlay-gradient":""},"tablet":{"background-color":"var(--ast-global-color-5)","background-image":"","background-repeat":"repeat","background-position":"center center","background-size":"auto","background-attachment":"scroll","background-type":"","background-media":"","overlay-type":"","overlay-color":"","overlay-opacity":"","overlay-gradient":""},"mobile":{"background-color":"var(--ast-global-color-5)","background-image":"","background-repeat":"repeat","background-position":"center center","background-size":"auto","background-attachment":"scroll","background-type":"","background-media":"","overlay-type":"","overlay-color":"","overlay-opacity":"","overlay-gradient":""}},"_EventAllDay":false,"_EventTimezone":"","_EventStartDate":"","_EventEndDate":"","_EventStartDateUTC":"","_EventEndDateUTC":"","_EventShowMap":false,"_EventShowMapLink":false,"_EventURL":"","_EventCost":"","_EventCostDescription":"","_EventCurrencySymbol":"","_EventCurrencyCode":"","_EventCurrencyPosition":"","_EventDateTimeSeparator":"","_EventTimeRangeSeparator":"","_EventOrganizerID":[],"_EventVenueID":0,"_OrganizerEmail":"","_OrganizerPhone":"","_OrganizerWebsite":"","_VenueAddress":"","_VenueCity":"","_VenueCountry":"","_VenueProvince":"","_VenueZip":"","_VenuePhone":"","_VenueURL":"","_VenueStateProvince":"","_VenueLat":"","_VenueLng":"","footnotes":""},"categories":[33],"tags":[],"class_list":["post-9747","post","type-post","status-publish","format-standard","has-post-thumbnail","hentry","category-sin-categorizar"],"featured_image_src":"https:\/\/turismocoria.es\/turismo\/wp-content\/uploads\/2022\/03\/duatlon-coria-600x400.jpg","featured_image_src_square":"https:\/\/turismocoria.es\/turismo\/wp-content\/uploads\/2022\/03\/duatlon-coria-600x600.jpg","author_info":{"display_name":"Oficina Turismo","author_link":"https:\/\/turismocoria.es\/turismo\/author\/oficina\/"},"uagb_featured_image_src":{"full":["https:\/\/turismocoria.es\/turismo\/wp-content\/uploads\/2022\/03\/duatlon-coria.jpg",980,709,false],"thumbnail":["https:\/\/turismocoria.es\/turismo\/wp-content\/uploads\/2022\/03\/duatlon-coria-150x150.jpg",150,150,true],"medium":["https:\/\/turismocoria.es\/turismo\/wp-content\/uploads\/2022\/03\/duatlon-coria-300x217.jpg",300,217,true],"medium_large":["https:\/\/turismocoria.es\/turismo\/wp-content\/uploads\/2022\/03\/duatlon-coria-768x556.jpg",768,556,true],"large":["https:\/\/turismocoria.es\/turismo\/wp-content\/uploads\/2022\/03\/duatlon-coria.jpg",980,709,false],"gs-tiny":["https:\/\/turismocoria.es\/turismo\/wp-content\/uploads\/2022\/03\/duatlon-coria.jpg",50,36,false],"xl":["https:\/\/turismocoria.es\/turismo\/wp-content\/uploads\/2022\/03\/duatlon-coria.jpg",980,709,false],"xxl":["https:\/\/turismocoria.es\/turismo\/wp-content\/uploads\/2022\/03\/duatlon-coria.jpg",980,709,false],"xxxl":["https:\/\/turismocoria.es\/turismo\/wp-content\/uploads\/2022\/03\/duatlon-coria.jpg",980,709,false],"xxxxl":["https:\/\/turismocoria.es\/turismo\/wp-content\/uploads\/2022\/03\/duatlon-coria.jpg",980,709,false],"xxxxxl":["https:\/\/turismocoria.es\/turismo\/wp-content\/uploads\/2022\/03\/duatlon-coria.jpg",980,709,false],"1536x1536":["https:\/\/turismocoria.es\/turismo\/wp-content\/uploads\/2022\/03\/duatlon-coria.jpg",980,709,false],"2048x2048":["https:\/\/turismocoria.es\/turismo\/wp-content\/uploads\/2022\/03\/duatlon-coria.jpg",980,709,false],"ultp_layout_landscape_large":["https:\/\/turismocoria.es\/turismo\/wp-content\/uploads\/2022\/03\/duatlon-coria.jpg",980,709,false],"ultp_layout_landscape":["https:\/\/turismocoria.es\/turismo\/wp-content\/uploads\/2022\/03\/duatlon-coria-870x570.jpg",870,570,true],"ultp_layout_portrait":["https:\/\/turismocoria.es\/turismo\/wp-content\/uploads\/2022\/03\/duatlon-coria-600x709.jpg",600,709,true],"ultp_layout_square":["https:\/\/turismocoria.es\/turismo\/wp-content\/uploads\/2022\/03\/duatlon-coria-600x600.jpg",600,600,true],"gb-block-post-grid-landscape":["https:\/\/turismocoria.es\/turismo\/wp-content\/uploads\/2022\/03\/duatlon-coria-600x400.jpg",600,400,true],"gb-block-post-grid-square":["https:\/\/turismocoria.es\/turismo\/wp-content\/uploads\/2022\/03\/duatlon-coria-600x600.jpg",600,600,true]},"uagb_author_info":{"display_name":"Oficina Turismo","author_link":"https:\/\/turismocoria.es\/turismo\/author\/oficina\/"},"uagb_comment_info":0,"uagb_excerpt":"Otra deportiva manera de descubrir la Ciudad de Coria y su historia es a trav\u00e9s de la bicicleta de carreras dentro del III Duatl\u00f3n Sprint \u201cDiego Paredes\u201d que tendr\u00e1 lugar el pr\u00f3ximo domingo, 6 de marzo. La Ciudad de Coria vuelve a acoger con fuerzas renovadas dentro del calendario deportivo de la Federaci\u00f3n Extreme\u00f1a de&hellip;","_links":{"self":[{"href":"https:\/\/turismocoria.es\/turismo\/wp-json\/wp\/v2\/posts\/9747"}],"collection":[{"href":"https:\/\/turismocoria.es\/turismo\/wp-json\/wp\/v2\/posts"}],"about":[{"href":"https:\/\/turismocoria.es\/turismo\/wp-json\/wp\/v2\/types\/post"}],"author":[{"embeddable":true,"href":"https:\/\/turismocoria.es\/turismo\/wp-json\/wp\/v2\/users\/4"}],"replies":[{"embeddable":true,"href":"https:\/\/turismocoria.es\/turismo\/wp-json\/wp\/v2\/comments?post=9747"}],"version-history":[{"count":2,"href":"https:\/\/turismocoria.es\/turismo\/wp-json\/wp\/v2\/posts\/9747\/revisions"}],"predecessor-version":[{"id":9753,"href":"https:\/\/turismocoria.es\/turismo\/wp-json\/wp\/v2\/posts\/9747\/revisions\/9753"}],"wp:featuredmedia":[{"embeddable":true,"href":"https:\/\/turismocoria.es\/turismo\/wp-json\/wp\/v2\/media\/9748"}],"wp:attachment":[{"href":"https:\/\/turismocoria.es\/turismo\/wp-json\/wp\/v2\/media?parent=9747"}],"wp:term":[{"taxonomy":"category","embeddable":true,"href":"https:\/\/turismocoria.es\/turismo\/wp-json\/wp\/v2\/categories?post=9747"},{"taxonomy":"post_tag","embeddable":true,"href":"https:\/\/turismocoria.es\/turismo\/wp-json\/wp\/v2\/tags?post=9747"}],"curies":[{"name":"wp","href":"https:\/\/api.w.org\/{rel}","templated":true}]}}