{"id":9737,"date":"2022-03-08T12:46:52","date_gmt":"2022-03-08T11:46:52","guid":{"rendered":"https:\/\/turismocoria.es\/turismo\/?p=9737"},"modified":"2022-07-08T19:18:23","modified_gmt":"2022-07-08T17:18:23","slug":"coria-balcon-de-invierno-2","status":"publish","type":"post","link":"https:\/\/turismocoria.es\/turismo\/coria-balcon-de-invierno-2\/","title":{"rendered":"Coria Balc\u00f3n de Invierno"},"content":{"rendered":"\n<p><strong><em>El invierno es otra de las \u00e9pocas que invitan a viajar y descubrir sensaciones y experiencias \u00fanicas. Un momento id\u00f3neo para disfrutar y conocer la centenaria Ciudad de Coria, cuya bimilenaria historia est\u00e1 descrita en su longevo Conjunto Monumental que celosamente guarda su coqueto Casco Hist\u00f3rico, enclave y fuente de inspiraci\u00f3n de su fecunda oferta cultural y festiva, gastron\u00f3mica y deportiva.<\/em><\/strong><\/p>\n\n\n\n<p>Un relajado paseo por el coqueto Casco Antiguo de Coria les descubrir\u00e1 muchos de los atractivos tesoros que celosamente sigue atesorando este m\u00e1gico escenario, adem\u00e1s de tener el placer de saborear la buena cocina gastron\u00f3mica de sus fogones en los principales establecimientos de restauraci\u00f3n abiertos dentro de esta nobiliaria y episcopal ciudad altoextreme\u00f1a convertida en centro de destino tur\u00edstico derivado de su rico y longevo Patrimonio Hist\u00f3rico-Art\u00edstico, Cultural y Natural heredado durante siglos, lo que la convierten, seg\u00fan algunas fuentes, en la novena poblaci\u00f3n m\u00e1s antigua de toda Espa\u00f1a.<\/p>\n\n\n\n<figure class=\"wp-block-embed alignwide is-type-video is-provider-youtube wp-block-embed-youtube wp-embed-aspect-16-9 wp-has-aspect-ratio\"><div class=\"wp-block-embed__wrapper\">\n<div class=\"ast-oembed-container \" style=\"height: 100%;\"><iframe loading=\"lazy\" title=\"Coria, Si\u00e9ntela\" width=\"500\" height=\"281\" data-src=\"https:\/\/www.youtube.com\/embed\/h0IiyeqB9hY?feature=oembed\" frameborder=\"0\" allow=\"accelerometer; autoplay; clipboard-write; encrypted-media; gyroscope; picture-in-picture; web-share\" referrerpolicy=\"strict-origin-when-cross-origin\" allowfullscreen src=\"data:image\/gif;base64,R0lGODlhAQABAAAAACH5BAEKAAEALAAAAAABAAEAAAICTAEAOw==\" class=\"lazyload\" data-load-mode=\"1\"><\/iframe><\/div>\n<\/div><\/figure>\n\n\n\n<p>Por ello, no importa la \u00e9poca, pues esta urbe es espectacular durante todo el a\u00f1o; estando presente con gran autenticidad sus tradiciones y costumbres en nuestra admirada y legendaria ciudad antigua, otrora sede del marquesado de Alba y curia, a\u00fan, de uno de los Obispados m\u00e1s primitivos de este pa\u00eds, bajo cuyo reposado silencio emergen los recuerdos de su florida antig\u00fcedad descritos en las cicatrices de las piedras de los vetustos monumentos de una villa fraguada por los distintos pueblos que se asentaron por estas ricas tierras de vega: vettones, romanos, visigodos, \u00e1rabes, jud\u00edos y cristianos.<\/p>\n\n\n\n<p>Vestigios, todos ellos, cuyas sucesivas etapas cronol\u00f3gicas de la longeva historia cauriense han quedado en parte atestiguadas por el magn\u00edfico legado monumental que conserva la ciudad. Desde las volum\u00e9tricas Murallas Romanas (s. I) que circundan el Casco Hist\u00f3rico constituy\u00e9ndose como una de las fortalezas de origen romano mejor conservadas en su conjunto de entre todas las halladas en el resto de Europa; pasando por los soberbios y se\u00f1oriales Castillo (s. XV) y Palacio de los Duques de Alba (s. XVI) como s\u00edmbolos del rancio poder nobiliario; hasta la magna Catedral de Santa Mar\u00eda de la Asunci\u00f3n (s. XV-XVIII), joya del g\u00f3tico-plateresco extreme\u00f1o, en la que se custodia el Sagrado Mantel de la \u00daltima Cena; adem\u00e1s del Palacio Episcopal (s. XVII), la Iglesia de Santiago Ap\u00f3stol (s. XVI-XVIII), el Convento de la Madre de Dios (s. XVI-XVII), el Hospital de San Nicol\u00e1s de Bari (s. XVI-XIX), el Colegio Seminario Menor Conciliar (s. XVI-XIX), las C\u00e1rceles Real (s. XVII), convertida en Museo de Historia, Arqueolog\u00eda y Etnograf\u00eda, y Eclesi\u00e1stica (s. XVIII), o los Puentes de Piedra (s. XVI) y de Hierro (s. XX), entre otros.<\/p>\n\n\n\n<p>Grandes y soberbios monumentos conservados entre un entramado de calles que enamorar\u00e1n al turista, cuyo legado cultural y espiritual se exhiben en las colecciones conservadas en los museos Catedralicio y de la C\u00e1rcel Real de la tambi\u00e9n ciudad episcopal que fue, en su tiempo, el punto final de una de las peregrinaciones m\u00e1s importantes y conocidas de toda la pen\u00ednsula Ib\u00e9rica. Devoci\u00f3n, cultura y turismo en torno a las Santas Reliquias conservadas en la seo cauriense, convertidas en verdaderos tesoros sacros para el gozo y fervor de los fieles. Un rico legado de piezas y alhajas entre las que destacan una Santa Espina de la Corona, junto a un Lignum Crucis o fragmento de la Cruz de Jesucristo, adem\u00e1s del citado y excepcional Sagrado Mantel de la \u00daltima Cena, como reliquia universal de la cristiandad.<\/p>\n","protected":false},"excerpt":{"rendered":"<p>El invierno es otra de las \u00e9pocas que invitan a viajar y descubrir sensaciones y experiencias \u00fanicas. Un momento id\u00f3neo para disfrutar y conocer la centenaria Ciudad de Coria, cuya bimilenaria historia est\u00e1 descrita en su longevo Conjunto Monumental que celosamente guarda su coqueto Casco Hist\u00f3rico, enclave y fuente de inspiraci\u00f3n de su fecunda oferta [&hellip;]<\/p>\n","protected":false},"author":4,"featured_media":9738,"comment_status":"closed","ping_status":"closed","sticky":false,"template":"","format":"standard","meta":{"_uag_custom_page_level_css":"","site-sidebar-layout":"default","site-content-layout":"","ast-site-content-layout":"","site-content-style":"default","site-sidebar-style":"default","ast-global-header-display":"","ast-banner-title-visibility":"","ast-main-header-display":"","ast-hfb-above-header-display":"","ast-hfb-below-header-display":"","ast-hfb-mobile-header-display":"","site-post-title":"","ast-breadcrumbs-content":"","ast-featured-img":"","footer-sml-layout":"","theme-transparent-header-meta":"","adv-header-id-meta":"","stick-header-meta":"","header-above-stick-meta":"","header-main-stick-meta":"","header-below-stick-meta":"","astra-migrate-meta-layouts":"default","ast-page-background-enabled":"default","ast-page-background-meta":{"desktop":{"background-color":"","background-image":"","background-repeat":"repeat","background-position":"center center","background-size":"auto","background-attachment":"scroll","background-type":"","background-media":"","overlay-type":"","overlay-color":"","overlay-opacity":"","overlay-gradient":""},"tablet":{"background-color":"","background-image":"","background-repeat":"repeat","background-position":"center center","background-size":"auto","background-attachment":"scroll","background-type":"","background-media":"","overlay-type":"","overlay-color":"","overlay-opacity":"","overlay-gradient":""},"mobile":{"background-color":"","background-image":"","background-repeat":"repeat","background-position":"center center","background-size":"auto","background-attachment":"scroll","background-type":"","background-media":"","overlay-type":"","overlay-color":"","overlay-opacity":"","overlay-gradient":""}},"ast-content-background-meta":{"desktop":{"background-color":"var(--ast-global-color-5)","background-image":"","background-repeat":"repeat","background-position":"center center","background-size":"auto","background-attachment":"scroll","background-type":"","background-media":"","overlay-type":"","overlay-color":"","overlay-opacity":"","overlay-gradient":""},"tablet":{"background-color":"var(--ast-global-color-5)","background-image":"","background-repeat":"repeat","background-position":"center center","background-size":"auto","background-attachment":"scroll","background-type":"","background-media":"","overlay-type":"","overlay-color":"","overlay-opacity":"","overlay-gradient":""},"mobile":{"background-color":"var(--ast-global-color-5)","background-image":"","background-repeat":"repeat","background-position":"center center","background-size":"auto","background-attachment":"scroll","background-type":"","background-media":"","overlay-type":"","overlay-color":"","overlay-opacity":"","overlay-gradient":""}},"_EventAllDay":false,"_EventTimezone":"","_EventStartDate":"","_EventEndDate":"","_EventStartDateUTC":"","_EventEndDateUTC":"","_EventShowMap":false,"_EventShowMapLink":false,"_EventURL":"","_EventCost":"","_EventCostDescription":"","_EventCurrencySymbol":"","_EventCurrencyCode":"","_EventCurrencyPosition":"","_EventDateTimeSeparator":"","_EventTimeRangeSeparator":"","_EventOrganizerID":[],"_EventVenueID":0,"_OrganizerEmail":"","_OrganizerPhone":"","_OrganizerWebsite":"","_VenueAddress":"","_VenueCity":"","_VenueCountry":"","_VenueProvince":"","_VenueZip":"","_VenuePhone":"","_VenueURL":"","_VenueStateProvince":"","_VenueLat":"","_VenueLng":"","footnotes":""},"categories":[33],"tags":[],"class_list":["post-9737","post","type-post","status-publish","format-standard","has-post-thumbnail","hentry","category-sin-categorizar"],"featured_image_src":"https:\/\/turismocoria.es\/turismo\/wp-content\/uploads\/2022\/03\/coria-balcon-de-invierno-600x400.jpg","featured_image_src_square":"https:\/\/turismocoria.es\/turismo\/wp-content\/uploads\/2022\/03\/coria-balcon-de-invierno-600x600.jpg","author_info":{"display_name":"Oficina Turismo","author_link":"https:\/\/turismocoria.es\/turismo\/author\/oficina\/"},"uagb_featured_image_src":{"full":["https:\/\/turismocoria.es\/turismo\/wp-content\/uploads\/2022\/03\/coria-balcon-de-invierno.jpg",1384,781,false],"thumbnail":["https:\/\/turismocoria.es\/turismo\/wp-content\/uploads\/2022\/03\/coria-balcon-de-invierno-150x150.jpg",150,150,true],"medium":["https:\/\/turismocoria.es\/turismo\/wp-content\/uploads\/2022\/03\/coria-balcon-de-invierno-300x169.jpg",300,169,true],"medium_large":["https:\/\/turismocoria.es\/turismo\/wp-content\/uploads\/2022\/03\/coria-balcon-de-invierno-768x433.jpg",768,433,true],"large":["https:\/\/turismocoria.es\/turismo\/wp-content\/uploads\/2022\/03\/coria-balcon-de-invierno-1024x578.jpg",1024,578,true],"gs-tiny":["https:\/\/turismocoria.es\/turismo\/wp-content\/uploads\/2022\/03\/coria-balcon-de-invierno.jpg",50,28,false],"xl":["https:\/\/turismocoria.es\/turismo\/wp-content\/uploads\/2022\/03\/coria-balcon-de-invierno.jpg",1384,781,false],"xxl":["https:\/\/turismocoria.es\/turismo\/wp-content\/uploads\/2022\/03\/coria-balcon-de-invierno.jpg",1384,781,false],"xxxl":["https:\/\/turismocoria.es\/turismo\/wp-content\/uploads\/2022\/03\/coria-balcon-de-invierno.jpg",1384,781,false],"xxxxl":["https:\/\/turismocoria.es\/turismo\/wp-content\/uploads\/2022\/03\/coria-balcon-de-invierno.jpg",1384,781,false],"xxxxxl":["https:\/\/turismocoria.es\/turismo\/wp-content\/uploads\/2022\/03\/coria-balcon-de-invierno.jpg",1384,781,false],"1536x1536":["https:\/\/turismocoria.es\/turismo\/wp-content\/uploads\/2022\/03\/coria-balcon-de-invierno.jpg",1384,781,false],"2048x2048":["https:\/\/turismocoria.es\/turismo\/wp-content\/uploads\/2022\/03\/coria-balcon-de-invierno.jpg",1384,781,false],"ultp_layout_landscape_large":["https:\/\/turismocoria.es\/turismo\/wp-content\/uploads\/2022\/03\/coria-balcon-de-invierno-1200x781.jpg",1200,781,true],"ultp_layout_landscape":["https:\/\/turismocoria.es\/turismo\/wp-content\/uploads\/2022\/03\/coria-balcon-de-invierno-870x570.jpg",870,570,true],"ultp_layout_portrait":["https:\/\/turismocoria.es\/turismo\/wp-content\/uploads\/2022\/03\/coria-balcon-de-invierno-600x781.jpg",600,781,true],"ultp_layout_square":["https:\/\/turismocoria.es\/turismo\/wp-content\/uploads\/2022\/03\/coria-balcon-de-invierno-600x600.jpg",600,600,true],"gb-block-post-grid-landscape":["https:\/\/turismocoria.es\/turismo\/wp-content\/uploads\/2022\/03\/coria-balcon-de-invierno-600x400.jpg",600,400,true],"gb-block-post-grid-square":["https:\/\/turismocoria.es\/turismo\/wp-content\/uploads\/2022\/03\/coria-balcon-de-invierno-600x600.jpg",600,600,true]},"uagb_author_info":{"display_name":"Oficina Turismo","author_link":"https:\/\/turismocoria.es\/turismo\/author\/oficina\/"},"uagb_comment_info":0,"uagb_excerpt":"El invierno es otra de las \u00e9pocas que invitan a viajar y descubrir sensaciones y experiencias \u00fanicas. Un momento id\u00f3neo para disfrutar y conocer la centenaria Ciudad de Coria, cuya bimilenaria historia est\u00e1 descrita en su longevo Conjunto Monumental que celosamente guarda su coqueto Casco Hist\u00f3rico, enclave y fuente de inspiraci\u00f3n de su fecunda oferta&hellip;","_links":{"self":[{"href":"https:\/\/turismocoria.es\/turismo\/wp-json\/wp\/v2\/posts\/9737"}],"collection":[{"href":"https:\/\/turismocoria.es\/turismo\/wp-json\/wp\/v2\/posts"}],"about":[{"href":"https:\/\/turismocoria.es\/turismo\/wp-json\/wp\/v2\/types\/post"}],"author":[{"embeddable":true,"href":"https:\/\/turismocoria.es\/turismo\/wp-json\/wp\/v2\/users\/4"}],"replies":[{"embeddable":true,"href":"https:\/\/turismocoria.es\/turismo\/wp-json\/wp\/v2\/comments?post=9737"}],"version-history":[{"count":2,"href":"https:\/\/turismocoria.es\/turismo\/wp-json\/wp\/v2\/posts\/9737\/revisions"}],"predecessor-version":[{"id":10821,"href":"https:\/\/turismocoria.es\/turismo\/wp-json\/wp\/v2\/posts\/9737\/revisions\/10821"}],"wp:featuredmedia":[{"embeddable":true,"href":"https:\/\/turismocoria.es\/turismo\/wp-json\/wp\/v2\/media\/9738"}],"wp:attachment":[{"href":"https:\/\/turismocoria.es\/turismo\/wp-json\/wp\/v2\/media?parent=9737"}],"wp:term":[{"taxonomy":"category","embeddable":true,"href":"https:\/\/turismocoria.es\/turismo\/wp-json\/wp\/v2\/categories?post=9737"},{"taxonomy":"post_tag","embeddable":true,"href":"https:\/\/turismocoria.es\/turismo\/wp-json\/wp\/v2\/tags?post=9737"}],"curies":[{"name":"wp","href":"https:\/\/api.w.org\/{rel}","templated":true}]}}