{"id":173,"date":"2021-01-25T17:31:35","date_gmt":"2021-01-25T16:31:35","guid":{"rendered":"https:\/\/turismo.beta.coriaenimagenes.com\/?p=173"},"modified":"2022-03-03T11:09:49","modified_gmt":"2022-03-03T10:09:49","slug":"otono-micologico-en-la-ciudad-de-coria","status":"publish","type":"post","link":"https:\/\/turismocoria.es\/turismo\/otono-micologico-en-la-ciudad-de-coria\/","title":{"rendered":"OTO\u00d1O MICOL\u00d3GICO EN LA CIUDAD DE CORIA."},"content":{"rendered":"\n<p><strong>El oto\u00f1o es una de las \u00e9pocas m\u00e1s esperada de los amantes al mundo de las setas. Un momento id\u00f3neo para disfrutar de este enclave hist\u00f3rico y monumental que es la Ciudad de Coria, que seguir\u00e1 ofreciendo durante toda la oto\u00f1ada ese placer y fuente de inspiraci\u00f3n que es la buena cocina micol\u00f3gica dentro de los fogones de los principales establecimientos de restauraci\u00f3n de la localidad.<\/strong><\/p>\n\n\n\n<p>Hoy en d\u00eda la afici\u00f3n por las setas est\u00e1 cada vez m\u00e1s extendida en nuestra sociedad debido, en cierto modo, a la cultura del ocio y al creciente inter\u00e9s por la naturaleza.&nbsp; En este sentido, la Ciudad de Coria lleva acogiendo anualmente, desde hace ya m\u00e1s de una d\u00e9cada, a multitud de personas aficionadas a la recolecci\u00f3n de este rico manjar a la vez que de determinados ejemplares con el fin de estudiarlos o simplemente deleitarse degust\u00e1ndolos por su exquisito sabor dentro del evento cultural y tur\u00edstico de&nbsp;<strong>Coria Sabor Micol\u00f3gico<\/strong>.<\/p>\n\n\n\n<p>Por ello, los amantes de la&nbsp;<strong>naturaleza<\/strong>, la&nbsp;<strong>gastronom\u00eda<\/strong>, la&nbsp;<strong>historia<\/strong>, el&nbsp;<strong>arte<\/strong>&nbsp;o la&nbsp;<strong>cultura<\/strong>&nbsp;podr\u00e1n encontrar estos valores patrimoniales exhibidos con gran autenticidad en nuestra admirada y legendaria ciudad antigua y sus en tornos, como as\u00ed los hallaron tambi\u00e9n los visitantes atra\u00eddos por el mundo de las setas en la pasada edici\u00f3n que se acercaron hasta la otrora sede del marquesado de Alba, episcopal y nobiliaria&nbsp;<strong>Ciudad de Coria<\/strong>&nbsp;provenientes de Madrid, Valladolid, Sevilla, Tarragona, Badajoz, C\u00e1ceres, Plasencia o el resto de poblaciones de las comarcas lim\u00edtrofes fascinados por este destino tur\u00edstico que fuera anta\u00f1o enclave de cultura y civilizaci\u00f3n a lo largo de su dilatada historia.<\/p>\n\n\n\n<p>(Enlace V\u00eddeo Promocional&nbsp;<strong>\u201cCoria Te Espera, Ven y Si\u00e9ntela!\u201d<\/strong>:&nbsp;<a href=\"https:\/\/www.coria.org\/a2012\/d1.asp?idnoticia=3886\">https:\/\/www.coria.org\/a2012\/d1.asp?idnoticia=3886<\/a>).<\/p>\n\n\n\n<p>Un ilustre pasado glorioso que est\u00e1 escrito en las cicatrices de las piedras de los vetustos monumentos arquitect\u00f3nicos que conserva nuestro longevo&nbsp;<strong>Casco Hist\u00f3rico<\/strong>.&nbsp; Desde las volum\u00e9tricas&nbsp;<strong>Murallas Romanas (s. I)<\/strong>&nbsp;que cercan el recinto intramuros, pasando por el soberbio&nbsp;<strong>Castillo (s. XV)<\/strong>&nbsp;y el se\u00f1orial&nbsp;<strong>Palacio de los Duques de Alba (s. XVI)<\/strong>&nbsp;como s\u00edmbolos del rancio poder nobiliario, hasta la magna&nbsp;<strong>Catedral<\/strong><strong>&nbsp;de Santa Mar\u00eda de la Asunci\u00f3n (s. XV-XVIII)<\/strong>&nbsp;convertida en joya del g\u00f3tico-plateresco extreme\u00f1o en la que se custodia el&nbsp;<strong>Sagrado Mantel de la \u00daltima Cena<\/strong>, adem\u00e1s del&nbsp;<strong>Palacio Episcopal (s. XVII)<\/strong>, la&nbsp;<strong>Iglesia<\/strong><strong>&nbsp;de Santiago Ap\u00f3stol (s. XVI-XVIII<\/strong>), el&nbsp;<strong>Convento de la Madre de Dios (s. XVI-XVII)<\/strong>, el&nbsp;<strong>Hospital de San Nicol\u00e1s de Bari (s. XVI-XIX)<\/strong>, el&nbsp;<strong>Colegio Seminario Menor Conciliar (s. XVI-XIX)<\/strong>, las&nbsp;<strong>C\u00e1rceles Real (s. XVII)<\/strong>, convertida en Museo de Historia, Arqueolog\u00eda y Etnograf\u00eda, y Eclesi\u00e1stica (s. XVIII), o los&nbsp;<strong>Puentes de Piedra (s. XVI)<\/strong>&nbsp;y&nbsp;<strong>de Hierro (s. XX)<\/strong>, entre otros.<\/p>\n\n\n\n<p>(Enlace V\u00eddeo Promocional&nbsp;<strong>\u201cCoria: Conjunto Monumental. Una historia que comenz\u00f3 hace m\u00e1s de dos milenios\u2026\u201d<\/strong>:&nbsp;<a href=\"https:\/\/www.youtube.com\/watch?v=M6VniblQWMo\">https:\/\/www.youtube.com\/watch?v=M6VniblQWMo<\/a>).<\/p>\n\n\n\n<p>(Enlace V\u00eddeo Promocional&nbsp;<strong>\u201cSagrado Mantel de Coria. Reliquia Universal de la Cristiandad\u201d<\/strong>:&nbsp;<a href=\"https:\/\/www.youtube.com\/watch?v=qBfoZ48Qe9Q\">https:\/\/www.youtube.com\/watch?v=qBfoZ48Qe9Q<\/a>).<\/p>\n\n\n\n<p>Sin embargo, derivado de la dif\u00edcil situaci\u00f3n ante la crisis sanitaria y socioecon\u00f3mica actual ocasionada por la pandemia del Covid-19, desde la Concejal\u00eda Delegada de Desarrollo Econ\u00f3mico y Turismo del Ayuntamiento de Coria se ha apostado, un a\u00f1o m\u00e1s, por la organizaci\u00f3n del evento Coria Sabor Micol\u00f3gico como&nbsp;<strong>estrategia tur\u00edstica<\/strong>&nbsp;de apoyo dirigida al sector de la hosteler\u00eda local a trav\u00e9s de algunas medidas encaminadas a ayudar a este perjudicado segmento, caso del dise\u00f1o de una serie de&nbsp;<strong>Bonos\/Descuentos<\/strong>&nbsp;que ser\u00e1n dispensados desde la Oficina Municipal de Turismo de Coria como iniciativa de incentivo dirigida a los consumidores y de refuerzo a todos aquellos&nbsp;<strong>establecimientos hosteleros<\/strong>&nbsp;radicados en la localidad interesados en participar en las modalidades para ello confeccionadas vigentes a desarrollarse&nbsp;<strong>del 1 al 30 de noviembre<\/strong>.<\/p>\n\n\n\n<p>Unas&nbsp;<strong>promociones-experiencias<\/strong>&nbsp;dirigidas a aquellos clientes que participen en esta estrategia tur\u00edstica consistentes en:&nbsp;<strong>10 \u20ac de descuento<\/strong>&nbsp;por&nbsp;<strong>alojamiento<\/strong>&nbsp;en r\u00e9gimen de&nbsp;<strong>habitaci\u00f3n doble\/2 pax<\/strong>, y de&nbsp;<strong>5 \u20ac de descuento<\/strong>&nbsp;por&nbsp;<strong>degustaci\u00f3<\/strong>n de&nbsp;<strong>platos micol\u00f3gicos a la carta diarios<\/strong>&nbsp;y&nbsp;<strong>men\u00fas micol\u00f3gicos de fines de semana\/1 pax<\/strong>&nbsp;en los&nbsp;<strong>establecimientos hosteleros<\/strong>&nbsp;participantes acogidos a dicho evento gastron\u00f3mico de&nbsp;<strong>Coria Sabor Micol\u00f3gico<\/strong>.<\/p>\n\n\n\n<p>Adem\u00e1s, de la organizaci\u00f3n de nuestras ilustrativas&nbsp;<strong>visitas guiadas<\/strong>&nbsp;por ese legado de cultura y civilizaci\u00f3n que es el&nbsp;<strong>Casco Hist\u00f3rico de Coria<\/strong>, as\u00ed como de la&nbsp;<strong>salida o<\/strong>&nbsp;<strong>paseo micol\u00f3gico<\/strong>&nbsp;por la municipal&nbsp;<strong>Dehesa<\/strong><strong>&nbsp;de M\u00ednguez<\/strong>, como una de las mejores maneras de aprender sobre la ecolog\u00eda de las setas y especies de nuestros entornos acompa\u00f1ados de un equipo experto de mic\u00f3logos, en las que se aplicar\u00e1n todas las medidas y protocolos de seguridad sanitarios de protecci\u00f3n b\u00e1sica regulados y exigidos por Ley<\/p>\n\n\n\n<p>V\u00eddeo Promocional&nbsp;<strong>\u201cCoria Sabor Micol\u00f3gico\u201d<\/strong>:&nbsp;<a href=\"https:\/\/www.youtube.com\/watch?v=QI-hJdok3u4\">https:\/\/www.youtube.com\/watch?v=QI-hJdok3u4<\/a><\/p>\n\n\n\n<p>En definitiva, una excelente proposici\u00f3n de&nbsp;<strong>turismo cultural<\/strong>, placentero y entretenido, que puede maridarse con esta nueva&nbsp;<strong>oferta gastron\u00f3mica micol\u00f3gica<\/strong>&nbsp;que se prolongar\u00e1 durante todo el oto\u00f1al&nbsp;<strong>mes de noviembre<\/strong>&nbsp;en esta bella, hist\u00f3rica y milenaria&nbsp;<strong>Ciudad de Coria<\/strong>, dirigida, especialmente, a todos los turistas que deseen recolectar o degustar este manjar que brinda la tierra cauriense y que proporciona y ofrece los sabores y los aromas de la f\u00e9rtil Extremadura de forma segura, apacible y sostenible.<\/p>\n\n\n\n<p>(Enlace V\u00eddeo Promocional&nbsp;<strong>\u201cCoria Si\u00e9ntela!\u201d<\/strong>:&nbsp;<a href=\"https:\/\/www.youtube.com\/watch?v=fl9MXfVOGP4\">https:\/\/www.youtube.com\/watch?v=fl9MXfVOGP4<\/a>).<\/p>\n","protected":false},"excerpt":{"rendered":"<p>El oto\u00f1o es una de las \u00e9pocas m\u00e1s esperada de los amantes al mundo de las setas. Un momento id\u00f3neo para disfrutar de este enclave hist\u00f3rico y monumental que es la Ciudad de Coria, que seguir\u00e1 ofreciendo durante toda la oto\u00f1ada ese placer y fuente de inspiraci\u00f3n que es la buena cocina micol\u00f3gica dentro de [&hellip;]<\/p>\n","protected":false},"author":1,"featured_media":174,"comment_status":"open","ping_status":"open","sticky":false,"template":"","format":"standard","meta":{"_uag_custom_page_level_css":"","site-sidebar-layout":"default","site-content-layout":"default","ast-site-content-layout":"","site-content-style":"default","site-sidebar-style":"default","ast-global-header-display":"","ast-banner-title-visibility":"","ast-main-header-display":"","ast-hfb-above-header-display":"","ast-hfb-below-header-display":"","ast-hfb-mobile-header-display":"","site-post-title":"","ast-breadcrumbs-content":"","ast-featured-img":"","footer-sml-layout":"","theme-transparent-header-meta":"default","adv-header-id-meta":"","stick-header-meta":"","header-above-stick-meta":"","header-main-stick-meta":"","header-below-stick-meta":"","astra-migrate-meta-layouts":"default","ast-page-background-enabled":"default","ast-page-background-meta":{"desktop":{"background-color":"","background-image":"","background-repeat":"repeat","background-position":"center center","background-size":"auto","background-attachment":"scroll","background-type":"","background-media":"","overlay-type":"","overlay-color":"","overlay-opacity":"","overlay-gradient":""},"tablet":{"background-color":"","background-image":"","background-repeat":"repeat","background-position":"center center","background-size":"auto","background-attachment":"scroll","background-type":"","background-media":"","overlay-type":"","overlay-color":"","overlay-opacity":"","overlay-gradient":""},"mobile":{"background-color":"","background-image":"","background-repeat":"repeat","background-position":"center center","background-size":"auto","background-attachment":"scroll","background-type":"","background-media":"","overlay-type":"","overlay-color":"","overlay-opacity":"","overlay-gradient":""}},"ast-content-background-meta":{"desktop":{"background-color":"var(--ast-global-color-5)","background-image":"","background-repeat":"repeat","background-position":"center center","background-size":"auto","background-attachment":"scroll","background-type":"","background-media":"","overlay-type":"","overlay-color":"","overlay-opacity":"","overlay-gradient":""},"tablet":{"background-color":"var(--ast-global-color-5)","background-image":"","background-repeat":"repeat","background-position":"center center","background-size":"auto","background-attachment":"scroll","background-type":"","background-media":"","overlay-type":"","overlay-color":"","overlay-opacity":"","overlay-gradient":""},"mobile":{"background-color":"var(--ast-global-color-5)","background-image":"","background-repeat":"repeat","background-position":"center center","background-size":"auto","background-attachment":"scroll","background-type":"","background-media":"","overlay-type":"","overlay-color":"","overlay-opacity":"","overlay-gradient":""}},"_EventAllDay":false,"_EventTimezone":"","_EventStartDate":"","_EventEndDate":"","_EventStartDateUTC":"","_EventEndDateUTC":"","_EventShowMap":false,"_EventShowMapLink":false,"_EventURL":"","_EventCost":"","_EventCostDescription":"","_EventCurrencySymbol":"","_EventCurrencyCode":"","_EventCurrencyPosition":"","_EventDateTimeSeparator":"","_EventTimeRangeSeparator":"","_EventOrganizerID":[],"_EventVenueID":0,"_OrganizerEmail":"","_OrganizerPhone":"","_OrganizerWebsite":"","_VenueAddress":"","_VenueCity":"","_VenueCountry":"","_VenueProvince":"","_VenueZip":"","_VenuePhone":"","_VenueURL":"","_VenueStateProvince":"","_VenueLat":"","_VenueLng":"","footnotes":""},"categories":[6,5,7],"tags":[],"class_list":["post-173","post","type-post","status-publish","format-standard","has-post-thumbnail","hentry","category-gastronomia","category-otono","category-sabor-micologico"],"featured_image_src":"https:\/\/turismocoria.es\/turismo\/wp-content\/uploads\/2021\/01\/CoriaSaborMicolgico2020-600x400.jpg","featured_image_src_square":"https:\/\/turismocoria.es\/turismo\/wp-content\/uploads\/2021\/01\/CoriaSaborMicolgico2020-600x600.jpg","author_info":{"display_name":"admin","author_link":"https:\/\/turismocoria.es\/turismo\/author\/admin\/"},"uagb_featured_image_src":{"full":["https:\/\/turismocoria.es\/turismo\/wp-content\/uploads\/2021\/01\/CoriaSaborMicolgico2020.jpg",1340,797,false],"thumbnail":["https:\/\/turismocoria.es\/turismo\/wp-content\/uploads\/2021\/01\/CoriaSaborMicolgico2020-150x150.jpg",150,150,true],"medium":["https:\/\/turismocoria.es\/turismo\/wp-content\/uploads\/2021\/01\/CoriaSaborMicolgico2020-300x178.jpg",300,178,true],"medium_large":["https:\/\/turismocoria.es\/turismo\/wp-content\/uploads\/2021\/01\/CoriaSaborMicolgico2020-768x457.jpg",768,457,true],"large":["https:\/\/turismocoria.es\/turismo\/wp-content\/uploads\/2021\/01\/CoriaSaborMicolgico2020-1024x609.jpg",1024,609,true],"gs-tiny":["https:\/\/turismocoria.es\/turismo\/wp-content\/uploads\/2021\/01\/CoriaSaborMicolgico2020.jpg",50,30,false],"xl":["https:\/\/turismocoria.es\/turismo\/wp-content\/uploads\/2021\/01\/CoriaSaborMicolgico2020.jpg",1340,797,false],"xxl":["https:\/\/turismocoria.es\/turismo\/wp-content\/uploads\/2021\/01\/CoriaSaborMicolgico2020.jpg",1340,797,false],"xxxl":["https:\/\/turismocoria.es\/turismo\/wp-content\/uploads\/2021\/01\/CoriaSaborMicolgico2020.jpg",1340,797,false],"xxxxl":["https:\/\/turismocoria.es\/turismo\/wp-content\/uploads\/2021\/01\/CoriaSaborMicolgico2020.jpg",1340,797,false],"xxxxxl":["https:\/\/turismocoria.es\/turismo\/wp-content\/uploads\/2021\/01\/CoriaSaborMicolgico2020.jpg",1340,797,false],"1536x1536":["https:\/\/turismocoria.es\/turismo\/wp-content\/uploads\/2021\/01\/CoriaSaborMicolgico2020.jpg",1340,797,false],"2048x2048":["https:\/\/turismocoria.es\/turismo\/wp-content\/uploads\/2021\/01\/CoriaSaborMicolgico2020.jpg",1340,797,false],"ultp_layout_landscape_large":["https:\/\/turismocoria.es\/turismo\/wp-content\/uploads\/2021\/01\/CoriaSaborMicolgico2020-1200x797.jpg",1200,797,true],"ultp_layout_landscape":["https:\/\/turismocoria.es\/turismo\/wp-content\/uploads\/2021\/01\/CoriaSaborMicolgico2020-870x570.jpg",870,570,true],"ultp_layout_portrait":["https:\/\/turismocoria.es\/turismo\/wp-content\/uploads\/2021\/01\/CoriaSaborMicolgico2020-600x797.jpg",600,797,true],"ultp_layout_square":["https:\/\/turismocoria.es\/turismo\/wp-content\/uploads\/2021\/01\/CoriaSaborMicolgico2020-600x600.jpg",600,600,true],"gb-block-post-grid-landscape":["https:\/\/turismocoria.es\/turismo\/wp-content\/uploads\/2021\/01\/CoriaSaborMicolgico2020-600x400.jpg",600,400,true],"gb-block-post-grid-square":["https:\/\/turismocoria.es\/turismo\/wp-content\/uploads\/2021\/01\/CoriaSaborMicolgico2020-600x600.jpg",600,600,true]},"uagb_author_info":{"display_name":"admin","author_link":"https:\/\/turismocoria.es\/turismo\/author\/admin\/"},"uagb_comment_info":0,"uagb_excerpt":"El oto\u00f1o es una de las \u00e9pocas m\u00e1s esperada de los amantes al mundo de las setas. Un momento id\u00f3neo para disfrutar de este enclave hist\u00f3rico y monumental que es la Ciudad de Coria, que seguir\u00e1 ofreciendo durante toda la oto\u00f1ada ese placer y fuente de inspiraci\u00f3n que es la buena cocina micol\u00f3gica dentro de&hellip;","_links":{"self":[{"href":"https:\/\/turismocoria.es\/turismo\/wp-json\/wp\/v2\/posts\/173"}],"collection":[{"href":"https:\/\/turismocoria.es\/turismo\/wp-json\/wp\/v2\/posts"}],"about":[{"href":"https:\/\/turismocoria.es\/turismo\/wp-json\/wp\/v2\/types\/post"}],"author":[{"embeddable":true,"href":"https:\/\/turismocoria.es\/turismo\/wp-json\/wp\/v2\/users\/1"}],"replies":[{"embeddable":true,"href":"https:\/\/turismocoria.es\/turismo\/wp-json\/wp\/v2\/comments?post=173"}],"version-history":[{"count":1,"href":"https:\/\/turismocoria.es\/turismo\/wp-json\/wp\/v2\/posts\/173\/revisions"}],"predecessor-version":[{"id":9581,"href":"https:\/\/turismocoria.es\/turismo\/wp-json\/wp\/v2\/posts\/173\/revisions\/9581"}],"wp:featuredmedia":[{"embeddable":true,"href":"https:\/\/turismocoria.es\/turismo\/wp-json\/wp\/v2\/media\/174"}],"wp:attachment":[{"href":"https:\/\/turismocoria.es\/turismo\/wp-json\/wp\/v2\/media?parent=173"}],"wp:term":[{"taxonomy":"category","embeddable":true,"href":"https:\/\/turismocoria.es\/turismo\/wp-json\/wp\/v2\/categories?post=173"},{"taxonomy":"post_tag","embeddable":true,"href":"https:\/\/turismocoria.es\/turismo\/wp-json\/wp\/v2\/tags?post=173"}],"curies":[{"name":"wp","href":"https:\/\/api.w.org\/{rel}","templated":true}]}}