{"id":159,"date":"2021-01-25T17:22:31","date_gmt":"2021-01-25T16:22:31","guid":{"rendered":"https:\/\/turismo.beta.coriaenimagenes.com\/?p=159"},"modified":"2022-03-07T11:22:19","modified_gmt":"2022-03-07T10:22:19","slug":"coria-balcon-de-invierno","status":"publish","type":"post","link":"https:\/\/turismocoria.es\/turismo\/coria-balcon-de-invierno\/","title":{"rendered":"CORIA: BALC\u00d3N DE INVIERNO."},"content":{"rendered":"\n<p><strong>El invierno es otra de las \u00e9pocas que invitan a viajar y descubrir sensaciones y experiencias \u00fanicas. Un momento id\u00f3neo para disfrutar y conocer la centenaria Ciudad de Coria, cuya bimilenaria historia est\u00e1 descrita en su longevo Conjunto Monumental que celosamente guarda su coqueto Casco Hist\u00f3rico, enclave y fuente de inspiraci\u00f3n de su fecunda oferta cultural y festiva, gastron\u00f3mica y deportiva.<\/strong><\/p>\n\n\n\n<p>Un relajado paseo por el coqueto Casco Antiguo de Coria les descubrir\u00e1 muchos de los atractivos tesoros que celosamente sigue atesorando este m\u00e1gico escenario, adem\u00e1s de tener el&nbsp;placer de saborear la buena cocina gastron\u00f3mica de sus fogones en los principales establecimientos de restauraci\u00f3n abiertos dentro de esta&nbsp;nobiliaria y episcopal ciudad altoextreme\u00f1a&nbsp;convertida en centro de destino tur\u00edstico derivado de su rico y longevo Patrimonio Hist\u00f3rico-Art\u00edstico, Cultural y&nbsp;Natural heredado durante siglos, lo que la convierten, seg\u00fan algunas fuentes, en la novena poblaci\u00f3n&nbsp;m\u00e1s antigua de toda Espa\u00f1a.<\/p>\n\n\n\n<p>(Enlace V\u00eddeo Promocional&nbsp;<strong>\u201cCoria Te Espera, Ven y Si\u00e9ntela!\u201d<\/strong>:&nbsp;<a href=\"https:\/\/www.coria.org\/a2012\/d1.asp?idnoticia=3886\">https:\/\/www.coria.org\/a2012\/d1.asp?idnoticia=3886<\/a>).<\/p>\n\n\n\n<p>Por ello, no importa la \u00e9poca, pues esta urbe es espectacular durante todo el a\u00f1o; estando presente con gran autenticidad sus tradiciones y costumbres&nbsp;en nuestra admirada y legendaria&nbsp;<strong>ciudad antigua<\/strong>, otrora&nbsp;sede del marquesado de Alba y curia, a\u00fan, de uno de los Obispados m\u00e1s primitivos de este pa\u00eds,&nbsp;bajo cuyo reposado silencio emergen los recuerdos de su florida antig\u00fcedad descritos en las cicatrices&nbsp;de las piedras de los vetustos monumentos&nbsp;de una villa fraguada por los distintos pueblos que se asentaron por estas ricas tierras de vega: vettones, romanos, visigodos, \u00e1rabes, jud\u00edos y cristianos.<\/p>\n\n\n\n<p>Vestigios, todos ellos,&nbsp;cuyas sucesivas etapas cronol\u00f3gicas de la longeva historia cauriense han quedado en parte atestiguadas por el magn\u00edfico&nbsp;<strong>legado monumental<\/strong>&nbsp;que conserva la ciudad. Desde las volum\u00e9tricas&nbsp;<strong>Murallas Romanas<\/strong><strong>(s. I)<\/strong>&nbsp;que circundan el&nbsp;Casco Hist\u00f3rico constituy\u00e9ndose como una de las fortalezas de origen romano mejor conservadas en su conjunto de entre todas las halladas en el resto de Europa; pasando por los soberbios y se\u00f1oriales&nbsp;<strong>Castillo<\/strong>&nbsp;(<strong>s. XV)<\/strong>&nbsp;y&nbsp;<strong>Palacio de los Duques de Alba<\/strong><strong>(s. XVI)<\/strong>&nbsp;como s\u00edmbolos del rancio poder nobiliario; hasta la magna&nbsp;<strong>Catedral de Santa Mar\u00eda de la Asunci\u00f3n<\/strong><strong>(s. XV-XVIII)<\/strong>, joya del g\u00f3tico-plateresco extreme\u00f1o, en la que se custodia el&nbsp;<strong>Sagrado Mantel de la \u00daltima Cena<\/strong>; adem\u00e1s del&nbsp;<strong>Palacio Episcopal (s. XVII)<\/strong>, la&nbsp;<strong>Iglesia de Santiago Ap\u00f3stol (s. XVI-XVIII)<\/strong>, el&nbsp;<strong>Convento de la Madre de Dios (s. XVI-XVII)<\/strong>, el&nbsp;<strong>Hospital de San Nicol\u00e1s de Bari<\/strong><strong>&nbsp;(s. XVI-XIX)<\/strong>, el&nbsp;<strong>Colegio Seminario Menor Conciliar<\/strong><strong>&nbsp;(s. XVI-XIX)<\/strong>, las&nbsp;<strong>C\u00e1rceles Real (s. XVII)<\/strong>,&nbsp;convertida en Museo de Historia, Arqueolog\u00eda y Etnograf\u00eda,&nbsp;y&nbsp;<strong>Eclesi\u00e1stica (s. XVIII)<\/strong>, o los&nbsp;<strong>Puentes de Piedra (s. XVI)<\/strong>&nbsp;y&nbsp;<strong>de Hierro (s. XX)<\/strong>, entre otros.<\/p>\n\n\n\n<p>(Enlace V\u00eddeo Promocional&nbsp;<strong>\u201cCoria: Conjunto Monumental. Una historia que comenz\u00f3 hace m\u00e1s de dos milenios\u2026\u201d<\/strong>:&nbsp;<a href=\"https:\/\/www.youtube.com\/watch?v=M6VniblQWMo\">https:\/\/www.youtube.com\/watch?v=M6VniblQWMo<\/a>).<\/p>\n\n\n\n<p>Grandes y soberbios monumentos conservados entre un entramado de calles que enamorar\u00e1n al&nbsp;turista, cuyo&nbsp;<strong>legado cultural y espiritual<\/strong>&nbsp;se exhiben&nbsp;en las colecciones conservadas en los&nbsp;<strong>museos Catedralicio<\/strong>&nbsp;y&nbsp;<strong>de la C\u00e1rcel Real<\/strong>&nbsp;de la tambi\u00e9n&nbsp;ciudad episcopal que fue, en su tiempo, el punto final de una de las peregrinaciones m\u00e1s importantes y conocidas de toda la pen\u00ednsula Ib\u00e9rica. Devoci\u00f3n, cultura y turismo en torno a las&nbsp;<strong>Santas Reliquias<\/strong>&nbsp;conservadas en la seo cauriense, convertidas en verdaderos tesoros sacros para el gozo y fervor de los fieles. Un rico legado de piezas y alhajas entre las que destacan una&nbsp;<strong>Santa Espina<\/strong>&nbsp;de la Corona, junto a un&nbsp;<em><strong>Lignum Crucis<\/strong><\/em>&nbsp;o fragmento de la Cruz de Jesucristo, adem\u00e1s del citado y excepcional&nbsp;<strong>Sagrado Mantel de la \u00daltima Cena<\/strong>, como reliquia universal de la cristiandad.<\/p>\n\n\n\n<p>(Enlace V\u00eddeo Promocional&nbsp;<strong>\u201cEl Sagrado Mantel de Coria. Reliquia Universal de la Cristiandad\u201d<\/strong>:&nbsp;<a href=\"https:\/\/www.youtube.com\/watch?v=qBfoZ48Qe9Q\">https:\/\/www.youtube.com\/watch?v=qBfoZ48Qe9Q<\/a>).<\/p>\n\n\n\n<p>Y, junto las milenarias huellas de la historia del pasado cauriense celosamente atesorado, el turista podr\u00e1 sentir y disfrutar tambi\u00e9n de una variada y fecunda&nbsp;<strong>oferta gastron\u00f3mica<\/strong>,&nbsp;<strong>cultural<\/strong>&nbsp;y&nbsp;<strong>deportiva invernal<\/strong>&nbsp;que, unida a la diversificada&nbsp;<strong>oferta hostelera<\/strong>&nbsp;y&nbsp;<strong>comercial<\/strong>, a buen&nbsp;seguro cubrir\u00e1n todas las necesidades y los gustos de aquellos viajeros que visiten este centenario destino tur\u00edstico cargado de encanto, seguro y tranquilo, convertido en una de las mejores opciones para su tiempo de ocio libre en una de las estaciones privilegiadas para viajar como es el invierno.<\/p>\n\n\n\n<p>(Enlace V\u00eddeo Promocional&nbsp;<strong>\u201cCoria Si\u00e9ntela!\u201d<\/strong>:&nbsp;<a href=\"https:\/\/www.youtube.com\/watch?v=fl9MXfVOGP4\">https:\/\/www.youtube.com\/watch?v=fl9MXfVOGP4<\/a>).<\/p>\n","protected":false},"excerpt":{"rendered":"<p>El invierno es otra de las \u00e9pocas que invitan a viajar y descubrir sensaciones y experiencias \u00fanicas. Un momento id\u00f3neo para disfrutar y conocer la centenaria Ciudad de Coria, cuya bimilenaria historia est\u00e1 descrita en su longevo Conjunto Monumental que celosamente guarda su coqueto Casco Hist\u00f3rico, enclave y fuente de inspiraci\u00f3n de su fecunda oferta [&hellip;]<\/p>\n","protected":false},"author":1,"featured_media":160,"comment_status":"open","ping_status":"open","sticky":false,"template":"","format":"standard","meta":{"_uag_custom_page_level_css":"","site-sidebar-layout":"right-sidebar","site-content-layout":"default","ast-site-content-layout":"","site-content-style":"default","site-sidebar-style":"default","ast-global-header-display":"","ast-banner-title-visibility":"","ast-main-header-display":"","ast-hfb-above-header-display":"","ast-hfb-below-header-display":"","ast-hfb-mobile-header-display":"","site-post-title":"","ast-breadcrumbs-content":"","ast-featured-img":"","footer-sml-layout":"","theme-transparent-header-meta":"default","adv-header-id-meta":"","stick-header-meta":"","header-above-stick-meta":"","header-main-stick-meta":"","header-below-stick-meta":"","astra-migrate-meta-layouts":"default","ast-page-background-enabled":"default","ast-page-background-meta":{"desktop":{"background-color":"","background-image":"","background-repeat":"repeat","background-position":"center center","background-size":"auto","background-attachment":"scroll","background-type":"","background-media":"","overlay-type":"","overlay-color":"","overlay-opacity":"","overlay-gradient":""},"tablet":{"background-color":"","background-image":"","background-repeat":"repeat","background-position":"center center","background-size":"auto","background-attachment":"scroll","background-type":"","background-media":"","overlay-type":"","overlay-color":"","overlay-opacity":"","overlay-gradient":""},"mobile":{"background-color":"","background-image":"","background-repeat":"repeat","background-position":"center center","background-size":"auto","background-attachment":"scroll","background-type":"","background-media":"","overlay-type":"","overlay-color":"","overlay-opacity":"","overlay-gradient":""}},"ast-content-background-meta":{"desktop":{"background-color":"var(--ast-global-color-5)","background-image":"","background-repeat":"repeat","background-position":"center center","background-size":"auto","background-attachment":"scroll","background-type":"","background-media":"","overlay-type":"","overlay-color":"","overlay-opacity":"","overlay-gradient":""},"tablet":{"background-color":"var(--ast-global-color-5)","background-image":"","background-repeat":"repeat","background-position":"center center","background-size":"auto","background-attachment":"scroll","background-type":"","background-media":"","overlay-type":"","overlay-color":"","overlay-opacity":"","overlay-gradient":""},"mobile":{"background-color":"var(--ast-global-color-5)","background-image":"","background-repeat":"repeat","background-position":"center center","background-size":"auto","background-attachment":"scroll","background-type":"","background-media":"","overlay-type":"","overlay-color":"","overlay-opacity":"","overlay-gradient":""}},"_EventAllDay":false,"_EventTimezone":"","_EventStartDate":"","_EventEndDate":"","_EventStartDateUTC":"","_EventEndDateUTC":"","_EventShowMap":false,"_EventShowMapLink":false,"_EventURL":"","_EventCost":"","_EventCostDescription":"","_EventCurrencySymbol":"","_EventCurrencyCode":"","_EventCurrencyPosition":"","_EventDateTimeSeparator":"","_EventTimeRangeSeparator":"","_EventOrganizerID":[],"_EventVenueID":0,"_OrganizerEmail":"","_OrganizerPhone":"","_OrganizerWebsite":"","_VenueAddress":"","_VenueCity":"","_VenueCountry":"","_VenueProvince":"","_VenueZip":"","_VenuePhone":"","_VenueURL":"","_VenueStateProvince":"","_VenueLat":"","_VenueLng":"","footnotes":""},"categories":[3],"tags":[],"class_list":["post-159","post","type-post","status-publish","format-standard","has-post-thumbnail","hentry","category-invierno"],"featured_image_src":"https:\/\/turismocoria.es\/turismo\/wp-content\/uploads\/2021\/01\/CoriaBalcndeInvierno-600x400.jpg","featured_image_src_square":"https:\/\/turismocoria.es\/turismo\/wp-content\/uploads\/2021\/01\/CoriaBalcndeInvierno-600x480.jpg","author_info":{"display_name":"admin","author_link":"https:\/\/turismocoria.es\/turismo\/author\/admin\/"},"uagb_featured_image_src":{"full":["https:\/\/turismocoria.es\/turismo\/wp-content\/uploads\/2021\/01\/CoriaBalcndeInvierno.jpg",1087,480,false],"thumbnail":["https:\/\/turismocoria.es\/turismo\/wp-content\/uploads\/2021\/01\/CoriaBalcndeInvierno-150x150.jpg",150,150,true],"medium":["https:\/\/turismocoria.es\/turismo\/wp-content\/uploads\/2021\/01\/CoriaBalcndeInvierno-300x132.jpg",300,132,true],"medium_large":["https:\/\/turismocoria.es\/turismo\/wp-content\/uploads\/2021\/01\/CoriaBalcndeInvierno-768x339.jpg",768,339,true],"large":["https:\/\/turismocoria.es\/turismo\/wp-content\/uploads\/2021\/01\/CoriaBalcndeInvierno-1024x452.jpg",1024,452,true],"gs-tiny":["https:\/\/turismocoria.es\/turismo\/wp-content\/uploads\/2021\/01\/CoriaBalcndeInvierno.jpg",50,22,false],"xl":["https:\/\/turismocoria.es\/turismo\/wp-content\/uploads\/2021\/01\/CoriaBalcndeInvierno.jpg",1087,480,false],"xxl":["https:\/\/turismocoria.es\/turismo\/wp-content\/uploads\/2021\/01\/CoriaBalcndeInvierno.jpg",1087,480,false],"xxxl":["https:\/\/turismocoria.es\/turismo\/wp-content\/uploads\/2021\/01\/CoriaBalcndeInvierno.jpg",1087,480,false],"xxxxl":["https:\/\/turismocoria.es\/turismo\/wp-content\/uploads\/2021\/01\/CoriaBalcndeInvierno.jpg",1087,480,false],"xxxxxl":["https:\/\/turismocoria.es\/turismo\/wp-content\/uploads\/2021\/01\/CoriaBalcndeInvierno.jpg",1087,480,false],"1536x1536":["https:\/\/turismocoria.es\/turismo\/wp-content\/uploads\/2021\/01\/CoriaBalcndeInvierno.jpg",1087,480,false],"2048x2048":["https:\/\/turismocoria.es\/turismo\/wp-content\/uploads\/2021\/01\/CoriaBalcndeInvierno.jpg",1087,480,false],"ultp_layout_landscape_large":["https:\/\/turismocoria.es\/turismo\/wp-content\/uploads\/2021\/01\/CoriaBalcndeInvierno.jpg",1087,480,false],"ultp_layout_landscape":["https:\/\/turismocoria.es\/turismo\/wp-content\/uploads\/2021\/01\/CoriaBalcndeInvierno-870x480.jpg",870,480,true],"ultp_layout_portrait":["https:\/\/turismocoria.es\/turismo\/wp-content\/uploads\/2021\/01\/CoriaBalcndeInvierno-600x480.jpg",600,480,true],"ultp_layout_square":["https:\/\/turismocoria.es\/turismo\/wp-content\/uploads\/2021\/01\/CoriaBalcndeInvierno-600x480.jpg",600,480,true],"gb-block-post-grid-landscape":["https:\/\/turismocoria.es\/turismo\/wp-content\/uploads\/2021\/01\/CoriaBalcndeInvierno-600x400.jpg",600,400,true],"gb-block-post-grid-square":["https:\/\/turismocoria.es\/turismo\/wp-content\/uploads\/2021\/01\/CoriaBalcndeInvierno-600x480.jpg",600,480,true]},"uagb_author_info":{"display_name":"admin","author_link":"https:\/\/turismocoria.es\/turismo\/author\/admin\/"},"uagb_comment_info":0,"uagb_excerpt":"El invierno es otra de las \u00e9pocas que invitan a viajar y descubrir sensaciones y experiencias \u00fanicas. Un momento id\u00f3neo para disfrutar y conocer la centenaria Ciudad de Coria, cuya bimilenaria historia est\u00e1 descrita en su longevo Conjunto Monumental que celosamente guarda su coqueto Casco Hist\u00f3rico, enclave y fuente de inspiraci\u00f3n de su fecunda oferta&hellip;","_links":{"self":[{"href":"https:\/\/turismocoria.es\/turismo\/wp-json\/wp\/v2\/posts\/159"}],"collection":[{"href":"https:\/\/turismocoria.es\/turismo\/wp-json\/wp\/v2\/posts"}],"about":[{"href":"https:\/\/turismocoria.es\/turismo\/wp-json\/wp\/v2\/types\/post"}],"author":[{"embeddable":true,"href":"https:\/\/turismocoria.es\/turismo\/wp-json\/wp\/v2\/users\/1"}],"replies":[{"embeddable":true,"href":"https:\/\/turismocoria.es\/turismo\/wp-json\/wp\/v2\/comments?post=159"}],"version-history":[{"count":1,"href":"https:\/\/turismocoria.es\/turismo\/wp-json\/wp\/v2\/posts\/159\/revisions"}],"predecessor-version":[{"id":9690,"href":"https:\/\/turismocoria.es\/turismo\/wp-json\/wp\/v2\/posts\/159\/revisions\/9690"}],"wp:featuredmedia":[{"embeddable":true,"href":"https:\/\/turismocoria.es\/turismo\/wp-json\/wp\/v2\/media\/160"}],"wp:attachment":[{"href":"https:\/\/turismocoria.es\/turismo\/wp-json\/wp\/v2\/media?parent=159"}],"wp:term":[{"taxonomy":"category","embeddable":true,"href":"https:\/\/turismocoria.es\/turismo\/wp-json\/wp\/v2\/categories?post=159"},{"taxonomy":"post_tag","embeddable":true,"href":"https:\/\/turismocoria.es\/turismo\/wp-json\/wp\/v2\/tags?post=159"}],"curies":[{"name":"wp","href":"https:\/\/api.w.org\/{rel}","templated":true}]}}