{"id":156,"date":"2021-01-25T17:20:42","date_gmt":"2021-01-25T16:20:42","guid":{"rendered":"https:\/\/turismo.beta.coriaenimagenes.com\/?p=156"},"modified":"2022-03-07T11:31:17","modified_gmt":"2022-03-07T10:31:17","slug":"coria-tu-mejor-opcion-para-vivir-estas-navidades","status":"publish","type":"post","link":"https:\/\/turismocoria.es\/turismo\/coria-tu-mejor-opcion-para-vivir-estas-navidades\/","title":{"rendered":"CORIA, TU MEJOR OPCI\u00d3N PARA VIVIR ESTAS NAVIDADES."},"content":{"rendered":"\n<p><strong>La Navidad es una de esas \u00e9pocas entra\u00f1ables en las que poder disfrutar de la familia y los amigos practicando un turismo cultural de interior o de compras, en la que la Ciudad de Coria se ha convertido en una de sus mejores opciones para dedicar su tiempo de ocio a conocer su milenaria historia a trav\u00e9s de su longevo conjunto monumental, adem\u00e1s de poder paladear su exquisita gastronom\u00eda, o de descubrir sus enraizadas tradiciones y sus encantos naturales de manera segura y tranquila.<\/strong><\/p>\n\n\n\n<p>La que fuera antigua sede del marquesado de Alba, episcopal y nobiliaria, se ha erigido, por m\u00e9ritos propios, en una de la mejores opciones para viajar y visitar este centro de destino tur\u00edstico de la Alta Extremadura derivado de su rico y milenario&nbsp;<strong>Patrimonio Hist\u00f3rico-Art\u00edstico<\/strong>,&nbsp;<strong>Cultural<\/strong>&nbsp;y&nbsp;<strong>Natural<\/strong>&nbsp;heredado durante siglos, lo que la convierten en el noveno n\u00facleo m\u00e1s antiguo y de extraordinario embrujo de toda Espa\u00f1a.<\/p>\n\n\n\n<p>(Enlace V\u00eddeo Promocional&nbsp;<strong>\u201cCoria Te Espera, Ven y Si\u00e9ntela!\u201d<\/strong>:&nbsp;<a href=\"https:\/\/www.coria.org\/a2012\/d1.asp?idnoticia=3886\">https:\/\/www.coria.org\/a2012\/d1.asp?idnoticia=3886<\/a>).<\/p>\n\n\n\n<p>Por ello, si arribado hasta las amuralladas puertas romanas llega el viajero en estos d\u00edas, no lo dude y ad\u00e9ntrese hacia su interior buscando los tesoros ocultos celosamente guardados desde tiempos inmemoriales en ese m\u00e1gico escenario que es el&nbsp;<strong>Casco Hist\u00f3rico de Coria<\/strong>, en el que podr\u00e1n revivir los recuerdos de su florida antig\u00fcedad descritos en las cicatrices de las piedras de su magn\u00edfico&nbsp;<strong>Conjunto Monumental<\/strong>&nbsp;declarado Bien de Inter\u00e9s Cultural.<\/p>\n\n\n\n<p>(Enlace V\u00eddeo Promocional&nbsp;<strong>\u201cCoria: Conjunto Monumental. Una historia que comenz\u00f3 hace m\u00e1s de dos milenios\u2026\u201d<\/strong>:&nbsp;<a href=\"https:\/\/www.youtube.com\/watch?v=M6VniblQWMo\">https:\/\/www.youtube.com\/watch?v=M6VniblQWMo<\/a>).<\/p>\n\n\n\n<p>Adem\u00e1s, y durante estas fechas tan entra\u00f1ables, le invitamos tambi\u00e9n a que participe de nuestra&nbsp;<strong>Campa\u00f1a Navide\u00f1a y de Comercio<\/strong>&nbsp;bajo el lema en esta edici\u00f3n de:&nbsp;<strong>\u201cLos regalos de Navidad, en Coria los voy a comprar\u201d<\/strong>, que cuenta con una amplia&nbsp;<strong>programaci\u00f3n general&nbsp;<\/strong>con ofertas comerciales m\u00e1s actividades culturales y deportivas para todos los gustos y p\u00fablicos, perfectamente adaptada a la nueva situaci\u00f3n sanitaria que nos ha tocado vivir con motivo de la pandemia de Covid-19.<\/p>\n\n\n\n<p>Una nueva Campa\u00f1a de Navidad que comenz\u00f3 este pasado&nbsp;<strong>viernes<\/strong>,&nbsp;<strong>4 de diciembre<\/strong>, con el simb\u00f3lico&nbsp;<strong>\u201cEncendido Oficial de la Iluminaci\u00f3n Navide\u00f1a\u201d<\/strong>, a las&nbsp;<strong>18:30 horas<\/strong>, desde la Plaza de la Solidaridad, y que seguir\u00e1 la&nbsp;<strong>\u201cSemana<\/strong><strong>&nbsp;de las Compras\u201d<\/strong>&nbsp;que se desarrollar\u00e1&nbsp;<strong>del 11 al 18 de diciembre<\/strong>, al no poder celebrarse la tradicional \u201cNoche de Compras\u201d, pero en la que de igual modo habr\u00e1 importantes descuentos, sorteos, premios y promociones especiales para todos los clientes en los distintos comercios adheridos a esta iniciativa comercial que se prolongar\u00e1 durante todas estas Fiestas hasta el d\u00eda 9 de enero.<\/p>\n\n\n\n<p>Unas estrategias comerciales que tienen en los&nbsp;<strong>\u201cSorteos Semanales de Navidad\u201d<\/strong>&nbsp;<strong>(14, 21 y 28 de diciembre)<\/strong>&nbsp;un m\u00e1s que interesante incentivo al repartirse cada semana un total de 72 premios por valor de 1.500 repartidos en premios de 100 \u20ac (2), de 50 \u20ac (10), de 20 \u20ac (20) y de 10 \u20ac (40) respectivamente, haciendo un total de 288 cupones premiados por un valor de 6.000 \u20ac.<\/p>\n\n\n\n<p>Mientras que por lo que respecta a la nutrida&nbsp;<strong>programaci\u00f3n cultural<\/strong>&nbsp;dise\u00f1ada, la misma se completar\u00e1 con un importante n\u00famero de&nbsp;<strong>obras teatrales infantiles&nbsp;<\/strong>de corte familiar repartidas a lo largo del calendario festivo navide\u00f1o:&nbsp;<strong>\u201cLos Hermanos Saquetti\u201d<\/strong>&nbsp;(viernes, 11\/12\/2020) Casa de Cultura de Coria (20:30 h.);&nbsp;<strong>\u201cLos Elfos de la Navidad\u201d<\/strong>&nbsp;(s\u00e1bado, 19\/12\/2020) Casa de Cultura de Coria (12:00 h. y 18:00 h.);&nbsp;<strong>\u201cFranky Magic Show\u201d<\/strong>&nbsp;(mi\u00e9rcoles, 23\/12\/2020) Casa de Cultura de Puebla de Argeme (18:00 h.);&nbsp;<strong>\u201cLa Princesa y El Pirata\u201d<\/strong>&nbsp;(mi\u00e9rcoles, 23\/12\/2020) Casa de Cultura de Rinc\u00f3n del Obispo (18:00 h.);&nbsp;<strong>\u201cUna Fiesta por Navidad\u201d<\/strong>&nbsp;(s\u00e1bado, 26\/12\/2020) Casa de Cultura de Coria (12:00 h. y 18:00 h.);&nbsp;<strong>\u201cPi-Ra-Tas\u201d<\/strong>&nbsp;(martes, 29\/12\/2020) Casa de Cultura de Coria (12:00 h. y 18:00 h.); y, finalmente,&nbsp;<strong>\u201cThe Magicman Alfred Cob\u00e1mi\u201d<\/strong>&nbsp;(lunes, 04\/12\/2021) Casa de Cultura de Coria (18:00 h.).&nbsp; La asistencia a dichos espect\u00e1culos infantiles estar\u00e1 regulada mediante la obligatoria inscripci\u00f3n previa en la Oficina Municipal de Turismo al estar limitados los aforos y exigidas las vigentes medidas de seguridad sanitarias: distanciamiento, uso de hidrogel y mascarillas, toma de temperatura, ventilaci\u00f3n y desinfecci\u00f3n de mobiliario entre funciones.<\/p>\n\n\n\n<p>Y, con la llegada del&nbsp;<strong>Nuevo A\u00f1o 2021<\/strong>, el&nbsp;<strong>s\u00e1bado<\/strong>,&nbsp;<strong>2 de enero<\/strong>, los&nbsp;<strong>\u201cCarteros Reales\u201d<\/strong>&nbsp;estar\u00e1n presentes en la Ciudad de Coria recogiendo las miles de cartas de todos los ni\u00f1os; poniendo el ep\u00edlogo a estas especiales Navidades la visita de sus&nbsp;<strong>\u201cMajestades los<\/strong>&nbsp;<strong>Reyes Magos\u201d<\/strong>&nbsp;la tarde del&nbsp;<strong>martes<\/strong>,&nbsp;<strong>5 de enero<\/strong>, a partir de las&nbsp;<strong>17:00 horas<\/strong>, quienes recibir\u00e1n, aunque sin la tradicional \u201cCabalgata\u201d, a los m\u00e1s peque\u00f1os en la&nbsp;<strong>plaza de la Catedral<\/strong>&nbsp;tom\u00e1ndose todas las medidas de seguridad sanitarias.<\/p>\n\n\n\n<p>(Enlace de&nbsp;<strong>Informaci\u00f3n Comercial<\/strong>&nbsp;en la web municipal:&nbsp;<a href=\"http:\/\/www.comercio.coria.org\/\">www.comercio.coria.org<\/a>).<\/p>\n\n\n\n<p>Adem\u00e1s,&nbsp;<strong>desde el 21 de diciembre y hasta el 7 de enero<\/strong>, la Ciudad de Coria acoger\u00e1 una excepcional&nbsp;<strong>\u201cExposici\u00f3n de Belenes\u201d<\/strong>&nbsp;y pasacalles navide\u00f1os aderezados con villancicos populares.<\/p>\n\n\n\n<p>Todo una seductora programaci\u00f3n navide\u00f1a, ideal para aquellos amantes turistas de la devoci\u00f3n, la cultura y el turismo, que encontrar\u00e1n, en torno a estas entra\u00f1ables fechas del calendario cristiano, la oportunidad \u00fanica de visitar las&nbsp;<strong>Santas Reliquias<\/strong>&nbsp;conservadas en la Catedral cauriense.&nbsp; Un rico legado de piezas y alhajas entre las que destacan una&nbsp;<strong>Santa Espina<\/strong>&nbsp;de la Corona, junto a un&nbsp;<strong><em>Lignum Crucis<\/em><\/strong>&nbsp;o fragmento de la Cruz de Jesucristo, adem\u00e1s del citado y excepcional&nbsp;<strong>Sagrado Mantel de la \u00daltima Cena<\/strong>, como reliquia universal de la cristiandad.<\/p>\n\n\n\n<p>(Enlace V\u00eddeo Promocional&nbsp;<strong>\u201cEl Sagrado Mantel de Coria. Reliquia Universal de la Cristiandad\u201d<\/strong>:&nbsp;<a href=\"https:\/\/www.youtube.com\/watch?v=qBfoZ48Qe9Q\">https:\/\/www.youtube.com\/watch?v=qBfoZ48Qe9Q<\/a>).<\/p>\n\n\n\n<p>Y, junto las milenarias huellas de la historia del pasado cauriense celosamente atesorado, el turista podr\u00e1 sentir y disfrutar del rico&nbsp;<strong>legado cultural<\/strong>&nbsp;atesorado en las colecciones conservadas en los&nbsp;<strong>museos Catedralicio<\/strong>&nbsp;y&nbsp;<strong>de la C\u00e1rcel Real<\/strong>, adem\u00e1s de la variada y fecunda&nbsp;<strong>cocina gastron\u00f3mica&nbsp;<\/strong>y de<strong>&nbsp;reposter\u00eda navide\u00f1a<\/strong>&nbsp;que les ofrecen, tanto la&nbsp;<strong>hosteler\u00eda local<\/strong>, como las&nbsp;<strong>pasteler\u00edas<\/strong>&nbsp;y el obrador de las venerables madres franciscanas del&nbsp;<strong>Convento de la Madre de Dios<\/strong>&nbsp;que, a buen seguro, cubrir\u00e1n todas las necesidades y los gustos de aquellos viajeros que visiten este centenario destino tur\u00edstico cargado de encanto, seguro y tranquilo, convertido en una de las mejores opciones para su tiempo de ocio libre dentro de las Navidades 2020.<\/p>\n\n\n\n<p>(Enlace V\u00eddeo Promocional&nbsp;<strong>\u201cCoria Si\u00e9ntela!\u201d<\/strong>:&nbsp;<a href=\"https:\/\/www.youtube.com\/watch?v=fl9MXfVOGP4\">https:\/\/www.youtube.com\/watch?v=fl9MXfVOGP4<\/a>).<\/p>\n","protected":false},"excerpt":{"rendered":"<p>La Navidad es una de esas \u00e9pocas entra\u00f1ables en las que poder disfrutar de la familia y los amigos practicando un turismo cultural de interior o de compras, en la que la Ciudad de Coria se ha convertido en una de sus mejores opciones para dedicar su tiempo de ocio a conocer su milenaria historia [&hellip;]<\/p>\n","protected":false},"author":1,"featured_media":157,"comment_status":"open","ping_status":"open","sticky":false,"template":"","format":"standard","meta":{"_uag_custom_page_level_css":"","site-sidebar-layout":"right-sidebar","site-content-layout":"default","ast-site-content-layout":"","site-content-style":"default","site-sidebar-style":"default","ast-global-header-display":"","ast-banner-title-visibility":"","ast-main-header-display":"","ast-hfb-above-header-display":"","ast-hfb-below-header-display":"","ast-hfb-mobile-header-display":"","site-post-title":"","ast-breadcrumbs-content":"","ast-featured-img":"","footer-sml-layout":"","theme-transparent-header-meta":"default","adv-header-id-meta":"","stick-header-meta":"","header-above-stick-meta":"","header-main-stick-meta":"","header-below-stick-meta":"","astra-migrate-meta-layouts":"default","ast-page-background-enabled":"default","ast-page-background-meta":{"desktop":{"background-color":"","background-image":"","background-repeat":"repeat","background-position":"center center","background-size":"auto","background-attachment":"scroll","background-type":"","background-media":"","overlay-type":"","overlay-color":"","overlay-opacity":"","overlay-gradient":""},"tablet":{"background-color":"","background-image":"","background-repeat":"repeat","background-position":"center center","background-size":"auto","background-attachment":"scroll","background-type":"","background-media":"","overlay-type":"","overlay-color":"","overlay-opacity":"","overlay-gradient":""},"mobile":{"background-color":"","background-image":"","background-repeat":"repeat","background-position":"center center","background-size":"auto","background-attachment":"scroll","background-type":"","background-media":"","overlay-type":"","overlay-color":"","overlay-opacity":"","overlay-gradient":""}},"ast-content-background-meta":{"desktop":{"background-color":"var(--ast-global-color-5)","background-image":"","background-repeat":"repeat","background-position":"center center","background-size":"auto","background-attachment":"scroll","background-type":"","background-media":"","overlay-type":"","overlay-color":"","overlay-opacity":"","overlay-gradient":""},"tablet":{"background-color":"var(--ast-global-color-5)","background-image":"","background-repeat":"repeat","background-position":"center center","background-size":"auto","background-attachment":"scroll","background-type":"","background-media":"","overlay-type":"","overlay-color":"","overlay-opacity":"","overlay-gradient":""},"mobile":{"background-color":"var(--ast-global-color-5)","background-image":"","background-repeat":"repeat","background-position":"center center","background-size":"auto","background-attachment":"scroll","background-type":"","background-media":"","overlay-type":"","overlay-color":"","overlay-opacity":"","overlay-gradient":""}},"_EventAllDay":false,"_EventTimezone":"","_EventStartDate":"","_EventEndDate":"","_EventStartDateUTC":"","_EventEndDateUTC":"","_EventShowMap":false,"_EventShowMapLink":false,"_EventURL":"","_EventCost":"","_EventCostDescription":"","_EventCurrencySymbol":"","_EventCurrencyCode":"","_EventCurrencyPosition":"","_EventDateTimeSeparator":"","_EventTimeRangeSeparator":"","_EventOrganizerID":[],"_EventVenueID":0,"_OrganizerEmail":"","_OrganizerPhone":"","_OrganizerWebsite":"","_VenueAddress":"","_VenueCity":"","_VenueCountry":"","_VenueProvince":"","_VenueZip":"","_VenuePhone":"","_VenueURL":"","_VenueStateProvince":"","_VenueLat":"","_VenueLng":"","footnotes":""},"categories":[3,4],"tags":[],"class_list":["post-156","post","type-post","status-publish","format-standard","has-post-thumbnail","hentry","category-invierno","category-navidad"],"featured_image_src":"https:\/\/turismocoria.es\/turismo\/wp-content\/uploads\/2021\/01\/Navidad_Coria_2020-600x400.jpg","featured_image_src_square":"https:\/\/turismocoria.es\/turismo\/wp-content\/uploads\/2021\/01\/Navidad_Coria_2020-600x600.jpg","author_info":{"display_name":"admin","author_link":"https:\/\/turismocoria.es\/turismo\/author\/admin\/"},"uagb_featured_image_src":{"full":["https:\/\/turismocoria.es\/turismo\/wp-content\/uploads\/2021\/01\/Navidad_Coria_2020.jpg",1323,680,false],"thumbnail":["https:\/\/turismocoria.es\/turismo\/wp-content\/uploads\/2021\/01\/Navidad_Coria_2020-150x150.jpg",150,150,true],"medium":["https:\/\/turismocoria.es\/turismo\/wp-content\/uploads\/2021\/01\/Navidad_Coria_2020-300x154.jpg",300,154,true],"medium_large":["https:\/\/turismocoria.es\/turismo\/wp-content\/uploads\/2021\/01\/Navidad_Coria_2020-768x395.jpg",768,395,true],"large":["https:\/\/turismocoria.es\/turismo\/wp-content\/uploads\/2021\/01\/Navidad_Coria_2020-1024x526.jpg",1024,526,true],"gs-tiny":["https:\/\/turismocoria.es\/turismo\/wp-content\/uploads\/2021\/01\/Navidad_Coria_2020.jpg",50,26,false],"xl":["https:\/\/turismocoria.es\/turismo\/wp-content\/uploads\/2021\/01\/Navidad_Coria_2020.jpg",1323,680,false],"xxl":["https:\/\/turismocoria.es\/turismo\/wp-content\/uploads\/2021\/01\/Navidad_Coria_2020.jpg",1323,680,false],"xxxl":["https:\/\/turismocoria.es\/turismo\/wp-content\/uploads\/2021\/01\/Navidad_Coria_2020.jpg",1323,680,false],"xxxxl":["https:\/\/turismocoria.es\/turismo\/wp-content\/uploads\/2021\/01\/Navidad_Coria_2020.jpg",1323,680,false],"xxxxxl":["https:\/\/turismocoria.es\/turismo\/wp-content\/uploads\/2021\/01\/Navidad_Coria_2020.jpg",1323,680,false],"1536x1536":["https:\/\/turismocoria.es\/turismo\/wp-content\/uploads\/2021\/01\/Navidad_Coria_2020.jpg",1323,680,false],"2048x2048":["https:\/\/turismocoria.es\/turismo\/wp-content\/uploads\/2021\/01\/Navidad_Coria_2020.jpg",1323,680,false],"ultp_layout_landscape_large":["https:\/\/turismocoria.es\/turismo\/wp-content\/uploads\/2021\/01\/Navidad_Coria_2020-1200x680.jpg",1200,680,true],"ultp_layout_landscape":["https:\/\/turismocoria.es\/turismo\/wp-content\/uploads\/2021\/01\/Navidad_Coria_2020-870x570.jpg",870,570,true],"ultp_layout_portrait":["https:\/\/turismocoria.es\/turismo\/wp-content\/uploads\/2021\/01\/Navidad_Coria_2020-600x680.jpg",600,680,true],"ultp_layout_square":["https:\/\/turismocoria.es\/turismo\/wp-content\/uploads\/2021\/01\/Navidad_Coria_2020-600x600.jpg",600,600,true],"gb-block-post-grid-landscape":["https:\/\/turismocoria.es\/turismo\/wp-content\/uploads\/2021\/01\/Navidad_Coria_2020-600x400.jpg",600,400,true],"gb-block-post-grid-square":["https:\/\/turismocoria.es\/turismo\/wp-content\/uploads\/2021\/01\/Navidad_Coria_2020-600x600.jpg",600,600,true]},"uagb_author_info":{"display_name":"admin","author_link":"https:\/\/turismocoria.es\/turismo\/author\/admin\/"},"uagb_comment_info":0,"uagb_excerpt":"La Navidad es una de esas \u00e9pocas entra\u00f1ables en las que poder disfrutar de la familia y los amigos practicando un turismo cultural de interior o de compras, en la que la Ciudad de Coria se ha convertido en una de sus mejores opciones para dedicar su tiempo de ocio a conocer su milenaria historia&hellip;","_links":{"self":[{"href":"https:\/\/turismocoria.es\/turismo\/wp-json\/wp\/v2\/posts\/156"}],"collection":[{"href":"https:\/\/turismocoria.es\/turismo\/wp-json\/wp\/v2\/posts"}],"about":[{"href":"https:\/\/turismocoria.es\/turismo\/wp-json\/wp\/v2\/types\/post"}],"author":[{"embeddable":true,"href":"https:\/\/turismocoria.es\/turismo\/wp-json\/wp\/v2\/users\/1"}],"replies":[{"embeddable":true,"href":"https:\/\/turismocoria.es\/turismo\/wp-json\/wp\/v2\/comments?post=156"}],"version-history":[{"count":1,"href":"https:\/\/turismocoria.es\/turismo\/wp-json\/wp\/v2\/posts\/156\/revisions"}],"predecessor-version":[{"id":9693,"href":"https:\/\/turismocoria.es\/turismo\/wp-json\/wp\/v2\/posts\/156\/revisions\/9693"}],"wp:featuredmedia":[{"embeddable":true,"href":"https:\/\/turismocoria.es\/turismo\/wp-json\/wp\/v2\/media\/157"}],"wp:attachment":[{"href":"https:\/\/turismocoria.es\/turismo\/wp-json\/wp\/v2\/media?parent=156"}],"wp:term":[{"taxonomy":"category","embeddable":true,"href":"https:\/\/turismocoria.es\/turismo\/wp-json\/wp\/v2\/categories?post=156"},{"taxonomy":"post_tag","embeddable":true,"href":"https:\/\/turismocoria.es\/turismo\/wp-json\/wp\/v2\/tags?post=156"}],"curies":[{"name":"wp","href":"https:\/\/api.w.org\/{rel}","templated":true}]}}