{"id":13710,"date":"2026-01-28T08:53:12","date_gmt":"2026-01-28T07:53:12","guid":{"rendered":"https:\/\/turismocoria.es\/turismo\/?p=13710"},"modified":"2026-02-03T15:12:37","modified_gmt":"2026-02-03T14:12:37","slug":"los-sabores-tradicionales-de-la-matanza-en-la-ciudad-de-coria","status":"publish","type":"post","link":"https:\/\/turismocoria.es\/turismo\/los-sabores-tradicionales-de-la-matanza-en-la-ciudad-de-coria\/","title":{"rendered":"Los Sabores Tradicionales de la Matanza en la Ciudad de Coria."},"content":{"rendered":"\n<p><strong>De gran arraigo costumbrista, la matanza tradicional es una usanza que ha sido realizada desde siempre en la Ciudad de Coria y, por ende, en el Valle del Alag\u00f3n y toda Extremadura, donde las familias engordaban a los cerdos para, en los meses de noviembre a enero, proceder a su sacrificio con el fin de consumir sus productos en los per\u00edodos siguientes.&nbsp; Una celebraci\u00f3n que, a trav\u00e9s de la III Ruta Gastron\u00f3mica de la Matanza, posee la intenci\u00f3n de perdurar en el tiempo.<\/strong><\/p>\n\n\n\n<p>La <strong><u>Ciudad de Coria<\/u><\/strong> tiene un pasado cultural hist\u00f3rico muy longevo, y eso se nota en todo lo que tiene para ver con la gastronom\u00eda al ser \u00e9sta muy completa.&nbsp; Derivado de lo anterior, en esta bimilenaria localidad nos encontramos, por tanto, con una cultura gastron\u00f3mica que proviene de la tradici\u00f3n pastoril y conventual, tal y como as\u00ed ocurre en el resto de Extremadura, de las que la matanza del cerdo cobra gran importancia por los productos que provienen del despiece de este venerado animal, del que los cocineros caurienses utilizan sus diferentes cortes y preparaciones para dar vida a platos y tapas de los m\u00e1s emblem\u00e1ticos de toda la regi\u00f3n, en especial, de los cueros o cortezas, y de las morcillas elaboradas en variadas formas: de <em>\u201ckiko\u201d<\/em> (con sangre y arroz), <em>\u201ccalabaceras\u201d<\/em> (con calabaza y magro) o <em>\u201cpatateras\u201d<\/em> (con patata y magro), aderezadas todas ellas con las abundantes especias que ofrece la rica tierra extreme\u00f1a.<\/p>\n\n\n\n<p>Un dom\u00e9stico animal que se cr\u00eda en extensivo en las dehesas y campos que pueblan la zona, del que su carne es un bien muy apreciado por su sabor y textura, adem\u00e1s de por poseer algunas de sus piezas beneficios muy destacados con los que prevenir enfermedades cardiovasculares como es el caso del jam\u00f3n ib\u00e9rico, convertido, sin duda alguna, en uno de los ingredientes m\u00e1s representativos y de reclamo tambi\u00e9n en la cocina cauriense, del que los aficionados a este rico manjar podr\u00e1n deleitarse degustando el exquisito sabor de la carne del cerdo ib\u00e9rico en su conjunto dentro del evento cultural y tur\u00edstico de la <strong>III Ruta Gastron\u00f3mica de la Matanza<\/strong> que se desarrollar\u00e1 <strong>del 6 al 8 de febrero de 2026<\/strong> en la Ciudad de Coria.<\/p>\n\n\n\n<p>Adem\u00e1s, los amantes de la <strong>gastronom\u00eda<\/strong>, la <strong>historia<\/strong>, el <strong>arte<\/strong>, la <strong>cultura<\/strong> o la <strong>naturaleza<\/strong>, podr\u00e1n encontrar dichos valores patrimoniales exhibidos con gran autenticidad en nuestra admirada y legendaria <strong>ciudad antigua<\/strong> y sus en tornos, como magnos legados de cultura y civilizaci\u00f3n fraguados por los distintos pueblos que se asentaron por estas ricas tierras de vega: vettones, romanos, visigodos, \u00e1rabes, jud\u00edos y cristianos&#8230; forjando la otrora sede del marquesado de Alba y esta episcopal y nobiliaria ciudad en sus m\u00e1s de dos milenios de historia ininterrumpida, lo que la convierten para algunos como la <strong>novena ciudad m\u00e1s antigua de Espa\u00f1a<\/strong>.<\/p>\n\n\n\n<p>Un ilustre pasado glorioso que est\u00e1 escrito en las cicatrices de las piedras de los vetustos monumentos arquitect\u00f3nicos que conserva nuestro longevo <strong><u><a href=\"https:\/\/turismocoria.es\/turismo\/lugares-que-no-te-puedes-perder\/casco-historico\/\" data-type=\"page\" data-id=\"732\">Casco Hist\u00f3rico<\/a><\/u><\/strong>.&nbsp; Desde las volum\u00e9tricas <strong><u><a href=\"https:\/\/turismocoria.es\/turismo\/lugares-que-no-te-puedes-perder\/murallas-romanas\/\" data-type=\"page\" data-id=\"497\">Murallas Romanas<\/a><\/u><\/strong> (S. I) que lo circundan como una de las fortalezas de origen romano mejor conservadas en su conjunto de entre todas las halladas en el resto de Europa; pasando por los soberbios y se\u00f1oriales <strong><u><a href=\"https:\/\/turismocoria.es\/turismo\/lugares-que-no-te-puedes-perder\/castillo-de-los-duques-de-alba\/\" data-type=\"page\" data-id=\"226\">Castillo<\/a><\/u><\/strong> (S. XV) y <strong><u><a href=\"https:\/\/turismocoria.es\/turismo\/otros-rincones-por-descubrir\/palacio-de-los-duques-de-alba\/\" data-type=\"page\" data-id=\"509\">Palacio de los Duques de Alba<\/a><\/u><\/strong> (S. XV-XVI) como s\u00edmbolos del rancio poder nobiliario; hasta la magna <strong><u><a href=\"https:\/\/turismocoria.es\/turismo\/lugares-que-no-te-puedes-perder\/catedral\/\" data-type=\"page\" data-id=\"488\">Catedral de Santa Mar\u00eda de la Asunci\u00f3n<\/a><\/u><\/strong> (S. XV-XVIII) joya del g\u00f3tico-plateresco extreme\u00f1o en la que se custodia esa misteriosa reliquia universal del <strong><u><a href=\"https:\/\/turismocoria.es\/turismo\/el-sagrado-mantel-de-la-ultima-cena\/\" data-type=\"page\" data-id=\"1176\">Sagrado Mantel de la \u00daltima Cena<\/a><\/u><\/strong>; adem\u00e1s del <strong><a href=\"https:\/\/turismocoria.es\/turismo\/otros-rincones-por-descubrir\/palacio-episcopal\/\" data-type=\"page\" data-id=\"511\"><u>Palacio Episcopal<\/u> <\/a><\/strong>(S. XVII), la <strong><u><a href=\"https:\/\/turismocoria.es\/turismo\/otros-rincones-por-descubrir\/iglesia-santiago-apostol\/\" data-type=\"page\" data-id=\"514\">Iglesia de Santiago Ap\u00f3stol<\/a><\/u> <\/strong>(S. XVI-XVIII), el <strong><a href=\"https:\/\/turismocoria.es\/turismo\/lugares-que-no-te-puedes-perder\/convento-de-la-madre-de-dios\/\" data-type=\"page\" data-id=\"499\"><u>Convento de la Madre de Dios<\/u> <\/a><\/strong>(S. XVI-XVII), el <strong><u><a href=\"https:\/\/turismocoria.es\/turismo\/otros-rincones-por-descubrir\/hospital-san-nicolas-de-bari\/\" data-type=\"page\" data-id=\"521\">Hospital de San Nicol\u00e1s de Bari<\/a><\/u> <\/strong>(S. XVI-XIX), el <strong><u><a href=\"https:\/\/turismocoria.es\/turismo\/otros-rincones-por-descubrir\/colegio-seminario-conciliar\/\" data-type=\"page\" data-id=\"744\">Colegio-Seminario Mayor Conciliar<\/a><\/u><\/strong> (S. XVII-XIX), las <strong><u><a href=\"https:\/\/turismocoria.es\/turismo\/otros-rincones-por-descubrir\/carcel-real\/\" data-type=\"page\" data-id=\"2958\">C\u00e1rceles Real<\/a><\/u> <\/strong>(S. XVII), convertida en Museo de Historia, Arqueolog\u00eda y Etnograf\u00eda, y <strong><u><a href=\"https:\/\/turismocoria.es\/turismo\/otros-rincones-por-descubrir\/carcel-eclesiastica\/\" data-type=\"page\" data-id=\"517\">Eclesi\u00e1stica<\/a><\/u> <\/strong>(S. XVIII), el <a href=\"https:\/\/turismocoria.es\/turismo\/lugares-que-no-te-puedes-perder\/santuario-de-la-virgen-de-argeme\/\" data-type=\"page\" data-id=\"505\"><strong><u>Santuario de Nuestra Se\u00f1ora Virgen de Argeme<\/u><\/strong> <\/a>(S. XVII-XVIII) a extramuros; o los <strong><u><a href=\"https:\/\/turismocoria.es\/turismo\/otros-rincones-por-descubrir\/puente-de-piedra\/\" data-type=\"page\" data-id=\"529\">Puentes de Piedra<\/a><\/u> <\/strong>(S. XVI) y <strong><u><a href=\"https:\/\/turismocoria.es\/turismo\/venue\/puente-de-hierro\/\" data-type=\"tribe_venue\" data-id=\"12383\">de Hierro<\/a><\/u> <\/strong>(S. XX), entre otros interesantes rincones por descubrir.<\/p>\n\n\n\n<figure class=\"wp-block-embed is-type-video is-provider-youtube wp-block-embed-youtube wp-embed-aspect-16-9 wp-has-aspect-ratio\"><div class=\"wp-block-embed__wrapper\">\n<div class=\"ast-oembed-container \" style=\"height: 100%;\"><iframe loading=\"lazy\" title=\"Coria \u201cConjunto Monumental\u201d, destino tur\u00edstico del noroeste de Extremadura\" width=\"500\" height=\"281\" data-src=\"https:\/\/www.youtube.com\/embed\/M6VniblQWMo?feature=oembed\" frameborder=\"0\" allow=\"accelerometer; autoplay; clipboard-write; encrypted-media; gyroscope; picture-in-picture; web-share\" referrerpolicy=\"strict-origin-when-cross-origin\" allowfullscreen src=\"data:image\/gif;base64,R0lGODlhAQABAAAAACH5BAEKAAEALAAAAAABAAEAAAICTAEAOw==\" class=\"lazyload\" data-load-mode=\"1\"><\/iframe><\/div>\n<\/div><\/figure>\n\n\n\n<p><\/p>\n\n\n\n<p>Grandes y soberbios monumentos conservados entre un entramado de calles que enamorar\u00e1n al turista, cuyo <strong>legado cultural y espiritual<\/strong> se exhiben en las colecciones conservadas en los <a href=\"https:\/\/turismocoria.es\/turismo\/lugares-que-no-te-puedes-perder\/museo-catedralicio\/\" data-type=\"page\" data-id=\"501\"><strong>museos Catedralicio<\/strong> <\/a>y de la <strong><a href=\"https:\/\/turismocoria.es\/turismo\/lugares-que-no-te-puedes-perder\/museo-de-la-carcel-real\/\" data-type=\"page\" data-id=\"503\">C\u00e1rcel Real<\/a><\/strong> de la tambi\u00e9n ciudad episcopal que fue, en su tiempo, el punto final de una de las peregrinaciones m\u00e1s importantes y conocidas de toda la pen\u00ednsula Ib\u00e9rica.  Devoci\u00f3n, cultura y turismo en torno a las <strong>Santas Reliquias<\/strong> conservadas en la seo cauriense, convertidas en verdaderos tesoros sacros para el gozo y fervor de los fieles.&nbsp; Un rico legado de piezas y alhajas entre las que destacan una <strong>Santa Espina<\/strong> de la Corona, junto a un <strong><em>Lignum Crucis<\/em><\/strong> o fragmento de la Cruz de Jesucristo, adem\u00e1s del citado y excepcional <strong><a href=\"https:\/\/turismocoria.es\/turismo\/el-sagrado-mantel-de-la-ultima-cena\/\" data-type=\"page\" data-id=\"1176\">Sagrado Mantel de la \u00daltima Cena<\/a><\/strong>, como reliquia universal de la cristiandad.<\/p>\n\n\n\n<figure class=\"wp-block-embed is-type-video is-provider-youtube wp-block-embed-youtube wp-embed-aspect-16-9 wp-has-aspect-ratio\"><div class=\"wp-block-embed__wrapper\">\n<div class=\"ast-oembed-container \" style=\"height: 100%;\"><iframe loading=\"lazy\" title=\"El Sagrado Mantel de Coria - Reliquia Universal de la Cristiandad - Descubre tu destino\" width=\"500\" height=\"281\" data-src=\"https:\/\/www.youtube.com\/embed\/kbY5-S9Od3I?feature=oembed\" frameborder=\"0\" allow=\"accelerometer; autoplay; clipboard-write; encrypted-media; gyroscope; picture-in-picture; web-share\" referrerpolicy=\"strict-origin-when-cross-origin\" allowfullscreen src=\"data:image\/gif;base64,R0lGODlhAQABAAAAACH5BAEKAAEALAAAAAABAAEAAAICTAEAOw==\" class=\"lazyload\" data-load-mode=\"1\"><\/iframe><\/div>\n<\/div><\/figure>\n\n\n\n<p><\/p>\n\n\n\n<p>Una excelente proposici\u00f3n de <strong>turismo cultural<\/strong>, placentero y entretenido, que puede maridarse con esta nueva <strong>oferta gastron\u00f3mica<\/strong> que, en esta tercera edici\u00f3n, pretende generar un gran ambiente y un mejor sabor de boca que atraiga a centenares de visitantes a estas <strong>jornadas culinarias<\/strong> en las que podr\u00e1n <strong>degustar<\/strong> <strong>raciones<\/strong>, <strong>platos a la carta<\/strong> y <strong>men\u00fas de fin de semana<\/strong> que ser\u00e1n dispensados en los <strong>establecimientos de restauraci\u00f3n<\/strong> acogidos al evento; o bien, mediante la <strong>degustaci\u00f3n de tapas<\/strong> en el resto de los <strong>establecimientos hosteleros<\/strong> inscritos dentro de la <strong>III Ruta Gastron\u00f3mica de Tapas<\/strong> que se desarrollar\u00e1n ambos, <strong>del 6 al 8 de febrero de 2026<\/strong>, en horario diurno y nocturno.<\/p>\n\n\n\n<div class=\"wp-block-uagb-image aligncenter uagb-block-877b3acd wp-block-uagb-image--layout-default wp-block-uagb-image--effect-static wp-block-uagb-image--align-center\"><figure class=\"wp-block-uagb-image__figure\"><img decoding=\"async\" data-srcset=\"https:\/\/turismocoria.es\/turismo\/wp-content\/uploads\/2026\/01\/CARTEL-III-RG-LA-MATANZA-819x1024.jpg ,https:\/\/turismocoria.es\/turismo\/wp-content\/uploads\/2026\/01\/CARTEL-III-RG-LA-MATANZA.jpg 780w, https:\/\/turismocoria.es\/turismo\/wp-content\/uploads\/2026\/01\/CARTEL-III-RG-LA-MATANZA.jpg 360w\" data-sizes=\"(max-width: 480px) 150px\" data-src=\"https:\/\/turismocoria.es\/turismo\/wp-content\/uploads\/2026\/01\/CARTEL-III-RG-LA-MATANZA-819x1024.jpg\" alt=\"\" class=\"uag-image-13732 lazyload\" width=\"1280\" height=\"1600\" title=\"CARTEL III RG LA MATANZA\" loading=\"lazy\" role=\"img\" src=\"data:image\/gif;base64,R0lGODlhAQABAAAAACH5BAEKAAEALAAAAAABAAEAAAICTAEAOw==\" style=\"--smush-placeholder-width: 1280px; --smush-placeholder-aspect-ratio: 1280\/1600;\" \/><noscript><img decoding=\"async\" srcset=\"https:\/\/turismocoria.es\/turismo\/wp-content\/uploads\/2026\/01\/CARTEL-III-RG-LA-MATANZA-819x1024.jpg ,https:\/\/turismocoria.es\/turismo\/wp-content\/uploads\/2026\/01\/CARTEL-III-RG-LA-MATANZA.jpg 780w, https:\/\/turismocoria.es\/turismo\/wp-content\/uploads\/2026\/01\/CARTEL-III-RG-LA-MATANZA.jpg 360w\" sizes=\"(max-width: 480px) 150px\" src=\"https:\/\/turismocoria.es\/turismo\/wp-content\/uploads\/2026\/01\/CARTEL-III-RG-LA-MATANZA-819x1024.jpg\" alt=\"\" class=\"uag-image-13732\" width=\"1280\" height=\"1600\" title=\"CARTEL III RG LA MATANZA\" loading=\"lazy\" role=\"img\"\/><\/noscript><\/figure><\/div>\n\n\n\n<p><\/p>\n\n\n\n<p>Y, todo ello, con el objetivo de mantener viva esta tradici\u00f3n a la vez que de paladear el verdadero sabor de la Extremadura rural heredado de nuestros ancestros, abuelos y padres a trav\u00e9s de las f\u00f3rmulas hogare\u00f1as con las que preparar los exquisitos embutidos: jamones, lomos, chorizos o morcillas, que ha sido y siguen siendo esenciales en nuestra gastronom\u00eda, o de nuestra actual restauraci\u00f3n por medio del despiece y emplatado de este delicioso producto: presas, plumas, secretos, solomillos, agujas, chuletas, costillas, papadas, pancetas, codillos, cueros, manos, etc., gracias a la excelente materia prima que ofrece la carne del cerdo ib\u00e9rico alimentados por lo general en montanera.<\/p>\n\n\n\n<p>En definitiva, una atractiva y recomendable experiencia sensitiva que se prolongar\u00e1 desde finales del mes de enero y primeros de febrero en esta bella, hist\u00f3rica, monumental y milenaria Ciudad de Coria, que est\u00e1 especialmente dirigida a todos los turistas que deseen conocer o degustar este manjar que brinda la tierra cauriense y que proporciona y ofrece los sabores y los aromas de la f\u00e9rtil Extremadura de forma segura, apacible y sostenible.<\/p>\n\n\n\n<p>\u00bfA qu\u00e9 estas esperando para descubrir este m\u00e1gico <strong>sabor de invierno<\/strong> en la <strong>Ciudad de Coria<\/strong>?.<\/p>\n\n\n\n<figure class=\"wp-block-embed is-type-video is-provider-youtube wp-block-embed-youtube wp-embed-aspect-16-9 wp-has-aspect-ratio\"><div class=\"wp-block-embed__wrapper\">\n<div class=\"ast-oembed-container \" style=\"height: 100%;\"><iframe loading=\"lazy\" title=\"Coria, un paraiso para los sentidos\" width=\"500\" height=\"281\" data-src=\"https:\/\/www.youtube.com\/embed\/wgXtGKiUtpg?feature=oembed\" frameborder=\"0\" allow=\"accelerometer; autoplay; clipboard-write; encrypted-media; gyroscope; picture-in-picture; web-share\" referrerpolicy=\"strict-origin-when-cross-origin\" allowfullscreen src=\"data:image\/gif;base64,R0lGODlhAQABAAAAACH5BAEKAAEALAAAAAABAAEAAAICTAEAOw==\" class=\"lazyload\" data-load-mode=\"1\"><\/iframe><\/div>\n<\/div><\/figure>\n\n\n\n<p><\/p>\n\n\n\n<p><strong>M\u00e1s Informaci\u00f3n en:<br>Oficina Municipal de Turismo<br><\/strong>Plaza de San Pedro, 1<br>Tlfno.: 927 50 80 00 Ext. 290<br>Email: <strong><a href=\"mailto:oficinaturismo@coria.org\">oficinaturismo@coria.org<\/a><\/strong><\/p>\n","protected":false},"excerpt":{"rendered":"<p>De gran arraigo costumbrista, la matanza tradicional es una usanza que ha sido realizada desde siempre en la Ciudad de Coria y, por ende, en el Valle del Alag\u00f3n y toda Extremadura, donde las familias engordaban a los cerdos para, en los meses de noviembre a enero, proceder a su sacrificio con el fin de [&hellip;]<\/p>\n","protected":false},"author":2,"featured_media":13711,"comment_status":"closed","ping_status":"","sticky":false,"template":"","format":"standard","meta":{"_uag_custom_page_level_css":"","site-sidebar-layout":"default","site-content-layout":"","ast-site-content-layout":"default","site-content-style":"default","site-sidebar-style":"default","ast-global-header-display":"","ast-banner-title-visibility":"","ast-main-header-display":"","ast-hfb-above-header-display":"","ast-hfb-below-header-display":"","ast-hfb-mobile-header-display":"","site-post-title":"","ast-breadcrumbs-content":"","ast-featured-img":"","footer-sml-layout":"","theme-transparent-header-meta":"","adv-header-id-meta":"","stick-header-meta":"","header-above-stick-meta":"","header-main-stick-meta":"","header-below-stick-meta":"","astra-migrate-meta-layouts":"set","ast-page-background-enabled":"default","ast-page-background-meta":{"desktop":{"background-color":"","background-image":"","background-repeat":"repeat","background-position":"center center","background-size":"auto","background-attachment":"scroll","background-type":"","background-media":"","overlay-type":"","overlay-color":"","overlay-opacity":"","overlay-gradient":""},"tablet":{"background-color":"","background-image":"","background-repeat":"repeat","background-position":"center center","background-size":"auto","background-attachment":"scroll","background-type":"","background-media":"","overlay-type":"","overlay-color":"","overlay-opacity":"","overlay-gradient":""},"mobile":{"background-color":"","background-image":"","background-repeat":"repeat","background-position":"center center","background-size":"auto","background-attachment":"scroll","background-type":"","background-media":"","overlay-type":"","overlay-color":"","overlay-opacity":"","overlay-gradient":""}},"ast-content-background-meta":{"desktop":{"background-color":"var(--ast-global-color-5)","background-image":"","background-repeat":"repeat","background-position":"center center","background-size":"auto","background-attachment":"scroll","background-type":"","background-media":"","overlay-type":"","overlay-color":"","overlay-opacity":"","overlay-gradient":""},"tablet":{"background-color":"var(--ast-global-color-5)","background-image":"","background-repeat":"repeat","background-position":"center center","background-size":"auto","background-attachment":"scroll","background-type":"","background-media":"","overlay-type":"","overlay-color":"","overlay-opacity":"","overlay-gradient":""},"mobile":{"background-color":"var(--ast-global-color-5)","background-image":"","background-repeat":"repeat","background-position":"center center","background-size":"auto","background-attachment":"scroll","background-type":"","background-media":"","overlay-type":"","overlay-color":"","overlay-opacity":"","overlay-gradient":""}},"_EventAllDay":false,"_EventTimezone":"","_EventStartDate":"","_EventEndDate":"","_EventStartDateUTC":"","_EventEndDateUTC":"","_EventShowMap":false,"_EventShowMapLink":false,"_EventURL":"","_EventCost":"","_EventCostDescription":"","_EventCurrencySymbol":"","_EventCurrencyCode":"","_EventCurrencyPosition":"","_EventDateTimeSeparator":"","_EventTimeRangeSeparator":"","_EventOrganizerID":[],"_EventVenueID":0,"_OrganizerEmail":"","_OrganizerPhone":"","_OrganizerWebsite":"","_VenueAddress":"","_VenueCity":"","_VenueCountry":"","_VenueProvince":"","_VenueZip":"","_VenuePhone":"","_VenueURL":"","_VenueStateProvince":"","_VenueLat":"","_VenueLng":"","footnotes":""},"categories":[33],"tags":[],"class_list":["post-13710","post","type-post","status-publish","format-standard","has-post-thumbnail","hentry","category-sin-categorizar"],"featured_image_src":"https:\/\/turismocoria.es\/turismo\/wp-content\/uploads\/2026\/01\/Coria-III-Ruta-Gastronomica-Matanza-2026-600x400.jpg","featured_image_src_square":"https:\/\/turismocoria.es\/turismo\/wp-content\/uploads\/2026\/01\/Coria-III-Ruta-Gastronomica-Matanza-2026-600x600.jpg","author_info":{"display_name":"turismo","author_link":"https:\/\/turismocoria.es\/turismo\/author\/turismo\/"},"uagb_featured_image_src":{"full":["https:\/\/turismocoria.es\/turismo\/wp-content\/uploads\/2026\/01\/Coria-III-Ruta-Gastronomica-Matanza-2026.jpg",1681,945,false],"thumbnail":["https:\/\/turismocoria.es\/turismo\/wp-content\/uploads\/2026\/01\/Coria-III-Ruta-Gastronomica-Matanza-2026-150x150.jpg",150,150,true],"medium":["https:\/\/turismocoria.es\/turismo\/wp-content\/uploads\/2026\/01\/Coria-III-Ruta-Gastronomica-Matanza-2026-300x169.jpg",300,169,true],"medium_large":["https:\/\/turismocoria.es\/turismo\/wp-content\/uploads\/2026\/01\/Coria-III-Ruta-Gastronomica-Matanza-2026-768x432.jpg",768,432,true],"large":["https:\/\/turismocoria.es\/turismo\/wp-content\/uploads\/2026\/01\/Coria-III-Ruta-Gastronomica-Matanza-2026-1024x576.jpg",1024,576,true],"gs-tiny":["https:\/\/turismocoria.es\/turismo\/wp-content\/uploads\/2026\/01\/Coria-III-Ruta-Gastronomica-Matanza-2026-50x28.jpg",50,28,true],"xl":["https:\/\/turismocoria.es\/turismo\/wp-content\/uploads\/2026\/01\/Coria-III-Ruta-Gastronomica-Matanza-2026-1600x899.jpg",1600,899,true],"xxl":["https:\/\/turismocoria.es\/turismo\/wp-content\/uploads\/2026\/01\/Coria-III-Ruta-Gastronomica-Matanza-2026.jpg",1681,945,false],"xxxl":["https:\/\/turismocoria.es\/turismo\/wp-content\/uploads\/2026\/01\/Coria-III-Ruta-Gastronomica-Matanza-2026.jpg",1681,945,false],"xxxxl":["https:\/\/turismocoria.es\/turismo\/wp-content\/uploads\/2026\/01\/Coria-III-Ruta-Gastronomica-Matanza-2026.jpg",1681,945,false],"xxxxxl":["https:\/\/turismocoria.es\/turismo\/wp-content\/uploads\/2026\/01\/Coria-III-Ruta-Gastronomica-Matanza-2026.jpg",1681,945,false],"1536x1536":["https:\/\/turismocoria.es\/turismo\/wp-content\/uploads\/2026\/01\/Coria-III-Ruta-Gastronomica-Matanza-2026-1536x863.jpg",1536,863,true],"2048x2048":["https:\/\/turismocoria.es\/turismo\/wp-content\/uploads\/2026\/01\/Coria-III-Ruta-Gastronomica-Matanza-2026.jpg",1681,945,false],"ultp_layout_landscape_large":["https:\/\/turismocoria.es\/turismo\/wp-content\/uploads\/2026\/01\/Coria-III-Ruta-Gastronomica-Matanza-2026-1200x800.jpg",1200,800,true],"ultp_layout_landscape":["https:\/\/turismocoria.es\/turismo\/wp-content\/uploads\/2026\/01\/Coria-III-Ruta-Gastronomica-Matanza-2026-870x570.jpg",870,570,true],"ultp_layout_portrait":["https:\/\/turismocoria.es\/turismo\/wp-content\/uploads\/2026\/01\/Coria-III-Ruta-Gastronomica-Matanza-2026-600x900.jpg",600,900,true],"ultp_layout_square":["https:\/\/turismocoria.es\/turismo\/wp-content\/uploads\/2026\/01\/Coria-III-Ruta-Gastronomica-Matanza-2026-600x600.jpg",600,600,true],"gb-block-post-grid-landscape":["https:\/\/turismocoria.es\/turismo\/wp-content\/uploads\/2026\/01\/Coria-III-Ruta-Gastronomica-Matanza-2026-600x400.jpg",600,400,true],"gb-block-post-grid-square":["https:\/\/turismocoria.es\/turismo\/wp-content\/uploads\/2026\/01\/Coria-III-Ruta-Gastronomica-Matanza-2026-600x600.jpg",600,600,true]},"uagb_author_info":{"display_name":"turismo","author_link":"https:\/\/turismocoria.es\/turismo\/author\/turismo\/"},"uagb_comment_info":0,"uagb_excerpt":"De gran arraigo costumbrista, la matanza tradicional es una usanza que ha sido realizada desde siempre en la Ciudad de Coria y, por ende, en el Valle del Alag\u00f3n y toda Extremadura, donde las familias engordaban a los cerdos para, en los meses de noviembre a enero, proceder a su sacrificio con el fin de&hellip;","_links":{"self":[{"href":"https:\/\/turismocoria.es\/turismo\/wp-json\/wp\/v2\/posts\/13710"}],"collection":[{"href":"https:\/\/turismocoria.es\/turismo\/wp-json\/wp\/v2\/posts"}],"about":[{"href":"https:\/\/turismocoria.es\/turismo\/wp-json\/wp\/v2\/types\/post"}],"author":[{"embeddable":true,"href":"https:\/\/turismocoria.es\/turismo\/wp-json\/wp\/v2\/users\/2"}],"replies":[{"embeddable":true,"href":"https:\/\/turismocoria.es\/turismo\/wp-json\/wp\/v2\/comments?post=13710"}],"version-history":[{"count":5,"href":"https:\/\/turismocoria.es\/turismo\/wp-json\/wp\/v2\/posts\/13710\/revisions"}],"predecessor-version":[{"id":13734,"href":"https:\/\/turismocoria.es\/turismo\/wp-json\/wp\/v2\/posts\/13710\/revisions\/13734"}],"wp:featuredmedia":[{"embeddable":true,"href":"https:\/\/turismocoria.es\/turismo\/wp-json\/wp\/v2\/media\/13711"}],"wp:attachment":[{"href":"https:\/\/turismocoria.es\/turismo\/wp-json\/wp\/v2\/media?parent=13710"}],"wp:term":[{"taxonomy":"category","embeddable":true,"href":"https:\/\/turismocoria.es\/turismo\/wp-json\/wp\/v2\/categories?post=13710"},{"taxonomy":"post_tag","embeddable":true,"href":"https:\/\/turismocoria.es\/turismo\/wp-json\/wp\/v2\/tags?post=13710"}],"curies":[{"name":"wp","href":"https:\/\/api.w.org\/{rel}","templated":true}]}}