{"id":13637,"date":"2025-11-28T09:09:11","date_gmt":"2025-11-28T08:09:11","guid":{"rendered":"https:\/\/turismocoria.es\/turismo\/?p=13637"},"modified":"2025-11-28T09:12:21","modified_gmt":"2025-11-28T08:12:21","slug":"la-fiesta-gastronomica-del-dulce-navideno-pondra-el-toque-de-sabor-familiar-estas-navidades-en-la-ciudad-de-coria","status":"publish","type":"post","link":"https:\/\/turismocoria.es\/turismo\/la-fiesta-gastronomica-del-dulce-navideno-pondra-el-toque-de-sabor-familiar-estas-navidades-en-la-ciudad-de-coria\/","title":{"rendered":"La Fiesta Gastron\u00f3mica del Dulce Navide\u00f1o pondr\u00e1 el Toque de Sabor Familiar estas Navidades en la Ciudad de Coria."},"content":{"rendered":"\n<p><strong>Una de las fechas distinguidas para viajar a la Ciudad de Coria es tambi\u00e9n la Navidad.\u00a0 Una de las mejores opciones para dedicar el tiempo de ocio a conocer su milenaria historia a trav\u00e9s de su longevo Conjunto Monumental, adem\u00e1s de poder paladear su exquisita gastronom\u00eda, o de practicar deporte en familia y descubrir sus enraizadas tradiciones y sus encantos naturales de manera segura y tranquila.<\/strong><\/p>\n\n\n\n<p>Si lo que busca el avezado turista es dedicar su tiempo de ocio a disfrutar de la familia y los amigos practicando un turismo cultural, de compras o deportivo, adem\u00e1s de conocer otros rincones donde la historia, el arte o la naturaleza se conservan en todo su esplendor, debe entonces elegir a la <strong><u>Ciudad de Coria<\/u><\/strong> como destino tur\u00edstico para estas <strong>Navidades 2025<\/strong>.<\/p>\n\n\n\n<p>El per\u00edodo en el que la ciudad se supera en lo est\u00e9tico y lo tradicional, pues la tradici\u00f3n navide\u00f1a cauriense rebosa de luz, color, confraternidad y m\u00e1gica familiaridad, reuniendo as\u00ed todos los requisitos para realizar un aut\u00e9ntico viaje, de experiencias y sensaciones, y vivirlo de manera entra\u00f1able en la buena compa\u00f1\u00eda familiar.<\/p>\n\n\n\n<p>Un enclave, Coria (C\u00e1ceres-Extremadura), que se ha convertido, por m\u00e9ritos propios, en un destino tur\u00edstico f\u00e1cil de encontrar y viable de alcanzar en el que, nada m\u00e1s llegar, te atrapa con su rico y milenario<strong> Patrimonio Hist\u00f3rico-Art\u00edstico<\/strong>, <strong>Cultural<\/strong> y <strong>Natural<\/strong> heredado durante siglos en la que fuera la antigua sede del marquesado de Alba, episcopal y nobiliaria, lo que la convierten en el noveno n\u00facleo m\u00e1s antiguo y de extraordinario embrujo de toda Espa\u00f1a.<\/p>\n\n\n\n<p>Por ello, si arribado hasta las amuralladas puertas romanas llega el viajero en estos d\u00edas, no lo dude y ad\u00e9ntrese hacia su interior buscando los tesoros ocultos celosamente guardados desde tiempos inmemoriales en ese m\u00e1gico escenario que es el <strong><u><a href=\"https:\/\/turismocoria.es\/turismo\/lugares-que-no-te-puedes-perder\/casco-historico\/\" data-type=\"page\" data-id=\"732\">Casco Hist\u00f3rico<\/a><\/u><\/strong> de Coria, en el que podr\u00e1n revivir los recuerdos de su florida antig\u00fcedad descritos en las cicatrices de las piedras de su magn\u00edfico <strong>Conjunto Monumental<\/strong>, declarado Bien de Inter\u00e9s Cultural, que le pone la guinda al sue\u00f1o navide\u00f1o.<\/p>\n\n\n\n<figure class=\"wp-block-embed is-type-video is-provider-youtube wp-block-embed-youtube wp-embed-aspect-16-9 wp-has-aspect-ratio\"><div class=\"wp-block-embed__wrapper\">\n<div class=\"ast-oembed-container \" style=\"height: 100%;\"><iframe loading=\"lazy\" title=\"Coria \u201cConjunto Monumental\u201d, destino tur\u00edstico del noroeste de Extremadura\" width=\"500\" height=\"281\" data-src=\"https:\/\/www.youtube.com\/embed\/M6VniblQWMo?feature=oembed\" frameborder=\"0\" allow=\"accelerometer; autoplay; clipboard-write; encrypted-media; gyroscope; picture-in-picture; web-share\" referrerpolicy=\"strict-origin-when-cross-origin\" allowfullscreen src=\"data:image\/gif;base64,R0lGODlhAQABAAAAACH5BAEKAAEALAAAAAABAAEAAAICTAEAOw==\" class=\"lazyload\" data-load-mode=\"1\"><\/iframe><\/div>\n<\/div><\/figure>\n\n\n\n<p><\/p>\n\n\n\n<p>Y es que nada define mejor la Navidad que el olor a dulce reci\u00e9n horneado.\u00a0 Unas fechas en las que pasamos un poco por alto el mantener la l\u00ednea y \u2018pecamos\u2019 disfrutando de delicias gastron\u00f3micas como los mazapanes, polvorones, turr\u00f3n, pesti\u00f1os, hojaldres, mantecados, brazos de gitano, roscas de pi\u00f1onates, yemas, perrunillas o el siempre popular Rosc\u00f3n de Reyes.\u00a0 Dulces, todos ellos, de gran popularidad que en Coria alcanzan otra dimensi\u00f3n con esta <strong>Fiesta Gastron\u00f3mica del Dulce Navide\u00f1o<\/strong> en la que, <strong>del 6 al 22 de diciembre<\/strong>, una quincena de establecimientos hosteleros de la ciudad ofrecer\u00e1n estas delicias como colof\u00f3n del \u00faltimo evento dentro del marco <strong><u><a href=\"https:\/\/turismocoria.es\/turismo\/una-ciudad-con-paladar\/gastronomia-cauriense\/\" data-type=\"page\" data-id=\"896\">Coria Ciudad Gastron\u00f3mica Extreme\u00f1a 2025<\/a><\/u><\/strong>, bien a trav\u00e9s de un almuerzo o de cena irrepetible, ya sea en familia, en pareja o con los amigos.\u00a0 Y lo har\u00e1n durante unos d\u00edas en los que se suceder\u00e1n un gran n\u00famero de actividades paralelas que convertir\u00e1n a la localidad cauriense en un punto de obligada visita durante estas entra\u00f1ables fiestas.<\/p>\n\n\n\n<figure class=\"wp-block-embed is-type-video is-provider-youtube wp-block-embed-youtube wp-embed-aspect-16-9 wp-has-aspect-ratio\"><div class=\"wp-block-embed__wrapper\">\n<div class=\"ast-oembed-container \" style=\"height: 100%;\"><iframe loading=\"lazy\" title=\"Coria Ciudad Gastron\u00f3mica Extreme\u00f1a 2025\" width=\"500\" height=\"281\" data-src=\"https:\/\/www.youtube.com\/embed\/EhG5Z11Qd-0?feature=oembed\" frameborder=\"0\" allow=\"accelerometer; autoplay; clipboard-write; encrypted-media; gyroscope; picture-in-picture; web-share\" referrerpolicy=\"strict-origin-when-cross-origin\" allowfullscreen src=\"data:image\/gif;base64,R0lGODlhAQABAAAAACH5BAEKAAEALAAAAAABAAEAAAICTAEAOw==\" class=\"lazyload\" data-load-mode=\"1\"><\/iframe><\/div>\n<\/div><\/figure>\n\n\n\n<p><\/p>\n\n\n\n<p>Y es que como dice el refr\u00e1n: <em>\u2018-a nadie le amarga un dulce\u2019<\/em>.&nbsp; Por ello, al objeto de dar a conocer los sabores tradicionales de la Navidad, de esos t\u00edpicos dulces artesanales extreme\u00f1os, una serie de obradores, pasteler\u00edas, restaurantes y bares van a elaborar estas exquisiteces a trav\u00e9s de una <strong>variada oferta de categor\u00edas gastron\u00f3micas<\/strong>.<\/p>\n\n\n\n<p>Ya sea en la modalidad de <strong>\u2018Men\u00fas Fin de Semana\u2019<\/strong> que se iniciar\u00e1n <strong>del 6 al 7 de diciembre<\/strong>, donde los <strong>Restaurantes San Crist\u00f3bal<\/strong>, <strong>Montesol<\/strong>, <strong>Palacio Ducal de Alba<\/strong> y <strong>Campana<\/strong>, presentar\u00e1n una serie de interesantes ideas para conocer mejor estos deliciosos productos extreme\u00f1os y comprobar la calidad de los mismos sabore\u00e1ndolos directamente.<\/p>\n\n\n\n<p>O bien, con la opci\u00f3n <strong>\u2018Carta\u2019<\/strong> que, <strong>del 8 al 14 de diciembre<\/strong>, los paladares m\u00e1s exigentes quedar\u00e1n asombrados por el sabor y buen hacer de las cocinas caurienses representadas por los <strong>Restaurantes San Crist\u00f3bal<\/strong>, <strong>Montesol<\/strong>, <strong>Palacio Ducal de Alba<\/strong> y <strong>El Bobo de Coria<\/strong>, en los que se podr\u00e1n saborear con calma las mejores elaboraciones ingeniadas expresamente para la ocasi\u00f3n.<\/p>\n\n\n\n<p>Y, finalmente, por medio de la sugerente y atractiva <strong>\u2018Ruta del Caf\u00e9 y el Dulce Navide\u00f1o\u2019<\/strong> que, <strong>del 12 al 14 de diciembre<\/strong>, se podr\u00e1n degustar en los <strong>Restaurantes Palacio Ducal de Alba<\/strong>, <strong>Al-Karika<\/strong>, <strong>Casa Maxi<\/strong> y <strong>Saborea La Plaza<\/strong>, adem\u00e1s de la <strong>Taper\u00eda La Posada<\/strong> y <strong>GastroBar Trucha\u2019s<\/strong> o el <strong>Caf\u00e9-Bar Los Nuevos Deportes<\/strong>, convirti\u00e9ndose estos tentadores productos tradicionales navide\u00f1os y de reposter\u00eda de vanguardia en un maridaje de lujo con el caf\u00e9 de base, donde los hosteleros caurienses jugar\u00e1n con los sentidos de los comensales llegados hasta la Ciudad de Coria, ofreci\u00e9ndoles unas propuestas sugerentes, atrevidas, vers\u00e1tiles y muy preciadas que a buen seguro sorprender\u00e1n a quienes disfruten de una magn\u00edfica velada o tertulia sentados a la mesa que no puedes perderte.<\/p>\n\n\n\n<p>Del mismo modo, los m\u00e1s peque\u00f1os de la casa podr\u00e1n pasarlo en grande por medio de un <strong>Taller de Galletas Infantil<\/strong> que tendr\u00e1 lugar el <strong>22 de diciembre<\/strong> en el <strong>Restaurante Palacio Ducal de Alba<\/strong>.<\/p>\n\n\n\n<p>Por su parte, los amantes de la buena <strong>reposter\u00eda conventual y artesanal<\/strong> estar\u00e1n tambi\u00e9n de suerte, pues <strong>del 6 al 31 de diciembre<\/strong> la cuarta edici\u00f3n de <strong><a href=\"https:\/\/turismocoria.es\/turismo\/una-ciudad-con-paladar\/dulces-conventuales\/\" data-type=\"page\" data-id=\"596\">\u201c<u>Coria en Dulce<\/u>\u201d<\/a><\/strong> les obsequiar\u00e1 con estos exquisitos manjares navide\u00f1os, desde los pasteles m\u00e1s tradicionales hasta las creaciones de vanguardia m\u00e1s deliciosas, que ser\u00e1n ofertados por los mejores <strong>obradores reposteros y pasteler\u00edas caurienses<\/strong>, a la vez que el cautivador <strong>Convento de la Madre de Dios <\/strong>se erige en uno de los retiros conventuales por excelencia, en cuyos hornos se hornean maravillas como las \u201croscas de pi\u00f1onate\u201d, \u201cmantecados\u201d, \u201cbrazos de gitano\u201d, \u201cmazapanes\u201d, \u201cyemas\u201d o \u201cgalletas surcadas\u201d entre otros <strong>dulces conventuales artesanales<\/strong>, como los que definen la generosa <strong>reposter\u00eda popular<\/strong> constituida por sus \u201croscas ba\u00f1adas\u201d, \u201ccoquillos\u201d, \u201cperrunillas\u201d, \u201cfloretas\u201d, \u201chuesos de santo o de difuntos\u201d, \u201cbolluelas\u201d, etc..\u00a0 En definitiva, el momento id\u00f3neo para<strong> <\/strong>descubrir su magn\u00edfico claustro g\u00f3tico-renacentista.<\/p>\n\n\n\n<p>Inclusive, dentro de este marco se celebrar\u00e1 un nuevo y pedag\u00f3gico <strong>Taller de Dulces Navide\u00f1os<\/strong> dirigido a ni\u00f1os entre 5 y 12 a\u00f1os en tres turnos, que tendr\u00e1 lugar el festivo D\u00eda de la Constituci\u00f3n, <strong>6 de diciembre<\/strong>, bajo los <strong>soportales del Ayuntamiento Nuevo<\/strong>, en horario <strong>de 10:00 a 13:45 horas<\/strong>, y siendo imprescindible la inscripci\u00f3n previa de participantes en la Oficina de Turismo, como una actividad pensada en poner en valor el talento gastron\u00f3mico y el fomento de la creatividad, la tradici\u00f3n repostera navide\u00f1a y la participaci\u00f3n familiar, al objeto de mantener vivo el esp\u00edrituo navide\u00f1o de nuestos hogares y de la propia Ciudad de Coria.<\/p>\n\n\n\n<p>Adem\u00e1s, y durante estas entra\u00f1ables fechas, le invitamos tambi\u00e9n a que participe de nuestra <strong>Campa\u00f1a Comercial Navide\u00f1a <\/strong>que, como turismo de compras, <strong>del 1 de diciembre al 7 de enero<\/strong>, cuenta con una amplia <strong>programaci\u00f3n general <\/strong>con <strong>actividades culturales<\/strong>, <strong>deportivas y comerciales<\/strong> para todos los gustos y p\u00fablicos.<\/p>\n\n\n\n<p>Una nueva <strong>Campa\u00f1a de Navidad<\/strong> que se iniciar\u00e1 el <strong>viernes<\/strong>, <strong>5 de diciembre<\/strong>, con el ya simb\u00f3lico <strong>\u201cEncendido Oficial de la Iluminaci\u00f3n Navide\u00f1a\u201d<\/strong>, a partir de las <strong>18:30 horas<\/strong> desde la Plaza de la Solidaridad, y que contar\u00e1 con una <strong>fiesta de la nieve<\/strong>, adem\u00e1s de un <strong>espect\u00e1culo de animaci\u00f3n infantil<\/strong> durante el resto de la jornada de tarde; mientras que a partir del d\u00eda siguiente la Ciudad de Coria acoger\u00e1 tambi\u00e9n una excepcional y ya tradicional <strong>\u201cExposici\u00f3n de Belenes\u201d<\/strong> que, <strong>desde el 6 de diciembre y hasta el 7 de enero<\/strong>, ser\u00e1n expuestos en algunas de las viviendas vecinales del <strong>Casco Hist\u00f3rico de Coria<\/strong>, como un escaparate de muestra \u00fanica que refleja la imaginaci\u00f3n y el arte belenista abierto a todos los viandantes.<\/p>\n\n\n\n<p>Del mismo modo, tambi\u00e9n los belenistas dispondr\u00e1n de una cita ineludible con la representaci\u00f3n tradicional de los nacimientos como elementos simb\u00f3licos y caracter\u00edsticos de la Navidad, pues <strong>del 5 de diciembre al 8 de enero<\/strong> el <strong>Patio de Cristal del Ayuntamiento de Coria<\/strong> acoger\u00e1 una interesant\u00edsima <strong>Exposici\u00f3n de Mini Belenes<\/strong>, propiedad de algunos de los vecinos de la Asociaci\u00f3n Intramuros de Coria, que ser\u00e1 visitable <strong>de 10:00 a 14:00 horas de lunes a domingos<\/strong> y <strong>de 16:30 a 18:30 horas de lunes a s\u00e1bados<\/strong> con acceso a trav\u00e9s de la Oficina Municipal de Turismo, quedando cerrado los domingos por la tarde y festivos.<\/p>\n\n\n\n<p>Todo un repertorio de emociones que continuar\u00e1n el <strong>viernes<\/strong>, <strong>12 de diciembre<\/strong>, con la tradicional <strong>\u201cShopping Night\u201d<\/strong> o<strong> \u201cNoche de Compras\u201d<\/strong> en la que la ciudad se erige en un gran centro comercial al aire libre donde las tiendas y los <strong>establecimientos comerciales<\/strong> ofrecer\u00e1n importantes descuentos, sorteos, premios y promociones especiales para todos aquellos clientes que se animen a visitar los distintos comercios adheridos a esta iniciativa comercial que se prolongar\u00e1 durante toda la noche y que contar\u00e1 con los atrayentes <strong>\u201cboletos de Navidad\u201d<\/strong> (m\u00e1s de 100.000 boletos de t\u00f3mbola) como un m\u00e1s que interesante incentivo al repartirse atractivos premios por valor de m\u00e1s de 5.000 euros distribuidos en premios peque\u00f1os de 200 \u20ac, 100 \u20ac, 50 \u20ac, 20 \u20ac y 10 \u20ac, respectivamente, para gastar y consumir en el Comercio de Coria, y que podr\u00e1n ser adquiridos al comprar cualquier producto en los establecimientos comerciales adheridos de la localidad.<\/p>\n\n\n\n<p>Toda una muestra de sorpresas, que proseguir\u00e1 el <strong>viernes<\/strong>, <strong>19 diciembre<\/strong>, con el tradicional <strong>Concierto de Nav<\/strong><strong>idad<\/strong> ofrecido por la Escuela Municipal de M\u00fasica que tendr\u00e1 lugar en la <strong>Sta. Iglesia<\/strong><strong> Catedral<\/strong> a las <strong>20:00 horas<\/strong>, y que continuar\u00e1 al d\u00eda siguiente <strong>s\u00e1bado<\/strong>, <strong>20 de diciembre<\/strong>, con la representaci\u00f3n y ofrenda del <strong>\u201cBel\u00e9n Viviente\u201d<\/strong> escenificado en el coraz\u00f3n del <strong>Casco Hist\u00f3rico de Coria<\/strong> haciendo las delicias de ni\u00f1os y mayores a partir de las <strong>17:30 horas<\/strong>.<\/p>\n\n\n\n<p>Transcurrida la Nochebuena y el d\u00eda de Navidad, la programaci\u00f3n se alarga hasta final de a\u00f1o con un atractivo <strong>Mercado Navide\u00f1o<\/strong> que, <strong>desde el 26 al 28 de diciembre<\/strong>, se ubicar\u00e1 en la conc\u00e9ntrica <strong>Plaza<\/strong><strong> de la Solidaridad<\/strong> en horario ininterrumpido <strong>de 12:00 a 22:00 horas<\/strong>, contando con una serie de casetas de madera decoradas con tem\u00e1tica navide\u00f1a que ofrecer\u00e1n productos acordes a estas fechas haciendo de este mercado un punto de encuentro entre la comunidad local y aquellos visitantes que durante estos d\u00edas recalen en la ciudad.&nbsp; Mientras que los m\u00e1s ni\u00f1os podr\u00e1n disfrutar con la incorporaci\u00f3n de un <strong>tiovivo ecol\u00f3gico<\/strong> de madera con asientos voladores que pondr\u00e1 el toque m\u00e1gico y sostenible al recinto especialmente pensado para el disfrute de mayores y peque\u00f1os, mediante los <strong>Pasacalles de Navidad<\/strong>, los <strong>d\u00edas 26 (17:30 horas) y 27 de diciembre (20:00 horas)<\/strong>, llenando de m\u00fasica, luz y color el recorrido de las principales v\u00edas urbanas, junto con el <strong>Taller de Manualidades Navide\u00f1as<\/strong> y el <strong>Cartero Real<\/strong> durante la tarde del <strong>domingo<\/strong>, <strong>28 de diciembre<\/strong>, a partir de las <strong>17:00 horas<\/strong>.<\/p>\n\n\n\n<p>Did\u00e1cticas y divertidas actividades culturales y comerciales, que se ver\u00e1n complementadas con las deportivas a trav\u00e9s de la ya tradicional <strong>XXVIII \u201cSan Silvestre Solidaria Navide\u00f1a\u201d<\/strong> a favor de la recogida de juguetes que tendr\u00e1 lugar el <strong>domingo<\/strong>, <strong>28 de diciembre<\/strong>, en la <strong>Avenida Alfonso VII<\/strong> desde las <strong>12:00 horas<\/strong>, y que se incluye dentro de la amplia programaci\u00f3n deportiva de la mano de un nutrido n\u00famero de actividades infantilesde corte familiar repartidas a lo largo del calendario festivo navide\u00f1o entre las que destaca todo un amplio <strong>programa deportivo<\/strong> caso del <strong>Torneo Navide\u00f1o Picky P\u00e1del<\/strong> (20 y 27\/12\/2025), <strong>I Torneo de Navidad Futsal CD Coria<\/strong> (26 y 27\/12\/2025), <strong>XII Convivencia de F\u00fatbol-7 a favor de la Campa\u00f1a \u201cRecogida de Alimentos\u201d<\/strong> (27\/12\/2025), <strong>Taller de Juegos Tradicionales <\/strong>(30\/12\/2025), <strong>Torneo de 24 Horas de Navidad de F\u00fatbol-Sala<\/strong> (03 y 04\/01\/2026) y sendos <strong>Talleres de Juegos Tradicionales en Rinc\u00f3n del Obispo<\/strong> (29\/12\/2025) y <strong>Puebla de Argeme<\/strong> (29\/12\/2025) con su <strong>V San Silvestre<\/strong> (31\/12\/2025).<\/p>\n\n\n\n<p>Y, con la llegada del <strong>Nuevo A\u00f1o 2025<\/strong>, la Ciudad de Coria se erige en el lugar perfecto para aquellos que quieren conocer y recibir en persona a sus <strong>Majestades los<\/strong> <strong>Reyes Magos de Oriente<\/strong> que estar\u00e1n presentes en la tradicional <strong>\u201cCabalgata\u201d<\/strong> la tarde del <strong>lunes<\/strong>, <strong>5 de enero<\/strong>, a partir de las <strong>18:30 horas<\/strong>, para posteriormente recibir, sobre las <strong>20:00 horas<\/strong>, a los m\u00e1s peque\u00f1os en la c\u00e9ntrica <strong>Plaza<\/strong><strong> de la Paz<\/strong>.<\/p>\n\n\n\n<p>En definitiva, toda una seductora programaci\u00f3n navide\u00f1a, ideal para aquellos amantes turistas que desean conocer las milenarias huellas de la historia, as\u00ed como de paladear la variada y fecunda gastron\u00f3mica o reposter\u00eda artesanal en estas entra\u00f1ables fechas que, a buen seguro, cubrir\u00e1n todas las necesidades y los gustos de aquellos viajeros que visiten este centenario destino tur\u00edstico cargado de encanto, seguro y tranquilo, convertido en una de las mejores opciones para su tiempo de ocio libre dentro de las Navidades 2025.<\/p>\n\n\n\n<figure class=\"wp-block-embed is-type-video is-provider-youtube wp-block-embed-youtube wp-embed-aspect-16-9 wp-has-aspect-ratio\"><div class=\"wp-block-embed__wrapper\">\n<div class=\"ast-oembed-container \" style=\"height: 100%;\"><iframe loading=\"lazy\" title=\"Coria, un paraiso para los sentidos\" width=\"500\" height=\"281\" data-src=\"https:\/\/www.youtube.com\/embed\/wgXtGKiUtpg?feature=oembed\" frameborder=\"0\" allow=\"accelerometer; autoplay; clipboard-write; encrypted-media; gyroscope; picture-in-picture; web-share\" referrerpolicy=\"strict-origin-when-cross-origin\" allowfullscreen src=\"data:image\/gif;base64,R0lGODlhAQABAAAAACH5BAEKAAEALAAAAAABAAEAAAICTAEAOw==\" class=\"lazyload\" data-load-mode=\"1\"><\/iframe><\/div>\n<\/div><\/figure>\n\n\n\n<p><\/p>\n\n\n\n<p>Por ello, no lo olvide, Coria, una ciudad repleta de historia, arte, cultura, m\u00fasica, luz y color convertida en una de las mejores localidades extreme\u00f1as para viajar en Navidad.&nbsp; Una de las mejores escapadas y un cl\u00e1sico irresistible para todos los viajeros de cualquier sexo y edad, porque <strong>\u201cCoria siempre es una buena idea para visitarla y sentirla\u201d<\/strong>.<\/p>\n\n\n\n<p><strong>Planifica tus vacaciones de Navidad o de fin de A\u00f1o en Coria.&nbsp; No te arrepentir\u00e1s\u2026<\/strong><\/p>\n\n\n\n<p><strong>M\u00e1s Informaci\u00f3n en:<br>Oficina Municipal de Turismo<br><\/strong>Plaza de San Pedro, 1<br>Tlfno.: 927 50 80 00 Ext. 290<br>Email: <strong><a href=\"mailto:oficinaturismo@coria.org\">oficinaturismo@coria.org<\/a><\/strong><\/p>\n\n\n\n<p>Url: <strong><a href=\"https:\/\/turismocoria.es\/cge2025\">https:\/\/turismocoria.es\/cge2025<\/a><\/strong><\/p>\n\n\n\n<p>Url: <a href=\"https:\/\/deportescoria.blogspot.com\"><strong>https:\/\/deportescoria.blogspot.com<\/strong><\/a><\/p>\n\n\n\n<p>Url:<strong> <a href=\"https:\/\/coria.org\/comercio\/\">https:\/\/coria.org\/comercio\/<\/a><\/strong><\/p>\n\n\n\n<p><\/p>\n","protected":false},"excerpt":{"rendered":"<p>Una de las fechas distinguidas para viajar a la Ciudad de Coria es tambi\u00e9n la Navidad.\u00a0 Una de las mejores opciones para dedicar el tiempo de ocio a conocer su milenaria historia a trav\u00e9s de su longevo Conjunto Monumental, adem\u00e1s de poder paladear su exquisita gastronom\u00eda, o de practicar deporte en familia y descubrir sus [&hellip;]<\/p>\n","protected":false},"author":2,"featured_media":13638,"comment_status":"closed","ping_status":"","sticky":false,"template":"","format":"standard","meta":{"_uag_custom_page_level_css":"","site-sidebar-layout":"default","site-content-layout":"","ast-site-content-layout":"default","site-content-style":"default","site-sidebar-style":"default","ast-global-header-display":"","ast-banner-title-visibility":"","ast-main-header-display":"","ast-hfb-above-header-display":"","ast-hfb-below-header-display":"","ast-hfb-mobile-header-display":"","site-post-title":"","ast-breadcrumbs-content":"","ast-featured-img":"","footer-sml-layout":"","theme-transparent-header-meta":"","adv-header-id-meta":"","stick-header-meta":"","header-above-stick-meta":"","header-main-stick-meta":"","header-below-stick-meta":"","astra-migrate-meta-layouts":"set","ast-page-background-enabled":"default","ast-page-background-meta":{"desktop":{"background-color":"","background-image":"","background-repeat":"repeat","background-position":"center center","background-size":"auto","background-attachment":"scroll","background-type":"","background-media":"","overlay-type":"","overlay-color":"","overlay-opacity":"","overlay-gradient":""},"tablet":{"background-color":"","background-image":"","background-repeat":"repeat","background-position":"center center","background-size":"auto","background-attachment":"scroll","background-type":"","background-media":"","overlay-type":"","overlay-color":"","overlay-opacity":"","overlay-gradient":""},"mobile":{"background-color":"","background-image":"","background-repeat":"repeat","background-position":"center center","background-size":"auto","background-attachment":"scroll","background-type":"","background-media":"","overlay-type":"","overlay-color":"","overlay-opacity":"","overlay-gradient":""}},"ast-content-background-meta":{"desktop":{"background-color":"var(--ast-global-color-5)","background-image":"","background-repeat":"repeat","background-position":"center center","background-size":"auto","background-attachment":"scroll","background-type":"","background-media":"","overlay-type":"","overlay-color":"","overlay-opacity":"","overlay-gradient":""},"tablet":{"background-color":"var(--ast-global-color-5)","background-image":"","background-repeat":"repeat","background-position":"center center","background-size":"auto","background-attachment":"scroll","background-type":"","background-media":"","overlay-type":"","overlay-color":"","overlay-opacity":"","overlay-gradient":""},"mobile":{"background-color":"var(--ast-global-color-5)","background-image":"","background-repeat":"repeat","background-position":"center center","background-size":"auto","background-attachment":"scroll","background-type":"","background-media":"","overlay-type":"","overlay-color":"","overlay-opacity":"","overlay-gradient":""}},"_EventAllDay":false,"_EventTimezone":"","_EventStartDate":"","_EventEndDate":"","_EventStartDateUTC":"","_EventEndDateUTC":"","_EventShowMap":false,"_EventShowMapLink":false,"_EventURL":"","_EventCost":"","_EventCostDescription":"","_EventCurrencySymbol":"","_EventCurrencyCode":"","_EventCurrencyPosition":"","_EventDateTimeSeparator":"","_EventTimeRangeSeparator":"","_EventOrganizerID":[],"_EventVenueID":0,"_OrganizerEmail":"","_OrganizerPhone":"","_OrganizerWebsite":"","_VenueAddress":"","_VenueCity":"","_VenueCountry":"","_VenueProvince":"","_VenueZip":"","_VenuePhone":"","_VenueURL":"","_VenueStateProvince":"","_VenueLat":"","_VenueLng":"","footnotes":""},"categories":[33],"tags":[],"class_list":["post-13637","post","type-post","status-publish","format-standard","has-post-thumbnail","hentry","category-sin-categorizar"],"featured_image_src":"https:\/\/turismocoria.es\/turismo\/wp-content\/uploads\/2025\/11\/Coria-CGE2025_12.-Dulce-Navideno-600x400.jpg","featured_image_src_square":"https:\/\/turismocoria.es\/turismo\/wp-content\/uploads\/2025\/11\/Coria-CGE2025_12.-Dulce-Navideno-600x600.jpg","author_info":{"display_name":"turismo","author_link":"https:\/\/turismocoria.es\/turismo\/author\/turismo\/"},"uagb_featured_image_src":{"full":["https:\/\/turismocoria.es\/turismo\/wp-content\/uploads\/2025\/11\/Coria-CGE2025_12.-Dulce-Navideno.jpg",1565,756,false],"thumbnail":["https:\/\/turismocoria.es\/turismo\/wp-content\/uploads\/2025\/11\/Coria-CGE2025_12.-Dulce-Navideno-150x150.jpg",150,150,true],"medium":["https:\/\/turismocoria.es\/turismo\/wp-content\/uploads\/2025\/11\/Coria-CGE2025_12.-Dulce-Navideno-300x145.jpg",300,145,true],"medium_large":["https:\/\/turismocoria.es\/turismo\/wp-content\/uploads\/2025\/11\/Coria-CGE2025_12.-Dulce-Navideno-768x371.jpg",768,371,true],"large":["https:\/\/turismocoria.es\/turismo\/wp-content\/uploads\/2025\/11\/Coria-CGE2025_12.-Dulce-Navideno-1024x495.jpg",1024,495,true],"gs-tiny":["https:\/\/turismocoria.es\/turismo\/wp-content\/uploads\/2025\/11\/Coria-CGE2025_12.-Dulce-Navideno-50x24.jpg",50,24,true],"xl":["https:\/\/turismocoria.es\/turismo\/wp-content\/uploads\/2025\/11\/Coria-CGE2025_12.-Dulce-Navideno.jpg",1565,756,false],"xxl":["https:\/\/turismocoria.es\/turismo\/wp-content\/uploads\/2025\/11\/Coria-CGE2025_12.-Dulce-Navideno.jpg",1565,756,false],"xxxl":["https:\/\/turismocoria.es\/turismo\/wp-content\/uploads\/2025\/11\/Coria-CGE2025_12.-Dulce-Navideno.jpg",1565,756,false],"xxxxl":["https:\/\/turismocoria.es\/turismo\/wp-content\/uploads\/2025\/11\/Coria-CGE2025_12.-Dulce-Navideno.jpg",1565,756,false],"xxxxxl":["https:\/\/turismocoria.es\/turismo\/wp-content\/uploads\/2025\/11\/Coria-CGE2025_12.-Dulce-Navideno.jpg",1565,756,false],"1536x1536":["https:\/\/turismocoria.es\/turismo\/wp-content\/uploads\/2025\/11\/Coria-CGE2025_12.-Dulce-Navideno-1536x742.jpg",1536,742,true],"2048x2048":["https:\/\/turismocoria.es\/turismo\/wp-content\/uploads\/2025\/11\/Coria-CGE2025_12.-Dulce-Navideno.jpg",1565,756,false],"ultp_layout_landscape_large":["https:\/\/turismocoria.es\/turismo\/wp-content\/uploads\/2025\/11\/Coria-CGE2025_12.-Dulce-Navideno-1200x756.jpg",1200,756,true],"ultp_layout_landscape":["https:\/\/turismocoria.es\/turismo\/wp-content\/uploads\/2025\/11\/Coria-CGE2025_12.-Dulce-Navideno-870x570.jpg",870,570,true],"ultp_layout_portrait":["https:\/\/turismocoria.es\/turismo\/wp-content\/uploads\/2025\/11\/Coria-CGE2025_12.-Dulce-Navideno-600x756.jpg",600,756,true],"ultp_layout_square":["https:\/\/turismocoria.es\/turismo\/wp-content\/uploads\/2025\/11\/Coria-CGE2025_12.-Dulce-Navideno-600x600.jpg",600,600,true],"gb-block-post-grid-landscape":["https:\/\/turismocoria.es\/turismo\/wp-content\/uploads\/2025\/11\/Coria-CGE2025_12.-Dulce-Navideno-600x400.jpg",600,400,true],"gb-block-post-grid-square":["https:\/\/turismocoria.es\/turismo\/wp-content\/uploads\/2025\/11\/Coria-CGE2025_12.-Dulce-Navideno-600x600.jpg",600,600,true]},"uagb_author_info":{"display_name":"turismo","author_link":"https:\/\/turismocoria.es\/turismo\/author\/turismo\/"},"uagb_comment_info":0,"uagb_excerpt":"Una de las fechas distinguidas para viajar a la Ciudad de Coria es tambi\u00e9n la Navidad.\u00a0 Una de las mejores opciones para dedicar el tiempo de ocio a conocer su milenaria historia a trav\u00e9s de su longevo Conjunto Monumental, adem\u00e1s de poder paladear su exquisita gastronom\u00eda, o de practicar deporte en familia y descubrir sus&hellip;","_links":{"self":[{"href":"https:\/\/turismocoria.es\/turismo\/wp-json\/wp\/v2\/posts\/13637"}],"collection":[{"href":"https:\/\/turismocoria.es\/turismo\/wp-json\/wp\/v2\/posts"}],"about":[{"href":"https:\/\/turismocoria.es\/turismo\/wp-json\/wp\/v2\/types\/post"}],"author":[{"embeddable":true,"href":"https:\/\/turismocoria.es\/turismo\/wp-json\/wp\/v2\/users\/2"}],"replies":[{"embeddable":true,"href":"https:\/\/turismocoria.es\/turismo\/wp-json\/wp\/v2\/comments?post=13637"}],"version-history":[{"count":4,"href":"https:\/\/turismocoria.es\/turismo\/wp-json\/wp\/v2\/posts\/13637\/revisions"}],"predecessor-version":[{"id":13642,"href":"https:\/\/turismocoria.es\/turismo\/wp-json\/wp\/v2\/posts\/13637\/revisions\/13642"}],"wp:featuredmedia":[{"embeddable":true,"href":"https:\/\/turismocoria.es\/turismo\/wp-json\/wp\/v2\/media\/13638"}],"wp:attachment":[{"href":"https:\/\/turismocoria.es\/turismo\/wp-json\/wp\/v2\/media?parent=13637"}],"wp:term":[{"taxonomy":"category","embeddable":true,"href":"https:\/\/turismocoria.es\/turismo\/wp-json\/wp\/v2\/categories?post=13637"},{"taxonomy":"post_tag","embeddable":true,"href":"https:\/\/turismocoria.es\/turismo\/wp-json\/wp\/v2\/tags?post=13637"}],"curies":[{"name":"wp","href":"https:\/\/api.w.org\/{rel}","templated":true}]}}