{"id":13476,"date":"2025-09-01T23:36:59","date_gmt":"2025-09-01T21:36:59","guid":{"rendered":"https:\/\/turismocoria.es\/turismo\/?p=13476"},"modified":"2025-09-01T23:39:34","modified_gmt":"2025-09-01T21:39:34","slug":"vive-y-siente-la-experiencia-de-plena-moon-en-la-ciudad-de-coria","status":"publish","type":"post","link":"https:\/\/turismocoria.es\/turismo\/vive-y-siente-la-experiencia-de-plena-moon-en-la-ciudad-de-coria\/","title":{"rendered":"Vive y Siente la Experiencia de Plena Moon en la Ciudad de Coria."},"content":{"rendered":"\n<p><strong>El movimiento cultural Plena Moon llega por primera vez a la Ciudad de Coria el domingo, 7 de septiembre, transformando el entorno de la Catedral de Santa Mar\u00eda de la Asunci\u00f3n en un festival de creatividad y comunidad bajo la atenta mirada de la luna llena.<\/strong><\/p>\n\n\n\n<p><strong>Plena Moon<\/strong> es una experiencia \u00fanica, de entrada libre e invitaci\u00f3n de vestir de blanco y negro que, desde las <strong>21:00 horas<\/strong>, a modo de preludio de la festividad del <strong>D\u00eda de Extremadura<\/strong>, diferentes escenarios dar\u00e1n vida a una programaci\u00f3n diversa.<\/p>\n\n\n\n<p>De tal manera, que en el <strong>Escenario de la Voz<\/strong> estar\u00e1n artistas como <strong>Juanpe Mart\u00edn<\/strong>, <strong>Luis \u201cEl Ni\u00f1o de la Escalera\u201d<\/strong>, <strong>Dominique Arsama<\/strong> y <strong>Triana &amp; Widom<\/strong> (rap extreme\u00f1o); mientras que el <strong>Escenario Ecl\u00e9ctico<\/strong> acoger\u00e1 a la <strong>Escuela Municipal de M\u00fasica de Coria<\/strong> con las intervenciones estelares de <strong>Susana<\/strong>, <strong>Leonor<\/strong> e <strong>Iv\u00e1n<\/strong>, adem\u00e1s de la <strong>Escuela de Baile Natasha Pulido<\/strong> (dos pases), <strong>Mar<\/strong><strong>\u00eda Hola Jazz<\/strong> con bailarina invitada y la fusi\u00f3n flamenco-poes\u00eda de <strong>Cristina<\/strong><strong> Iglesias \u201cPoemina\u201d<\/strong>; por su parte, el <strong>Escenario de la Palabra<\/strong> contar\u00e1 con <strong>Mar<\/strong><strong>ysol<\/strong>, <strong>C\u00e9sar C\u00f3rdoba<\/strong>, <strong>F\u00e1tima de la Riva<\/strong>, <strong>Soledad Garc\u00eda<\/strong>, <strong>Jos\u00e9 Mar\u00eda Mart\u00edn<\/strong> y <strong>Jes\u00fas Dom\u00ednguez<\/strong>.<\/p>\n\n\n\n<p>Asimismo, habr\u00e1 espacio para la <strong>moda<\/strong> y el <strong>photocall<\/strong> de la mano de <strong>Emma Prieto<\/strong> y <strong>Jes\u00fas Naviero<\/strong>;&nbsp; <strong>degustaciones gastron\u00f3micas<\/strong> por medio del <strong>Palacio Ducal de Alba<\/strong> y el <strong>Palacio Episcopal HUUMM<\/strong>; el <strong>Show de Evaristo y su Grupo de Acordeonistas<\/strong>, junto con la mirada al cielo cauriense guiada por los astr\u00f3nomos de <strong>ASTROGATA<\/strong>.<\/p>\n\n\n\n<p>Este <strong>7 de septiembre<\/strong> llega <strong>Plena Moon<\/strong> haciendo brillar a la <strong>Ciudad de Coria<\/strong>.&nbsp; Una simb\u00f3lica efem\u00e9ride que se celebrar\u00e1 tambi\u00e9n conjuntamente en Nantes (Francia), adem\u00e1s de en aquellas otras ciudades que se sumen a este movimiento sostenible global de inspiraci\u00f3n cultural y vocaci\u00f3n social. &nbsp;Una experiencia art\u00edstica y participativa convertida en gesto colectivo de la <strong>Agenda 2030<\/strong>.<\/p>\n\n\n\n<p>Una de las escapadas m\u00e1s interesantes, sin duda, a una de las poblaciones con mayor encanto de toda Extremadura como es la milenaria <strong><u>Ciudad de Coria<\/u><\/strong>, donde un relajado paseo por las calles y plazas de su longevo y coqueto <strong><u><a href=\"https:\/\/turismocoria.es\/turismo\/lugares-que-no-te-puedes-perder\/casco-historico\/\" data-type=\"page\" data-id=\"732\">Casco Hist\u00f3rico Amurallado<\/a><\/u><\/strong> le trasladar\u00e1 a otras \u00e9pocas de la historia en el que ha sido considerado como el <strong>noveno rinc\u00f3n m\u00e1s antiguo de toda Espa\u00f1a<\/strong>.<\/p>\n\n\n\n<p>Vestigios, todos ellos, cuyas sucesivas etapas cronol\u00f3gicas de la longeva historia cauriense han quedado en parte atestiguadas por el magn\u00edfico <strong><u>Conjunto Monumental<\/u><\/strong> que conserva la ciudad.\u00a0 Desde las volum\u00e9tricas <strong><u><a href=\"https:\/\/turismocoria.es\/turismo\/lugares-que-no-te-puedes-perder\/murallas-romanas\/\" data-type=\"page\" data-id=\"497\">Murallas Romanas<\/a><\/u><\/strong> (S. I) que lo circundan como una de las fortalezas de origen romano mejor conservadas en su conjunto de entre todas las halladas en el resto de Europa; pasando por los soberbios y se\u00f1oriales <strong><u><a href=\"https:\/\/turismocoria.es\/turismo\/lugares-que-no-te-puedes-perder\/castillo-de-los-duques-de-alba\/\" data-type=\"page\" data-id=\"226\">Castillo<\/a><\/u><\/strong> (S. XV) y <strong><u><a href=\"https:\/\/turismocoria.es\/turismo\/otros-rincones-por-descubrir\/palacio-de-los-duques-de-alba\/\" data-type=\"page\" data-id=\"509\">Palacio de los Duques de Alba<\/a><\/u><\/strong> (S. XV-XVI) como s\u00edmbolos del rancio poder nobiliario; hasta la magna <strong><u><a href=\"https:\/\/turismocoria.es\/turismo\/lugares-que-no-te-puedes-perder\/catedral\/\" data-type=\"page\" data-id=\"488\">Catedral de Santa Mar\u00eda de la Asunci\u00f3n<\/a><\/u><\/strong> (S. XV-XVIII) joya del g\u00f3tico-plateresco extreme\u00f1o en la que se custodia esa misteriosa reliquia universal del <strong><u><a href=\"https:\/\/turismocoria.es\/turismo\/el-sagrado-mantel-de-la-ultima-cena\/\" data-type=\"page\" data-id=\"1176\">Sagrado Mantel de la \u00daltima Cena<\/a><\/u><\/strong>; adem\u00e1s del <strong><u><a href=\"https:\/\/turismocoria.es\/turismo\/otros-rincones-por-descubrir\/palacio-episcopal\/\" data-type=\"page\" data-id=\"511\">Palacio Episcopal<\/a><\/u> <\/strong>(S. XVII), la <strong><u><a href=\"https:\/\/turismocoria.es\/turismo\/otros-rincones-por-descubrir\/iglesia-santiago-apostol\/\" data-type=\"page\" data-id=\"514\">Iglesia de Santiago Ap\u00f3stol<\/a><\/u> <\/strong>(S. XVI-XVIII), el <strong><u><a href=\"https:\/\/turismocoria.es\/turismo\/lugares-que-no-te-puedes-perder\/convento-de-la-madre-de-dios\/\" data-type=\"page\" data-id=\"499\">Convento de la Madre de Dios<\/a><\/u> <\/strong>(S. XVI-XVII), el <strong><a href=\"https:\/\/turismocoria.es\/turismo\/otros-rincones-por-descubrir\/hospital-san-nicolas-de-bari\/\" data-type=\"page\" data-id=\"521\"><u>Hospital de San Nicol\u00e1s de Bari<\/u> <\/a><\/strong>(S. XVI-XIX), el <strong><u><a href=\"https:\/\/turismocoria.es\/turismo\/otros-rincones-por-descubrir\/colegio-seminario-conciliar\/\" data-type=\"page\" data-id=\"744\">Colegio-Seminario Mayor Concilia<\/a>r<\/u><\/strong> (S. XVII-XIX), las <strong><u><a href=\"https:\/\/turismocoria.es\/turismo\/otros-rincones-por-descubrir\/carcel-real\/\" data-type=\"page\" data-id=\"2958\">C\u00e1rceles Real<\/a><\/u> <\/strong>(S. XVII), convertida en Museo de Historia, Arqueolog\u00eda y Etnograf\u00eda, y <strong><u><a href=\"https:\/\/turismocoria.es\/turismo\/otros-rincones-por-descubrir\/carcel-eclesiastica\/\" data-type=\"page\" data-id=\"517\">Eclesi\u00e1stica<\/a><\/u> <\/strong>(S. XVIII), el <strong><u><a href=\"https:\/\/turismocoria.es\/turismo\/lugares-que-no-te-puedes-perder\/santuario-de-la-virgen-de-argeme\/\" data-type=\"page\" data-id=\"505\">Santuario de Nuestra Se\u00f1ora Virgen de Argeme<\/a><\/u><\/strong> (S. XVII-XVIII) a extramuros; o los <strong><u><a href=\"https:\/\/turismocoria.es\/turismo\/otros-rincones-por-descubrir\/puente-de-piedra\/\" data-type=\"page\" data-id=\"529\">Puentes de Piedra<\/a><\/u> <\/strong>(S. XVI) y <strong><u><a href=\"https:\/\/turismocoria.es\/turismo\/otros-rincones-por-descubrir\/puente-de-hierro\/\" data-type=\"page\" data-id=\"531\">de Hierro<\/a><\/u> <\/strong>(S. XX), entre otros interesantes rincones por descubrir.<\/p>\n\n\n\n<figure class=\"wp-block-embed is-type-video is-provider-youtube wp-block-embed-youtube wp-embed-aspect-16-9 wp-has-aspect-ratio\"><div class=\"wp-block-embed__wrapper\">\n<div class=\"ast-oembed-container \" style=\"height: 100%;\"><iframe loading=\"lazy\" title=\"Coria \u201cConjunto Monumental\u201d, destino tur\u00edstico del noroeste de Extremadura\" width=\"500\" height=\"281\" data-src=\"https:\/\/www.youtube.com\/embed\/M6VniblQWMo?feature=oembed\" frameborder=\"0\" allow=\"accelerometer; autoplay; clipboard-write; encrypted-media; gyroscope; picture-in-picture; web-share\" referrerpolicy=\"strict-origin-when-cross-origin\" allowfullscreen src=\"data:image\/gif;base64,R0lGODlhAQABAAAAACH5BAEKAAEALAAAAAABAAEAAAICTAEAOw==\" class=\"lazyload\" data-load-mode=\"1\"><\/iframe><\/div>\n<\/div><\/figure>\n\n\n\n<p><\/p>\n\n\n\n<p>Valores patrimoniales que est\u00e1n presentes, con gran autenticidad, en nuestra admirada y legendaria ciudad antigua, otrora sede del marquesado de Alba y curia a\u00fan de uno de los Obispados m\u00e1s primitivos de este pa\u00eds, que podr\u00e1n ser descubiertos a trav\u00e9s de su participaci\u00f3n activa hasta el punto de llevarse un bonito recuerdo para ser compartido con su familia o grupo de amigos, en los espacios en los que se recoge el <strong>legado cultural y espiritual<\/strong> que se exhiben en las colecciones conservadas en los <strong><u><a href=\"https:\/\/turismocoria.es\/turismo\/lugares-que-no-te-puedes-perder\/museo-catedralicio\/\" data-type=\"page\" data-id=\"501\">museos Catedralici<\/a>o<\/u><\/strong> y <strong><u><a href=\"https:\/\/turismocoria.es\/turismo\/lugares-que-no-te-puedes-perder\/museo-de-la-carcel-real\/\" data-type=\"page\" data-id=\"503\">de la C\u00e1rcel Real<\/a><\/u> <\/strong>de la tambi\u00e9n ciudad episcopal que fue, en su tiempo, y el punto final de una de las peregrinaciones m\u00e1s importantes y conocidas de toda la pen\u00ednsula Ib\u00e9rica.  Devoci\u00f3n, cultura y turismo en torno a las <strong>Santas Reliquias<\/strong> conservadas en la seo cauriense, convertidas en verdaderos tesoros sacros para el gozo y fervor de los fieles. \u00a0Un rico legado de piezas y alhajas entre las que destacan una <strong><u>Santa Espina<\/u><\/strong> de la Corona, junto a un <strong><em><u>Lignum Crucis<\/u><\/em><\/strong> o fragmento de la Cruz de Jesucristo, adem\u00e1s del citado y excepcional <strong><u><a href=\"https:\/\/turismocoria.es\/turismo\/el-sagrado-mantel-de-la-ultima-cena\/\" data-type=\"page\" data-id=\"1176\">Sagrado Mantel de la \u00daltima Cena<\/a><\/u><\/strong>, como reliquia universal de la cristiandad.<\/p>\n\n\n\n<figure class=\"wp-block-embed is-type-video is-provider-youtube wp-block-embed-youtube wp-embed-aspect-16-9 wp-has-aspect-ratio\"><div class=\"wp-block-embed__wrapper\">\n<div class=\"ast-oembed-container \" style=\"height: 100%;\"><iframe loading=\"lazy\" title=\"El Sagrado Mantel de Coria: Cultura, Devoci\u00f3n y Turismo - Reliquia Universal de la Cristiandad\" width=\"500\" height=\"281\" data-src=\"https:\/\/www.youtube.com\/embed\/qBfoZ48Qe9Q?feature=oembed\" frameborder=\"0\" allow=\"accelerometer; autoplay; clipboard-write; encrypted-media; gyroscope; picture-in-picture; web-share\" referrerpolicy=\"strict-origin-when-cross-origin\" allowfullscreen src=\"data:image\/gif;base64,R0lGODlhAQABAAAAACH5BAEKAAEALAAAAAABAAEAAAICTAEAOw==\" class=\"lazyload\" data-load-mode=\"1\"><\/iframe><\/div>\n<\/div><\/figure>\n\n\n\n<p><\/p>\n\n\n\n<p>Y, junto las milenarias huellas de la historia y el rico legado cultural atesorado del pasado cauriense para aquellos amantes de la <strong>historia<\/strong>, la <strong>cultura<\/strong> y el <strong>arte<\/strong>, le proponemos adem\u00e1s poder descubrir, por los apasionados del buen yantar, el verdadero <strong>arco-iris gastron\u00f3mico<\/strong> que ofrece esta localidad gracias a la variada carta ofrecida en los restaurantes y otros establecimientos de comida r\u00e1pida en los que podr\u00e1n degustar la fecunda <strong>cocina popular y de autor cauriense<\/strong> a trav\u00e9s de la recreaci\u00f3n y el repertorio de estupendos platos y tapas que configuran el santo y se\u00f1a de la buena cocina de los fogones extreme\u00f1os; as\u00ed como descubrir la diversificada <strong>oferta comercial<\/strong> que, a buen seguro, cubrir\u00e1n todas las necesidades y los gustos de aquellos viajeros que nos visiten sin hacerlo al trote de la moda actual imperante, por lo que bien har\u00e1n en detenerse, sin urgencias de tiempo, para deleitarse en plenitud de nuestras amables gentes y del valioso legado Patrimonial Cultural y Natural heredado desde siglos pret\u00e9ritos, perfectamente adaptado a la situaci\u00f3n actual que vivimos de forma segura, apacible y sostenible.<\/p>\n\n\n\n<figure class=\"wp-block-embed is-type-video is-provider-youtube wp-block-embed-youtube wp-embed-aspect-16-9 wp-has-aspect-ratio\"><div class=\"wp-block-embed__wrapper\">\n<div class=\"ast-oembed-container \" style=\"height: 100%;\"><iframe loading=\"lazy\" title=\"Coria, una ciudad para sentirla!\" width=\"500\" height=\"281\" data-src=\"https:\/\/www.youtube.com\/embed\/_LlVD2Y1AmI?feature=oembed\" frameborder=\"0\" allow=\"accelerometer; autoplay; clipboard-write; encrypted-media; gyroscope; picture-in-picture; web-share\" referrerpolicy=\"strict-origin-when-cross-origin\" allowfullscreen src=\"data:image\/gif;base64,R0lGODlhAQABAAAAACH5BAEKAAEALAAAAAABAAEAAAICTAEAOw==\" class=\"lazyload\" data-load-mode=\"1\"><\/iframe><\/div>\n<\/div><\/figure>\n\n\n\n<p><\/p>\n\n\n\n<p><strong>M\u00e1s Informaci\u00f3n en:<br>Oficina Municipal de Turismo<br><\/strong>Plaza de San Pedro, 1<br>Tlfno.: 927 50 80 00 Ext. 290<br>Email: <strong><a href=\"mailto:oficinaturismo@coria.org\">oficinaturismo@coria.org<\/a><\/strong><\/p>\n\n\n\n<p>Url: <strong><a href=\"https:\/\/turismocoria.es\/cge2025\">https:\/\/turismocoria.es\/cge2025<\/a><\/strong><\/p>\n","protected":false},"excerpt":{"rendered":"<p>El movimiento cultural Plena Moon llega por primera vez a la Ciudad de Coria el domingo, 7 de septiembre, transformando el entorno de la Catedral de Santa Mar\u00eda de la Asunci\u00f3n en un festival de creatividad y comunidad bajo la atenta mirada de la luna llena. Plena Moon es una experiencia \u00fanica, de entrada libre [&hellip;]<\/p>\n","protected":false},"author":2,"featured_media":13477,"comment_status":"closed","ping_status":"","sticky":false,"template":"","format":"standard","meta":{"_uag_custom_page_level_css":"","site-sidebar-layout":"default","site-content-layout":"","ast-site-content-layout":"default","site-content-style":"default","site-sidebar-style":"default","ast-global-header-display":"","ast-banner-title-visibility":"","ast-main-header-display":"","ast-hfb-above-header-display":"","ast-hfb-below-header-display":"","ast-hfb-mobile-header-display":"","site-post-title":"","ast-breadcrumbs-content":"","ast-featured-img":"","footer-sml-layout":"","theme-transparent-header-meta":"","adv-header-id-meta":"","stick-header-meta":"","header-above-stick-meta":"","header-main-stick-meta":"","header-below-stick-meta":"","astra-migrate-meta-layouts":"set","ast-page-background-enabled":"default","ast-page-background-meta":{"desktop":{"background-color":"","background-image":"","background-repeat":"repeat","background-position":"center center","background-size":"auto","background-attachment":"scroll","background-type":"","background-media":"","overlay-type":"","overlay-color":"","overlay-opacity":"","overlay-gradient":""},"tablet":{"background-color":"","background-image":"","background-repeat":"repeat","background-position":"center center","background-size":"auto","background-attachment":"scroll","background-type":"","background-media":"","overlay-type":"","overlay-color":"","overlay-opacity":"","overlay-gradient":""},"mobile":{"background-color":"","background-image":"","background-repeat":"repeat","background-position":"center center","background-size":"auto","background-attachment":"scroll","background-type":"","background-media":"","overlay-type":"","overlay-color":"","overlay-opacity":"","overlay-gradient":""}},"ast-content-background-meta":{"desktop":{"background-color":"var(--ast-global-color-5)","background-image":"","background-repeat":"repeat","background-position":"center center","background-size":"auto","background-attachment":"scroll","background-type":"","background-media":"","overlay-type":"","overlay-color":"","overlay-opacity":"","overlay-gradient":""},"tablet":{"background-color":"var(--ast-global-color-5)","background-image":"","background-repeat":"repeat","background-position":"center center","background-size":"auto","background-attachment":"scroll","background-type":"","background-media":"","overlay-type":"","overlay-color":"","overlay-opacity":"","overlay-gradient":""},"mobile":{"background-color":"var(--ast-global-color-5)","background-image":"","background-repeat":"repeat","background-position":"center center","background-size":"auto","background-attachment":"scroll","background-type":"","background-media":"","overlay-type":"","overlay-color":"","overlay-opacity":"","overlay-gradient":""}},"_EventAllDay":false,"_EventTimezone":"","_EventStartDate":"","_EventEndDate":"","_EventStartDateUTC":"","_EventEndDateUTC":"","_EventShowMap":false,"_EventShowMapLink":false,"_EventURL":"","_EventCost":"","_EventCostDescription":"","_EventCurrencySymbol":"","_EventCurrencyCode":"","_EventCurrencyPosition":"","_EventDateTimeSeparator":"","_EventTimeRangeSeparator":"","_EventOrganizerID":[],"_EventVenueID":0,"_OrganizerEmail":"","_OrganizerPhone":"","_OrganizerWebsite":"","_VenueAddress":"","_VenueCity":"","_VenueCountry":"","_VenueProvince":"","_VenueZip":"","_VenuePhone":"","_VenueURL":"","_VenueStateProvince":"","_VenueLat":"","_VenueLng":"","footnotes":""},"categories":[33],"tags":[],"class_list":["post-13476","post","type-post","status-publish","format-standard","has-post-thumbnail","hentry","category-sin-categorizar"],"featured_image_src":"https:\/\/turismocoria.es\/turismo\/wp-content\/uploads\/2025\/09\/Plena-Moo-en-Coria-2025-600x400.jpg","featured_image_src_square":"https:\/\/turismocoria.es\/turismo\/wp-content\/uploads\/2025\/09\/Plena-Moo-en-Coria-2025-600x600.jpg","author_info":{"display_name":"turismo","author_link":"https:\/\/turismocoria.es\/turismo\/author\/turismo\/"},"uagb_featured_image_src":{"full":["https:\/\/turismocoria.es\/turismo\/wp-content\/uploads\/2025\/09\/Plena-Moo-en-Coria-2025.jpg",2470,1134,false],"thumbnail":["https:\/\/turismocoria.es\/turismo\/wp-content\/uploads\/2025\/09\/Plena-Moo-en-Coria-2025-150x150.jpg",150,150,true],"medium":["https:\/\/turismocoria.es\/turismo\/wp-content\/uploads\/2025\/09\/Plena-Moo-en-Coria-2025-300x138.jpg",300,138,true],"medium_large":["https:\/\/turismocoria.es\/turismo\/wp-content\/uploads\/2025\/09\/Plena-Moo-en-Coria-2025-768x353.jpg",768,353,true],"large":["https:\/\/turismocoria.es\/turismo\/wp-content\/uploads\/2025\/09\/Plena-Moo-en-Coria-2025-1024x470.jpg",1024,470,true],"gs-tiny":["https:\/\/turismocoria.es\/turismo\/wp-content\/uploads\/2025\/09\/Plena-Moo-en-Coria-2025-50x23.jpg",50,23,true],"xl":["https:\/\/turismocoria.es\/turismo\/wp-content\/uploads\/2025\/09\/Plena-Moo-en-Coria-2025-1600x735.jpg",1600,735,true],"xxl":["https:\/\/turismocoria.es\/turismo\/wp-content\/uploads\/2025\/09\/Plena-Moo-en-Coria-2025-2200x1010.jpg",2200,1010,true],"xxxl":["https:\/\/turismocoria.es\/turismo\/wp-content\/uploads\/2025\/09\/Plena-Moo-en-Coria-2025.jpg",2470,1134,false],"xxxxl":["https:\/\/turismocoria.es\/turismo\/wp-content\/uploads\/2025\/09\/Plena-Moo-en-Coria-2025.jpg",2470,1134,false],"xxxxxl":["https:\/\/turismocoria.es\/turismo\/wp-content\/uploads\/2025\/09\/Plena-Moo-en-Coria-2025.jpg",2470,1134,false],"1536x1536":["https:\/\/turismocoria.es\/turismo\/wp-content\/uploads\/2025\/09\/Plena-Moo-en-Coria-2025-1536x705.jpg",1536,705,true],"2048x2048":["https:\/\/turismocoria.es\/turismo\/wp-content\/uploads\/2025\/09\/Plena-Moo-en-Coria-2025-2048x940.jpg",2048,940,true],"ultp_layout_landscape_large":["https:\/\/turismocoria.es\/turismo\/wp-content\/uploads\/2025\/09\/Plena-Moo-en-Coria-2025-1200x800.jpg",1200,800,true],"ultp_layout_landscape":["https:\/\/turismocoria.es\/turismo\/wp-content\/uploads\/2025\/09\/Plena-Moo-en-Coria-2025-870x570.jpg",870,570,true],"ultp_layout_portrait":["https:\/\/turismocoria.es\/turismo\/wp-content\/uploads\/2025\/09\/Plena-Moo-en-Coria-2025-600x900.jpg",600,900,true],"ultp_layout_square":["https:\/\/turismocoria.es\/turismo\/wp-content\/uploads\/2025\/09\/Plena-Moo-en-Coria-2025-600x600.jpg",600,600,true],"gb-block-post-grid-landscape":["https:\/\/turismocoria.es\/turismo\/wp-content\/uploads\/2025\/09\/Plena-Moo-en-Coria-2025-600x400.jpg",600,400,true],"gb-block-post-grid-square":["https:\/\/turismocoria.es\/turismo\/wp-content\/uploads\/2025\/09\/Plena-Moo-en-Coria-2025-600x600.jpg",600,600,true]},"uagb_author_info":{"display_name":"turismo","author_link":"https:\/\/turismocoria.es\/turismo\/author\/turismo\/"},"uagb_comment_info":0,"uagb_excerpt":"El movimiento cultural Plena Moon llega por primera vez a la Ciudad de Coria el domingo, 7 de septiembre, transformando el entorno de la Catedral de Santa Mar\u00eda de la Asunci\u00f3n en un festival de creatividad y comunidad bajo la atenta mirada de la luna llena. Plena Moon es una experiencia \u00fanica, de entrada libre&hellip;","_links":{"self":[{"href":"https:\/\/turismocoria.es\/turismo\/wp-json\/wp\/v2\/posts\/13476"}],"collection":[{"href":"https:\/\/turismocoria.es\/turismo\/wp-json\/wp\/v2\/posts"}],"about":[{"href":"https:\/\/turismocoria.es\/turismo\/wp-json\/wp\/v2\/types\/post"}],"author":[{"embeddable":true,"href":"https:\/\/turismocoria.es\/turismo\/wp-json\/wp\/v2\/users\/2"}],"replies":[{"embeddable":true,"href":"https:\/\/turismocoria.es\/turismo\/wp-json\/wp\/v2\/comments?post=13476"}],"version-history":[{"count":3,"href":"https:\/\/turismocoria.es\/turismo\/wp-json\/wp\/v2\/posts\/13476\/revisions"}],"predecessor-version":[{"id":13480,"href":"https:\/\/turismocoria.es\/turismo\/wp-json\/wp\/v2\/posts\/13476\/revisions\/13480"}],"wp:featuredmedia":[{"embeddable":true,"href":"https:\/\/turismocoria.es\/turismo\/wp-json\/wp\/v2\/media\/13477"}],"wp:attachment":[{"href":"https:\/\/turismocoria.es\/turismo\/wp-json\/wp\/v2\/media?parent=13476"}],"wp:term":[{"taxonomy":"category","embeddable":true,"href":"https:\/\/turismocoria.es\/turismo\/wp-json\/wp\/v2\/categories?post=13476"},{"taxonomy":"post_tag","embeddable":true,"href":"https:\/\/turismocoria.es\/turismo\/wp-json\/wp\/v2\/tags?post=13476"}],"curies":[{"name":"wp","href":"https:\/\/api.w.org\/{rel}","templated":true}]}}