{"id":13429,"date":"2025-07-28T10:14:37","date_gmt":"2025-07-28T08:14:37","guid":{"rendered":"https:\/\/turismocoria.es\/turismo\/?p=13429"},"modified":"2025-08-12T09:25:25","modified_gmt":"2025-08-12T07:25:25","slug":"tus-10-inolvidables-citas-maridadas-con-la-fiesta-gastronomica-del-tomate-para-el-agosto-turistico-ciudad-de-coria","status":"publish","type":"post","link":"https:\/\/turismocoria.es\/turismo\/tus-10-inolvidables-citas-maridadas-con-la-fiesta-gastronomica-del-tomate-para-el-agosto-turistico-ciudad-de-coria\/","title":{"rendered":"Tus 10 Inolvidables Citas Maridadas con la Fiesta Gastron\u00f3mica del Tomate para el Agosto Tur\u00edstico Ciudad de Coria."},"content":{"rendered":"\n<p><strong>Historia, patrimonio, arte, gastronom\u00eda, naturaleza y tradiciones, son algunos de los atractivos tur\u00edsticos que atesora la milenaria, se\u00f1orial y episcopal Ciudad de Coria.&nbsp; Rincones centenarios y tesoros secretos prodigiosamente guardados en una de las poblaciones m\u00e1s antiguas de Espa\u00f1a que, durante este vacacional mes estival, contar\u00e1 con diez imprescindibles citas para un verano de interior inolvidable que, a buen seguro, har\u00e1n de este enclave hist\u00f3rico tu mejor opci\u00f3n donde pasar un merecido per\u00edodo de descanso repleto de encantos, seguro y tranquilo.<\/strong><\/p>\n\n\n\n<p>Si lo que realmente busca el turista es dedicar su tiempo de ocio vacacional a conocer otras gentes y otras costumbres, a disfrutar de la familia y los amigos, a practicar un turismo alternativo basado en la historia, el arte, la naturaleza, la gastronom\u00eda o las experiencias, sin prisas y sin aglomeraciones, debe entonces acercase hasta el <strong><a href=\"https:\/\/turismocoria.es\/turismo\/lugares-que-no-te-puedes-perder\/casco-historico\/\" data-type=\"page\" data-id=\"732\">Conjunto Monumental<\/a> <\/strong>de la <strong>Ciudad de Coria<\/strong>, sin duda, una de las mejores opciones patrimoniales culturales m\u00e1s emblem\u00e1ticas de toda Extremadura.<\/p>\n\n\n\n<figure class=\"wp-block-embed is-type-video is-provider-youtube wp-block-embed-youtube wp-embed-aspect-16-9 wp-has-aspect-ratio\"><div class=\"wp-block-embed__wrapper\">\n<div class=\"ast-oembed-container \" style=\"height: 100%;\"><iframe loading=\"lazy\" title=\"Coria \u201cConjunto Monumental\u201d, destino tur\u00edstico del noroeste de Extremadura\" width=\"500\" height=\"281\" data-src=\"https:\/\/www.youtube.com\/embed\/M6VniblQWMo?feature=oembed\" frameborder=\"0\" allow=\"accelerometer; autoplay; clipboard-write; encrypted-media; gyroscope; picture-in-picture; web-share\" referrerpolicy=\"strict-origin-when-cross-origin\" allowfullscreen src=\"data:image\/gif;base64,R0lGODlhAQABAAAAACH5BAEKAAEALAAAAAABAAEAAAICTAEAOw==\" class=\"lazyload\" data-load-mode=\"1\"><\/iframe><\/div>\n<\/div><\/figure>\n\n\n\n<p><\/p>\n\n\n\n<p>Diez ineludibles citas dentro de la variada programaci\u00f3n del <strong><a href=\"https:\/\/turismocoria.es\/turismo\/en\/enjoy-the-festivals-and-events\/agosto-turistico\/\" data-type=\"page\" data-id=\"8495\">\u201cAgosto Tur\u00edstico\u201d<\/a><\/strong> de esta longeva ciudad extreme\u00f1a que, cargada de eventos cautivadores, sumergir\u00e1n al visitante en un emotivo ambiente de experiencias y emociones con las que sentir la Ciudad de Coria con toda intensidad.<\/p>\n\n\n\n<p>Momentos especiales que, desde el apasionante <strong><a href=\"https:\/\/turismocoria.es\/turismo\/deporte-activo-de-salud-y-vida\/desciende-en-canoa-rio-alagon\/\" data-type=\"page\" data-id=\"590\">\u201cDescenso del R\u00edo Alag\u00f3n\u201d<\/a><\/strong> que surca las aguas de este caudaloso curso fluvial, pasando por el laureado <strong><a href=\"https:\/\/turismocoria.es\/turismo\/fiestas-y-eventos-para-disfrutar\/festival-internacional-de-guitarra\/\" data-type=\"page\" data-id=\"576\">\u201cFestival Internacional de Guitarra\u201d<\/a><\/strong>, hasta la seductora <strong><a href=\"https:\/\/turismocoria.es\/turismo\/fiestas-y-eventos-para-disfrutar\/agosto-turistico\/noche-de-las-velas\/\" data-type=\"page\" data-id=\"578\">\u201cNoche de las Velas\u201d<\/a><\/strong>, donde cientos de lamparitas iluminan el Casco Antiguo creando una sobrecogedora atm\u00f3sfera de luces y sombras que envuelven su mercado de artesan\u00eda en vivo que dan paso al decano mercado matinal del <strong><a href=\"https:\/\/turismocoria.es\/turismo\/en\/enjoy-the-festivals-and-events\/agosto-turistico\/jueves-turristico\/\" data-type=\"page\" data-id=\"8505\">\u201cJueves Tur\u00edstico\u201d<\/a><\/strong>, nutren de eventos este t\u00edpico mes vacacional que se ve complementado con otras interesantes actividades, caso de: observaciones astron\u00f3micas, conciertos, visitas nocturnas, teatro de calle, deportes, etc., que har\u00e1n las delicias de aquellos que se acerquen hasta la Ciudad de Coria para disfrutar de estas <strong>10 inolvidables citas<\/strong>\u2026<\/p>\n\n\n\n<figure class=\"wp-block-embed is-type-video is-provider-youtube wp-block-embed-youtube wp-embed-aspect-16-9 wp-has-aspect-ratio\"><div class=\"wp-block-embed__wrapper\">\n<div class=\"ast-oembed-container \" style=\"height: 100%;\"><iframe loading=\"lazy\" title=\"Agosto Tur\u00edstico en Coria\" width=\"500\" height=\"281\" data-src=\"https:\/\/www.youtube.com\/embed\/ER7WIOu1V0M?feature=oembed\" frameborder=\"0\" allow=\"accelerometer; autoplay; clipboard-write; encrypted-media; gyroscope; picture-in-picture; web-share\" referrerpolicy=\"strict-origin-when-cross-origin\" allowfullscreen src=\"data:image\/gif;base64,R0lGODlhAQABAAAAACH5BAEKAAEALAAAAAABAAEAAAICTAEAOw==\" class=\"lazyload\" data-load-mode=\"1\"><\/iframe><\/div>\n<\/div><\/figure>\n\n\n\n<p><\/p>\n\n\n\n<p class=\"has-text-align-center\"><strong>PROGRAMACI\u00d3N AGOSTO TUR\u00cdSTICO CIUDAD DE CORIA<\/strong><\/p>\n\n\n\n<p class=\"has-text-align-center\"><strong>Del 27 de Julio al 31 de Agosto de 2025<\/strong><\/p>\n\n\n\n<p><strong>1. <u>Deportivo y Animado \u201cDESCENSO DEL R\u00cdO ALAG\u00d3N\u201d<\/u>.<\/strong><strong><\/strong><\/p>\n\n\n\n<p>Durante la matinal del <strong>domingo<\/strong>, <strong>27 de julio<\/strong>, este sorprendente <strong>descenso en piragua o canoa<\/strong>, de <strong>18,8 km<\/strong><strong>. fluviales<\/strong>, entre el Puente de la Macarrona (en la cercana localidad de Riolobos) y el Puente de Hierro (en Coria), se ha convertido en una prueba obligada del calendario n\u00e1utico extreme\u00f1o.&nbsp; La duraci\u00f3n estimada es de unas <strong>4 horas y media<\/strong> para recorrer este bello tramo del <strong>afluente m\u00e1s largo del r\u00edo Tajo<\/strong>.&nbsp; Una cita que los amantes de la naturaleza y el deporte no pueden perderse\u2026<\/p>\n\n\n\n<p><strong><u>Inscripciones en<\/u><\/strong><strong>:<\/strong> <a href=\"https:\/\/descensorioalagon.blogspot.com\/\">https:\/\/descensorioalagon.blogspot.com<\/a><\/p>\n\n\n\n<p><strong>2. <u>Cultural y Emotivo \u201cFESTIVAL INTERNACIONAL DE GUITARRA\u201d<\/u>.<\/strong><\/p>\n\n\n\n<p><strong>Del 1 al 8 de agosto<\/strong>, la Ciudad de Coria acoge la <strong>XXVIII edici\u00f3n<\/strong> de este <strong>evento musical<\/strong> que tiene como m\u00e1gico escenario la plaza de la Catedral, donde se ofrecer\u00e1n los conciertos al aire libre de <strong>\u201cCaf\u00e9 Quijano\u201d (viernes 1)<\/strong>, de <strong>\u201cAniello Desiderio\u201d<\/strong> <strong>(domingo 3)<\/strong> y del <strong>\u201cLos \u00c1ngeles Guitar Quartet\u201d<\/strong> <strong>(mi\u00e9rcoles 6)<\/strong>.&nbsp; Adem\u00e1s, el interior de la propia seo cauriense acoger\u00e1 los conciertos de <strong>Pedro Mateo Gonz\u00e1lez (s\u00e1bado 2)<\/strong>, <strong>Anabel Montesinos<\/strong> <strong>(lunes 4)<\/strong>, <strong>Douglas Lora<\/strong> <strong>(martes 5)<\/strong>, <strong>Igor Klokov<\/strong> <strong>(jueves 7)<\/strong> y la <strong>Final del Concurso Senior de Guitarra<\/strong> <strong>(viernes 8 de agosto)<\/strong>.<\/p>\n\n\n\n<p><strong><u>Venta de entradas online en<\/u><\/strong><strong>:<\/strong> <a href=\"http:\/\/www.giglon.com\/\">www.giglon.com<\/a><\/p>\n\n\n\n<p><strong>3. <u>De tradiciones a trav\u00e9s del \u201cFESTIVAL INTERNACIONAL DE FOLKLORE\u201d<\/u>.<\/strong><\/p>\n\n\n\n<p>El <strong>Atrio del Perd\u00f3n<\/strong> de la <strong>Catedral de Coria<\/strong> acoger\u00e1 el <strong>viernes<\/strong>, <strong>8 de agosto<\/strong>, a las <strong>23:00 h.<\/strong>, al <strong>Grupo de Folklore Posmoderno \u201cEl Efecto Verdalonga\u201d<\/strong>; mientras que el <strong>s\u00e1bado<\/strong>,<strong> 9 de agosto<\/strong>, a las <strong>22:00 h.<\/strong>, este costumbrista <strong>Festival Internacional de Folklore de los Pueblos del Mundo<\/strong> acoge en esta edici\u00f3n a los <strong>Grupos \u201cLas Nogaledas\u201d de Aldeanuela de la Vera (C\u00e1ceres), Coros y Danzas \u201cSan Ant\u00f3n<\/strong><strong>\u201d de Murcia<\/strong>, <strong>Grupo Internacional de los Pueblos del Mundo<\/strong> y <strong>Coros y Danzas \u201cSavia Viva\u201d de Coria<\/strong>.<\/p>\n\n\n\n<p><strong>4. <u>De Deportes con el \u201cTORNEO DE VOLEY-PLAYA\u201d y la Ruta Nocturna \u201cLUNA ZAPATONA\u201d<\/u>.<\/strong><\/p>\n\n\n\n<p>La actividad f\u00edsica y saludable veraniega al aire libre coge fuerza con la <strong>XIV edici\u00f3n del Torneo de Voley-Playa \u201cCiudad de Coria\u201d<\/strong> que se celebra el <strong>viernes<\/strong>, <strong>9 de agosto<\/strong> en la cancha preparada al efecto en el Polideportivo Municipal (<strong>Inscripciones en:<\/strong> Club Voleibol Coria \u2013Tlfno.: 680339003-); mientras que, a partir de las<strong> 23:00 h.<\/strong>, arranca la <strong>XI edici\u00f3n<\/strong> del evento deportivo solidario <strong>\u201cLuna Zapatota\u201d <\/strong>con partida desde el Pabell\u00f3n Municipal de Deportes, teniendo un recorrido de <strong>10 km<\/strong><strong>.<\/strong>, con una doble salida en dos modalidades: <strong>23:10 h.<\/strong> <strong>(senderistas)<\/strong> y <strong>23:45 h.<\/strong> <strong>(corredores).<\/strong><\/p>\n\n\n\n<p><strong><u>Inscripciones en<\/u><\/strong><strong>:<\/strong> <a href=\"https:\/\/lunazapatona.blogspot.com\/p\/inscripciones.html\">https:\/\/lunazapatona.blogspot.com\/p\/inscripciones.html<\/a><\/p>\n\n\n\n<p><strong>5. <u>Observaci\u00f3n Astron\u00f3mica del Cielo \u201cDE CORIA A LA LUNA\u201d<\/u>.<\/strong><\/p>\n\n\n\n<p>En la cerrada noche del <strong>martes<\/strong>, <strong>12 de agosto<\/strong>, en la explanada de la <strong>Ermita-Santuario de la Virgen de Argeme<\/strong>, tendr\u00e1 lugar a las <strong>22:30 h.<\/strong> esta fascinante actividad con el fin de admirar <strong>\u201cLas Perseidas\u201d<\/strong> o lluvia de estrellas desde este id\u00edlico paraje donde podr\u00e1 aprovechar para tomar una foto de una de las <strong>puestas de sol m\u00e1s bonitas de Extremadura<\/strong>.\u00a0 \u00a1Todo un lujo para los sentidos!\u2026<\/p>\n\n\n\n<p><strong><u>Inscripciones en<\/u>:<\/strong> Oficina Municipal de Turismo<\/p>\n\n\n\n<p><strong>6. <u>Luces y Sombras en la M\u00e1gica \u201cNOCHE DE LAS VELAS\u201d<\/u>.<\/strong><\/p>\n\n\n\n<p>Al caer el sol en el atardecer del <strong>mi\u00e9rcoles<\/strong>, <strong>13 de agosto<\/strong>, Coria se transforma.&nbsp; Las principales calles y plazas de su Casco Hist\u00f3rico adornan sus v\u00edas, balcones y rejas con cientos de candelillas, cirios y lamparillas, arropando un emocional <strong>Mercado Artesanal de las Velas<\/strong>, con <strong>productos de la tierra.&nbsp; Todo ello, amenizado con m\u00fasica ambiente en vivo<\/strong>, <strong>actividades para ni\u00f1os y mayores<\/strong>\u2026 Una forma diferente y original de conocer la historia de Coria, encantada y divertida.&nbsp; \u00a1Impresionante!.<\/p>\n\n\n\n<p><strong>7. <u>Ambientado Mercado de Artesan\u00eda del \u201cJUEVES TUR\u00cdSTICO\u201d<\/u>.<\/strong><\/p>\n\n\n\n<p>Al d\u00eda siguiente de la \u2018Noche de la Velas\u2019, el <strong>jueves<\/strong>, <strong>14 de agosto<\/strong>, la Ciudad de Coria se despierta con la <strong>XXX edici\u00f3n<\/strong> de un atractivo <strong>Mercado de Artesan\u00eda y Comercio<\/strong> ambientado por las calles y plazas de su monumental Casco Hist\u00f3rico Amurallado.&nbsp; Evento que se complementa con otras actividades como <strong>pasacalles de acordeonistas y de batucada<\/strong>,<strong> taller de pompas gigantes de colores<\/strong>, <strong>desfiles y combates de los Caballeros de Fratres de C\u00e1ceres<\/strong>, <strong>caricaturas del Peneke<\/strong> y <strong>paseos en burro<\/strong> para ni\u00f1os, <strong>espect\u00e1culo y exposici\u00f3n de cetrer\u00eda<\/strong>, <strong>m\u00fasica ambiente<\/strong>, <strong>conciertos de m\u00fasica de DJS<\/strong> y <strong>mercadillo tradicional<\/strong> (Barrio de Moscoso) entre otras.<\/p>\n\n\n\n<p><strong>8. <u>Tentadora \u201cSHOWPPING NIGHT\u201d<\/u>.<\/strong><\/p>\n\n\n\n<p>El <strong>viernes, 22 de agosto<\/strong>, tendremos la oportunidad de descubrir y adquirir hasta la 01:00 horas de la madrugada los mejores productos rebajados del <strong>Comercio de Coria<\/strong>, a la vez que disfrutar de multitud de actividades paralelas: <strong>talleres art\u00edsticos<\/strong>, <strong>pasacalles<\/strong>, <strong>espect\u00e1culos musicales<\/strong> y sin fin de eventos para completar tan seductora <strong>noche de compras<\/strong>.<\/p>\n\n\n\n<p><strong>9. <u>Seductora \u201cVISITA GUIADA TEATRALIZADA EL BULUL\u00da DE DON COSME\u201d<\/u>.<\/strong><\/p>\n\n\n\n<p>El <strong>s\u00e1bado, 23 de agosto<\/strong>, tendremos la oportunidad de descubrir los lugares y monumentos m\u00e1s emblem\u00e1ticos de la <strong>Ciudad Antigua<\/strong> a trav\u00e9s de una <strong>visita teatralizada nocturna<\/strong> de la mano de <strong>Don Cosme<\/strong> que dar\u00e1 comienzo a las <strong>22:30 h<\/strong>. desde la Plaza de la Cava.<\/p>\n\n\n\n<p><strong><u>Inscripciones en<\/u><\/strong><strong>:<\/strong> Oficina Municipal de Turismo.&nbsp; Adem\u00e1s, ese mismo d\u00eda, el <strong>Campo Anexo del Municipal C\u00e9sar S\u00e1nchez<\/strong> acoger\u00e1, a partir de las <strong>24:00 h.<\/strong>, una jovial <strong>noche de m\u00fasica y diversi\u00f3n<\/strong> a <strong>orillas del r\u00edo Alag\u00f3n<\/strong> y bajo la constelaci\u00f3n de estrellas del firmamento cauriense dentro de la \u00fanica e irrepetible <strong>\u201cIsla Party IV Edici\u00f3n\u201d<\/strong>.<\/p>\n\n\n\n<p><strong>10. <u>De Fiesta con la \u201cXVIII CONCENTRACI\u00d3N MOTERA ESPERANDO\u201d<\/u>.<\/strong><\/p>\n\n\n\n<p>Los amantes a las motos podr\u00e1n disfrutar en la Ciudad de Coria <strong>del 29 al 31 de agosto<\/strong> del magn\u00edfico <strong>ambiente motero<\/strong> que se vive en esta localidad a trav\u00e9s del amplio dise\u00f1o de<strong> actividades<\/strong> <strong>programadas<\/strong> como <strong>rutas de paseo<\/strong>, <strong>gastronom\u00eda<\/strong> y <strong>conciertos<\/strong> que atraer\u00e1n a un gran n\u00famero de motociclistas venidos desde todos los rincones del pa\u00eds y del vecino Portugal para disfrutar esos d\u00edas fortaleciendo su camarader\u00eda y compartiendo su pasi\u00f3n por las dos ruedas.<\/p>\n\n\n\n<p><strong><u>Inscripciones en<\/u><\/strong><strong>:<\/strong> Pe\u00f1a Motera Esperando (Tlfno.: 648695268).<\/p>\n\n\n\n<p>Un <strong>turismo cultural de interior<\/strong>, placentero y entretenido, cuya variada <strong>oferta cultural<\/strong> y <strong>deportiva<\/strong> se ver\u00e1 complementada con el <strong>turismo gastron\u00f3mico<\/strong> a trav\u00e9s de la <strong>FIESTA GASTRON\u00d3MICA DEL TOMATE<\/strong> que, <strong>del 9 al 17 de agosto<\/strong>, este producto y alimento extreme\u00f1o se convertir\u00e1 en el protagonista absoluto de las cocinas caurienses del que Extremadura es el principal productor de Espa\u00f1a.<\/p>\n\n\n\n<figure class=\"wp-block-embed is-type-video is-provider-youtube wp-block-embed-youtube wp-embed-aspect-16-9 wp-has-aspect-ratio\"><div class=\"wp-block-embed__wrapper\">\n<div class=\"ast-oembed-container \" style=\"height: 100%;\"><iframe loading=\"lazy\" title=\"Coria Ciudad Gastron\u00f3mica Extreme\u00f1a 2025\" width=\"500\" height=\"281\" data-src=\"https:\/\/www.youtube.com\/embed\/EhG5Z11Qd-0?feature=oembed\" frameborder=\"0\" allow=\"accelerometer; autoplay; clipboard-write; encrypted-media; gyroscope; picture-in-picture; web-share\" referrerpolicy=\"strict-origin-when-cross-origin\" allowfullscreen src=\"data:image\/gif;base64,R0lGODlhAQABAAAAACH5BAEKAAEALAAAAAABAAEAAAICTAEAOw==\" class=\"lazyload\" data-load-mode=\"1\"><\/iframe><\/div>\n<\/div><\/figure>\n\n\n\n<p><\/p>\n\n\n\n<p>Por ello, el tomate extreme\u00f1o y el cauriense en particular, recogido, elaborado y transformado en la planta de la f\u00e1brica que <strong>Conservas El CIDACOS<\/strong> S.A. posee en la <strong>Ciudad de Coria<\/strong>, es una de las materias primas primordiales e ingrediente central de nuestra gastronom\u00eda.&nbsp; Motivo por el cual m\u00e1s de una quincena de establecimientos hosteleros de la localidad dar\u00e1n buena cuenta de ello estando presente en cualquiera de sus elaboraciones con las que poder disfrutar de este rico manjar tan natural como es la propia Extremadura y tan aut\u00f3ctono como es la misma cocina cauriense.<\/p>\n\n\n\n<p>As\u00ed, ya sea en la modalidad de <strong>\u2018Men\u00fa Fin de Semana\u2019 <\/strong>que se iniciar\u00e1 <strong>del 9 al 10 de agosto<\/strong>, donde los <strong>Restaurantes San Crist\u00f3bal<\/strong>, <strong>Montesol<\/strong>, <strong>P\u00e9rcor<\/strong>,<strong> Palacio Ducal de Alba<\/strong>, <strong>Campana<\/strong> y <strong>Al-Karika<\/strong>, presentar\u00e1n una serie de interesantes ideas para conocer mejor este delicioso producto extreme\u00f1o.<\/p>\n\n\n\n<p>O bien, con la opci\u00f3n <strong>\u2018Carta\u2019<\/strong> que, <strong>del 11 al 17 de agosto<\/strong>, los paladares m\u00e1s exigentes quedar\u00e1n asombrados por el sabor y buen hacer de las cocinas caurienses representadas por los <strong>Restaurantes San Crist\u00f3bal<\/strong>, <strong>Montesol<\/strong>, <strong>P\u00e9rcor<\/strong>, <strong>Palacio Ducal de Alba<\/strong>, <strong>El Bobo de Coria<\/strong>, <strong>Campana<\/strong>, <strong>Casa Maxi<\/strong> y <strong>Al-Karika<\/strong>, adem\u00e1s de la <strong>Taper\u00eda La Posada<\/strong>, en los que se podr\u00e1n saborear con calma las mejores elaboraciones ingeniadas expresamente para la ocasi\u00f3n.<\/p>\n\n\n\n<p>Y finalmente, por medio de la sugerente y atractiva <strong>\u2018Ruta de Tapas\u2019<\/strong> que, <strong>del 13 al 15 de agosto<\/strong>, se podr\u00e1n degustar en los <strong>Restaurantes San Crist\u00f3bal Palacio Ducal de Alba<\/strong>, <strong>Campana<\/strong>, <strong>Al-Karika<\/strong>, <strong>San Juan<\/strong> y <strong>Saborea La Plaza<\/strong>, adem\u00e1s de la <strong>Taper\u00eda La Posada<\/strong> o <strong>GastroBar Trucha\u2019s<\/strong>, y los <strong>Caf\u00e9-Bar Grana y Oro,<\/strong> <strong>Los Nuevos Deportes<\/strong>, <strong>Gale\u00f3n<\/strong> y <strong>Candilejas<\/strong>, convirti\u00e9ndose este sabroso y apetitoso producto de verano en un maridaje de lujo al conjugarse con uno de los festivales de guitarra m\u00e1s importantes de la regi\u00f3n y unos eventos culturales y deportivos pensados para todos los p\u00fablicos\u2026<\/p>\n\n\n\n<p>En definitiva, desde el Consistorio cauriense se hace un llamamiento animando, tanto al p\u00fablico local como al for\u00e1neo, para que visiten la ciudad y vivan, en primera persona, estos grandes eventos de corte cultural, deportivo y gastron\u00f3mico de los que esperamos sean del agrado de todos, con el prop\u00f3sito de que disfrutemos de un estupendo mes vacacional de agosto, al objeto de que la Ciudad de Coria suene en todos los rincones de la geograf\u00eda extreme\u00f1a, espa\u00f1ola y del vecino pa\u00eds de Portugal.<\/p>\n\n\n\n<p><strong>M\u00e1s Informaci\u00f3n en:<br>Oficina Municipal de Turismo<br><\/strong>Plaza de San Pedro, 1<br>Tlfno.: 927 50 80 00 Ext. 290<br>Email: <strong><a href=\"mailto:oficinaturismo@coria.org\">oficinaturismo@coria.org<\/a><\/strong><\/p>\n\n\n\n<p>Url: <strong><a href=\"https:\/\/turismocoria.es\/cge2025\">https:\/\/turismocoria.es\/cge2025<\/a><\/strong><\/p>\n\n\n\n<p>Url: <strong><a href=\"https:\/\/www.guitarracoria.com\/\">https:\/\/www.guitarracoria.com<\/a><\/strong><\/p>\n\n\n\n<div data-wp-interactive=\"core\/file\" class=\"wp-block-file alignwide\"><object data-wp-bind--hidden=\"!state.hasPdfPreview\"  class=\"wp-block-file__embed\" data=\"https:\/\/turismocoria.es\/turismo\/wp-content\/uploads\/2025\/07\/FOLLETO-AGOSTO-TURISTICO-CORIA-2025.pdf\" type=\"application\/pdf\" style=\"width:100%;height:600px\" aria-label=\"Incrustado de FOLLETO AGOSTO TUR\u00cdSTICO CORIA 2025.\"><\/object><a id=\"wp-block-file--media-3010c373-e228-4f78-8458-8fe747fb903e\" href=\"https:\/\/turismocoria.es\/turismo\/wp-content\/uploads\/2025\/07\/FOLLETO-AGOSTO-TURISTICO-CORIA-2025.pdf\">FOLLETO AGOSTO TUR\u00cdSTICO CORIA 2025<\/a><a href=\"https:\/\/turismocoria.es\/turismo\/wp-content\/uploads\/2025\/07\/FOLLETO-AGOSTO-TURISTICO-CORIA-2025.pdf\" class=\"wp-block-file__button wp-element-button\" download aria-describedby=\"wp-block-file--media-3010c373-e228-4f78-8458-8fe747fb903e\">Descarga<\/a><\/div>\n","protected":false},"excerpt":{"rendered":"<p>Historia, patrimonio, arte, gastronom\u00eda, naturaleza y tradiciones, son algunos de los atractivos tur\u00edsticos que atesora la milenaria, se\u00f1orial y episcopal Ciudad de Coria.&nbsp; Rincones centenarios y tesoros secretos prodigiosamente guardados en una de las poblaciones m\u00e1s antiguas de Espa\u00f1a que, durante este vacacional mes estival, contar\u00e1 con diez imprescindibles citas para un verano de interior [&hellip;]<\/p>\n","protected":false},"author":2,"featured_media":13430,"comment_status":"closed","ping_status":"","sticky":false,"template":"","format":"standard","meta":{"_uag_custom_page_level_css":"","site-sidebar-layout":"default","site-content-layout":"","ast-site-content-layout":"default","site-content-style":"default","site-sidebar-style":"default","ast-global-header-display":"","ast-banner-title-visibility":"","ast-main-header-display":"","ast-hfb-above-header-display":"","ast-hfb-below-header-display":"","ast-hfb-mobile-header-display":"","site-post-title":"","ast-breadcrumbs-content":"","ast-featured-img":"","footer-sml-layout":"","theme-transparent-header-meta":"","adv-header-id-meta":"","stick-header-meta":"","header-above-stick-meta":"","header-main-stick-meta":"","header-below-stick-meta":"","astra-migrate-meta-layouts":"set","ast-page-background-enabled":"default","ast-page-background-meta":{"desktop":{"background-color":"","background-image":"","background-repeat":"repeat","background-position":"center center","background-size":"auto","background-attachment":"scroll","background-type":"","background-media":"","overlay-type":"","overlay-color":"","overlay-opacity":"","overlay-gradient":""},"tablet":{"background-color":"","background-image":"","background-repeat":"repeat","background-position":"center center","background-size":"auto","background-attachment":"scroll","background-type":"","background-media":"","overlay-type":"","overlay-color":"","overlay-opacity":"","overlay-gradient":""},"mobile":{"background-color":"","background-image":"","background-repeat":"repeat","background-position":"center center","background-size":"auto","background-attachment":"scroll","background-type":"","background-media":"","overlay-type":"","overlay-color":"","overlay-opacity":"","overlay-gradient":""}},"ast-content-background-meta":{"desktop":{"background-color":"var(--ast-global-color-5)","background-image":"","background-repeat":"repeat","background-position":"center center","background-size":"auto","background-attachment":"scroll","background-type":"","background-media":"","overlay-type":"","overlay-color":"","overlay-opacity":"","overlay-gradient":""},"tablet":{"background-color":"var(--ast-global-color-5)","background-image":"","background-repeat":"repeat","background-position":"center center","background-size":"auto","background-attachment":"scroll","background-type":"","background-media":"","overlay-type":"","overlay-color":"","overlay-opacity":"","overlay-gradient":""},"mobile":{"background-color":"var(--ast-global-color-5)","background-image":"","background-repeat":"repeat","background-position":"center center","background-size":"auto","background-attachment":"scroll","background-type":"","background-media":"","overlay-type":"","overlay-color":"","overlay-opacity":"","overlay-gradient":""}},"_EventAllDay":false,"_EventTimezone":"","_EventStartDate":"","_EventEndDate":"","_EventStartDateUTC":"","_EventEndDateUTC":"","_EventShowMap":false,"_EventShowMapLink":false,"_EventURL":"","_EventCost":"","_EventCostDescription":"","_EventCurrencySymbol":"","_EventCurrencyCode":"","_EventCurrencyPosition":"","_EventDateTimeSeparator":"","_EventTimeRangeSeparator":"","_EventOrganizerID":[],"_EventVenueID":0,"_OrganizerEmail":"","_OrganizerPhone":"","_OrganizerWebsite":"","_VenueAddress":"","_VenueCity":"","_VenueCountry":"","_VenueProvince":"","_VenueZip":"","_VenuePhone":"","_VenueURL":"","_VenueStateProvince":"","_VenueLat":"","_VenueLng":"","footnotes":""},"categories":[33],"tags":[],"class_list":["post-13429","post","type-post","status-publish","format-standard","has-post-thumbnail","hentry","category-sin-categorizar"],"featured_image_src":"https:\/\/turismocoria.es\/turismo\/wp-content\/uploads\/2025\/07\/Coria-CGE2025_8.-Tomate-600x400.jpg","featured_image_src_square":"https:\/\/turismocoria.es\/turismo\/wp-content\/uploads\/2025\/07\/Coria-CGE2025_8.-Tomate-600x600.jpg","author_info":{"display_name":"turismo","author_link":"https:\/\/turismocoria.es\/turismo\/author\/turismo\/"},"uagb_featured_image_src":{"full":["https:\/\/turismocoria.es\/turismo\/wp-content\/uploads\/2025\/07\/Coria-CGE2025_8.-Tomate.jpg",1565,756,false],"thumbnail":["https:\/\/turismocoria.es\/turismo\/wp-content\/uploads\/2025\/07\/Coria-CGE2025_8.-Tomate-150x150.jpg",150,150,true],"medium":["https:\/\/turismocoria.es\/turismo\/wp-content\/uploads\/2025\/07\/Coria-CGE2025_8.-Tomate-300x145.jpg",300,145,true],"medium_large":["https:\/\/turismocoria.es\/turismo\/wp-content\/uploads\/2025\/07\/Coria-CGE2025_8.-Tomate-768x371.jpg",768,371,true],"large":["https:\/\/turismocoria.es\/turismo\/wp-content\/uploads\/2025\/07\/Coria-CGE2025_8.-Tomate-1024x495.jpg",1024,495,true],"gs-tiny":["https:\/\/turismocoria.es\/turismo\/wp-content\/uploads\/2025\/07\/Coria-CGE2025_8.-Tomate-50x24.jpg",50,24,true],"xl":["https:\/\/turismocoria.es\/turismo\/wp-content\/uploads\/2025\/07\/Coria-CGE2025_8.-Tomate.jpg",1565,756,false],"xxl":["https:\/\/turismocoria.es\/turismo\/wp-content\/uploads\/2025\/07\/Coria-CGE2025_8.-Tomate.jpg",1565,756,false],"xxxl":["https:\/\/turismocoria.es\/turismo\/wp-content\/uploads\/2025\/07\/Coria-CGE2025_8.-Tomate.jpg",1565,756,false],"xxxxl":["https:\/\/turismocoria.es\/turismo\/wp-content\/uploads\/2025\/07\/Coria-CGE2025_8.-Tomate.jpg",1565,756,false],"xxxxxl":["https:\/\/turismocoria.es\/turismo\/wp-content\/uploads\/2025\/07\/Coria-CGE2025_8.-Tomate.jpg",1565,756,false],"1536x1536":["https:\/\/turismocoria.es\/turismo\/wp-content\/uploads\/2025\/07\/Coria-CGE2025_8.-Tomate-1536x742.jpg",1536,742,true],"2048x2048":["https:\/\/turismocoria.es\/turismo\/wp-content\/uploads\/2025\/07\/Coria-CGE2025_8.-Tomate.jpg",1565,756,false],"ultp_layout_landscape_large":["https:\/\/turismocoria.es\/turismo\/wp-content\/uploads\/2025\/07\/Coria-CGE2025_8.-Tomate-1200x756.jpg",1200,756,true],"ultp_layout_landscape":["https:\/\/turismocoria.es\/turismo\/wp-content\/uploads\/2025\/07\/Coria-CGE2025_8.-Tomate-870x570.jpg",870,570,true],"ultp_layout_portrait":["https:\/\/turismocoria.es\/turismo\/wp-content\/uploads\/2025\/07\/Coria-CGE2025_8.-Tomate-600x756.jpg",600,756,true],"ultp_layout_square":["https:\/\/turismocoria.es\/turismo\/wp-content\/uploads\/2025\/07\/Coria-CGE2025_8.-Tomate-600x600.jpg",600,600,true],"gb-block-post-grid-landscape":["https:\/\/turismocoria.es\/turismo\/wp-content\/uploads\/2025\/07\/Coria-CGE2025_8.-Tomate-600x400.jpg",600,400,true],"gb-block-post-grid-square":["https:\/\/turismocoria.es\/turismo\/wp-content\/uploads\/2025\/07\/Coria-CGE2025_8.-Tomate-600x600.jpg",600,600,true]},"uagb_author_info":{"display_name":"turismo","author_link":"https:\/\/turismocoria.es\/turismo\/author\/turismo\/"},"uagb_comment_info":0,"uagb_excerpt":"Historia, patrimonio, arte, gastronom\u00eda, naturaleza y tradiciones, son algunos de los atractivos tur\u00edsticos que atesora la milenaria, se\u00f1orial y episcopal Ciudad de Coria.&nbsp; Rincones centenarios y tesoros secretos prodigiosamente guardados en una de las poblaciones m\u00e1s antiguas de Espa\u00f1a que, durante este vacacional mes estival, contar\u00e1 con diez imprescindibles citas para un verano de interior&hellip;","_links":{"self":[{"href":"https:\/\/turismocoria.es\/turismo\/wp-json\/wp\/v2\/posts\/13429"}],"collection":[{"href":"https:\/\/turismocoria.es\/turismo\/wp-json\/wp\/v2\/posts"}],"about":[{"href":"https:\/\/turismocoria.es\/turismo\/wp-json\/wp\/v2\/types\/post"}],"author":[{"embeddable":true,"href":"https:\/\/turismocoria.es\/turismo\/wp-json\/wp\/v2\/users\/2"}],"replies":[{"embeddable":true,"href":"https:\/\/turismocoria.es\/turismo\/wp-json\/wp\/v2\/comments?post=13429"}],"version-history":[{"count":5,"href":"https:\/\/turismocoria.es\/turismo\/wp-json\/wp\/v2\/posts\/13429\/revisions"}],"predecessor-version":[{"id":13469,"href":"https:\/\/turismocoria.es\/turismo\/wp-json\/wp\/v2\/posts\/13429\/revisions\/13469"}],"wp:featuredmedia":[{"embeddable":true,"href":"https:\/\/turismocoria.es\/turismo\/wp-json\/wp\/v2\/media\/13430"}],"wp:attachment":[{"href":"https:\/\/turismocoria.es\/turismo\/wp-json\/wp\/v2\/media?parent=13429"}],"wp:term":[{"taxonomy":"category","embeddable":true,"href":"https:\/\/turismocoria.es\/turismo\/wp-json\/wp\/v2\/categories?post=13429"},{"taxonomy":"post_tag","embeddable":true,"href":"https:\/\/turismocoria.es\/turismo\/wp-json\/wp\/v2\/tags?post=13429"}],"curies":[{"name":"wp","href":"https:\/\/api.w.org\/{rel}","templated":true}]}}