{"id":13378,"date":"2025-07-03T15:57:34","date_gmt":"2025-07-03T13:57:34","guid":{"rendered":"https:\/\/turismocoria.es\/turismo\/?p=13378"},"modified":"2025-07-22T13:42:51","modified_gmt":"2025-07-22T11:42:51","slug":"teatro-gastronomia-y-turismo-activo-en-la-ciudad-de-coria-del-17-al-27-de-julio","status":"publish","type":"post","link":"https:\/\/turismocoria.es\/turismo\/teatro-gastronomia-y-turismo-activo-en-la-ciudad-de-coria-del-17-al-27-de-julio\/","title":{"rendered":"Teatro, Gastronom\u00eda y Deporte Activo en la Ciudad de Coria del 17 al 27 de Julio."},"content":{"rendered":"\n<p><strong>Llega el mes de julio y, con \u00e9l, el Festival Internacional de Teatro Coria Si\u00e9ntela!, abre nuevamente el tel\u00f3n de este magn\u00edfico espect\u00e1culo cuyo escenario cobra vida con la puesta en escena de cada una de las representaciones estivales de teatro al aire libre en ese marco incomparable que es la Puerta del Perd\u00f3n de la seo cauriense donde, como en cada edici\u00f3n, los amantes de la far\u00e1ndula y las artes esc\u00e9nicas se dan cita para disfrutar de las veraniegas noches en pleno coraz\u00f3n del Casco Hist\u00f3rico de Coria.&nbsp; Y, por otro lado, una meta, la de descender en canoa o en piragua el r\u00edo Alag\u00f3n a trav\u00e9s de ese apasionante y refrescante reto al que podr\u00e1n enfrentarse los participantes que se inscriban en este l\u00fadico evento, al objeto de disfrutar del deporte y la naturaleza.&nbsp; Tentador, \u00bfVerdad?&#8230;<\/strong><\/p>\n\n\n\n<p>En este sentido, el <strong><u><a href=\"https:\/\/turismocoria.es\/turismo\/fiestas-y-eventos-para-disfrutar\/festival-internacional-de-teatro\/\" data-type=\"page\" data-id=\"574\">Festival Internacional de Teatro Coria Si\u00e9ntela!<\/a><a href=\"https:\/\/turismocoria.es\/turismo\/lugares-que-no-te-puedes-perder\/casco-historico\/\" data-type=\"page\" data-id=\"732\"> <\/a><\/u><\/strong>es un evento cultural y tur\u00edstico celebrado dentro de la milenaria e hist\u00f3rica <strong>Ciudad de Coria<\/strong>, que naci\u00f3 con \u00e9xito y vocaci\u00f3n de permanencia en una localidad con ra\u00edces dram\u00e1ticas que sigue apostando por la apuesta en valor y promoci\u00f3n de las compa\u00f1\u00edas consagradas existentes dentro y fuera de la regi\u00f3n de esta bella rama del arte que se desarrolla en ese insuperable entorno arquitect\u00f3nico como es la portada plateresca del atrio del Perd\u00f3n de la <strong>Santa Iglesia<\/strong> <strong><u>Catedral<\/u> <u>de Santa Mar\u00eda de la Asunci\u00f3n<\/u><\/strong> (S. XVII-XVIII).<\/p>\n\n\n\n<p>Una m\u00e1s que interesante programaci\u00f3n que, en la edici\u00f3n de este a\u00f1o, se ha superado con creces la selecci\u00f3n de las obras contratadas, al objeto de que los espectadores vivan siete intensas noches repletas de sensaciones y experiencias \u00fanicas, seg\u00fan se extrae del excelente cartel dise\u00f1ado para su representaci\u00f3n <strong>del 17 al 22 de julio de 2025<\/strong>.<\/p>\n\n\n\n<p>Unas obras teatrales que se representar\u00e1n en la plateresca portada del Perd\u00f3n de la Catedral cauriense a partir de las 23:00 h., cuya venta de entradas anticipadas se pueden adquirir en la plataforma: <a href=\"http:\/\/www.giglon.com\/\"><strong>www.giglon.com<\/strong><\/a>, con unos precios de 10 \u20ac, en cuanto a las entradas individuales, y de 50 \u20ac, los abonos, disponi\u00e9ndose de butacas reservadas para personas con movilidad reducida.<\/p>\n\n\n\n<figure class=\"wp-block-image aligncenter size-large\"><img loading=\"lazy\" decoding=\"async\" width=\"823\" height=\"1024\" data-src=\"https:\/\/turismocoria.es\/turismo\/wp-content\/uploads\/2025\/07\/CARTEL-FESTIVAL-TEATRO-CORIA-SIENTELA-2025-823x1024.jpg\" alt=\"\" class=\"wp-image-13382 lazyload\" data-srcset=\"https:\/\/turismocoria.es\/turismo\/wp-content\/uploads\/2025\/07\/CARTEL-FESTIVAL-TEATRO-CORIA-SIENTELA-2025-823x1024.jpg 823w, https:\/\/turismocoria.es\/turismo\/wp-content\/uploads\/2025\/07\/CARTEL-FESTIVAL-TEATRO-CORIA-SIENTELA-2025-241x300.jpg 241w, https:\/\/turismocoria.es\/turismo\/wp-content\/uploads\/2025\/07\/CARTEL-FESTIVAL-TEATRO-CORIA-SIENTELA-2025-768x955.jpg 768w, https:\/\/turismocoria.es\/turismo\/wp-content\/uploads\/2025\/07\/CARTEL-FESTIVAL-TEATRO-CORIA-SIENTELA-2025-50x62.jpg 50w, https:\/\/turismocoria.es\/turismo\/wp-content\/uploads\/2025\/07\/CARTEL-FESTIVAL-TEATRO-CORIA-SIENTELA-2025-1235x1536.jpg 1235w, https:\/\/turismocoria.es\/turismo\/wp-content\/uploads\/2025\/07\/CARTEL-FESTIVAL-TEATRO-CORIA-SIENTELA-2025.jpg 1440w\" data-sizes=\"(max-width: 823px) 100vw, 823px\" src=\"data:image\/gif;base64,R0lGODlhAQABAAAAACH5BAEKAAEALAAAAAABAAEAAAICTAEAOw==\" style=\"--smush-placeholder-width: 823px; --smush-placeholder-aspect-ratio: 823\/1024;\" \/><noscript><img loading=\"lazy\" decoding=\"async\" width=\"823\" height=\"1024\" src=\"https:\/\/turismocoria.es\/turismo\/wp-content\/uploads\/2025\/07\/CARTEL-FESTIVAL-TEATRO-CORIA-SIENTELA-2025-823x1024.jpg\" alt=\"\" class=\"wp-image-13382\" srcset=\"https:\/\/turismocoria.es\/turismo\/wp-content\/uploads\/2025\/07\/CARTEL-FESTIVAL-TEATRO-CORIA-SIENTELA-2025-823x1024.jpg 823w, https:\/\/turismocoria.es\/turismo\/wp-content\/uploads\/2025\/07\/CARTEL-FESTIVAL-TEATRO-CORIA-SIENTELA-2025-241x300.jpg 241w, https:\/\/turismocoria.es\/turismo\/wp-content\/uploads\/2025\/07\/CARTEL-FESTIVAL-TEATRO-CORIA-SIENTELA-2025-768x955.jpg 768w, https:\/\/turismocoria.es\/turismo\/wp-content\/uploads\/2025\/07\/CARTEL-FESTIVAL-TEATRO-CORIA-SIENTELA-2025-50x62.jpg 50w, https:\/\/turismocoria.es\/turismo\/wp-content\/uploads\/2025\/07\/CARTEL-FESTIVAL-TEATRO-CORIA-SIENTELA-2025-1235x1536.jpg 1235w, https:\/\/turismocoria.es\/turismo\/wp-content\/uploads\/2025\/07\/CARTEL-FESTIVAL-TEATRO-CORIA-SIENTELA-2025.jpg 1440w\" sizes=\"(max-width: 823px) 100vw, 823px\" \/><\/noscript><\/figure>\n\n\n\n<p>A su vez, el <strong>domingo<\/strong>, <strong>27 de julio<\/strong>, est\u00e1 prevista la celebraci\u00f3n del <strong><a href=\"https:\/\/turismocoria.es\/turismo\/deporte-activo-de-salud-y-vida\/desciende-en-canoa-rio-alagon\/\" data-type=\"page\" data-id=\"590\">XVI<u> Descenso del R\u00edo Alag\u00f3n<\/u><\/a><\/strong> como popular cita deportiva veraniega extreme\u00f1a.&nbsp; Un <strong>evento de turismo activo y naturaleza<\/strong>, que se llevar\u00e1 a cabo durante el \u00faltimo fin de semana de este vacacional mes, teniendo lugar el s\u00e1bado, 26 de julio, una recepci\u00f3n en el Ayuntamiento de Coria, entre las 22:00 h. y las 24:00 h. con la finalidad de repartir las bolsas conmemorativas de regalo y las pulseras idetificativas de la cita; mientras que en la matinal del d\u00eda siguiente, los participantes se concentrar\u00e1n, a partir de las 08:00 h., en el Club de Pirag\u00fcismo \u201cR\u00edo Alag\u00f3n\u201d, bajo el Puente Nuevo, desde ser\u00e1n trasladados en autob\u00fas hasta la salida de la prueba en el Puente de la Macarrona, en la vecina localidad de Riolobos, a partir de las 10:00 h., desde donde, tras una traves\u00eda estimada de 4 horas y media, para recorrer remando 18,8 km., los participantes llegar\u00e1n a la meta situada en el Puente de Hierro de Coria.<\/p>\n\n\n\n<figure class=\"wp-block-embed is-type-video is-provider-youtube wp-block-embed-youtube wp-embed-aspect-16-9 wp-has-aspect-ratio\"><div class=\"wp-block-embed__wrapper\">\n<div class=\"ast-oembed-container \" style=\"height: 100%;\"><iframe loading=\"lazy\" title=\"Descenso del R\u00edo Alag\u00f3n\" width=\"500\" height=\"281\" data-src=\"https:\/\/www.youtube.com\/embed\/b7gvyy-jKi4?feature=oembed\" frameborder=\"0\" allow=\"accelerometer; autoplay; clipboard-write; encrypted-media; gyroscope; picture-in-picture; web-share\" referrerpolicy=\"strict-origin-when-cross-origin\" allowfullscreen src=\"data:image\/gif;base64,R0lGODlhAQABAAAAACH5BAEKAAEALAAAAAABAAEAAAICTAEAOw==\" class=\"lazyload\" data-load-mode=\"1\"><\/iframe><\/div>\n<\/div><\/figure>\n\n\n\n<p><\/p>\n\n\n\n<p>Una prueba que est\u00e1 destinada a todos los amantes y aficionados del canotaje o pirag\u00fcismo, en la que no existen grandes restricciones en la participaci\u00f3n, salvo tener m\u00e1s de 11 a\u00f1os, saber nadar y manejar una canoa o piragua\u2026 as\u00ed de f\u00e1cil.&nbsp; El <strong>precio de la inscripci\u00f3n<\/strong>, si se opta por la opci\u00f3n de recorrer la <strong>distancia larga<\/strong> (18,8 Km.), es de 33 \u20ac para las personas que no disponen de embarcaci\u00f3n propia, y de 10 \u20ac para los participantes que s\u00ed cuentan con ella; o bien, si se decide por realizar la <strong>distancia corta (<\/strong>7,5 Km.), el precio oscila entre los 30 \u20ac sin embarcaci\u00f3n y los 8 \u20ac con embarcaci\u00f3n; incluyendo en todo caso ambas opciones de participaci\u00f3n: seguro deportivo, pulsera identificativa, bolsa conmemorativa, avituallamiento, adem\u00e1s del transporte de la embarcaci\u00f3n y del participante hasta el punto de salida del descenso.<\/p>\n\n\n\n<p>Las <strong>inscripciones de participaci\u00f3n<\/strong> solo est\u00e1n disponibles v\u00eda online en las p\u00e1ginas webs oficiales: <strong><a href=\"https:\/\/turismocoria.es\/\">https:\/\/turismocoria.es<\/a><\/strong> y <strong><a href=\"https:\/\/descensorioalagon.blogspot.com\/\"><strong>https:\/\/descensorioalagon.blogspot.com\/<\/strong><\/a><\/strong>, finalizando el plazo para realizar las mismas el martes, 22 de julio, hasta completar el cupo m\u00e1ximo de 500 regatistas.<\/p>\n\n\n\n<figure class=\"wp-block-image aligncenter size-large\"><img loading=\"lazy\" decoding=\"async\" width=\"732\" height=\"1024\" data-src=\"https:\/\/turismocoria.es\/turismo\/wp-content\/uploads\/2025\/07\/CARTEL-DESCENSO-RIO-ALAGON-CORIA-2025-732x1024.jpg\" alt=\"\" class=\"wp-image-13383 lazyload\" data-srcset=\"https:\/\/turismocoria.es\/turismo\/wp-content\/uploads\/2025\/07\/CARTEL-DESCENSO-RIO-ALAGON-CORIA-2025-732x1024.jpg 732w, https:\/\/turismocoria.es\/turismo\/wp-content\/uploads\/2025\/07\/CARTEL-DESCENSO-RIO-ALAGON-CORIA-2025-214x300.jpg 214w, https:\/\/turismocoria.es\/turismo\/wp-content\/uploads\/2025\/07\/CARTEL-DESCENSO-RIO-ALAGON-CORIA-2025-768x1075.jpg 768w, https:\/\/turismocoria.es\/turismo\/wp-content\/uploads\/2025\/07\/CARTEL-DESCENSO-RIO-ALAGON-CORIA-2025-50x70.jpg 50w, https:\/\/turismocoria.es\/turismo\/wp-content\/uploads\/2025\/07\/CARTEL-DESCENSO-RIO-ALAGON-CORIA-2025-1098x1536.jpg 1098w, https:\/\/turismocoria.es\/turismo\/wp-content\/uploads\/2025\/07\/CARTEL-DESCENSO-RIO-ALAGON-CORIA-2025.jpg 1372w\" data-sizes=\"(max-width: 732px) 100vw, 732px\" src=\"data:image\/gif;base64,R0lGODlhAQABAAAAACH5BAEKAAEALAAAAAABAAEAAAICTAEAOw==\" style=\"--smush-placeholder-width: 732px; --smush-placeholder-aspect-ratio: 732\/1024;\" \/><noscript><img loading=\"lazy\" decoding=\"async\" width=\"732\" height=\"1024\" src=\"https:\/\/turismocoria.es\/turismo\/wp-content\/uploads\/2025\/07\/CARTEL-DESCENSO-RIO-ALAGON-CORIA-2025-732x1024.jpg\" alt=\"\" class=\"wp-image-13383\" srcset=\"https:\/\/turismocoria.es\/turismo\/wp-content\/uploads\/2025\/07\/CARTEL-DESCENSO-RIO-ALAGON-CORIA-2025-732x1024.jpg 732w, https:\/\/turismocoria.es\/turismo\/wp-content\/uploads\/2025\/07\/CARTEL-DESCENSO-RIO-ALAGON-CORIA-2025-214x300.jpg 214w, https:\/\/turismocoria.es\/turismo\/wp-content\/uploads\/2025\/07\/CARTEL-DESCENSO-RIO-ALAGON-CORIA-2025-768x1075.jpg 768w, https:\/\/turismocoria.es\/turismo\/wp-content\/uploads\/2025\/07\/CARTEL-DESCENSO-RIO-ALAGON-CORIA-2025-50x70.jpg 50w, https:\/\/turismocoria.es\/turismo\/wp-content\/uploads\/2025\/07\/CARTEL-DESCENSO-RIO-ALAGON-CORIA-2025-1098x1536.jpg 1098w, https:\/\/turismocoria.es\/turismo\/wp-content\/uploads\/2025\/07\/CARTEL-DESCENSO-RIO-ALAGON-CORIA-2025.jpg 1372w\" sizes=\"(max-width: 732px) 100vw, 732px\" \/><\/noscript><\/figure>\n\n\n\n<p>Por ello, si lo que realmente busca el turista es dedicar su tiempo de ocio vacacional a conocer otras gentes y otras costumbres, a disfrutar de la familia y los amigos, a practicar un turismo alternativo basado en la historia, el arte, la naturaleza o las experiencias, sin prisas y sin aglomeraciones, debe entonces acercase hasta el magn\u00edfico <strong><u><a href=\"https:\/\/turismocoria.es\/turismo\/lugares-que-no-te-puedes-perder\/casco-historico\/\" data-type=\"page\" data-id=\"732\">Conjunto Monumental<\/a><\/u> <\/strong>que conserva la ciudad, sin duda, una de las mejores opciones patrimoniales culturales y naturales m\u00e1s emblem\u00e1ticas de toda Extremadura en la novena ciudad m\u00e1s antigua de Espa\u00f1a, que le llevar\u00e1n a descubrir los tesoros ocultos que se exhiben en la Ciudad Antigua de Coria.<\/p>\n\n\n\n<p>Desde las volum\u00e9tricas <strong><u><a href=\"https:\/\/turismocoria.es\/turismo\/lugares-que-no-te-puedes-perder\/murallas-romanas\/\" data-type=\"page\" data-id=\"497\">Murallas Romanas<\/a><\/u><\/strong> (S. I) que lo circundan como una de las fortalezas de origen romano mejor conservadas en su conjunto de entre todas las halladas en el resto de Europa; pasando por los soberbios y se\u00f1oriales <strong><u><a href=\"https:\/\/turismocoria.es\/turismo\/lugares-que-no-te-puedes-perder\/castillo-de-los-duques-de-alba\/\" data-type=\"page\" data-id=\"226\">Castillo<\/a><\/u><\/strong> (S. XV) y <strong><u><a href=\"https:\/\/turismocoria.es\/turismo\/otros-rincones-por-descubrir\/palacio-de-los-duques-de-alba\/\" data-type=\"page\" data-id=\"509\">Palacio de los Duques de Alba<\/a><\/u><\/strong> (S. XV-XVI) como s\u00edmbolos del rancio poder nobiliario; hasta la magna <strong><u><a href=\"https:\/\/turismocoria.es\/turismo\/lugares-que-no-te-puedes-perder\/catedral\/\" data-type=\"page\" data-id=\"488\">Catedral de Santa Mar\u00eda de la Asunci\u00f3n<\/a><\/u><\/strong> (S. XV-XVIII) joya del g\u00f3tico-plateresco extreme\u00f1o en la que se custodia esa misteriosa reliquia universal del <strong><u><a href=\"https:\/\/turismocoria.es\/turismo\/el-sagrado-mantel-de-la-ultima-cena\/\" data-type=\"page\" data-id=\"1176\">Sagrado Mantel de la \u00daltima Cena<\/a><\/u><\/strong>; adem\u00e1s del <strong><u><a href=\"https:\/\/turismocoria.es\/turismo\/otros-rincones-por-descubrir\/palacio-episcopal\/\" data-type=\"page\" data-id=\"511\">Palacio Episcopal<\/a><\/u> <\/strong>(S. XVII), la <strong><u><a href=\"https:\/\/turismocoria.es\/turismo\/otros-rincones-por-descubrir\/iglesia-santiago-apostol\/\" data-type=\"page\" data-id=\"514\">Iglesia de Santiago Ap\u00f3stol<\/a><\/u> <\/strong>(S. XVI-XVIII), el <strong><u><a href=\"https:\/\/turismocoria.es\/turismo\/lugares-que-no-te-puedes-perder\/convento-de-la-madre-de-dios\/\" data-type=\"page\" data-id=\"499\">Convento de la Madre de Dios<\/a><\/u> <\/strong>(S. XVI-XVII), el <strong><u><a href=\"https:\/\/turismocoria.es\/turismo\/otros-rincones-por-descubrir\/hospital-san-nicolas-de-bari\/\" data-type=\"page\" data-id=\"521\">Hospital de San Nicol\u00e1s de Bari<\/a><\/u> <\/strong>(S. XVI-XIX), el <strong><u><a href=\"https:\/\/turismocoria.es\/turismo\/otros-rincones-por-descubrir\/colegio-seminario-conciliar\/\" data-type=\"page\" data-id=\"744\">Colegio-Seminario Mayor Conciliar<\/a><\/u><\/strong> (S. XVII-XIX), las <strong><u><a href=\"https:\/\/turismocoria.es\/turismo\/otros-rincones-por-descubrir\/carcel-real\/\" data-type=\"page\" data-id=\"2958\">C\u00e1rceles Real<\/a><\/u> <\/strong>(S. XVII), convertida en Museo de Historia, Arqueolog\u00eda y Etnograf\u00eda, y <strong><u><a href=\"https:\/\/turismocoria.es\/turismo\/otros-rincones-por-descubrir\/carcel-eclesiastica\/\" data-type=\"page\" data-id=\"517\">Eclesi\u00e1stica<\/a><\/u> <\/strong>(S. XVIII), el <strong><u><a href=\"https:\/\/turismocoria.es\/turismo\/lugares-que-no-te-puedes-perder\/santuario-de-la-virgen-de-argeme\/\" data-type=\"page\" data-id=\"505\">Santuario de Nuestra Se\u00f1ora Virgen de Argeme<\/a><\/u><\/strong> (S. XVII-XVIII) a extramuros; o los <strong><a href=\"https:\/\/turismocoria.es\/turismo\/otros-rincones-por-descubrir\/puente-de-piedra\/\" data-type=\"page\" data-id=\"529\"><u>Puentes de Piedra<\/u> <\/a><\/strong>(S. XVI) y <strong><u><a href=\"https:\/\/turismocoria.es\/turismo\/otros-rincones-por-descubrir\/puente-de-hierro\/\" data-type=\"page\" data-id=\"531\">de Hierro<\/a><\/u> <\/strong>(S. XX), entre otros interesantes rincones por descubrir.<\/p>\n\n\n\n<figure class=\"wp-block-embed is-type-video is-provider-youtube wp-block-embed-youtube wp-embed-aspect-16-9 wp-has-aspect-ratio\"><div class=\"wp-block-embed__wrapper\">\n<div class=\"ast-oembed-container \" style=\"height: 100%;\"><iframe loading=\"lazy\" title=\"Coria \u201cConjunto Monumental\u201d, destino tur\u00edstico del noroeste de Extremadura\" width=\"500\" height=\"281\" data-src=\"https:\/\/www.youtube.com\/embed\/M6VniblQWMo?feature=oembed\" frameborder=\"0\" allow=\"accelerometer; autoplay; clipboard-write; encrypted-media; gyroscope; picture-in-picture; web-share\" referrerpolicy=\"strict-origin-when-cross-origin\" allowfullscreen src=\"data:image\/gif;base64,R0lGODlhAQABAAAAACH5BAEKAAEALAAAAAABAAEAAAICTAEAOw==\" class=\"lazyload\" data-load-mode=\"1\"><\/iframe><\/div>\n<\/div><\/figure>\n\n\n\n<p><\/p>\n\n\n\n<p>Un turismo cultural de interior, placentero y entretenido, cuya variada <strong>oferta cultural<\/strong> y <strong>deportiva<\/strong> se ver\u00e1 complementada con el <strong>turismo gastron\u00f3mico<\/strong> a trav\u00e9s de la <strong>Fiesta Gastron\u00f3mica del Queso y del Vino<\/strong> que, <strong>del 19 al 27 de julio<\/strong>, va a dar mucho que hablar. &nbsp;No s\u00f3lo porque re\u00fane dos aut\u00e9nticos manjares de la gastronom\u00eda extreme\u00f1a, sino por la contrastada calidad de dichos productos. &nbsp;Hablamos del Queso de Aceh\u00fache, el de Ibores, La Serena y la Torta del Casar. &nbsp;Todos ellos con Denominaci\u00f3n de Origen Protegida (D.O.P.). &nbsp;Armonizando estos espectaculares quesos, nada mejor que un buen vino de Ribera del Guadiana (D.O.P.), o los sensacionales Vinos de la Tierra de Extremadura (I.G.P.).<\/p>\n\n\n\n<figure class=\"wp-block-embed is-type-video is-provider-youtube wp-block-embed-youtube wp-embed-aspect-16-9 wp-has-aspect-ratio\"><div class=\"wp-block-embed__wrapper\">\n<div class=\"ast-oembed-container \" style=\"height: 100%;\"><iframe loading=\"lazy\" title=\"Coria Ciudad Gastron\u00f3mica Extreme\u00f1a 2025\" width=\"500\" height=\"281\" data-src=\"https:\/\/www.youtube.com\/embed\/EhG5Z11Qd-0?feature=oembed\" frameborder=\"0\" allow=\"accelerometer; autoplay; clipboard-write; encrypted-media; gyroscope; picture-in-picture; web-share\" referrerpolicy=\"strict-origin-when-cross-origin\" allowfullscreen src=\"data:image\/gif;base64,R0lGODlhAQABAAAAACH5BAEKAAEALAAAAAABAAEAAAICTAEAOw==\" class=\"lazyload\" data-load-mode=\"1\"><\/iframe><\/div>\n<\/div><\/figure>\n\n\n\n<p><\/p>\n\n\n\n<p>Todos estos productos podr\u00e1n disfrutarse en las elaboraciones de una decena de establecimientos hosteleros que participar\u00e1n en esta Fiesta, ya sea en la modalidad de <strong>\u2018Men\u00fa Fin de Semana\u2019 <\/strong>que se iniciar\u00e1 <strong>del 19 al 20 de julio<\/strong>, donde los <strong>Restaurantes San Crist\u00f3bal<\/strong>, <strong>Montesol<\/strong>, <strong>Palacio Ducal de Alba<\/strong> y <strong>Al-Karika<\/strong>, junto a la <strong>Taper\u00eda La Posada<\/strong>, presentar\u00e1n una serie de interesantes ideas para conocer mejor estos ricos productos extreme\u00f1os.<\/p>\n\n\n\n<p>O bien, con la opci\u00f3n <strong>\u2018Carta\u2019<\/strong> que, <strong>del 21 al 27 de julio<\/strong>, los paladares m\u00e1s exigentes quedar\u00e1n asombrados por el sabor y buen hacer de las cocinas caurienses representadas por los <strong>Restaurantes San Crist\u00f3bal<\/strong>, <strong>Montesol<\/strong>, <strong>P\u00e9rcor<\/strong>, <strong>Palacio Ducal de Alba<\/strong>, <strong>El Bobo de Coria<\/strong> y <strong>Al-Karika<\/strong>, adem\u00e1s de la <strong>Taper\u00eda La Posada<\/strong>, en los que se podr\u00e1n saborear con calma las mejores elaboraciones ingeniadas expresamente para la ocasi\u00f3n.<\/p>\n\n\n\n<p>Y finalmente, por medio de la <strong>\u2018Cata-Gastroexperiencia\u2019<\/strong> que el<strong> viernes, 25 de julio<\/strong>, se podr\u00e1 degustar en el <strong>Restaurante Palacio Ducal de Alba<\/strong>, convirti\u00e9ndose estos excelentes y ricos productos en un maridaje de lujo al conjugarse con uno de los festivales de teatro m\u00e1s importantes de la regi\u00f3n y un evento deportivo de turismo activo pensado para todos los p\u00fablicos\u2026<\/p>\n\n\n\n<p>En este sentido, desde el Consistorio cauriense se hace un llamamiento animando, tanto al p\u00fablico local como al for\u00e1neo, para que visiten la ciudad y vivan, en primera persona, estos grandes eventos de corte cultural, deportivo y gastron\u00f3mico de los que esperamos sean del agrado de todos, con el prop\u00f3sito de que disfrutemos de una estupenda quincena tur\u00edstica, al objeto de que la Ciudad de Coria suene en todos los rincones de la geograf\u00eda extreme\u00f1a, espa\u00f1ola y del vecino pa\u00eds de Portugal.<\/p>\n\n\n\n<p>\u00a1Atenci\u00f3n!, se apagan las luces, suena tambi\u00e9n la bocina, empieza el espect\u00e1culo, comienza la diversi\u00f3n&#8230;<\/p>\n\n\n\n<p><strong>M\u00e1s Informaci\u00f3n en:<br>Oficina Municipal de Turismo<br><\/strong>Plaza de San Pedro, 1<br>Tlfno.: 927 50 80 00 Ext. 290<br>Email: <strong><a href=\"mailto:oficinaturismo@coria.org\">oficinaturismo@coria.org<\/a><\/strong><\/p>\n\n\n\n<p>Url: <strong><a href=\"https:\/\/turismocoria.es\/cge2025\">https:\/\/turismocoria.es\/cge2025<\/a><\/strong><\/p>\n\n\n\n<p>Url: <a href=\"https:\/\/descensorioalagon.blogspot.com\/\"><strong>https:\/\/descensorioalagon.blogspot.com\/<\/strong><\/a><\/p>\n","protected":false},"excerpt":{"rendered":"<p>Llega el mes de julio y, con \u00e9l, el Festival Internacional de Teatro Coria Si\u00e9ntela!, abre nuevamente el tel\u00f3n de este magn\u00edfico espect\u00e1culo cuyo escenario cobra vida con la puesta en escena de cada una de las representaciones estivales de teatro al aire libre en ese marco incomparable que es la Puerta del Perd\u00f3n de [&hellip;]<\/p>\n","protected":false},"author":2,"featured_media":13379,"comment_status":"closed","ping_status":"closed","sticky":false,"template":"","format":"standard","meta":{"_uag_custom_page_level_css":"","site-sidebar-layout":"default","site-content-layout":"","ast-site-content-layout":"default","site-content-style":"default","site-sidebar-style":"default","ast-global-header-display":"","ast-banner-title-visibility":"","ast-main-header-display":"","ast-hfb-above-header-display":"","ast-hfb-below-header-display":"","ast-hfb-mobile-header-display":"","site-post-title":"","ast-breadcrumbs-content":"","ast-featured-img":"","footer-sml-layout":"","theme-transparent-header-meta":"","adv-header-id-meta":"","stick-header-meta":"","header-above-stick-meta":"","header-main-stick-meta":"","header-below-stick-meta":"","astra-migrate-meta-layouts":"set","ast-page-background-enabled":"default","ast-page-background-meta":{"desktop":{"background-color":"","background-image":"","background-repeat":"repeat","background-position":"center center","background-size":"auto","background-attachment":"scroll","background-type":"","background-media":"","overlay-type":"","overlay-color":"","overlay-opacity":"","overlay-gradient":""},"tablet":{"background-color":"","background-image":"","background-repeat":"repeat","background-position":"center center","background-size":"auto","background-attachment":"scroll","background-type":"","background-media":"","overlay-type":"","overlay-color":"","overlay-opacity":"","overlay-gradient":""},"mobile":{"background-color":"","background-image":"","background-repeat":"repeat","background-position":"center center","background-size":"auto","background-attachment":"scroll","background-type":"","background-media":"","overlay-type":"","overlay-color":"","overlay-opacity":"","overlay-gradient":""}},"ast-content-background-meta":{"desktop":{"background-color":"var(--ast-global-color-5)","background-image":"","background-repeat":"repeat","background-position":"center center","background-size":"auto","background-attachment":"scroll","background-type":"","background-media":"","overlay-type":"","overlay-color":"","overlay-opacity":"","overlay-gradient":""},"tablet":{"background-color":"var(--ast-global-color-5)","background-image":"","background-repeat":"repeat","background-position":"center center","background-size":"auto","background-attachment":"scroll","background-type":"","background-media":"","overlay-type":"","overlay-color":"","overlay-opacity":"","overlay-gradient":""},"mobile":{"background-color":"var(--ast-global-color-5)","background-image":"","background-repeat":"repeat","background-position":"center center","background-size":"auto","background-attachment":"scroll","background-type":"","background-media":"","overlay-type":"","overlay-color":"","overlay-opacity":"","overlay-gradient":""}},"_EventAllDay":false,"_EventTimezone":"","_EventStartDate":"","_EventEndDate":"","_EventStartDateUTC":"","_EventEndDateUTC":"","_EventShowMap":false,"_EventShowMapLink":false,"_EventURL":"","_EventCost":"","_EventCostDescription":"","_EventCurrencySymbol":"","_EventCurrencyCode":"","_EventCurrencyPosition":"","_EventDateTimeSeparator":"","_EventTimeRangeSeparator":"","_EventOrganizerID":[],"_EventVenueID":0,"_OrganizerEmail":"","_OrganizerPhone":"","_OrganizerWebsite":"","_VenueAddress":"","_VenueCity":"","_VenueCountry":"","_VenueProvince":"","_VenueZip":"","_VenuePhone":"","_VenueURL":"","_VenueStateProvince":"","_VenueLat":"","_VenueLng":"","footnotes":""},"categories":[366],"tags":[],"class_list":["post-13378","post","type-post","status-publish","format-standard","has-post-thumbnail","hentry","category-verano"],"featured_image_src":"https:\/\/turismocoria.es\/turismo\/wp-content\/uploads\/2025\/07\/Coria-CGE2025_7.-Queso-y-Vino-600x400.jpg","featured_image_src_square":"https:\/\/turismocoria.es\/turismo\/wp-content\/uploads\/2025\/07\/Coria-CGE2025_7.-Queso-y-Vino-600x600.jpg","author_info":{"display_name":"turismo","author_link":"https:\/\/turismocoria.es\/turismo\/author\/turismo\/"},"uagb_featured_image_src":{"full":["https:\/\/turismocoria.es\/turismo\/wp-content\/uploads\/2025\/07\/Coria-CGE2025_7.-Queso-y-Vino.jpg",1565,756,false],"thumbnail":["https:\/\/turismocoria.es\/turismo\/wp-content\/uploads\/2025\/07\/Coria-CGE2025_7.-Queso-y-Vino-150x150.jpg",150,150,true],"medium":["https:\/\/turismocoria.es\/turismo\/wp-content\/uploads\/2025\/07\/Coria-CGE2025_7.-Queso-y-Vino-300x145.jpg",300,145,true],"medium_large":["https:\/\/turismocoria.es\/turismo\/wp-content\/uploads\/2025\/07\/Coria-CGE2025_7.-Queso-y-Vino-768x371.jpg",768,371,true],"large":["https:\/\/turismocoria.es\/turismo\/wp-content\/uploads\/2025\/07\/Coria-CGE2025_7.-Queso-y-Vino-1024x495.jpg",1024,495,true],"gs-tiny":["https:\/\/turismocoria.es\/turismo\/wp-content\/uploads\/2025\/07\/Coria-CGE2025_7.-Queso-y-Vino-50x24.jpg",50,24,true],"xl":["https:\/\/turismocoria.es\/turismo\/wp-content\/uploads\/2025\/07\/Coria-CGE2025_7.-Queso-y-Vino.jpg",1565,756,false],"xxl":["https:\/\/turismocoria.es\/turismo\/wp-content\/uploads\/2025\/07\/Coria-CGE2025_7.-Queso-y-Vino.jpg",1565,756,false],"xxxl":["https:\/\/turismocoria.es\/turismo\/wp-content\/uploads\/2025\/07\/Coria-CGE2025_7.-Queso-y-Vino.jpg",1565,756,false],"xxxxl":["https:\/\/turismocoria.es\/turismo\/wp-content\/uploads\/2025\/07\/Coria-CGE2025_7.-Queso-y-Vino.jpg",1565,756,false],"xxxxxl":["https:\/\/turismocoria.es\/turismo\/wp-content\/uploads\/2025\/07\/Coria-CGE2025_7.-Queso-y-Vino.jpg",1565,756,false],"1536x1536":["https:\/\/turismocoria.es\/turismo\/wp-content\/uploads\/2025\/07\/Coria-CGE2025_7.-Queso-y-Vino-1536x742.jpg",1536,742,true],"2048x2048":["https:\/\/turismocoria.es\/turismo\/wp-content\/uploads\/2025\/07\/Coria-CGE2025_7.-Queso-y-Vino.jpg",1565,756,false],"ultp_layout_landscape_large":["https:\/\/turismocoria.es\/turismo\/wp-content\/uploads\/2025\/07\/Coria-CGE2025_7.-Queso-y-Vino-1200x756.jpg",1200,756,true],"ultp_layout_landscape":["https:\/\/turismocoria.es\/turismo\/wp-content\/uploads\/2025\/07\/Coria-CGE2025_7.-Queso-y-Vino-870x570.jpg",870,570,true],"ultp_layout_portrait":["https:\/\/turismocoria.es\/turismo\/wp-content\/uploads\/2025\/07\/Coria-CGE2025_7.-Queso-y-Vino-600x756.jpg",600,756,true],"ultp_layout_square":["https:\/\/turismocoria.es\/turismo\/wp-content\/uploads\/2025\/07\/Coria-CGE2025_7.-Queso-y-Vino-600x600.jpg",600,600,true],"gb-block-post-grid-landscape":["https:\/\/turismocoria.es\/turismo\/wp-content\/uploads\/2025\/07\/Coria-CGE2025_7.-Queso-y-Vino-600x400.jpg",600,400,true],"gb-block-post-grid-square":["https:\/\/turismocoria.es\/turismo\/wp-content\/uploads\/2025\/07\/Coria-CGE2025_7.-Queso-y-Vino-600x600.jpg",600,600,true]},"uagb_author_info":{"display_name":"turismo","author_link":"https:\/\/turismocoria.es\/turismo\/author\/turismo\/"},"uagb_comment_info":0,"uagb_excerpt":"Llega el mes de julio y, con \u00e9l, el Festival Internacional de Teatro Coria Si\u00e9ntela!, abre nuevamente el tel\u00f3n de este magn\u00edfico espect\u00e1culo cuyo escenario cobra vida con la puesta en escena de cada una de las representaciones estivales de teatro al aire libre en ese marco incomparable que es la Puerta del Perd\u00f3n de&hellip;","_links":{"self":[{"href":"https:\/\/turismocoria.es\/turismo\/wp-json\/wp\/v2\/posts\/13378"}],"collection":[{"href":"https:\/\/turismocoria.es\/turismo\/wp-json\/wp\/v2\/posts"}],"about":[{"href":"https:\/\/turismocoria.es\/turismo\/wp-json\/wp\/v2\/types\/post"}],"author":[{"embeddable":true,"href":"https:\/\/turismocoria.es\/turismo\/wp-json\/wp\/v2\/users\/2"}],"replies":[{"embeddable":true,"href":"https:\/\/turismocoria.es\/turismo\/wp-json\/wp\/v2\/comments?post=13378"}],"version-history":[{"count":6,"href":"https:\/\/turismocoria.es\/turismo\/wp-json\/wp\/v2\/posts\/13378\/revisions"}],"predecessor-version":[{"id":13403,"href":"https:\/\/turismocoria.es\/turismo\/wp-json\/wp\/v2\/posts\/13378\/revisions\/13403"}],"wp:featuredmedia":[{"embeddable":true,"href":"https:\/\/turismocoria.es\/turismo\/wp-json\/wp\/v2\/media\/13379"}],"wp:attachment":[{"href":"https:\/\/turismocoria.es\/turismo\/wp-json\/wp\/v2\/media?parent=13378"}],"wp:term":[{"taxonomy":"category","embeddable":true,"href":"https:\/\/turismocoria.es\/turismo\/wp-json\/wp\/v2\/categories?post=13378"},{"taxonomy":"post_tag","embeddable":true,"href":"https:\/\/turismocoria.es\/turismo\/wp-json\/wp\/v2\/tags?post=13378"}],"curies":[{"name":"wp","href":"https:\/\/api.w.org\/{rel}","templated":true}]}}