{"id":13336,"date":"2025-06-02T15:08:50","date_gmt":"2025-06-02T13:08:50","guid":{"rendered":"https:\/\/turismocoria.es\/turismo\/?p=13336"},"modified":"2025-06-02T15:12:50","modified_gmt":"2025-06-02T13:12:50","slug":"la-catedral-del-toro-en-extremadura-se-viste-de-blanco-y-rojo-aderezada-con-los-sabores-de-la-carne-iberica-de-lidia-y-la-cereza-en-junio","status":"publish","type":"post","link":"https:\/\/turismocoria.es\/turismo\/la-catedral-del-toro-en-extremadura-se-viste-de-blanco-y-rojo-aderezada-con-los-sabores-de-la-carne-iberica-de-lidia-y-la-cereza-en-junio\/","title":{"rendered":"La Catedral del Toro en Extremadura se Viste de Blanco y Rojo Aderezada con los Sabores de la Carne Ib\u00e9rica de Lidia y la Cereza del 23 al 29 Junio."},"content":{"rendered":"\n<p><strong>Si lo que busca el aficionado al mundo del toro es dedicar su tiempo de ocio a conocer otras costumbres taurinas y otras gentes, a disfrutar de la familia y los amigos practicando un turismo taurino basado en la historia, la cultura, el arte y las tradiciones m\u00e1s enraizadas o la propia gastronom\u00eda, debe entonces acercarse del 23 al 29 de junio hasta la milenaria Ciudad de Coria.<\/strong><\/p>\n\n\n\n<p>La Ciudad de Coria vuelve a renacer taurinamente, tras su profundo letargo anual, para aprestarse a vestirse de gala abriendo las centenarias puertas de su casco antiguo amurallado, con el fin de recibir a cuantos visitantes deseen disfrutar de nuestras ancestrales y centenarias <strong><u><a href=\"https:\/\/turismocoria.es\/turismo\/fiestas-y-eventos-para-disfrutar\/fiestas-san-juan\/\" data-type=\"page\" data-id=\"568\">Fiestas de San Juan<\/a><\/u><\/strong>, en la que se rememoran nuestros primigenios y antiguos rituales paganos celtas vettones, de culto al fuego, y de veneraci\u00f3n al toro como animal sagrado, coincidiendo con la entrada del solsticio de verano.<\/p>\n\n\n\n<p>Una tradici\u00f3n taurina, convertida en referente tur\u00edstico y cultural, que tiene, en la suelta de los toros por el Casco Hist\u00f3rico, sus mejores y m\u00e1s preciadas se\u00f1as de identidad.&nbsp; Un magn\u00edfico Conjunto Monumental, en el que estos combativos y bravos guerreros, a los que se les rinde culto a la entrada del solsticio de verano, se convierten en due\u00f1os, amos y se\u00f1ores de las angulosas calles y plazas que describen este legendario recinto taurino protegido por la milenaria muralla romana que cerca su Casco Antiguo, hasta el punto de convertirse en la <strong>Catedral del Toro en Extremadura<\/strong>.<\/p>\n\n\n\n<p>As\u00ed, <strong>del 23 al 29 de junio<\/strong>, la localidad se prepar para te\u00f1ir sus calles de rojo y blanco, pues llegan sus idolatradas Fiestas de Juan, uno de los eventos tur\u00edsticos imprescindibles en la agenda taurina nacional que, en esta edici\u00f3n, se desarrollar\u00e1 paralelamente con la <strong>Fiesta Gastron\u00f3mica de la Carne Ib\u00e9rica del Toro de Lidia y la Cereza<\/strong>, donde el color rojo brillar\u00e1 m\u00e1s que nunca en la ciudad con el rojo de sus encierros, el rojo de una carne de calidad contrastada, y el rojo brillante de una cereza de apreciado sabor, poniendo a esta localidad en el epicentro tur\u00edstico en este inicio de la \u00e9poca estival, en el que todo un pueblo saldr\u00e1 a la calle para vivir una de las festividades m\u00e1s importantes de su calendario, en las que sabor, tradici\u00f3n, cultura y turismo se dan la mano para recibir el solsticio de verano de la mejor manera posible.<\/p>\n\n\n\n<figure class=\"wp-block-embed is-type-video is-provider-youtube wp-block-embed-youtube wp-embed-aspect-16-9 wp-has-aspect-ratio\"><div class=\"wp-block-embed__wrapper\">\n<div class=\"ast-oembed-container \" style=\"height: 100%;\"><iframe loading=\"lazy\" title=\"TauroTour Coria - Dehesa, Gastronom\u00eda y Turismo\" width=\"500\" height=\"281\" data-src=\"https:\/\/www.youtube.com\/embed\/lvunLenHRFI?feature=oembed\" frameborder=\"0\" allow=\"accelerometer; autoplay; clipboard-write; encrypted-media; gyroscope; picture-in-picture; web-share\" referrerpolicy=\"strict-origin-when-cross-origin\" allowfullscreen src=\"data:image\/gif;base64,R0lGODlhAQABAAAAACH5BAEKAAEALAAAAAABAAEAAAICTAEAOw==\" class=\"lazyload\" data-load-mode=\"1\"><\/iframe><\/div>\n<\/div><\/figure>\n\n\n\n<p><\/p>\n\n\n\n<p>Otra interesante iniciativa de <strong>turismo taurino<\/strong>, como legado patrimonial cultural en la que est\u00e1 considerada como la novena poblaci\u00f3n m\u00e1s antigua de este pa\u00eds, en el que la milenaria, nobiliaria y episcopal <strong><u>Ciudad de Coria<\/u><\/strong> se convertir\u00e1 nuevamente en <strong>destino tur\u00edstico<\/strong> obligado dentro de la f\u00e9rtil y noble Extremadura, al convertirse dichas festivas fechas en un momento propicio para disfrutar, tanto del embrujo del Mundo del Toro y de la Tauromaquia Tradicional, como del turismo cultural de interior a trav\u00e9s de la imprescindible visita a su longevo y evocador <strong><u>Conjunto Monumental<\/u><\/strong>, convertido en m\u00e1gico escenario que alberga muchos atractivos tesoros celosamente custodiados durante siglos, haciendo de esta ciudad en una de las<strong> poblaciones m\u00e1s antiguas<\/strong> <strong>de toda Espa\u00f1a<\/strong>.<\/p>\n\n\n\n<p>Un excelso patrimonio hist\u00f3rico-art\u00edstico fraguado por los distintos pueblos que se asentaron por estas ricas tierras de vega: vettones, romanos, visigodos, \u00e1rabes, jud\u00edos y cristianos, cuya longeva historia cauriense ha quedado en parte atestiguada por el magn\u00edfico <strong><u><a href=\"https:\/\/turismocoria.es\/turismo\/lugares-que-no-te-puedes-perder\/casco-historico\/\" data-type=\"page\" data-id=\"732\">Casco Hist\u00f3rico<\/a><\/u><\/strong> que conserva la ciudad.\u00a0 Desde las volum\u00e9tricas <strong><u><a href=\"https:\/\/turismocoria.es\/turismo\/lugares-que-no-te-puedes-perder\/murallas-romanas\/\" data-type=\"page\" data-id=\"497\">Murallas Romanas<\/a><\/u><\/strong> (S. I) que lo circundan como una de las fortalezas de origen romano mejor conservadas en su conjunto de entre todas las halladas en el resto de Europa; pasando por los soberbios y se\u00f1oriales <strong><u><a href=\"https:\/\/turismocoria.es\/turismo\/lugares-que-no-te-puedes-perder\/castillo-de-los-duques-de-alba\/\" data-type=\"page\" data-id=\"226\">Castillo<\/a><\/u><\/strong> (S. XV) y <strong><u><a href=\"https:\/\/turismocoria.es\/turismo\/otros-rincones-por-descubrir\/palacio-de-los-duques-de-alba\/\" data-type=\"page\" data-id=\"509\">Palacio de los Duques de Alba<\/a><\/u><\/strong> (S. XV-XVI) como s\u00edmbolos del rancio poder nobiliario; hasta la magna <strong><u><strong><a href=\"https:\/\/turismocoria.es\/turismo\/lugares-que-no-te-puedes-perder\/catedral\/\" data-type=\"page\" data-id=\"488\">Catedral de Santa Mar\u00eda de la Asunci\u00f3n<\/a><\/strong><\/u><\/strong> (S. XV-XVIII) joya del g\u00f3tico-plateresco extreme\u00f1o en la que se custodia esa misteriosa reliquia universal del <strong><u><a href=\"https:\/\/turismocoria.es\/turismo\/el-sagrado-mantel-de-la-ultima-cena\/\" data-type=\"page\" data-id=\"1176\">Sagrado Mantel de la \u00daltima Cena<\/a><\/u><\/strong>; adem\u00e1s del <strong><u><a href=\"https:\/\/turismocoria.es\/turismo\/otros-rincones-por-descubrir\/palacio-episcopal\/\" data-type=\"page\" data-id=\"511\">Palacio Episcopal<\/a><\/u> <\/strong>(S. XVII), la <strong><u><a href=\"https:\/\/turismocoria.es\/turismo\/otros-rincones-por-descubrir\/iglesia-santiago-apostol\/\" data-type=\"page\" data-id=\"514\">Iglesia de Santiago Ap\u00f3stol<\/a><\/u> <\/strong>(S. XVI-XVIII), el <strong><u><a href=\"https:\/\/turismocoria.es\/turismo\/lugares-que-no-te-puedes-perder\/convento-de-la-madre-de-dios\/\" data-type=\"page\" data-id=\"499\">Convento de la Madre de Dios<\/a><\/u> <\/strong>(S. XVI-XVII), el <strong><u><a href=\"https:\/\/turismocoria.es\/turismo\/otros-rincones-por-descubrir\/hospital-san-nicolas-de-bari\/\" data-type=\"page\" data-id=\"521\">Hospital de San Nicol\u00e1s de Bari<\/a><\/u> <\/strong>(S. XVI-XIX), el <strong><u><a href=\"https:\/\/turismocoria.es\/turismo\/otros-rincones-por-descubrir\/colegio-seminario-conciliar\/\" data-type=\"page\" data-id=\"744\">Colegio-Seminario Mayor Conciliar<\/a><\/u><\/strong> (S. XVII-XIX), las <strong><u><a href=\"https:\/\/turismocoria.es\/turismo\/otros-rincones-por-descubrir\/carcel-real\/\" data-type=\"page\" data-id=\"2958\">C\u00e1rceles Real<\/a><\/u> <\/strong>(S. XVII), convertida en Museo de Historia, Arqueolog\u00eda y Etnograf\u00eda, y <strong><u><a href=\"https:\/\/turismocoria.es\/turismo\/otros-rincones-por-descubrir\/carcel-eclesiastica\/\" data-type=\"page\" data-id=\"517\">Eclesi\u00e1stica<\/a><\/u> <\/strong>(S. XVIII), el <strong><u><a href=\"https:\/\/turismocoria.es\/turismo\/lugares-que-no-te-puedes-perder\/santuario-de-la-virgen-de-argeme\/\" data-type=\"page\" data-id=\"505\">Santuario de Nuestra Se\u00f1ora Virgen de Argeme<\/a><\/u><\/strong> (S. XVII-XVIII) a extramuros; o los <strong><u><a href=\"https:\/\/turismocoria.es\/turismo\/otros-rincones-por-descubrir\/puente-de-piedra\/\" data-type=\"page\" data-id=\"529\">Puentes de Piedra<\/a><\/u> <\/strong>(S. XVI) y <strong><u><a href=\"https:\/\/turismocoria.es\/turismo\/otros-rincones-por-descubrir\/puente-de-hierro\/\" data-type=\"page\" data-id=\"531\">de Hierro<\/a><\/u> <\/strong>(S. XX), entre otros interesantes rincones por descubrir.<\/p>\n\n\n\n<figure class=\"wp-block-embed is-type-video is-provider-youtube wp-block-embed-youtube wp-embed-aspect-16-9 wp-has-aspect-ratio\"><div class=\"wp-block-embed__wrapper\">\n<div class=\"ast-oembed-container \" style=\"height: 100%;\"><iframe loading=\"lazy\" title=\"Coria \u201cConjunto Monumental\u201d, destino tur\u00edstico del noroeste de Extremadura\" width=\"500\" height=\"281\" data-src=\"https:\/\/www.youtube.com\/embed\/M6VniblQWMo?feature=oembed\" frameborder=\"0\" allow=\"accelerometer; autoplay; clipboard-write; encrypted-media; gyroscope; picture-in-picture; web-share\" referrerpolicy=\"strict-origin-when-cross-origin\" allowfullscreen src=\"data:image\/gif;base64,R0lGODlhAQABAAAAACH5BAEKAAEALAAAAAABAAEAAAICTAEAOw==\" class=\"lazyload\" data-load-mode=\"1\"><\/iframe><\/div>\n<\/div><\/figure>\n\n\n\n<p><\/p>\n\n\n\n<p>Adem\u00e1s, entre estos grandes y soberbios monumentos conservados entre un entramado de calles que a buen seguro les enamorar\u00e1n, a modo de <strong>actividades complementarias<\/strong>, los turistas, visitantes y buenos aficionados podr\u00e1n disfrutar y descubrir una variada <strong>oferta cultural<\/strong>, <strong>deportiva<\/strong> y <strong>culinaria<\/strong> a trav\u00e9s de la <strong>Fiesta Gastron\u00f3mica del Toro de Lidia y la Cereza<\/strong> que<strong>, del 21 al 29 de junio<\/strong>, avivar\u00e1n el deseo de buen tiempo y fiesta que la perfecta comuni\u00f3n entre dos productos de la tierra tan apreciados como la carne ib\u00e9rica de lidia (raza aut\u00f3ctona 100% lidia), y la cereza del Jerte (DOP) se convierten en sendos productos que ponen de manifiesto la riqueza gastron\u00f3mica de la zona y que, juntos, har\u00e1n que los restaurantes de Coria ofrezcan propuestas culinarias de alt\u00edsimo valor.<\/p>\n\n\n\n<figure class=\"wp-block-embed is-type-video is-provider-youtube wp-block-embed-youtube wp-embed-aspect-16-9 wp-has-aspect-ratio\"><div class=\"wp-block-embed__wrapper\">\n<div class=\"ast-oembed-container \" style=\"height: 100%;\"><iframe loading=\"lazy\" title=\"Coria Ciudad Gastron\u00f3mica Extreme\u00f1a 2025\" width=\"500\" height=\"281\" data-src=\"https:\/\/www.youtube.com\/embed\/EhG5Z11Qd-0?feature=oembed\" frameborder=\"0\" allow=\"accelerometer; autoplay; clipboard-write; encrypted-media; gyroscope; picture-in-picture; web-share\" referrerpolicy=\"strict-origin-when-cross-origin\" allowfullscreen src=\"data:image\/gif;base64,R0lGODlhAQABAAAAACH5BAEKAAEALAAAAAABAAEAAAICTAEAOw==\" class=\"lazyload\" data-load-mode=\"1\"><\/iframe><\/div>\n<\/div><\/figure>\n\n\n\n<p><\/p>\n\n\n\n<p>En este sentido, una docena de establecimientos de Coria participar\u00e1n en esta fiesta gastron\u00f3mica que coincidir\u00e1 con la celebraci\u00f3n de esta ancestral costumbre taurina en la que sorprender\u00e1n con sus creaciones dando todo el protagonismo a la Carne Ib\u00e9rica de Lidia y la Cereza del Jerte, ya sea con la opci\u00f3n <strong>\u2018men\u00fa fin de semana\u2019<\/strong> que se iniciar\u00e1 <strong>del 21 y 22 de junio<\/strong>, donde los <strong>Restaurantes San Crist\u00f3bal<\/strong>, <strong>Montesol<\/strong>, <strong>Palacio Ducal de Alba<\/strong> y <strong>Al-Karika<\/strong>, junto a la <strong>Taper\u00eda La Posada<\/strong> y el <strong>Caf\u00e9-Bar Los Nuevos Deportes<\/strong>, presentar\u00e1n una serie de interesantes ideas para conocer mejor estos ricos productos extreme\u00f1os.<\/p>\n\n\n\n<p>O bien, con la opci\u00f3n <strong>\u2018carta\u2019<\/strong> que, <strong>del 23 al 29 de junio<\/strong>, los paladares m\u00e1s exigentes quedar\u00e1n asombrados por el sabor y buen hacer de las cocinas caurienses representadas por los <strong>Restaurantes San Crist\u00f3bal<\/strong>, <strong>Montesol<\/strong>, <strong>Palacio Ducal de Alba<\/strong>, <strong>El Bobo de Coria<\/strong>, Campana, Al-Karika, Casa Maxi y Saborea La Plaza, adem\u00e1s de la <strong>Taper\u00eda La Posada<\/strong> y el GastroBar Trucha\u2019s, en los que se podr\u00e1n saborear con calma las mejores elaboraciones ingeniadas expresamente para la ocasi\u00f3n.<\/p>\n\n\n\n<p>Por todo ello, todos aquellos que deseen disfrutar de verdad de las <strong>Fiestas de San Juan<\/strong> como una costumbre ancestral de culto al sol y de veneraci\u00f3n al toro sinti\u00e9ndose como en su propia casa, gracias a la hospitalidad del pueblo cauriense, no lo piensen m\u00e1s y, si la idea les seduce, pongan rumbo hacia el <strong>Templo de la Tauromaquia Tradicional en la Calle<\/strong>, que no es otra que la <strong>Ciudad<\/strong><strong> de Coria<\/strong> dentro de esa piel de toro llamada Espa\u00f1a; pues, tal y como se dice por estos lares: <strong><em>\u00a1Quien viene y vive San Juan&#8230; vuelve nuevamente para poder reeditar las experiencias vividas!&#8230;<\/em><\/strong><\/p>\n\n\n\n<p>As\u00ed, a los que arriben hasta las puertas de la vetusta ciudad amurallada la v\u00edspera de fiestas: <strong><em>\u00a1Que la Luna de Coria os colme de alegr\u00eda, de salud y de riquezas en tan m\u00e1gicas Noches de San Juan, llenas de mitos, amores, tradici\u00f3n y leyendas!&#8230;<\/em><\/strong><strong><\/strong><\/p>\n\n\n\n<p><strong>M\u00e1s Informaci\u00f3n en:<br>Oficina Municipal de Turismo<br><\/strong>Plaza de San Pedro, 1<br>Tlfno.: 927 50 80 00 Ext. 290<br>Email: <strong><a href=\"mailto:oficinaturismo@coria.org\">oficinaturismo@coria.org<\/a><\/strong><\/p>\n\n\n\n<p>rl: <a href=\"https:\/\/turismocoria.es\/sanjuan\/\"><strong>https:\/\/turismocoria.es\/sanjuan\/<\/strong><\/a><\/p>\n\n\n\n<p>Url: <a href=\"https:\/\/turismocoria.es\/cge2025\"><strong>https:\/\/turismocoria.es\/cge2025<\/strong><\/a><\/p>\n\n\n\n<div data-wp-interactive=\"core\/file\" class=\"wp-block-file alignfull\"><object data-wp-bind--hidden=\"!state.hasPdfPreview\"  class=\"wp-block-file__embed\" data=\"https:\/\/turismocoria.es\/turismo\/wp-content\/uploads\/2025\/06\/Folleto-Programa-Fiestas-San-Juan-2025.pdf\" type=\"application\/pdf\" style=\"width:100%;height:600px\" aria-label=\"Incrustado de Folleto Programa Fiestas San Juan 2025.\"><\/object><a id=\"wp-block-file--media-096065eb-da67-448a-9eef-1a652f48fa5d\" href=\"https:\/\/turismocoria.es\/turismo\/wp-content\/uploads\/2025\/06\/Folleto-Programa-Fiestas-San-Juan-2025.pdf\">Folleto Programa Fiestas San Juan 2025<\/a><a href=\"https:\/\/turismocoria.es\/turismo\/wp-content\/uploads\/2025\/06\/Folleto-Programa-Fiestas-San-Juan-2025.pdf\" class=\"wp-block-file__button wp-element-button\" download aria-describedby=\"wp-block-file--media-096065eb-da67-448a-9eef-1a652f48fa5d\">Descarga<\/a><\/div>\n","protected":false},"excerpt":{"rendered":"<p>Si lo que busca el aficionado al mundo del toro es dedicar su tiempo de ocio a conocer otras costumbres taurinas y otras gentes, a disfrutar de la familia y los amigos practicando un turismo taurino basado en la historia, la cultura, el arte y las tradiciones m\u00e1s enraizadas o la propia gastronom\u00eda, debe entonces [&hellip;]<\/p>\n","protected":false},"author":2,"featured_media":13337,"comment_status":"closed","ping_status":"","sticky":false,"template":"","format":"standard","meta":{"_uag_custom_page_level_css":"","site-sidebar-layout":"default","site-content-layout":"","ast-site-content-layout":"default","site-content-style":"default","site-sidebar-style":"default","ast-global-header-display":"","ast-banner-title-visibility":"","ast-main-header-display":"","ast-hfb-above-header-display":"","ast-hfb-below-header-display":"","ast-hfb-mobile-header-display":"","site-post-title":"","ast-breadcrumbs-content":"","ast-featured-img":"","footer-sml-layout":"","theme-transparent-header-meta":"","adv-header-id-meta":"","stick-header-meta":"","header-above-stick-meta":"","header-main-stick-meta":"","header-below-stick-meta":"","astra-migrate-meta-layouts":"set","ast-page-background-enabled":"default","ast-page-background-meta":{"desktop":{"background-color":"","background-image":"","background-repeat":"repeat","background-position":"center center","background-size":"auto","background-attachment":"scroll","background-type":"","background-media":"","overlay-type":"","overlay-color":"","overlay-opacity":"","overlay-gradient":""},"tablet":{"background-color":"","background-image":"","background-repeat":"repeat","background-position":"center center","background-size":"auto","background-attachment":"scroll","background-type":"","background-media":"","overlay-type":"","overlay-color":"","overlay-opacity":"","overlay-gradient":""},"mobile":{"background-color":"","background-image":"","background-repeat":"repeat","background-position":"center center","background-size":"auto","background-attachment":"scroll","background-type":"","background-media":"","overlay-type":"","overlay-color":"","overlay-opacity":"","overlay-gradient":""}},"ast-content-background-meta":{"desktop":{"background-color":"var(--ast-global-color-5)","background-image":"","background-repeat":"repeat","background-position":"center center","background-size":"auto","background-attachment":"scroll","background-type":"","background-media":"","overlay-type":"","overlay-color":"","overlay-opacity":"","overlay-gradient":""},"tablet":{"background-color":"var(--ast-global-color-5)","background-image":"","background-repeat":"repeat","background-position":"center center","background-size":"auto","background-attachment":"scroll","background-type":"","background-media":"","overlay-type":"","overlay-color":"","overlay-opacity":"","overlay-gradient":""},"mobile":{"background-color":"var(--ast-global-color-5)","background-image":"","background-repeat":"repeat","background-position":"center center","background-size":"auto","background-attachment":"scroll","background-type":"","background-media":"","overlay-type":"","overlay-color":"","overlay-opacity":"","overlay-gradient":""}},"_EventAllDay":false,"_EventTimezone":"","_EventStartDate":"","_EventEndDate":"","_EventStartDateUTC":"","_EventEndDateUTC":"","_EventShowMap":false,"_EventShowMapLink":false,"_EventURL":"","_EventCost":"","_EventCostDescription":"","_EventCurrencySymbol":"","_EventCurrencyCode":"","_EventCurrencyPosition":"","_EventDateTimeSeparator":"","_EventTimeRangeSeparator":"","_EventOrganizerID":[],"_EventVenueID":0,"_OrganizerEmail":"","_OrganizerPhone":"","_OrganizerWebsite":"","_VenueAddress":"","_VenueCity":"","_VenueCountry":"","_VenueProvince":"","_VenueZip":"","_VenuePhone":"","_VenueURL":"","_VenueStateProvince":"","_VenueLat":"","_VenueLng":"","footnotes":""},"categories":[33],"tags":[],"class_list":["post-13336","post","type-post","status-publish","format-standard","has-post-thumbnail","hentry","category-sin-categorizar"],"featured_image_src":"https:\/\/turismocoria.es\/turismo\/wp-content\/uploads\/2025\/06\/Coria-CGE2025_6.-Toro-Lidia-y-Cereza-600x400.jpg","featured_image_src_square":"https:\/\/turismocoria.es\/turismo\/wp-content\/uploads\/2025\/06\/Coria-CGE2025_6.-Toro-Lidia-y-Cereza-600x600.jpg","author_info":{"display_name":"turismo","author_link":"https:\/\/turismocoria.es\/turismo\/author\/turismo\/"},"uagb_featured_image_src":{"full":["https:\/\/turismocoria.es\/turismo\/wp-content\/uploads\/2025\/06\/Coria-CGE2025_6.-Toro-Lidia-y-Cereza.jpg",1565,756,false],"thumbnail":["https:\/\/turismocoria.es\/turismo\/wp-content\/uploads\/2025\/06\/Coria-CGE2025_6.-Toro-Lidia-y-Cereza-150x150.jpg",150,150,true],"medium":["https:\/\/turismocoria.es\/turismo\/wp-content\/uploads\/2025\/06\/Coria-CGE2025_6.-Toro-Lidia-y-Cereza-300x145.jpg",300,145,true],"medium_large":["https:\/\/turismocoria.es\/turismo\/wp-content\/uploads\/2025\/06\/Coria-CGE2025_6.-Toro-Lidia-y-Cereza-768x371.jpg",768,371,true],"large":["https:\/\/turismocoria.es\/turismo\/wp-content\/uploads\/2025\/06\/Coria-CGE2025_6.-Toro-Lidia-y-Cereza-1024x495.jpg",1024,495,true],"gs-tiny":["https:\/\/turismocoria.es\/turismo\/wp-content\/uploads\/2025\/06\/Coria-CGE2025_6.-Toro-Lidia-y-Cereza-50x24.jpg",50,24,true],"xl":["https:\/\/turismocoria.es\/turismo\/wp-content\/uploads\/2025\/06\/Coria-CGE2025_6.-Toro-Lidia-y-Cereza.jpg",1565,756,false],"xxl":["https:\/\/turismocoria.es\/turismo\/wp-content\/uploads\/2025\/06\/Coria-CGE2025_6.-Toro-Lidia-y-Cereza.jpg",1565,756,false],"xxxl":["https:\/\/turismocoria.es\/turismo\/wp-content\/uploads\/2025\/06\/Coria-CGE2025_6.-Toro-Lidia-y-Cereza.jpg",1565,756,false],"xxxxl":["https:\/\/turismocoria.es\/turismo\/wp-content\/uploads\/2025\/06\/Coria-CGE2025_6.-Toro-Lidia-y-Cereza.jpg",1565,756,false],"xxxxxl":["https:\/\/turismocoria.es\/turismo\/wp-content\/uploads\/2025\/06\/Coria-CGE2025_6.-Toro-Lidia-y-Cereza.jpg",1565,756,false],"1536x1536":["https:\/\/turismocoria.es\/turismo\/wp-content\/uploads\/2025\/06\/Coria-CGE2025_6.-Toro-Lidia-y-Cereza-1536x742.jpg",1536,742,true],"2048x2048":["https:\/\/turismocoria.es\/turismo\/wp-content\/uploads\/2025\/06\/Coria-CGE2025_6.-Toro-Lidia-y-Cereza.jpg",1565,756,false],"ultp_layout_landscape_large":["https:\/\/turismocoria.es\/turismo\/wp-content\/uploads\/2025\/06\/Coria-CGE2025_6.-Toro-Lidia-y-Cereza-1200x756.jpg",1200,756,true],"ultp_layout_landscape":["https:\/\/turismocoria.es\/turismo\/wp-content\/uploads\/2025\/06\/Coria-CGE2025_6.-Toro-Lidia-y-Cereza-870x570.jpg",870,570,true],"ultp_layout_portrait":["https:\/\/turismocoria.es\/turismo\/wp-content\/uploads\/2025\/06\/Coria-CGE2025_6.-Toro-Lidia-y-Cereza-600x756.jpg",600,756,true],"ultp_layout_square":["https:\/\/turismocoria.es\/turismo\/wp-content\/uploads\/2025\/06\/Coria-CGE2025_6.-Toro-Lidia-y-Cereza-600x600.jpg",600,600,true],"gb-block-post-grid-landscape":["https:\/\/turismocoria.es\/turismo\/wp-content\/uploads\/2025\/06\/Coria-CGE2025_6.-Toro-Lidia-y-Cereza-600x400.jpg",600,400,true],"gb-block-post-grid-square":["https:\/\/turismocoria.es\/turismo\/wp-content\/uploads\/2025\/06\/Coria-CGE2025_6.-Toro-Lidia-y-Cereza-600x600.jpg",600,600,true]},"uagb_author_info":{"display_name":"turismo","author_link":"https:\/\/turismocoria.es\/turismo\/author\/turismo\/"},"uagb_comment_info":0,"uagb_excerpt":"Si lo que busca el aficionado al mundo del toro es dedicar su tiempo de ocio a conocer otras costumbres taurinas y otras gentes, a disfrutar de la familia y los amigos practicando un turismo taurino basado en la historia, la cultura, el arte y las tradiciones m\u00e1s enraizadas o la propia gastronom\u00eda, debe entonces&hellip;","_links":{"self":[{"href":"https:\/\/turismocoria.es\/turismo\/wp-json\/wp\/v2\/posts\/13336"}],"collection":[{"href":"https:\/\/turismocoria.es\/turismo\/wp-json\/wp\/v2\/posts"}],"about":[{"href":"https:\/\/turismocoria.es\/turismo\/wp-json\/wp\/v2\/types\/post"}],"author":[{"embeddable":true,"href":"https:\/\/turismocoria.es\/turismo\/wp-json\/wp\/v2\/users\/2"}],"replies":[{"embeddable":true,"href":"https:\/\/turismocoria.es\/turismo\/wp-json\/wp\/v2\/comments?post=13336"}],"version-history":[{"count":4,"href":"https:\/\/turismocoria.es\/turismo\/wp-json\/wp\/v2\/posts\/13336\/revisions"}],"predecessor-version":[{"id":13342,"href":"https:\/\/turismocoria.es\/turismo\/wp-json\/wp\/v2\/posts\/13336\/revisions\/13342"}],"wp:featuredmedia":[{"embeddable":true,"href":"https:\/\/turismocoria.es\/turismo\/wp-json\/wp\/v2\/media\/13337"}],"wp:attachment":[{"href":"https:\/\/turismocoria.es\/turismo\/wp-json\/wp\/v2\/media?parent=13336"}],"wp:term":[{"taxonomy":"category","embeddable":true,"href":"https:\/\/turismocoria.es\/turismo\/wp-json\/wp\/v2\/categories?post=13336"},{"taxonomy":"post_tag","embeddable":true,"href":"https:\/\/turismocoria.es\/turismo\/wp-json\/wp\/v2\/tags?post=13336"}],"curies":[{"name":"wp","href":"https:\/\/api.w.org\/{rel}","templated":true}]}}