{"id":13290,"date":"2025-04-21T14:56:48","date_gmt":"2025-04-21T12:56:48","guid":{"rendered":"https:\/\/turismocoria.es\/turismo\/?p=13290"},"modified":"2025-04-21T14:58:57","modified_gmt":"2025-04-21T12:58:57","slug":"coria-se-viste-de-gala-en-la-festividad-en-honor-a-su-patrona-aderezandola-con-la-fiesta-gastronomica-del-aceite-y-la-miel","status":"publish","type":"post","link":"https:\/\/turismocoria.es\/turismo\/coria-se-viste-de-gala-en-la-festividad-en-honor-a-su-patrona-aderezandola-con-la-fiesta-gastronomica-del-aceite-y-la-miel\/","title":{"rendered":"Coria se Viste de Gala en la Festividad en Honor a su Patrona Aderez\u00e1ndola con la Fiesta Gastron\u00f3mica del Aceite y la Miel"},"content":{"rendered":"\n<p><strong>Homenaje anual que el pueblo cauriense dedica a su Patrona la Virgen de Argeme, coincidiendo con \u201cCoria Ciudad Gastron\u00f3mica Extreme\u00f1a 2025\u201d que, del 10 al 18 de mayo, dedica su quinto mes a aquellos que quieran disfrutar saboreando otros dos productos claves de nuestra exquisita cocina extreme\u00f1a como son el Aceite (DOP) y la Miel (DOP), adem\u00e1s de poder conocer otras experiencias de corte cultural taurinas como son las Fiestas de San Jos\u00e9 Obrero de Rinc\u00f3n del Obispo y Argemistas de Puebla de Argeme completando una enriquecedora programaci\u00f3n tur\u00edstica.<\/strong><\/p>\n\n\n\n<p>Durante la celebraci\u00f3n de las <strong><u><a href=\"https:\/\/turismocoria.es\/turismo\/otras-festividades-donde-divertirse\/festividad-de-la-virgen-de-argeme\/\" data-type=\"page\" data-id=\"862\">Fiestas Patronales de la Virgen de Argeme<\/a><\/u><\/strong>, el visitante podr\u00e1 sentir, disfrutar, conocer y ahondar, dentro del turismo cultural, en la historia de la que est\u00e1 considerada la <strong>novena poblaci\u00f3n m\u00e1s antigua<\/strong> <strong>de toda Espa\u00f1a<\/strong>, como es la <strong><u>Ciudad de Coria<\/u><\/strong>, sobre cuyo <strong>Conjunto Monumental<\/strong> emergen los recuerdos de su florida antig\u00fcedad descritos en las cicatrices de las piedras de los vetustos monumentos de una villa fraguada los distintos pueblos que se asentaron por estas ricas tierras de vega: celtas vettones, romanos, visigodos, \u00e1rabes, jud\u00edos y cristianos.<\/p>\n\n\n\n<p>Unos actos que se iniciar\u00e1n este pr\u00f3ximo <strong>jueves<\/strong>, <strong>1 de mayo<\/strong>, a partir de las <strong>17:30 horas<\/strong>, con la tradicional <strong>Bajada<\/strong><strong> de la Virgen de Argeme<\/strong> desde su Santuario ubicado en la antigua Dehesa de Malpartida hasta la Catedral de la Asunci\u00f3n, siendo recibida por la Corporaci\u00f3n Municipal y la ciudadan\u00eda cauriense en el Camino de la Virgen a las 20:00 horas, adem\u00e1s de por el Cabildo Catedralicia, a las 20:30 horas, en la Puerta Nueva o del Carmen.<\/p>\n\n\n\n<p>Adem\u00e1s, durante estas dos semanas en las que la Virgen de Argeme preside el altar mayor de la catedral cauriense, son innumerables los actos que se llevan a cabo en honor a la Patrona de Coria y su Di\u00f3cesis, que tienen su culmen con la denominada <strong>Salve<\/strong><strong> de las Luces<\/strong>, como remate pirot\u00e9cnico de las fiestas llevado a cabo en la plaza de la Catedral el <strong>s\u00e1bado<\/strong>, <strong>10 de mayo<\/strong>, a las <strong>24:00 horas<\/strong>.<\/p>\n\n\n\n<p>Mientras que el <strong>domingo<\/strong>, <strong>11 de mayo<\/strong>, a partir de las <strong>18:00 horas<\/strong>, tendr\u00e1 lugar la <strong>Misa Pontifical<\/strong><strong> y Procesi\u00f3n Mayor<\/strong> que, presidida por el Excmo. Sr. Obispo de la Di\u00f3cesis de Coria-C\u00e1ceres y contando con la presencia del Cabildo Catedral y la propia Corporaci\u00f3n Municipal bajo mazas, recorrer\u00e1 las principales avenidas y calles de la Ciudad de Coria por las que la Virgen de Argeme, sentada en su trono sobre sus andas, ser\u00e1 portada por los hermanos cofrades pasando por debajo de diferentes arcos triunfales ornamentados floralmente y entre una lluvia de p\u00e9talos, v\u00edtores y salutaciones salidas de lo m\u00e1s hondo de los corazones de los corianos, bajo el son de las notas interpretadas por una banda de m\u00fasica y el acompa\u00f1amiento de las distintas cofrad\u00edas de la localidad, portando sus respectivos estandartes, junto al resto de fieles en general.<\/p>\n\n\n\n<p>Al d\u00eda siguiente, <strong>lunes<\/strong>, <strong>12 de mayo<\/strong>, tendr\u00e1 lugar la <strong>Subida de la Virgen de Argeme<\/strong> que retornar\u00e1 nuevamente a su Santuario, donde se oficiar\u00e1 una <strong>Misa de Campa\u00f1a<\/strong>, a las <strong>12:00 horas<\/strong>, y posterior disfrute de los asistentes de un agradable y festivo d\u00eda de ca\u00f1eo entre familiares y amigos, en los numerosos tenderetes habilitados en los alrededores de la Ermita, m\u00e1s de campo y de viandas bajo la sombra que proporcionan los encinares y arboledas que pueblan las inmediaciones en la tradicional <strong>Romer\u00eda<\/strong>.<\/p>\n\n\n\n<figure class=\"wp-block-embed is-type-video is-provider-youtube wp-block-embed-youtube wp-embed-aspect-16-9 wp-has-aspect-ratio\"><div class=\"wp-block-embed__wrapper\">\n<div class=\"ast-oembed-container \" style=\"height: 100%;\"><iframe loading=\"lazy\" title=\"Salve a la Virgen de Argeme. Coria (C\u00e1ceres) 07-05-22\" width=\"500\" height=\"281\" data-src=\"https:\/\/www.youtube.com\/embed\/dQOL0fQyCoo?feature=oembed\" frameborder=\"0\" allow=\"accelerometer; autoplay; clipboard-write; encrypted-media; gyroscope; picture-in-picture; web-share\" referrerpolicy=\"strict-origin-when-cross-origin\" allowfullscreen src=\"data:image\/gif;base64,R0lGODlhAQABAAAAACH5BAEKAAEALAAAAAABAAEAAAICTAEAOw==\" class=\"lazyload\" data-load-mode=\"1\"><\/iframe><\/div>\n<\/div><\/figure>\n\n\n\n<p><\/p>\n\n\n\n<p>En definitiva, una atractiva festividad, a trav\u00e9s de la cual poder conocer las sucesivas etapas cronol\u00f3gicas de la longeva historia cauriense que han quedado en parte atestiguadas en parte en su magn\u00edfico y bimilenario <strong><u><a href=\"https:\/\/turismocoria.es\/turismo\/lugares-que-no-te-puedes-perder\/casco-historico\/\" data-type=\"page\" data-id=\"732\">Casco Hist\u00f3rico<\/a><\/u><\/strong> que conserva la ciudad.\u00a0 Desde las volum\u00e9tricas <strong><u><a href=\"https:\/\/turismocoria.es\/turismo\/lugares-que-no-te-puedes-perder\/murallas-romanas\/\" data-type=\"page\" data-id=\"497\">Murallas Romanas<\/a><\/u><\/strong> (S. I) que lo circundan como una de las fortalezas de origen romano mejor conservadas en su conjunto de entre todas las halladas en el resto de Europa; pasando por los soberbios y se\u00f1oriales <strong><u><a href=\"https:\/\/turismocoria.es\/turismo\/lugares-que-no-te-puedes-perder\/castillo-de-los-duques-de-alba\/\" data-type=\"page\" data-id=\"226\">Castillo<\/a><\/u><\/strong> (S. XV) y <strong><u><a href=\"https:\/\/turismocoria.es\/turismo\/otros-rincones-por-descubrir\/palacio-de-los-duques-de-alba\/\" data-type=\"page\" data-id=\"509\">Palacio de los Duques de Alba<\/a><\/u><\/strong> (S. XV-XVI) como s\u00edmbolos del rancio poder nobiliario; hasta la magna <a href=\"https:\/\/turismocoria.es\/turismo\/lugares-que-no-te-puedes-perder\/catedral\/\" data-type=\"page\" data-id=\"488\"><strong><u>Catedral<\/u><\/strong> <strong><u>de Santa Mar\u00eda de la Asunci\u00f3n<\/u><\/strong><\/a> (S. XV-XVIII) joya del g\u00f3tico-plateresco extreme\u00f1o en la que se custodia esa misteriosa reliquia universal del <strong><u><a href=\"https:\/\/turismocoria.es\/turismo\/el-sagrado-mantel-de-la-ultima-cena\/\" data-type=\"page\" data-id=\"1176\">Sagrado Mantel de la \u00daltima Cena<\/a><\/u><\/strong>; adem\u00e1s del <strong><u><a href=\"https:\/\/turismocoria.es\/turismo\/otros-rincones-por-descubrir\/palacio-episcopal\/\" data-type=\"page\" data-id=\"511\">Palacio Episcopal<\/a><\/u> <\/strong>(S. XVII), la <strong><u><a href=\"https:\/\/turismocoria.es\/turismo\/otros-rincones-por-descubrir\/iglesia-santiago-apostol\/\" data-type=\"page\" data-id=\"514\">Iglesia de Santiago Ap\u00f3stol<\/a><\/u> <\/strong>(S. XVI-XVIII), el <strong><u><a href=\"https:\/\/turismocoria.es\/turismo\/lugares-que-no-te-puedes-perder\/convento-de-la-madre-de-dios\/\" data-type=\"page\" data-id=\"499\">Convento de la Madre de Dios<\/a><\/u> <\/strong>(S. XVI-XVII), el <strong><u><a href=\"https:\/\/turismocoria.es\/turismo\/otros-rincones-por-descubrir\/hospital-san-nicolas-de-bari\/\" data-type=\"page\" data-id=\"521\">Hospital de San Nicol\u00e1s de Bari<\/a><\/u> <\/strong>(S. XVI-XIX), el <strong><u><a href=\"https:\/\/turismocoria.es\/turismo\/otros-rincones-por-descubrir\/colegio-seminario-conciliar\/\" data-type=\"page\" data-id=\"744\">Colegio-Seminario Mayor Conciliar<\/a><\/u><\/strong> (S. XVII-XIX), las <strong><u><a href=\"https:\/\/turismocoria.es\/turismo\/otros-rincones-por-descubrir\/carcel-real\/\" data-type=\"page\" data-id=\"2958\">C\u00e1rceles Real<\/a><\/u> <\/strong>(S. XVII), convertida en Museo de Historia, Arqueolog\u00eda y Etnograf\u00eda, y <strong><u><a href=\"https:\/\/turismocoria.es\/turismo\/otros-rincones-por-descubrir\/carcel-eclesiastica\/\" data-type=\"page\" data-id=\"517\">Eclesi\u00e1stica<\/a><\/u> <\/strong>(S. XVIII), el <strong><u><a href=\"https:\/\/turismocoria.es\/turismo\/lugares-que-no-te-puedes-perder\/santuario-de-la-virgen-de-argeme\/\" data-type=\"page\" data-id=\"505\">Santuario de Nuestra Se\u00f1ora Virgen de Argeme<\/a><\/u><\/strong> (S. XVII-XVIII) a extramuros; o los <strong><u><a href=\"https:\/\/turismocoria.es\/turismo\/otros-rincones-por-descubrir\/puente-de-piedra\/\" data-type=\"page\" data-id=\"529\">Puentes de Piedra<\/a><\/u> <\/strong>(S. XVI) y <strong><u><a href=\"https:\/\/turismocoria.es\/turismo\/otros-rincones-por-descubrir\/puente-de-hierro\/\" data-type=\"page\" data-id=\"531\">de Hierro<\/a><\/u> <\/strong>(S. XX), entre otros interesantes rincones por descubrir.<\/p>\n\n\n\n<figure class=\"wp-block-embed is-type-video is-provider-youtube wp-block-embed-youtube wp-embed-aspect-16-9 wp-has-aspect-ratio\"><div class=\"wp-block-embed__wrapper\">\n<div class=\"ast-oembed-container \" style=\"height: 100%;\"><iframe loading=\"lazy\" title=\"Coria \u201cConjunto Monumental\u201d, destino tur\u00edstico del noroeste de Extremadura\" width=\"500\" height=\"281\" data-src=\"https:\/\/www.youtube.com\/embed\/M6VniblQWMo?feature=oembed\" frameborder=\"0\" allow=\"accelerometer; autoplay; clipboard-write; encrypted-media; gyroscope; picture-in-picture; web-share\" referrerpolicy=\"strict-origin-when-cross-origin\" allowfullscreen src=\"data:image\/gif;base64,R0lGODlhAQABAAAAACH5BAEKAAEALAAAAAABAAEAAAICTAEAOw==\" class=\"lazyload\" data-load-mode=\"1\"><\/iframe><\/div>\n<\/div><\/figure>\n\n\n\n<p><\/p>\n\n\n\n<p>M\u00e1s, con la llegada del mes de mayo llega otro evento marcado en rojo dentro del calendario de <strong>Coria Ciudad Gastron\u00f3mica Extreme\u00f1a 2025<\/strong>, cuya nueva propuesta va reiteradamente a sorprender a los paladares m\u00e1s selectos disfrutando en estos d\u00edas con la <strong>Fiesta Gastron\u00f3mica del Aceite y la Miel<\/strong> que rinde un homenaje a estos dos productos tan populares en la cocina cauriense y extreme\u00f1a.&nbsp; El oro l\u00edquido extreme\u00f1o que viene representado por los AOVES de Gata-Hurdes (DOP), Monterrubio (DOP) y Villuercas-Ibores-Jara (DOP), junto al otro producto estrella que no quedar\u00e1 a nadie indiferente como es la popular miel de Villuercas-Ibores (DOP), con los que la hosteler\u00eda de la localidad dar\u00e1 buena cuenta de ello a trav\u00e9s de sus deliciosas e imaginativas propuestas.<\/p>\n\n\n\n<p>As\u00ed, <strong>desde el 10 al 18 de mayo<\/strong>, una decena de establecimientos hosteleros de la ciudad har\u00e1n las delicias de nuestros comensales ofreciendo sus diferentes propuestas culinarias teniendo como ejes centrales el aceite y la miel otorgando ese buen toque de sabor que todo buen gourmet busca con ah\u00ednco mediante tres modalidades opcionales: <strong>men\u00fas fin de semana<\/strong> que se iniciar\u00e1n <strong>del 10 al 11 de mayo<\/strong>, donde los <strong>Restaurantes San Crist\u00f3bal<\/strong>, <strong>Montesol<\/strong>, <strong>Palacio Ducal de Alba<\/strong>, <strong>HUUMM<\/strong>, <strong>Campana<\/strong> y <strong>Taper\u00eda La Posada<\/strong> que presentar\u00e1n una serie de interesantes ideas para conocer mejor estos ricos productos extreme\u00f1os.<\/p>\n\n\n\n<p>Adem\u00e1s tambi\u00e9n de los platos presentados a la <strong>carta<\/strong>, que comenzar\u00e1 <strong>d<\/strong><strong>el 12 al 18 de mayo<\/strong>, en los <strong>Restaurantes San Crist\u00f3bal<\/strong>, <strong>Montesol<\/strong>, <strong>Palacio Ducal de Alba<\/strong>, <strong>HUUMM<\/strong>, <strong>El Bobo de Coria<\/strong>, y <strong>Taper\u00eda La Posada<\/strong>, para aquellos que prefieran saborear con calma las mejores elaboraciones ingeniadas expresamente para la ocasi\u00f3n por las cocinas de los restaurantes caurienses.<\/p>\n\n\n\n<p>Y, finalmente, a trav\u00e9s de las <strong>catas-gastroexperiencias<\/strong>, que se realizar\u00e1n <strong>d<\/strong><strong>el 16 al 17 de mayo<\/strong>, en el <strong>Restaurante<\/strong> <strong>HUUMM<\/strong> y el <strong>Gastro-Bar Trucha\u2019s<\/strong>, para aquellos otros que deseen saborear uno de los productos que mejor definen la esencia y la identidad de una tierra con tanto sabor es la cauriense y la extreme\u00f1a.<\/p>\n\n\n\n<figure class=\"wp-block-embed is-type-video is-provider-youtube wp-block-embed-youtube wp-embed-aspect-16-9 wp-has-aspect-ratio\"><div class=\"wp-block-embed__wrapper\">\n<div class=\"ast-oembed-container \" style=\"height: 100%;\"><iframe loading=\"lazy\" title=\"Coria Ciudad Gastron\u00f3mica Extreme\u00f1a 2025\" width=\"500\" height=\"281\" data-src=\"https:\/\/www.youtube.com\/embed\/EhG5Z11Qd-0?feature=oembed\" frameborder=\"0\" allow=\"accelerometer; autoplay; clipboard-write; encrypted-media; gyroscope; picture-in-picture; web-share\" referrerpolicy=\"strict-origin-when-cross-origin\" allowfullscreen src=\"data:image\/gif;base64,R0lGODlhAQABAAAAACH5BAEKAAEALAAAAAABAAEAAAICTAEAOw==\" class=\"lazyload\" data-load-mode=\"1\"><\/iframe><\/div>\n<\/div><\/figure>\n\n\n\n<p><\/p>\n\n\n\n<p>Pero mayo es un mes espectacular tanto para descubrir la Ciudad de Coria como sus pueblos ped\u00e1neos. \u00a0Paralelamente a la Fiesta Gastron\u00f3mica, se suceder\u00e1n diferentes festividades y eventos de obligada visita. \u00a0El mes arranca con la <strong><u><a href=\"https:\/\/turismocoria.es\/turismo\/otras-festividades-donde-divertirse\/festividad-del-rincon-del-obispo\/\" data-type=\"page\" data-id=\"864\">Fiesta de San Jos\u00e9 Obrero de Rinc\u00f3n del Obispo<\/a><\/u><\/strong>, <strong>del 1 al 4 de mayo<\/strong>. \u00a0Actuaciones musicales, actividades para toda la familia, lidias al estilo tradicional de vaquillas y toros, junto a fuegos artificiales les dar\u00e1n su bienvenida. \u00a0Y, por \u00faltimo, las <strong><u><a href=\"https:\/\/turismocoria.es\/turismo\/otras-festividades-donde-divertirse\/festividad-de-puebla-de-argeme\/\" data-type=\"page\" data-id=\"866\">Fiestas de Puebla de Argeme<\/a><\/u><\/strong>, <strong>del 9 al 12 de mayo<\/strong>, en las que se celebran sus patronales fiestas haci\u00e9ndolas coincidir con la <strong>Romer\u00eda de la Virgen de Argeme<\/strong>. \u00a0Fiesta religioso-popular que tiene, en la lidia de vaquillas y toros al estilo tradicional por las calles, su principal atracci\u00f3n tur\u00edstica.<\/p>\n\n\n\n<p><strong>M\u00e1s Informaci\u00f3n en:<br>Oficina Municipal de Turismo<br><\/strong>Plaza de San Pedro, 1<br>Tlfno.: 927 50 80 00 Ext. 290<br>Email: <strong><a href=\"mailto:oficinaturismo@coria.org\">oficinaturismo@coria.org<\/a><\/strong><\/p>\n\n\n\n<p>Url: <strong><a href=\"https:\/\/turismocoria.es\/cge2025\">https:\/\/turismocoria.es\/cge2025<\/a><\/strong><\/p>\n","protected":false},"excerpt":{"rendered":"<p>Homenaje anual que el pueblo cauriense dedica a su Patrona la Virgen de Argeme, coincidiendo con \u201cCoria Ciudad Gastron\u00f3mica Extreme\u00f1a 2025\u201d que, del 10 al 18 de mayo, dedica su quinto mes a aquellos que quieran disfrutar saboreando otros dos productos claves de nuestra exquisita cocina extreme\u00f1a como son el Aceite (DOP) y la Miel [&hellip;]<\/p>\n","protected":false},"author":2,"featured_media":13291,"comment_status":"closed","ping_status":"","sticky":false,"template":"","format":"standard","meta":{"_uag_custom_page_level_css":"","site-sidebar-layout":"default","site-content-layout":"","ast-site-content-layout":"default","site-content-style":"default","site-sidebar-style":"default","ast-global-header-display":"","ast-banner-title-visibility":"","ast-main-header-display":"","ast-hfb-above-header-display":"","ast-hfb-below-header-display":"","ast-hfb-mobile-header-display":"","site-post-title":"","ast-breadcrumbs-content":"","ast-featured-img":"","footer-sml-layout":"","theme-transparent-header-meta":"","adv-header-id-meta":"","stick-header-meta":"","header-above-stick-meta":"","header-main-stick-meta":"","header-below-stick-meta":"","astra-migrate-meta-layouts":"set","ast-page-background-enabled":"default","ast-page-background-meta":{"desktop":{"background-color":"","background-image":"","background-repeat":"repeat","background-position":"center center","background-size":"auto","background-attachment":"scroll","background-type":"","background-media":"","overlay-type":"","overlay-color":"","overlay-opacity":"","overlay-gradient":""},"tablet":{"background-color":"","background-image":"","background-repeat":"repeat","background-position":"center center","background-size":"auto","background-attachment":"scroll","background-type":"","background-media":"","overlay-type":"","overlay-color":"","overlay-opacity":"","overlay-gradient":""},"mobile":{"background-color":"","background-image":"","background-repeat":"repeat","background-position":"center center","background-size":"auto","background-attachment":"scroll","background-type":"","background-media":"","overlay-type":"","overlay-color":"","overlay-opacity":"","overlay-gradient":""}},"ast-content-background-meta":{"desktop":{"background-color":"var(--ast-global-color-5)","background-image":"","background-repeat":"repeat","background-position":"center center","background-size":"auto","background-attachment":"scroll","background-type":"","background-media":"","overlay-type":"","overlay-color":"","overlay-opacity":"","overlay-gradient":""},"tablet":{"background-color":"var(--ast-global-color-5)","background-image":"","background-repeat":"repeat","background-position":"center center","background-size":"auto","background-attachment":"scroll","background-type":"","background-media":"","overlay-type":"","overlay-color":"","overlay-opacity":"","overlay-gradient":""},"mobile":{"background-color":"var(--ast-global-color-5)","background-image":"","background-repeat":"repeat","background-position":"center center","background-size":"auto","background-attachment":"scroll","background-type":"","background-media":"","overlay-type":"","overlay-color":"","overlay-opacity":"","overlay-gradient":""}},"_EventAllDay":false,"_EventTimezone":"","_EventStartDate":"","_EventEndDate":"","_EventStartDateUTC":"","_EventEndDateUTC":"","_EventShowMap":false,"_EventShowMapLink":false,"_EventURL":"","_EventCost":"","_EventCostDescription":"","_EventCurrencySymbol":"","_EventCurrencyCode":"","_EventCurrencyPosition":"","_EventDateTimeSeparator":"","_EventTimeRangeSeparator":"","_EventOrganizerID":[],"_EventVenueID":0,"_OrganizerEmail":"","_OrganizerPhone":"","_OrganizerWebsite":"","_VenueAddress":"","_VenueCity":"","_VenueCountry":"","_VenueProvince":"","_VenueZip":"","_VenuePhone":"","_VenueURL":"","_VenueStateProvince":"","_VenueLat":"","_VenueLng":"","footnotes":""},"categories":[33],"tags":[],"class_list":["post-13290","post","type-post","status-publish","format-standard","has-post-thumbnail","hentry","category-sin-categorizar"],"featured_image_src":"https:\/\/turismocoria.es\/turismo\/wp-content\/uploads\/2025\/04\/Coria-CGE2025_5.-FG-Aceite-y-Miel-600x400.jpg","featured_image_src_square":"https:\/\/turismocoria.es\/turismo\/wp-content\/uploads\/2025\/04\/Coria-CGE2025_5.-FG-Aceite-y-Miel-600x600.jpg","author_info":{"display_name":"turismo","author_link":"https:\/\/turismocoria.es\/turismo\/author\/turismo\/"},"uagb_featured_image_src":{"full":["https:\/\/turismocoria.es\/turismo\/wp-content\/uploads\/2025\/04\/Coria-CGE2025_5.-FG-Aceite-y-Miel.jpg",1565,756,false],"thumbnail":["https:\/\/turismocoria.es\/turismo\/wp-content\/uploads\/2025\/04\/Coria-CGE2025_5.-FG-Aceite-y-Miel-150x150.jpg",150,150,true],"medium":["https:\/\/turismocoria.es\/turismo\/wp-content\/uploads\/2025\/04\/Coria-CGE2025_5.-FG-Aceite-y-Miel-300x145.jpg",300,145,true],"medium_large":["https:\/\/turismocoria.es\/turismo\/wp-content\/uploads\/2025\/04\/Coria-CGE2025_5.-FG-Aceite-y-Miel-768x371.jpg",768,371,true],"large":["https:\/\/turismocoria.es\/turismo\/wp-content\/uploads\/2025\/04\/Coria-CGE2025_5.-FG-Aceite-y-Miel-1024x495.jpg",1024,495,true],"gs-tiny":["https:\/\/turismocoria.es\/turismo\/wp-content\/uploads\/2025\/04\/Coria-CGE2025_5.-FG-Aceite-y-Miel-50x24.jpg",50,24,true],"xl":["https:\/\/turismocoria.es\/turismo\/wp-content\/uploads\/2025\/04\/Coria-CGE2025_5.-FG-Aceite-y-Miel.jpg",1565,756,false],"xxl":["https:\/\/turismocoria.es\/turismo\/wp-content\/uploads\/2025\/04\/Coria-CGE2025_5.-FG-Aceite-y-Miel.jpg",1565,756,false],"xxxl":["https:\/\/turismocoria.es\/turismo\/wp-content\/uploads\/2025\/04\/Coria-CGE2025_5.-FG-Aceite-y-Miel.jpg",1565,756,false],"xxxxl":["https:\/\/turismocoria.es\/turismo\/wp-content\/uploads\/2025\/04\/Coria-CGE2025_5.-FG-Aceite-y-Miel.jpg",1565,756,false],"xxxxxl":["https:\/\/turismocoria.es\/turismo\/wp-content\/uploads\/2025\/04\/Coria-CGE2025_5.-FG-Aceite-y-Miel.jpg",1565,756,false],"1536x1536":["https:\/\/turismocoria.es\/turismo\/wp-content\/uploads\/2025\/04\/Coria-CGE2025_5.-FG-Aceite-y-Miel-1536x742.jpg",1536,742,true],"2048x2048":["https:\/\/turismocoria.es\/turismo\/wp-content\/uploads\/2025\/04\/Coria-CGE2025_5.-FG-Aceite-y-Miel.jpg",1565,756,false],"ultp_layout_landscape_large":["https:\/\/turismocoria.es\/turismo\/wp-content\/uploads\/2025\/04\/Coria-CGE2025_5.-FG-Aceite-y-Miel-1200x756.jpg",1200,756,true],"ultp_layout_landscape":["https:\/\/turismocoria.es\/turismo\/wp-content\/uploads\/2025\/04\/Coria-CGE2025_5.-FG-Aceite-y-Miel-870x570.jpg",870,570,true],"ultp_layout_portrait":["https:\/\/turismocoria.es\/turismo\/wp-content\/uploads\/2025\/04\/Coria-CGE2025_5.-FG-Aceite-y-Miel-600x756.jpg",600,756,true],"ultp_layout_square":["https:\/\/turismocoria.es\/turismo\/wp-content\/uploads\/2025\/04\/Coria-CGE2025_5.-FG-Aceite-y-Miel-600x600.jpg",600,600,true],"gb-block-post-grid-landscape":["https:\/\/turismocoria.es\/turismo\/wp-content\/uploads\/2025\/04\/Coria-CGE2025_5.-FG-Aceite-y-Miel-600x400.jpg",600,400,true],"gb-block-post-grid-square":["https:\/\/turismocoria.es\/turismo\/wp-content\/uploads\/2025\/04\/Coria-CGE2025_5.-FG-Aceite-y-Miel-600x600.jpg",600,600,true]},"uagb_author_info":{"display_name":"turismo","author_link":"https:\/\/turismocoria.es\/turismo\/author\/turismo\/"},"uagb_comment_info":0,"uagb_excerpt":"Homenaje anual que el pueblo cauriense dedica a su Patrona la Virgen de Argeme, coincidiendo con \u201cCoria Ciudad Gastron\u00f3mica Extreme\u00f1a 2025\u201d que, del 10 al 18 de mayo, dedica su quinto mes a aquellos que quieran disfrutar saboreando otros dos productos claves de nuestra exquisita cocina extreme\u00f1a como son el Aceite (DOP) y la Miel&hellip;","_links":{"self":[{"href":"https:\/\/turismocoria.es\/turismo\/wp-json\/wp\/v2\/posts\/13290"}],"collection":[{"href":"https:\/\/turismocoria.es\/turismo\/wp-json\/wp\/v2\/posts"}],"about":[{"href":"https:\/\/turismocoria.es\/turismo\/wp-json\/wp\/v2\/types\/post"}],"author":[{"embeddable":true,"href":"https:\/\/turismocoria.es\/turismo\/wp-json\/wp\/v2\/users\/2"}],"replies":[{"embeddable":true,"href":"https:\/\/turismocoria.es\/turismo\/wp-json\/wp\/v2\/comments?post=13290"}],"version-history":[{"count":4,"href":"https:\/\/turismocoria.es\/turismo\/wp-json\/wp\/v2\/posts\/13290\/revisions"}],"predecessor-version":[{"id":13295,"href":"https:\/\/turismocoria.es\/turismo\/wp-json\/wp\/v2\/posts\/13290\/revisions\/13295"}],"wp:featuredmedia":[{"embeddable":true,"href":"https:\/\/turismocoria.es\/turismo\/wp-json\/wp\/v2\/media\/13291"}],"wp:attachment":[{"href":"https:\/\/turismocoria.es\/turismo\/wp-json\/wp\/v2\/media?parent=13290"}],"wp:term":[{"taxonomy":"category","embeddable":true,"href":"https:\/\/turismocoria.es\/turismo\/wp-json\/wp\/v2\/categories?post=13290"},{"taxonomy":"post_tag","embeddable":true,"href":"https:\/\/turismocoria.es\/turismo\/wp-json\/wp\/v2\/tags?post=13290"}],"curies":[{"name":"wp","href":"https:\/\/api.w.org\/{rel}","templated":true}]}}