{"id":13192,"date":"2025-04-01T12:06:20","date_gmt":"2025-04-01T10:06:20","guid":{"rendered":"https:\/\/turismocoria.es\/turismo\/?p=13192"},"modified":"2025-04-16T15:32:01","modified_gmt":"2025-04-16T13:32:01","slug":"coria-adereza-su-semana-santa-con-la-fiesta-gastronomica-del-cordero-y-el-pimenton-y-sabor-de-primavera","status":"publish","type":"post","link":"https:\/\/turismocoria.es\/turismo\/coria-adereza-su-semana-santa-con-la-fiesta-gastronomica-del-cordero-y-el-pimenton-y-sabor-de-primavera\/","title":{"rendered":"Coria Adereza su Semana Santa con la Fiesta Gastron\u00f3mica del Cordero y el Piment\u00f3n y Sabor de Primavera"},"content":{"rendered":"\n<p><strong>Bajo el marco incomparable de la Semana Santa Cauriense, \u201cCoria Ciudad Gastron\u00f3mica Extreme\u00f1a 2025\u201d celebra, del 11 al 20 de abril, su cuarto mes dedic\u00e1ndolo a aquellos que quieran disfrutar saboreando dos inmejorables delicias de nuestra tierra como son el Cordero de Extremadura (IGP) y el piment\u00f3n de La Vera (DOP), adem\u00e1s de poder conocer otras inesperadas experiencias de corte cultural, natural, deportiva o simplemente espiritual de entre algunas de las muchas posibilidades que ofrece su repleta programaci\u00f3n tur\u00edstica.<\/strong><\/p>\n\n\n\n<p>Acompa\u00f1ado en pareja, con la familia o los amigos, el <strong>Conjunto Monumental<\/strong> de Coria se configura nuevamente en inmejorable decorado natural donde poder vivir esta diferente semana de fe y pasi\u00f3n, pero ideal para descubrir los encantos que atesora su antigua Ciudad Monumental sin las prisas impuestas por el turismo de masas, practicando un turismo cultural de interior basado en la historia, el arte, el recogimiento, la gastronom\u00eda o la naturaleza, placentero y entretenido, lejos de los tumultos y fuera de los barullos y los ruidos\u2026<\/p>\n\n\n\n<p>Un relajado paseo por su Casco Antiguo les redescubrir\u00e1, en estas se\u00f1aladas fechas de nuestra intensa <strong><u><a href=\"https:\/\/turismocoria.es\/turismo\/fiestas-y-eventos-para-disfrutar\/semana-santa\/\" data-type=\"page\" data-id=\"572\">Semana Santa Cauriense<\/a><\/u><\/strong>, ese inmejorable marco por donde han transitado desde tiempos inmemoriales los ornamentales pasos procesionales portados por las penitenciales <strong>Cofrad\u00edas de la Santa y Vera Cruz<\/strong>, <strong>del Sant\u00edsimo Cristo de la Salud<\/strong>, <strong>del Sant\u00edsimo Cristo de los Afligidos<\/strong>, <strong>de Mar\u00eda Sant\u00edsima del Amor Hermoso<\/strong>, y <strong>de Jes\u00fas Resucitado y Nuestra Se\u00f1ora del Rosario<\/strong>, realzando la belleza art\u00edstica de sus escult\u00f3ricas im\u00e1genes religiosas.<\/p>\n\n\n\n<figure class=\"wp-block-embed is-type-video is-provider-youtube wp-block-embed-youtube wp-embed-aspect-16-9 wp-has-aspect-ratio\"><div class=\"wp-block-embed__wrapper\">\n<div class=\"ast-oembed-container \" style=\"height: 100%;\"><iframe loading=\"lazy\" title=\"SEMANA SANTA | Pasi\u00f3n por las Calles de Coria.\" width=\"500\" height=\"281\" data-src=\"https:\/\/www.youtube.com\/embed\/j69s-9o3Vfs?feature=oembed\" frameborder=\"0\" allow=\"accelerometer; autoplay; clipboard-write; encrypted-media; gyroscope; picture-in-picture; web-share\" referrerpolicy=\"strict-origin-when-cross-origin\" allowfullscreen src=\"data:image\/gif;base64,R0lGODlhAQABAAAAACH5BAEKAAEALAAAAAABAAEAAAICTAEAOw==\" class=\"lazyload\" data-load-mode=\"1\"><\/iframe><\/div>\n<\/div><\/figure>\n\n\n\n<p><\/p>\n\n\n\n<p>Una invitaci\u00f3n tur\u00edstica, cultural y espiritual, convertida en momento propicio para conocer y venerar esa <strong>reliquia universal<\/strong> y <strong>\u00fanica de la cristiandad<\/strong> que es el <strong><u><a href=\"https:\/\/turismocoria.es\/turismo\/el-sagrado-mantel-de-la-ultima-cena\/\" data-type=\"page\" data-id=\"1176\">Sagrado Mantel de la \u00daltima Cena<\/a><\/u><\/strong> custodiado desde la antig\u00fcedad en la Santa Iglesia <a href=\"https:\/\/turismocoria.es\/turismo\/lugares-que-no-te-puedes-perder\/catedral\/\" data-type=\"page\" data-id=\"488\"><strong><u>Catedral<\/u><\/strong> <strong><u>de Santa Mar\u00eda de la Asunci\u00f3n<\/u><\/strong><\/a>.<\/p>\n\n\n\n<figure class=\"wp-block-embed is-type-video is-provider-youtube wp-block-embed-youtube wp-embed-aspect-16-9 wp-has-aspect-ratio\"><div class=\"wp-block-embed__wrapper\">\n<div class=\"ast-oembed-container \" style=\"height: 100%;\"><iframe loading=\"lazy\" title=\"El Sagrado Mantel de Coria: Cultura, Devoci\u00f3n y Turismo - Reliquia Universal de la Cristiandad\" width=\"500\" height=\"281\" data-src=\"https:\/\/www.youtube.com\/embed\/qBfoZ48Qe9Q?feature=oembed\" frameborder=\"0\" allow=\"accelerometer; autoplay; clipboard-write; encrypted-media; gyroscope; picture-in-picture; web-share\" referrerpolicy=\"strict-origin-when-cross-origin\" allowfullscreen src=\"data:image\/gif;base64,R0lGODlhAQABAAAAACH5BAEKAAEALAAAAAABAAEAAAICTAEAOw==\" class=\"lazyload\" data-load-mode=\"1\"><\/iframe><\/div>\n<\/div><\/figure>\n\n\n\n<p><\/p>\n\n\n\n<p>Adem\u00e1s de poder visitar esos otros atractivos tesoros que celosamente sigue conservando este m\u00e1gico escenario heredado durante siglos, lo que convierten a esta nobiliaria y episcopal ciudad, seg\u00fan algunas fuentes, en la <strong>novena poblaci\u00f3n m\u00e1s antigua de toda Espa\u00f1a<\/strong>, cuyos vestigios de la longeva historia cauriense quedan en parte atestiguados por el magn\u00edfico <strong><u><a href=\"https:\/\/turismocoria.es\/turismo\/lugares-que-no-te-puedes-perder\/casco-historico\/\" data-type=\"page\" data-id=\"732\">Casco Hist\u00f3rico<\/a><\/u><\/strong> que conserva la ciudad.&nbsp; Desde las volum\u00e9tricas <strong><u><a href=\"https:\/\/turismocoria.es\/turismo\/lugares-que-no-te-puedes-perder\/murallas-romanas\/\" data-type=\"page\" data-id=\"497\">Murallas Romanas<\/a><\/u><\/strong> (S. I) que lo circundan como una de las fortalezas de origen romano mejor conservadas en su conjunto de entre todas las halladas en el resto de Europa; pasando por los soberbios y se\u00f1oriales <strong><u><a href=\"https:\/\/turismocoria.es\/turismo\/lugares-que-no-te-puedes-perder\/castillo-de-los-duques-de-alba\/\" data-type=\"page\" data-id=\"226\">Castillo<\/a><\/u><\/strong> (S. XV) y <strong><u><a href=\"https:\/\/turismocoria.es\/turismo\/otros-rincones-por-descubrir\/palacio-de-los-duques-de-alba\/\" data-type=\"page\" data-id=\"509\">Palacio de los Duques de Alba<\/a><\/u><\/strong> (S. XV-XVI) como s\u00edmbolos del rancio poder nobiliario; hasta la magna <a href=\"https:\/\/turismocoria.es\/turismo\/lugares-que-no-te-puedes-perder\/catedral\/\" data-type=\"page\" data-id=\"488\"><strong><u>Catedral<\/u><\/strong> <strong><u>de Santa Mar\u00eda de la Asunci\u00f3n<\/u><\/strong><\/a> (S. XV-XVIII) joya del g\u00f3tico-plateresco extreme\u00f1o; adem\u00e1s del <strong><a href=\"https:\/\/turismocoria.es\/turismo\/otros-rincones-por-descubrir\/palacio-episcopal\/\" data-type=\"page\" data-id=\"511\"><u>Palacio Episcopal<\/u> <\/a><\/strong>(S. XVII), la <strong><u><a href=\"https:\/\/turismocoria.es\/turismo\/otros-rincones-por-descubrir\/iglesia-santiago-apostol\/\" data-type=\"page\" data-id=\"514\">Iglesia de Santiago Ap\u00f3stol<\/a><\/u> <\/strong>(S. XVI-XVIII), el <strong><u><a href=\"https:\/\/turismocoria.es\/turismo\/lugares-que-no-te-puedes-perder\/convento-de-la-madre-de-dios\/\" data-type=\"page\" data-id=\"499\">Convento de la Madre de Dios<\/a><\/u> <\/strong>(S. XVI-XVII), el <strong><u><a href=\"https:\/\/turismocoria.es\/turismo\/otros-rincones-por-descubrir\/hospital-san-nicolas-de-bari\/\" data-type=\"page\" data-id=\"521\">Hospital de San Nicol\u00e1s de Bari<\/a><\/u> <\/strong>(S. XVI-XIX), el <strong><u><a href=\"https:\/\/turismocoria.es\/turismo\/otros-rincones-por-descubrir\/colegio-seminario-conciliar\/\" data-type=\"page\" data-id=\"744\">Colegio-Seminario Mayor Conciliar<\/a><\/u><\/strong> (S. XVII-XIX), las <strong><u><a href=\"https:\/\/turismocoria.es\/turismo\/otros-rincones-por-descubrir\/carcel-real\/\" data-type=\"page\" data-id=\"2958\">C\u00e1rceles Real<\/a><\/u> <\/strong>(S. XVII), convertida en Museo de Historia, Arqueolog\u00eda y Etnograf\u00eda, y <strong><u><a href=\"https:\/\/turismocoria.es\/turismo\/otros-rincones-por-descubrir\/carcel-eclesiastica\/\" data-type=\"page\" data-id=\"517\">Eclesi\u00e1stica<\/a><\/u> <\/strong>(S. XVIII), el <strong><u><a href=\"https:\/\/turismocoria.es\/turismo\/lugares-que-no-te-puedes-perder\/santuario-de-la-virgen-de-argeme\/\" data-type=\"page\" data-id=\"505\">Santuario de Nuestra Se\u00f1ora Virgen de Argeme<\/a><\/u><\/strong> (S. XVII-XVIII) a extramuros; o los <strong><u><a href=\"https:\/\/turismocoria.es\/turismo\/otros-rincones-por-descubrir\/puente-de-piedra\/\" data-type=\"page\" data-id=\"529\">Puentes de Piedra<\/a><\/u> <\/strong>(S. XVI) y <strong><u><a href=\"https:\/\/turismocoria.es\/turismo\/otros-rincones-por-descubrir\/puente-de-hierro\/\" data-type=\"page\" data-id=\"531\">de Hierro<\/a><\/u> <\/strong>(S. XX), entre otros interesantes rincones por descubrir.<\/p>\n\n\n\n<figure class=\"wp-block-embed is-type-video is-provider-youtube wp-block-embed-youtube wp-embed-aspect-16-9 wp-has-aspect-ratio\"><div class=\"wp-block-embed__wrapper\">\n<div class=\"ast-oembed-container \" style=\"height: 100%;\"><iframe loading=\"lazy\" title=\"Coria \u201cConjunto Monumental\u201d, destino tur\u00edstico del noroeste de Extremadura\" width=\"500\" height=\"281\" data-src=\"https:\/\/www.youtube.com\/embed\/M6VniblQWMo?feature=oembed\" frameborder=\"0\" allow=\"accelerometer; autoplay; clipboard-write; encrypted-media; gyroscope; picture-in-picture; web-share\" referrerpolicy=\"strict-origin-when-cross-origin\" allowfullscreen src=\"data:image\/gif;base64,R0lGODlhAQABAAAAACH5BAEKAAEALAAAAAABAAEAAAICTAEAOw==\" class=\"lazyload\" data-load-mode=\"1\"><\/iframe><\/div>\n<\/div><\/figure>\n\n\n\n<p><\/p>\n\n\n\n<p>M\u00e1s, en fechas tan se\u00f1aladas en las que el fervor, el recogimiento y la tradici\u00f3n m\u00e1s \u00edntima invaden la ciudad, <strong>Coria Ciudad Gastron\u00f3mica Extreme\u00f1a 2025<\/strong> les ofrece uno de los mejores momentos para disfrutar en estos d\u00edas con la <strong>Fiesta Gastron\u00f3mica del Cordero y el Piment\u00f3n<\/strong> <strong>(del 11 al 20 de abril)<\/strong> que rinde un homenaje a estos productos tan populares como son el cordero extreme\u00f1o (IGP), como excelso manjar clave en la gastronom\u00eda regional y en las propuestas de los fogones caurienses, adem\u00e1s de esa otra gran especia a nivel auton\u00f3mico como es el piment\u00f3n de La Vera (DOP), con los que la hosteler\u00eda de la localidad dar\u00e1 buena cuenta de ello a trav\u00e9s de sus deliciosas e imaginativas propuestas.<\/p>\n\n\n\n<p>As\u00ed, <strong>desde el 11 hasta el 20 de abril<\/strong>, alrededor de una quincena de establecimientos hosteleros de la ciudad har\u00e1n las delicias de nuestros comensales ofreciendo sus diferentes propuestas culinarias teniendo como ejes centrales al cordero y el piment\u00f3n otorgando ese buen toque de sabor que todo buen gourmet busca con ah\u00ednco mediante tres modalidades opcionales: <strong>raciones<\/strong> que, <strong>del 11 al 13 de abril<\/strong>, se dispensar\u00e1n en los <strong>Restaurantes San Crist\u00f3bal<\/strong>, <strong>Palacio Ducal de Alba<\/strong>, <strong>Al-Karika<\/strong>, <strong>San Juan<\/strong>, <strong>Saborea la Plaza<\/strong>, <strong>Taper\u00eda La Posada<\/strong>, <strong>Gastro-Bar Trucha\u2019s<\/strong> y los <strong>Caf\u00e9-Bares Grana y Oro<\/strong> y <strong>Los Nuevos Deportes<\/strong>.<\/p>\n\n\n\n<p>De los<strong> men\u00fas fin de semana<\/strong>, que se iniciar\u00e1n <strong>del 12 al 13 de abril<\/strong>, donde los <strong>Restaurantes <\/strong><strong>San Crist\u00f3bal<\/strong>, <strong>Montesol<\/strong>, <strong>P\u00e9rcor<\/strong>, <strong>Palacio Ducal de Alba<\/strong>, <strong>HUUMM<\/strong> y <strong>Campana<\/strong> presentar\u00e1n una serie de interesantes ideas para conocer mejor estos ricos productos extreme\u00f1os.<\/p>\n\n\n\n<p>Y por \u00faltimo a la <strong>carta<\/strong>, que comenzar\u00e1 <strong>d<\/strong><strong>el 14 al 20 de abril<\/strong>, en los <strong>Restaurantes San Crist\u00f3bal<\/strong>, <strong>Montesol<\/strong>, <strong>P\u00e9rcor<\/strong>,<strong> Palacio Ducal de Alba<\/strong>, <strong>HUUMM<\/strong>, <strong>El Bobo de Coria<\/strong>, <strong>Campana<\/strong> y <strong>Casa Maxi<\/strong>, para aquellos que prefieran saborear con calma las mejores elaboraciones ingeniadas expresamente para la ocasi\u00f3n por las cocinas de los restaurantes caurienses.<\/p>\n\n\n\n<figure class=\"wp-block-embed is-type-video is-provider-youtube wp-block-embed-youtube wp-embed-aspect-16-9 wp-has-aspect-ratio\"><div class=\"wp-block-embed__wrapper\">\n<div class=\"ast-oembed-container \" style=\"height: 100%;\"><iframe loading=\"lazy\" title=\"Coria Ciudad Gastron\u00f3mica Extreme\u00f1a 2025\" width=\"500\" height=\"281\" data-src=\"https:\/\/www.youtube.com\/embed\/EhG5Z11Qd-0?feature=oembed\" frameborder=\"0\" allow=\"accelerometer; autoplay; clipboard-write; encrypted-media; gyroscope; picture-in-picture; web-share\" referrerpolicy=\"strict-origin-when-cross-origin\" allowfullscreen src=\"data:image\/gif;base64,R0lGODlhAQABAAAAACH5BAEKAAEALAAAAAABAAEAAAICTAEAOw==\" class=\"lazyload\" data-load-mode=\"1\"><\/iframe><\/div>\n<\/div><\/figure>\n\n\n\n<p><\/p>\n\n\n\n<p>A su vez, tanto la Fiesta Gastron\u00f3mica como la ya mencionada Semana Santa compartir\u00e1n protagonismo con otros eventos de <strong>turismo de naturaleza<\/strong> al sumarse en su tercera edici\u00f3n <strong><a href=\"https:\/\/turismocoria.es\/turismo\/coria-sabor-de-primavera\/\" data-type=\"page\" data-id=\"11638\">\u2018<u>Coria Sabor de Primavera<\/u><\/a>\u2019<\/strong> que <strong>del 1 al 27 de abril<\/strong> posee una amplia programaci\u00f3n repleta de diversas actividades especialmente dirigidas a los amantes de la naturaleza, la bot\u00e1nica, la ornitolog\u00eda, la cultura, el deporte y la gastronom\u00eda, principalmente, para su descubrimiento y disfrute.<\/p>\n\n\n\n<figure class=\"wp-block-image aligncenter size-large\"><img loading=\"lazy\" decoding=\"async\" width=\"1024\" height=\"640\" data-src=\"https:\/\/turismocoria.es\/turismo\/wp-content\/uploads\/2025\/04\/Programacion-III-Coria-Sabor-de-Primavera-2025-1024x640.jpg\" alt=\"\" class=\"wp-image-13194 lazyload\" data-srcset=\"https:\/\/turismocoria.es\/turismo\/wp-content\/uploads\/2025\/04\/Programacion-III-Coria-Sabor-de-Primavera-2025-1024x640.jpg 1024w, https:\/\/turismocoria.es\/turismo\/wp-content\/uploads\/2025\/04\/Programacion-III-Coria-Sabor-de-Primavera-2025-300x188.jpg 300w, https:\/\/turismocoria.es\/turismo\/wp-content\/uploads\/2025\/04\/Programacion-III-Coria-Sabor-de-Primavera-2025-768x480.jpg 768w, https:\/\/turismocoria.es\/turismo\/wp-content\/uploads\/2025\/04\/Programacion-III-Coria-Sabor-de-Primavera-2025-50x31.jpg 50w, https:\/\/turismocoria.es\/turismo\/wp-content\/uploads\/2025\/04\/Programacion-III-Coria-Sabor-de-Primavera-2025-1600x1001.jpg 1600w, https:\/\/turismocoria.es\/turismo\/wp-content\/uploads\/2025\/04\/Programacion-III-Coria-Sabor-de-Primavera-2025-1536x961.jpg 1536w, https:\/\/turismocoria.es\/turismo\/wp-content\/uploads\/2025\/04\/Programacion-III-Coria-Sabor-de-Primavera-2025-2048x1281.jpg 2048w\" data-sizes=\"(max-width: 1024px) 100vw, 1024px\" src=\"data:image\/gif;base64,R0lGODlhAQABAAAAACH5BAEKAAEALAAAAAABAAEAAAICTAEAOw==\" style=\"--smush-placeholder-width: 1024px; --smush-placeholder-aspect-ratio: 1024\/640;\" \/><noscript><img loading=\"lazy\" decoding=\"async\" width=\"1024\" height=\"640\" src=\"https:\/\/turismocoria.es\/turismo\/wp-content\/uploads\/2025\/04\/Programacion-III-Coria-Sabor-de-Primavera-2025-1024x640.jpg\" alt=\"\" class=\"wp-image-13194\" srcset=\"https:\/\/turismocoria.es\/turismo\/wp-content\/uploads\/2025\/04\/Programacion-III-Coria-Sabor-de-Primavera-2025-1024x640.jpg 1024w, https:\/\/turismocoria.es\/turismo\/wp-content\/uploads\/2025\/04\/Programacion-III-Coria-Sabor-de-Primavera-2025-300x188.jpg 300w, https:\/\/turismocoria.es\/turismo\/wp-content\/uploads\/2025\/04\/Programacion-III-Coria-Sabor-de-Primavera-2025-768x480.jpg 768w, https:\/\/turismocoria.es\/turismo\/wp-content\/uploads\/2025\/04\/Programacion-III-Coria-Sabor-de-Primavera-2025-50x31.jpg 50w, https:\/\/turismocoria.es\/turismo\/wp-content\/uploads\/2025\/04\/Programacion-III-Coria-Sabor-de-Primavera-2025-1600x1001.jpg 1600w, https:\/\/turismocoria.es\/turismo\/wp-content\/uploads\/2025\/04\/Programacion-III-Coria-Sabor-de-Primavera-2025-1536x961.jpg 1536w, https:\/\/turismocoria.es\/turismo\/wp-content\/uploads\/2025\/04\/Programacion-III-Coria-Sabor-de-Primavera-2025-2048x1281.jpg 2048w\" sizes=\"(max-width: 1024px) 100vw, 1024px\" \/><\/noscript><\/figure>\n\n\n\n<p>As\u00ed que ya lo sabes, si buscas un destino para las pr\u00f3ximas <strong>vacaciones de<\/strong> <strong>Semana Santa<\/strong>, no lo dudes, pues <strong>Coria Ciudad Gastron\u00f3mica Extreme\u00f1a<\/strong> te espera con los brazos abiertos y est\u00e1 preparada para sorprenderte paladeando los mejores sabores del cordero aderezados con el piment\u00f3n, adem\u00e1s de darte a descubrir sus encantos, a disfrutar de sus entornos naturales, a sentir la emoci\u00f3n de sus procesiones y a venerar el <strong>Sagrado Mantel de la \u00daltima Cena<\/strong>, una reliquia que nos recuerda que incluso en los momentos, m\u00e1s oscuros, la luz de la fe siempre prevalece entre las tinieblas\u2026<\/p>\n\n\n\n<p>\u00bfA qu\u00e9 esperas para sentirla?<\/p>\n\n\n\n<div data-wp-interactive=\"core\/file\" class=\"wp-block-file aligncenter\"><object data-wp-bind--hidden=\"!state.hasPdfPreview\"  class=\"wp-block-file__embed\" data=\"https:\/\/turismocoria.es\/turismo\/wp-content\/uploads\/2025\/04\/LIBRO-SEMANA-SANTA-2025.pdf\" type=\"application\/pdf\" style=\"width:100%;height:600px\" aria-label=\"Incrustado de LIBRO SEMANA SANTA 2025.\"><\/object><a id=\"wp-block-file--media-f883338e-779a-43f8-a219-029cc2c719bd\" href=\"https:\/\/turismocoria.es\/turismo\/wp-content\/uploads\/2025\/04\/LIBRO-SEMANA-SANTA-2025.pdf\">LIBRO SEMANA SANTA 2025<\/a><a href=\"https:\/\/turismocoria.es\/turismo\/wp-content\/uploads\/2025\/04\/LIBRO-SEMANA-SANTA-2025.pdf\" class=\"wp-block-file__button wp-element-button\" download aria-describedby=\"wp-block-file--media-f883338e-779a-43f8-a219-029cc2c719bd\">Descarga<\/a><\/div>\n\n\n\n<p><strong>M\u00e1s Informaci\u00f3n en:<br>Oficina Municipal de Turismo<br><\/strong>Plaza de San Pedro, 1<br>Tlfno.: 927 50 80 00 Ext. 290<br>Email: <strong><a href=\"mailto:oficinaturismo@coria.org\">oficinaturismo@coria.org<\/a><\/strong><\/p>\n\n\n\n<p>Url: <a href=\"https:\/\/turismocoria.es\/semanasanta\/\"><strong>https:\/\/turismocoria.es\/semanasanta\/<\/strong><\/a><\/p>\n\n\n\n<p>Url: <strong><a href=\"https:\/\/turismocoria.es\/cge2025\">https:\/\/turismocoria.es\/cge2025<\/a><\/strong><\/p>\n","protected":false},"excerpt":{"rendered":"<p>Bajo el marco incomparable de la Semana Santa Cauriense, \u201cCoria Ciudad Gastron\u00f3mica Extreme\u00f1a 2025\u201d celebra, del 11 al 20 de abril, su cuarto mes dedic\u00e1ndolo a aquellos que quieran disfrutar saboreando dos inmejorables delicias de nuestra tierra como son el Cordero de Extremadura (IGP) y el piment\u00f3n de La Vera (DOP), adem\u00e1s de poder conocer [&hellip;]<\/p>\n","protected":false},"author":2,"featured_media":13193,"comment_status":"closed","ping_status":"","sticky":false,"template":"","format":"standard","meta":{"_uag_custom_page_level_css":"","site-sidebar-layout":"default","site-content-layout":"","ast-site-content-layout":"default","site-content-style":"default","site-sidebar-style":"default","ast-global-header-display":"","ast-banner-title-visibility":"","ast-main-header-display":"","ast-hfb-above-header-display":"","ast-hfb-below-header-display":"","ast-hfb-mobile-header-display":"","site-post-title":"","ast-breadcrumbs-content":"","ast-featured-img":"","footer-sml-layout":"","theme-transparent-header-meta":"","adv-header-id-meta":"","stick-header-meta":"","header-above-stick-meta":"","header-main-stick-meta":"","header-below-stick-meta":"","astra-migrate-meta-layouts":"set","ast-page-background-enabled":"default","ast-page-background-meta":{"desktop":{"background-color":"","background-image":"","background-repeat":"repeat","background-position":"center center","background-size":"auto","background-attachment":"scroll","background-type":"","background-media":"","overlay-type":"","overlay-color":"","overlay-opacity":"","overlay-gradient":""},"tablet":{"background-color":"","background-image":"","background-repeat":"repeat","background-position":"center center","background-size":"auto","background-attachment":"scroll","background-type":"","background-media":"","overlay-type":"","overlay-color":"","overlay-opacity":"","overlay-gradient":""},"mobile":{"background-color":"","background-image":"","background-repeat":"repeat","background-position":"center center","background-size":"auto","background-attachment":"scroll","background-type":"","background-media":"","overlay-type":"","overlay-color":"","overlay-opacity":"","overlay-gradient":""}},"ast-content-background-meta":{"desktop":{"background-color":"var(--ast-global-color-5)","background-image":"","background-repeat":"repeat","background-position":"center center","background-size":"auto","background-attachment":"scroll","background-type":"","background-media":"","overlay-type":"","overlay-color":"","overlay-opacity":"","overlay-gradient":""},"tablet":{"background-color":"var(--ast-global-color-5)","background-image":"","background-repeat":"repeat","background-position":"center center","background-size":"auto","background-attachment":"scroll","background-type":"","background-media":"","overlay-type":"","overlay-color":"","overlay-opacity":"","overlay-gradient":""},"mobile":{"background-color":"var(--ast-global-color-5)","background-image":"","background-repeat":"repeat","background-position":"center center","background-size":"auto","background-attachment":"scroll","background-type":"","background-media":"","overlay-type":"","overlay-color":"","overlay-opacity":"","overlay-gradient":""}},"_EventAllDay":false,"_EventTimezone":"","_EventStartDate":"","_EventEndDate":"","_EventStartDateUTC":"","_EventEndDateUTC":"","_EventShowMap":false,"_EventShowMapLink":false,"_EventURL":"","_EventCost":"","_EventCostDescription":"","_EventCurrencySymbol":"","_EventCurrencyCode":"","_EventCurrencyPosition":"","_EventDateTimeSeparator":"","_EventTimeRangeSeparator":"","_EventOrganizerID":[],"_EventVenueID":0,"_OrganizerEmail":"","_OrganizerPhone":"","_OrganizerWebsite":"","_VenueAddress":"","_VenueCity":"","_VenueCountry":"","_VenueProvince":"","_VenueZip":"","_VenuePhone":"","_VenueURL":"","_VenueStateProvince":"","_VenueLat":"","_VenueLng":"","footnotes":""},"categories":[33],"tags":[],"class_list":["post-13192","post","type-post","status-publish","format-standard","has-post-thumbnail","hentry","category-sin-categorizar"],"featured_image_src":"https:\/\/turismocoria.es\/turismo\/wp-content\/uploads\/2025\/04\/Coria-CGE2025_4.-FG-Cordero-y-Pimenton-600x400.jpg","featured_image_src_square":"https:\/\/turismocoria.es\/turismo\/wp-content\/uploads\/2025\/04\/Coria-CGE2025_4.-FG-Cordero-y-Pimenton-600x600.jpg","author_info":{"display_name":"turismo","author_link":"https:\/\/turismocoria.es\/turismo\/author\/turismo\/"},"uagb_featured_image_src":{"full":["https:\/\/turismocoria.es\/turismo\/wp-content\/uploads\/2025\/04\/Coria-CGE2025_4.-FG-Cordero-y-Pimenton.jpg",1565,756,false],"thumbnail":["https:\/\/turismocoria.es\/turismo\/wp-content\/uploads\/2025\/04\/Coria-CGE2025_4.-FG-Cordero-y-Pimenton-150x150.jpg",150,150,true],"medium":["https:\/\/turismocoria.es\/turismo\/wp-content\/uploads\/2025\/04\/Coria-CGE2025_4.-FG-Cordero-y-Pimenton-300x145.jpg",300,145,true],"medium_large":["https:\/\/turismocoria.es\/turismo\/wp-content\/uploads\/2025\/04\/Coria-CGE2025_4.-FG-Cordero-y-Pimenton-768x371.jpg",768,371,true],"large":["https:\/\/turismocoria.es\/turismo\/wp-content\/uploads\/2025\/04\/Coria-CGE2025_4.-FG-Cordero-y-Pimenton-1024x495.jpg",1024,495,true],"gs-tiny":["https:\/\/turismocoria.es\/turismo\/wp-content\/uploads\/2025\/04\/Coria-CGE2025_4.-FG-Cordero-y-Pimenton-50x24.jpg",50,24,true],"xl":["https:\/\/turismocoria.es\/turismo\/wp-content\/uploads\/2025\/04\/Coria-CGE2025_4.-FG-Cordero-y-Pimenton.jpg",1565,756,false],"xxl":["https:\/\/turismocoria.es\/turismo\/wp-content\/uploads\/2025\/04\/Coria-CGE2025_4.-FG-Cordero-y-Pimenton.jpg",1565,756,false],"xxxl":["https:\/\/turismocoria.es\/turismo\/wp-content\/uploads\/2025\/04\/Coria-CGE2025_4.-FG-Cordero-y-Pimenton.jpg",1565,756,false],"xxxxl":["https:\/\/turismocoria.es\/turismo\/wp-content\/uploads\/2025\/04\/Coria-CGE2025_4.-FG-Cordero-y-Pimenton.jpg",1565,756,false],"xxxxxl":["https:\/\/turismocoria.es\/turismo\/wp-content\/uploads\/2025\/04\/Coria-CGE2025_4.-FG-Cordero-y-Pimenton.jpg",1565,756,false],"1536x1536":["https:\/\/turismocoria.es\/turismo\/wp-content\/uploads\/2025\/04\/Coria-CGE2025_4.-FG-Cordero-y-Pimenton-1536x742.jpg",1536,742,true],"2048x2048":["https:\/\/turismocoria.es\/turismo\/wp-content\/uploads\/2025\/04\/Coria-CGE2025_4.-FG-Cordero-y-Pimenton.jpg",1565,756,false],"ultp_layout_landscape_large":["https:\/\/turismocoria.es\/turismo\/wp-content\/uploads\/2025\/04\/Coria-CGE2025_4.-FG-Cordero-y-Pimenton-1200x756.jpg",1200,756,true],"ultp_layout_landscape":["https:\/\/turismocoria.es\/turismo\/wp-content\/uploads\/2025\/04\/Coria-CGE2025_4.-FG-Cordero-y-Pimenton-870x570.jpg",870,570,true],"ultp_layout_portrait":["https:\/\/turismocoria.es\/turismo\/wp-content\/uploads\/2025\/04\/Coria-CGE2025_4.-FG-Cordero-y-Pimenton-600x756.jpg",600,756,true],"ultp_layout_square":["https:\/\/turismocoria.es\/turismo\/wp-content\/uploads\/2025\/04\/Coria-CGE2025_4.-FG-Cordero-y-Pimenton-600x600.jpg",600,600,true],"gb-block-post-grid-landscape":["https:\/\/turismocoria.es\/turismo\/wp-content\/uploads\/2025\/04\/Coria-CGE2025_4.-FG-Cordero-y-Pimenton-600x400.jpg",600,400,true],"gb-block-post-grid-square":["https:\/\/turismocoria.es\/turismo\/wp-content\/uploads\/2025\/04\/Coria-CGE2025_4.-FG-Cordero-y-Pimenton-600x600.jpg",600,600,true]},"uagb_author_info":{"display_name":"turismo","author_link":"https:\/\/turismocoria.es\/turismo\/author\/turismo\/"},"uagb_comment_info":0,"uagb_excerpt":"Bajo el marco incomparable de la Semana Santa Cauriense, \u201cCoria Ciudad Gastron\u00f3mica Extreme\u00f1a 2025\u201d celebra, del 11 al 20 de abril, su cuarto mes dedic\u00e1ndolo a aquellos que quieran disfrutar saboreando dos inmejorables delicias de nuestra tierra como son el Cordero de Extremadura (IGP) y el piment\u00f3n de La Vera (DOP), adem\u00e1s de poder conocer&hellip;","_links":{"self":[{"href":"https:\/\/turismocoria.es\/turismo\/wp-json\/wp\/v2\/posts\/13192"}],"collection":[{"href":"https:\/\/turismocoria.es\/turismo\/wp-json\/wp\/v2\/posts"}],"about":[{"href":"https:\/\/turismocoria.es\/turismo\/wp-json\/wp\/v2\/types\/post"}],"author":[{"embeddable":true,"href":"https:\/\/turismocoria.es\/turismo\/wp-json\/wp\/v2\/users\/2"}],"replies":[{"embeddable":true,"href":"https:\/\/turismocoria.es\/turismo\/wp-json\/wp\/v2\/comments?post=13192"}],"version-history":[{"count":6,"href":"https:\/\/turismocoria.es\/turismo\/wp-json\/wp\/v2\/posts\/13192\/revisions"}],"predecessor-version":[{"id":13289,"href":"https:\/\/turismocoria.es\/turismo\/wp-json\/wp\/v2\/posts\/13192\/revisions\/13289"}],"wp:featuredmedia":[{"embeddable":true,"href":"https:\/\/turismocoria.es\/turismo\/wp-json\/wp\/v2\/media\/13193"}],"wp:attachment":[{"href":"https:\/\/turismocoria.es\/turismo\/wp-json\/wp\/v2\/media?parent=13192"}],"wp:term":[{"taxonomy":"category","embeddable":true,"href":"https:\/\/turismocoria.es\/turismo\/wp-json\/wp\/v2\/categories?post=13192"},{"taxonomy":"post_tag","embeddable":true,"href":"https:\/\/turismocoria.es\/turismo\/wp-json\/wp\/v2\/tags?post=13192"}],"curies":[{"name":"wp","href":"https:\/\/api.w.org\/{rel}","templated":true}]}}