{"id":13088,"date":"2025-03-19T15:41:04","date_gmt":"2025-03-19T14:41:04","guid":{"rendered":"https:\/\/turismocoria.es\/turismo\/?p=13088"},"modified":"2025-03-27T13:27:57","modified_gmt":"2025-03-27T12:27:57","slug":"arte-gastronomia-dehesa-y-turismo-se-dan-cita-en-la-fitcoria-2025","status":"publish","type":"post","link":"https:\/\/turismocoria.es\/turismo\/arte-gastronomia-dehesa-y-turismo-se-dan-cita-en-la-fitcoria-2025\/","title":{"rendered":"Arte, Gastronom\u00eda, Dehesa y Turismo se dan cita en la FITCORIA 2025"},"content":{"rendered":"\n<p><strong>Una cita ineludible para los amantes de la gastronom\u00eda y la cultura taurina a trav\u00e9s del pionero Concurso Gastron\u00f3mico TauroTapas FitCoria, junto a los profesionales, empresarios y aficionados al Mundo del Toro y de la Tauromaquia dentro de la Feria Internacional del Toro de la Ciudad de Coria del 28 al 30 de marzo de 2025.<\/strong><\/p>\n\n\n\n<p>Si lo que busca el aficionado al mundo del toro es dedicar su tiempo de ocio a conocer otras costumbres taurinas y otras gentes, a disfrutar de la familia y los amigos practicando un <strong>turismo taurino<\/strong> basado en la historia, la cultura, el arte, la naturaleza o las tradiciones m\u00e1s enraizadas, debe entonces acercarse hasta la milenaria <strong><u>Ciudad de Coria<\/u><\/strong>.<\/p>\n\n\n\n<p>Una urbe, anta\u00f1o antigua sede del marquesado de Alba, episcopal y nobiliaria, convertida hoy en centro de destino tur\u00edstico derivado de su rico y longevo patrimonio hist\u00f3rico-art\u00edstico, cultural y natural heredado durante siglos, lo que la convierten en una de las <strong>poblaciones m\u00e1s antigua<\/strong> <strong>de toda Espa\u00f1a<\/strong>.<\/p>\n\n\n\n<p>Y es que la Ciudad de Coria es una de esas afortunadas poblaciones espa\u00f1olas que, enclavada en la f\u00e9rtil Extremadura, posee una de las <strong>tradiciones taurinas<\/strong> heredadas m\u00e1s ancestrales de toda la pen\u00ednsula ib\u00e9rica, en la que todo un pueblo, el cauriense, ha hecho al <strong>toro protagonista<\/strong> de sus centenarias y hospitalarias <strong><u>Fiestas de San Juan<\/u><\/strong>, distinguidas y reconocidas dentro del orbe taurino con <strong>sello propio<\/strong>, <strong>aut\u00e9ntico y genuino<\/strong>.<\/p>\n\n\n\n<p>La <strong>Catedral del Toro en Extremadura<\/strong>, cuya experiencia de descubrir y conocer esa encantadora sensaci\u00f3n de contacto directo con el buen ambiente taurino, puede ser tambi\u00e9n vivida a trav\u00e9s de su importante <strong>Feria Internacional del Toro<\/strong> que, <strong>del 28 al 30 de marzo de 2025<\/strong>, abrir\u00e1 sus puertas a todos los profesionales, empresarios y aficionados al Mundo del Toro y la Tauromaquia.<\/p>\n\n\n\n<p>Una <strong><a href=\"https:\/\/turismocoria.es\/turismo\/fr\/fetes-et-evenements\/fitcoria\/\" data-type=\"page\" data-id=\"8793\">FitCoria<\/a><\/strong> que, como evento cultural, social, econ\u00f3mico y tur\u00edstico que es, persigue la defensa, promoci\u00f3n y dignificaci\u00f3n del toro de lidia y, por lo tanto, de la Fiesta Nacional como Patrimonio Cultural Inmaterial de Espa\u00f1a.<\/p>\n\n\n\n<figure class=\"wp-block-embed is-type-video is-provider-youtube wp-block-embed-youtube wp-embed-aspect-16-9 wp-has-aspect-ratio\"><div class=\"wp-block-embed__wrapper\">\n<div class=\"ast-oembed-container \" style=\"height: 100%;\"><iframe loading=\"lazy\" title=\"FITCORIA 2020: Arte, Cultura, Gastronom\u00eda y Turismo\" width=\"500\" height=\"281\" data-src=\"https:\/\/www.youtube.com\/embed\/KT0YeSxs6tM?feature=oembed\" frameborder=\"0\" allow=\"accelerometer; autoplay; clipboard-write; encrypted-media; gyroscope; picture-in-picture; web-share\" referrerpolicy=\"strict-origin-when-cross-origin\" allowfullscreen src=\"data:image\/gif;base64,R0lGODlhAQABAAAAACH5BAEKAAEALAAAAAABAAEAAAICTAEAOw==\" class=\"lazyload\" data-load-mode=\"1\"><\/iframe><\/div>\n<\/div><\/figure>\n\n\n\n<p><\/p>\n\n\n\n<p>Una <strong>actividad empresarial<\/strong>, que promulga los <strong>valores culturales y art\u00edsticos<\/strong> en los que se asienta la base de la Tauromaquia, a la vez que se constituye en un consolidado <strong>yacimiento de empleo<\/strong> e importante <strong>fuente de ingresos econ\u00f3micos<\/strong>, con un m\u00e1s que significativo <strong>valor social<\/strong> derivado de la riqueza de las relaciones humano-festivas que se producen dentro de la Tauromaquia en sus distintas manifestaciones, adem\u00e1s de por su alta dinamizaci\u00f3n del sector tur\u00edstico a trav\u00e9s del desarrollo del <strong>turismo taurino<\/strong> que a su vez garantiza la diversificaci\u00f3n del medio rural.<\/p>\n\n\n\n<figure class=\"wp-block-image aligncenter size-large\"><img loading=\"lazy\" decoding=\"async\" width=\"513\" height=\"1024\" data-src=\"https:\/\/turismocoria.es\/turismo\/wp-content\/uploads\/2025\/03\/CARTEL-FESTIVAL-TAURINO-2025-513x1024.jpg\" alt=\"\" class=\"wp-image-13090 lazyload\" data-srcset=\"https:\/\/turismocoria.es\/turismo\/wp-content\/uploads\/2025\/03\/CARTEL-FESTIVAL-TAURINO-2025-513x1024.jpg 513w, https:\/\/turismocoria.es\/turismo\/wp-content\/uploads\/2025\/03\/CARTEL-FESTIVAL-TAURINO-2025-150x300.jpg 150w, https:\/\/turismocoria.es\/turismo\/wp-content\/uploads\/2025\/03\/CARTEL-FESTIVAL-TAURINO-2025-50x100.jpg 50w, https:\/\/turismocoria.es\/turismo\/wp-content\/uploads\/2025\/03\/CARTEL-FESTIVAL-TAURINO-2025.jpg 641w\" data-sizes=\"(max-width: 513px) 100vw, 513px\" src=\"data:image\/gif;base64,R0lGODlhAQABAAAAACH5BAEKAAEALAAAAAABAAEAAAICTAEAOw==\" style=\"--smush-placeholder-width: 513px; --smush-placeholder-aspect-ratio: 513\/1024;\" \/><noscript><img loading=\"lazy\" decoding=\"async\" width=\"513\" height=\"1024\" src=\"https:\/\/turismocoria.es\/turismo\/wp-content\/uploads\/2025\/03\/CARTEL-FESTIVAL-TAURINO-2025-513x1024.jpg\" alt=\"\" class=\"wp-image-13090\" srcset=\"https:\/\/turismocoria.es\/turismo\/wp-content\/uploads\/2025\/03\/CARTEL-FESTIVAL-TAURINO-2025-513x1024.jpg 513w, https:\/\/turismocoria.es\/turismo\/wp-content\/uploads\/2025\/03\/CARTEL-FESTIVAL-TAURINO-2025-150x300.jpg 150w, https:\/\/turismocoria.es\/turismo\/wp-content\/uploads\/2025\/03\/CARTEL-FESTIVAL-TAURINO-2025-50x100.jpg 50w, https:\/\/turismocoria.es\/turismo\/wp-content\/uploads\/2025\/03\/CARTEL-FESTIVAL-TAURINO-2025.jpg 641w\" sizes=\"(max-width: 513px) 100vw, 513px\" \/><\/noscript><\/figure>\n\n\n\n<p>Una forma de vivir tres intensos d\u00edas llenos de sensaciones y experiencias \u00fanicas, que se dejar\u00e1n sentir gracias a su amplia programaci\u00f3n dise\u00f1ada basada principalmente en espect\u00e1culos taurinos, musicales, enogastron\u00f3micos, conferencias, exposiciones y desfiles de modas, entre otros, en cuyo festival taurino con picadores programado estar\u00e1n presentes algunas de las principales figuras del escalaf\u00f3n taurino del pa\u00eds.<\/p>\n\n\n\n<p>Una feria, en la que los amantes a la buena cocina y el tapeo podr\u00e1n tambi\u00e9n participar, dentro de su V edici\u00f3n, en el pionero y original <strong><a href=\"https:\/\/turismocoria.es\/turismo\/una-ciudad-con-paladar\/carne-iberica-de-toro\/concurso-gastronomico-taurotapas-fitcoria\/\" data-type=\"page\" data-id=\"902\">Concurso Gastron\u00f3mico \u201cTauroTapas FitCoria 2025\u201d<\/a><\/strong> que naci\u00f3 con el objetivo principal de fomentar, conservar, promocionar y ensalzar la cultura taurina a trav\u00e9s de la <strong>puesta en valor de la carne ib\u00e9rica del toro de lidia<\/strong> mediante el dise\u00f1o y creaci\u00f3n de excelentes tapas taurinas elaboradas en los fogones de los principales establecimientos hosteleros de la Ciudad de Coria, <strong>del 29 al 30 de marzo de 2025<\/strong>.<\/p>\n\n\n\n<figure class=\"wp-block-image aligncenter size-large\"><img loading=\"lazy\" decoding=\"async\" width=\"697\" height=\"1024\" data-src=\"https:\/\/turismocoria.es\/turismo\/wp-content\/uploads\/2025\/03\/Cartel-Taurotapas-FITCORIA-2025-2-697x1024.jpg\" alt=\"\" class=\"wp-image-13091 lazyload\" data-srcset=\"https:\/\/turismocoria.es\/turismo\/wp-content\/uploads\/2025\/03\/Cartel-Taurotapas-FITCORIA-2025-2-697x1024.jpg 697w, https:\/\/turismocoria.es\/turismo\/wp-content\/uploads\/2025\/03\/Cartel-Taurotapas-FITCORIA-2025-2-204x300.jpg 204w, https:\/\/turismocoria.es\/turismo\/wp-content\/uploads\/2025\/03\/Cartel-Taurotapas-FITCORIA-2025-2-768x1128.jpg 768w, https:\/\/turismocoria.es\/turismo\/wp-content\/uploads\/2025\/03\/Cartel-Taurotapas-FITCORIA-2025-2-50x73.jpg 50w, https:\/\/turismocoria.es\/turismo\/wp-content\/uploads\/2025\/03\/Cartel-Taurotapas-FITCORIA-2025-2-1046x1536.jpg 1046w, https:\/\/turismocoria.es\/turismo\/wp-content\/uploads\/2025\/03\/Cartel-Taurotapas-FITCORIA-2025-2.jpg 1209w\" data-sizes=\"(max-width: 697px) 100vw, 697px\" src=\"data:image\/gif;base64,R0lGODlhAQABAAAAACH5BAEKAAEALAAAAAABAAEAAAICTAEAOw==\" style=\"--smush-placeholder-width: 697px; --smush-placeholder-aspect-ratio: 697\/1024;\" \/><noscript><img loading=\"lazy\" decoding=\"async\" width=\"697\" height=\"1024\" src=\"https:\/\/turismocoria.es\/turismo\/wp-content\/uploads\/2025\/03\/Cartel-Taurotapas-FITCORIA-2025-2-697x1024.jpg\" alt=\"\" class=\"wp-image-13091\" srcset=\"https:\/\/turismocoria.es\/turismo\/wp-content\/uploads\/2025\/03\/Cartel-Taurotapas-FITCORIA-2025-2-697x1024.jpg 697w, https:\/\/turismocoria.es\/turismo\/wp-content\/uploads\/2025\/03\/Cartel-Taurotapas-FITCORIA-2025-2-204x300.jpg 204w, https:\/\/turismocoria.es\/turismo\/wp-content\/uploads\/2025\/03\/Cartel-Taurotapas-FITCORIA-2025-2-768x1128.jpg 768w, https:\/\/turismocoria.es\/turismo\/wp-content\/uploads\/2025\/03\/Cartel-Taurotapas-FITCORIA-2025-2-50x73.jpg 50w, https:\/\/turismocoria.es\/turismo\/wp-content\/uploads\/2025\/03\/Cartel-Taurotapas-FITCORIA-2025-2-1046x1536.jpg 1046w, https:\/\/turismocoria.es\/turismo\/wp-content\/uploads\/2025\/03\/Cartel-Taurotapas-FITCORIA-2025-2.jpg 1209w\" sizes=\"(max-width: 697px) 100vw, 697px\" \/><\/noscript><\/figure>\n\n\n\n<p>Una forma tur\u00edstica m\u00e1s de poder visitar y conocer, a la par, el magn\u00edfico <strong>Conjunto Monumental<\/strong> atesorado durante siglos dentro del coqueto <strong><u><a href=\"https:\/\/turismocoria.es\/turismo\/lugares-que-no-te-puedes-perder\/casco-historico\/\" data-type=\"page\" data-id=\"732\">Casco Hist\u00f3rico de Coria<\/a><\/u><\/strong>, en el que descubrir muchos de los atractivos tesoros que celosamente sigue conservando este m\u00e1gico escenario, bajo cuyo silencio emergen los recuerdos de su florida antig\u00fcedad descritos en las cicatrices de las piedras de los vetustos monumentos de una villa que a\u00fan sigue manteniendo el legendario aroma taurino que la ha hecho mundialmente conocida, al erigirse los toros en due\u00f1os, amos y se\u00f1ores por las calles y plazas de su ciudad antigua.<\/p>\n\n\n\n<figure class=\"wp-block-embed is-type-video is-provider-youtube wp-block-embed-youtube wp-embed-aspect-16-9 wp-has-aspect-ratio\"><div class=\"wp-block-embed__wrapper\">\n<div class=\"ast-oembed-container \" style=\"height: 100%;\"><iframe loading=\"lazy\" title=\"Coria \u201cConjunto Monumental\u201d, destino tur\u00edstico del noroeste de Extremadura\" width=\"500\" height=\"281\" data-src=\"https:\/\/www.youtube.com\/embed\/M6VniblQWMo?feature=oembed\" frameborder=\"0\" allow=\"accelerometer; autoplay; clipboard-write; encrypted-media; gyroscope; picture-in-picture; web-share\" referrerpolicy=\"strict-origin-when-cross-origin\" allowfullscreen src=\"data:image\/gif;base64,R0lGODlhAQABAAAAACH5BAEKAAEALAAAAAABAAEAAAICTAEAOw==\" class=\"lazyload\" data-load-mode=\"1\"><\/iframe><\/div>\n<\/div><\/figure>\n\n\n\n<p><\/p>\n\n\n\n<p>En definitiva,<strong> historia<\/strong>, <strong>patrimonio<\/strong>, <strong>arte<\/strong>, <strong>gastronom\u00eda<\/strong>, <strong>naturaleza<\/strong>, <strong>cultura<\/strong>, <strong>tradici\u00f3n y turismo<\/strong>\u2026 que, por medio de la nueva marca y producto tur\u00edstico <strong><em>\u201cTauroTourCoria: Dehesa, Gastronom\u00eda y Turismo\u201d<\/em><\/strong>, el visitante podr\u00e1 conocer experiencias y vivencias aut\u00e9nticas de las que disfrutar en nuestra ciudad de una forma amable, hospitalaria, abierta, segura y tranquila, apostando por la puesta en valor de nuestra <strong>cultura<\/strong> y <strong>turismo taurino<\/strong>, plenos de sensaciones y emociones \u00fanicas e inolvidables, que se recogen dentro de las tres experiencias m\u00e1s representativas que engloban actualmente el turismo taurino y que, a su vez, integra la <strong>Ciudad de Coria<\/strong> como destino <em>tur\u00edstico experencial <\/em>o<em> emoturismo<\/em>, caso de: <a href=\"https:\/\/turismocoria.es\/turismo\/vive-una-experiencia-taurina\/entre-toros-dehesas\/un-dia-entre-victorinos\/\" data-type=\"page\" data-id=\"822\">\u201c<strong><u>Toro y Dehesa: Un D\u00eda Entre Victorinos<\/u>\u201d<\/strong><\/a>, <strong><a href=\"https:\/\/turismocoria.es\/turismo\/una-ciudad-con-paladar\/carne-iberica-de-toro\/concurso-gastronomico-taurotapas-fitcoria\/\" data-type=\"page\" data-id=\"902\">\u201c<u>Toro y Gastronom\u00eda: TauroTapas<\/u>\u201d<\/a><\/strong> y <strong><a href=\"https:\/\/turismocoria.es\/turismo\/fr\/fetes-et-evenements\/fitcoria\/\" data-type=\"page\" data-id=\"8793\">\u201c<u>Toro y Turismo: FITCORIA<\/u><\/a><u> y <\/u><a href=\"https:\/\/turismocoria.es\/turismo\/fiestas-y-eventos-para-disfrutar\/fiestas-san-juan\/\" data-type=\"page\" data-id=\"568\"><u>Fiestas de San Juan<\/u>\u201d<\/a><\/strong>, que les aguardan en esta hist\u00f3rica y taurina localidad, cuyas huellas se tercian rom\u00e1nticas al atardecer\u2026 como esos atardeceres de perfiles y siluetas del toro de lidia que sale a nuestro encuentro para recordarnos lo que ha hecho, a la Ciudad de Coria, famosa en el mundo entero: Los Toros de San Juan, ahora igualmente dignificados a trav\u00e9s de la FITCORIA.<\/p>\n\n\n\n<figure class=\"wp-block-embed is-type-video is-provider-youtube wp-block-embed-youtube wp-embed-aspect-16-9 wp-has-aspect-ratio\"><div class=\"wp-block-embed__wrapper\">\n<div class=\"ast-oembed-container \" style=\"height: 100%;\"><iframe loading=\"lazy\" title=\"TauroTour Coria - Dehesa, Gastronom\u00eda y Turismo\" width=\"500\" height=\"281\" data-src=\"https:\/\/www.youtube.com\/embed\/lvunLenHRFI?feature=oembed\" frameborder=\"0\" allow=\"accelerometer; autoplay; clipboard-write; encrypted-media; gyroscope; picture-in-picture; web-share\" referrerpolicy=\"strict-origin-when-cross-origin\" allowfullscreen src=\"data:image\/gif;base64,R0lGODlhAQABAAAAACH5BAEKAAEALAAAAAABAAEAAAICTAEAOw==\" class=\"lazyload\" data-load-mode=\"1\"><\/iframe><\/div>\n<\/div><\/figure>\n\n\n\n<p><\/p>\n\n\n\n<div data-wp-interactive=\"core\/file\" class=\"wp-block-file\"><object data-wp-bind--hidden=\"!state.hasPdfPreview\"  class=\"wp-block-file__embed\" data=\"https:\/\/turismocoria.es\/turismo\/wp-content\/uploads\/2025\/03\/TRIPTICO-FITCORIA-2025.pdf\" type=\"application\/pdf\" style=\"width:100%;height:600px\" aria-label=\"Incrustado de TR\u00cdPTICO FITCORIA 2025.\"><\/object><a id=\"wp-block-file--media-221de69c-cbab-43c8-8b71-a33ba55b6c39\" href=\"https:\/\/turismocoria.es\/turismo\/wp-content\/uploads\/2025\/03\/TRIPTICO-FITCORIA-2025.pdf\">TR\u00cdPTICO FITCORIA 2025<\/a><a href=\"https:\/\/turismocoria.es\/turismo\/wp-content\/uploads\/2025\/03\/TRIPTICO-FITCORIA-2025.pdf\" class=\"wp-block-file__button wp-element-button\" download aria-describedby=\"wp-block-file--media-221de69c-cbab-43c8-8b71-a33ba55b6c39\">Descarga<\/a><\/div>\n\n\n\n<p><\/p>\n\n\n\n<p><strong>M\u00e1s Informaci\u00f3n en:<br>Oficina Municipal de Turismo<br><\/strong>Plaza de San Pedro, 1<br>Tlfno.: 927 50 80 00 Ext. 290<br>Email: <strong><a href=\"mailto:oficinaturismo@coria.org\">oficinaturismo@coria.org<\/a><\/strong><\/p>\n\n\n\n<p>Url: <strong><a href=\"https:\/\/turismocoria.es\/cge2025\">https:\/\/turismocoria.es\/cge2025<\/a><\/strong><\/p>\n\n\n\n<p>Url: <strong><a href=\"https:\/\/turismocoria.es\/fit\">https:\/\/turismocoria.es\/fit<\/a><\/strong><\/p>\n","protected":false},"excerpt":{"rendered":"<p>Una cita ineludible para los amantes de la gastronom\u00eda y la cultura taurina a trav\u00e9s del pionero Concurso Gastron\u00f3mico TauroTapas FitCoria, junto a los profesionales, empresarios y aficionados al Mundo del Toro y de la Tauromaquia dentro de la Feria Internacional del Toro de la Ciudad de Coria del 28 al 30 de marzo de [&hellip;]<\/p>\n","protected":false},"author":2,"featured_media":13089,"comment_status":"closed","ping_status":"","sticky":false,"template":"","format":"standard","meta":{"_uag_custom_page_level_css":"","site-sidebar-layout":"default","site-content-layout":"","ast-site-content-layout":"default","site-content-style":"default","site-sidebar-style":"default","ast-global-header-display":"","ast-banner-title-visibility":"","ast-main-header-display":"","ast-hfb-above-header-display":"","ast-hfb-below-header-display":"","ast-hfb-mobile-header-display":"","site-post-title":"","ast-breadcrumbs-content":"","ast-featured-img":"","footer-sml-layout":"","theme-transparent-header-meta":"","adv-header-id-meta":"","stick-header-meta":"","header-above-stick-meta":"","header-main-stick-meta":"","header-below-stick-meta":"","astra-migrate-meta-layouts":"set","ast-page-background-enabled":"default","ast-page-background-meta":{"desktop":{"background-color":"","background-image":"","background-repeat":"repeat","background-position":"center center","background-size":"auto","background-attachment":"scroll","background-type":"","background-media":"","overlay-type":"","overlay-color":"","overlay-opacity":"","overlay-gradient":""},"tablet":{"background-color":"","background-image":"","background-repeat":"repeat","background-position":"center center","background-size":"auto","background-attachment":"scroll","background-type":"","background-media":"","overlay-type":"","overlay-color":"","overlay-opacity":"","overlay-gradient":""},"mobile":{"background-color":"","background-image":"","background-repeat":"repeat","background-position":"center center","background-size":"auto","background-attachment":"scroll","background-type":"","background-media":"","overlay-type":"","overlay-color":"","overlay-opacity":"","overlay-gradient":""}},"ast-content-background-meta":{"desktop":{"background-color":"var(--ast-global-color-5)","background-image":"","background-repeat":"repeat","background-position":"center center","background-size":"auto","background-attachment":"scroll","background-type":"","background-media":"","overlay-type":"","overlay-color":"","overlay-opacity":"","overlay-gradient":""},"tablet":{"background-color":"var(--ast-global-color-5)","background-image":"","background-repeat":"repeat","background-position":"center center","background-size":"auto","background-attachment":"scroll","background-type":"","background-media":"","overlay-type":"","overlay-color":"","overlay-opacity":"","overlay-gradient":""},"mobile":{"background-color":"var(--ast-global-color-5)","background-image":"","background-repeat":"repeat","background-position":"center center","background-size":"auto","background-attachment":"scroll","background-type":"","background-media":"","overlay-type":"","overlay-color":"","overlay-opacity":"","overlay-gradient":""}},"_EventAllDay":false,"_EventTimezone":"","_EventStartDate":"","_EventEndDate":"","_EventStartDateUTC":"","_EventEndDateUTC":"","_EventShowMap":false,"_EventShowMapLink":false,"_EventURL":"","_EventCost":"","_EventCostDescription":"","_EventCurrencySymbol":"","_EventCurrencyCode":"","_EventCurrencyPosition":"","_EventDateTimeSeparator":"","_EventTimeRangeSeparator":"","_EventOrganizerID":[],"_EventVenueID":0,"_OrganizerEmail":"","_OrganizerPhone":"","_OrganizerWebsite":"","_VenueAddress":"","_VenueCity":"","_VenueCountry":"","_VenueProvince":"","_VenueZip":"","_VenuePhone":"","_VenueURL":"","_VenueStateProvince":"","_VenueLat":"","_VenueLng":"","footnotes":""},"categories":[33],"tags":[],"class_list":["post-13088","post","type-post","status-publish","format-standard","has-post-thumbnail","hentry","category-sin-categorizar"],"featured_image_src":"https:\/\/turismocoria.es\/turismo\/wp-content\/uploads\/2025\/03\/FITCORIA2025-600x400.jpg","featured_image_src_square":"https:\/\/turismocoria.es\/turismo\/wp-content\/uploads\/2025\/03\/FITCORIA2025-600x600.jpg","author_info":{"display_name":"turismo","author_link":"https:\/\/turismocoria.es\/turismo\/author\/turismo\/"},"uagb_featured_image_src":{"full":["https:\/\/turismocoria.es\/turismo\/wp-content\/uploads\/2025\/03\/FITCORIA2025.jpg",2100,1181,false],"thumbnail":["https:\/\/turismocoria.es\/turismo\/wp-content\/uploads\/2025\/03\/FITCORIA2025-150x150.jpg",150,150,true],"medium":["https:\/\/turismocoria.es\/turismo\/wp-content\/uploads\/2025\/03\/FITCORIA2025-300x169.jpg",300,169,true],"medium_large":["https:\/\/turismocoria.es\/turismo\/wp-content\/uploads\/2025\/03\/FITCORIA2025-768x432.jpg",768,432,true],"large":["https:\/\/turismocoria.es\/turismo\/wp-content\/uploads\/2025\/03\/FITCORIA2025-1024x576.jpg",1024,576,true],"gs-tiny":["https:\/\/turismocoria.es\/turismo\/wp-content\/uploads\/2025\/03\/FITCORIA2025-50x28.jpg",50,28,true],"xl":["https:\/\/turismocoria.es\/turismo\/wp-content\/uploads\/2025\/03\/FITCORIA2025-1600x900.jpg",1600,900,true],"xxl":["https:\/\/turismocoria.es\/turismo\/wp-content\/uploads\/2025\/03\/FITCORIA2025.jpg",2100,1181,false],"xxxl":["https:\/\/turismocoria.es\/turismo\/wp-content\/uploads\/2025\/03\/FITCORIA2025.jpg",2100,1181,false],"xxxxl":["https:\/\/turismocoria.es\/turismo\/wp-content\/uploads\/2025\/03\/FITCORIA2025.jpg",2100,1181,false],"xxxxxl":["https:\/\/turismocoria.es\/turismo\/wp-content\/uploads\/2025\/03\/FITCORIA2025.jpg",2100,1181,false],"1536x1536":["https:\/\/turismocoria.es\/turismo\/wp-content\/uploads\/2025\/03\/FITCORIA2025-1536x864.jpg",1536,864,true],"2048x2048":["https:\/\/turismocoria.es\/turismo\/wp-content\/uploads\/2025\/03\/FITCORIA2025-2048x1152.jpg",2048,1152,true],"ultp_layout_landscape_large":["https:\/\/turismocoria.es\/turismo\/wp-content\/uploads\/2025\/03\/FITCORIA2025-1200x800.jpg",1200,800,true],"ultp_layout_landscape":["https:\/\/turismocoria.es\/turismo\/wp-content\/uploads\/2025\/03\/FITCORIA2025-870x570.jpg",870,570,true],"ultp_layout_portrait":["https:\/\/turismocoria.es\/turismo\/wp-content\/uploads\/2025\/03\/FITCORIA2025-600x900.jpg",600,900,true],"ultp_layout_square":["https:\/\/turismocoria.es\/turismo\/wp-content\/uploads\/2025\/03\/FITCORIA2025-600x600.jpg",600,600,true],"gb-block-post-grid-landscape":["https:\/\/turismocoria.es\/turismo\/wp-content\/uploads\/2025\/03\/FITCORIA2025-600x400.jpg",600,400,true],"gb-block-post-grid-square":["https:\/\/turismocoria.es\/turismo\/wp-content\/uploads\/2025\/03\/FITCORIA2025-600x600.jpg",600,600,true]},"uagb_author_info":{"display_name":"turismo","author_link":"https:\/\/turismocoria.es\/turismo\/author\/turismo\/"},"uagb_comment_info":0,"uagb_excerpt":"Una cita ineludible para los amantes de la gastronom\u00eda y la cultura taurina a trav\u00e9s del pionero Concurso Gastron\u00f3mico TauroTapas FitCoria, junto a los profesionales, empresarios y aficionados al Mundo del Toro y de la Tauromaquia dentro de la Feria Internacional del Toro de la Ciudad de Coria del 28 al 30 de marzo de&hellip;","_links":{"self":[{"href":"https:\/\/turismocoria.es\/turismo\/wp-json\/wp\/v2\/posts\/13088"}],"collection":[{"href":"https:\/\/turismocoria.es\/turismo\/wp-json\/wp\/v2\/posts"}],"about":[{"href":"https:\/\/turismocoria.es\/turismo\/wp-json\/wp\/v2\/types\/post"}],"author":[{"embeddable":true,"href":"https:\/\/turismocoria.es\/turismo\/wp-json\/wp\/v2\/users\/2"}],"replies":[{"embeddable":true,"href":"https:\/\/turismocoria.es\/turismo\/wp-json\/wp\/v2\/comments?post=13088"}],"version-history":[{"count":6,"href":"https:\/\/turismocoria.es\/turismo\/wp-json\/wp\/v2\/posts\/13088\/revisions"}],"predecessor-version":[{"id":13177,"href":"https:\/\/turismocoria.es\/turismo\/wp-json\/wp\/v2\/posts\/13088\/revisions\/13177"}],"wp:featuredmedia":[{"embeddable":true,"href":"https:\/\/turismocoria.es\/turismo\/wp-json\/wp\/v2\/media\/13089"}],"wp:attachment":[{"href":"https:\/\/turismocoria.es\/turismo\/wp-json\/wp\/v2\/media?parent=13088"}],"wp:term":[{"taxonomy":"category","embeddable":true,"href":"https:\/\/turismocoria.es\/turismo\/wp-json\/wp\/v2\/categories?post=13088"},{"taxonomy":"post_tag","embeddable":true,"href":"https:\/\/turismocoria.es\/turismo\/wp-json\/wp\/v2\/tags?post=13088"}],"curies":[{"name":"wp","href":"https:\/\/api.w.org\/{rel}","templated":true}]}}