{"id":13021,"date":"2025-03-05T15:25:54","date_gmt":"2025-03-05T14:25:54","guid":{"rendered":"https:\/\/turismocoria.es\/turismo\/?p=13021"},"modified":"2025-03-05T15:34:10","modified_gmt":"2025-03-05T14:34:10","slug":"coria-abre-marzo-con-la-fiesta-gastronomica-del-toro-de-lidia","status":"publish","type":"post","link":"https:\/\/turismocoria.es\/turismo\/coria-abre-marzo-con-la-fiesta-gastronomica-del-toro-de-lidia\/","title":{"rendered":"Coria Abre Marzo con la Fiesta Gastron\u00f3mica del Toro de Lidia"},"content":{"rendered":"\n<p><strong>\u201cCoria Ciudad Gastron\u00f3mica Extreme\u00f1a 2025\u201d celebra, del 8 al 16 de marzo, su tercer mes dedic\u00e1ndolo a aquellos que quieren disfrutar de un producto 100 % aut\u00f3ctono que rinde homenaje a rey de la dehesa extreme\u00f1a como es el toro bravo.<\/strong><\/p>\n\n\n\n<p>La <strong>Fiesta Gastron\u00f3mica del Toro de Lidia<\/strong> involucra a una quincena de establecimientos hosteleros de la <strong>Ciudad de Coria<\/strong> que rinden homenaje a su cocina ideal para despedir el invierno con un excelente sabor de boca.\u00a0 En esta ocasi\u00f3n, el protagonismo se lo lleva el toro de lidia, una raza noble que se produce en toda Extremadura mediante el sistema de producci\u00f3n extensiva y que, a pesar de no contar con el distintivo DOP o IGP, si posee el sello de \u2018Raza Aut\u00f3ctona 100% de Lidia\u2019, otorgado por el Ministerio de Agricultura, cuyos ecol\u00f3gicos productos de la carne de lidia podremos degustar a trav\u00e9s de los <strong>men\u00fas fin de semana<\/strong> (8 y 9 de marzo), la <strong>ruta de tapas<\/strong> (8-9 y 15-16 de marzo) y la opci\u00f3n de <strong>carta<\/strong> (del 10 al 16 de marzo) compartiendo espacio con el pionero en Espa\u00f1a <strong>V Concurso Gastron\u00f3mico \u2018TauroTapas FitCoria\u2019<\/strong>.<\/p>\n\n\n\n<figure class=\"wp-block-embed is-type-video is-provider-youtube wp-block-embed-youtube wp-embed-aspect-16-9 wp-has-aspect-ratio\"><div class=\"wp-block-embed__wrapper\">\n<div class=\"ast-oembed-container \" style=\"height: 100%;\"><iframe loading=\"lazy\" title=\"Coria Ciudad Gastron\u00f3mica Extreme\u00f1a 2025\" width=\"500\" height=\"281\" data-src=\"https:\/\/www.youtube.com\/embed\/EhG5Z11Qd-0?feature=oembed\" frameborder=\"0\" allow=\"accelerometer; autoplay; clipboard-write; encrypted-media; gyroscope; picture-in-picture; web-share\" referrerpolicy=\"strict-origin-when-cross-origin\" allowfullscreen src=\"data:image\/gif;base64,R0lGODlhAQABAAAAACH5BAEKAAEALAAAAAABAAEAAAICTAEAOw==\" class=\"lazyload\" data-load-mode=\"1\"><\/iframe><\/div>\n<\/div><\/figure>\n\n\n\n<p><\/p>\n\n\n\n<p>Una oportunidad m\u00e1s de conocer la nobiliaria y episcopal <strong>Ciudad de Coria<\/strong>, convertida en centro de destino tur\u00edstico derivado de su rico y longevo Patrimonio Hist\u00f3rico-Art\u00edstico, Cultural y Natural heredado durante siglos, lo que la convierten en la <strong>novena poblaci\u00f3n m\u00e1s antigua<\/strong> <strong>de toda Espa\u00f1a<\/strong>.<\/p>\n\n\n\n<p>Vestigios todos ellos, cuyas sucesivas etapas cronol\u00f3gicas de la milenaria historia cauriense han quedado en parte atestiguadas por el magn\u00edfico legado monumental que conserva su coqueto <strong><u><a href=\"https:\/\/turismocoria.es\/turismo\/lugares-que-no-te-puedes-perder\/casco-historico\/\" data-type=\"page\" data-id=\"732\">Casco Hist\u00f3rico<\/a><\/u><\/strong>.\u00a0 Desde las volum\u00e9tricas <a href=\"https:\/\/turismocoria.es\/turismo\/lugares-que-no-te-puedes-perder\/murallas-romanas\/\" data-type=\"page\" data-id=\"497\"><strong><u>Murallas Romanas<\/u><\/strong> <\/a>(S. I) que lo circundan como una de las fortalezas de origen romano mejor conservadas en su conjunto de entre todas las halladas en el resto de Europa; pasando por los soberbios y se\u00f1oriales <a href=\"https:\/\/turismocoria.es\/turismo\/lugares-que-no-te-puedes-perder\/castillo-de-los-duques-de-alba\/\" data-type=\"page\" data-id=\"226\"><strong><u>Castillo<\/u><\/strong> <\/a>(S. XV) y <strong><u><a href=\"https:\/\/turismocoria.es\/turismo\/otros-rincones-por-descubrir\/palacio-de-los-duques-de-alba\/\" data-type=\"page\" data-id=\"509\">Palacio de los Duques de Alba<\/a><\/u><\/strong> (S. XV-XVI) como s\u00edmbolos del rancio poder nobiliario; hasta la magna <strong><u><a href=\"https:\/\/turismocoria.es\/turismo\/lugares-que-no-te-puedes-perder\/catedral\/\" data-type=\"page\" data-id=\"488\">Catedral de Santa Mar\u00eda de la Asunci\u00f3n<\/a><\/u><\/strong> (S. XV-XVIII) joya del g\u00f3tico-plateresco extreme\u00f1o en la que se custodia esa misteriosa reliquia universal del <strong><u><a href=\"https:\/\/turismocoria.es\/turismo\/el-sagrado-mantel-de-la-ultima-cena\/\" data-type=\"page\" data-id=\"1176\">Sagrado Mantel de la \u00daltima Cena<\/a><\/u><\/strong>; adem\u00e1s del <strong><a href=\"https:\/\/turismocoria.es\/turismo\/otros-rincones-por-descubrir\/palacio-episcopal\/\" data-type=\"page\" data-id=\"511\"><u>Palacio Episcopal<\/u> <\/a><\/strong>(S. XVII), la <strong><u><a href=\"https:\/\/turismocoria.es\/turismo\/otros-rincones-por-descubrir\/iglesia-santiago-apostol\/\" data-type=\"page\" data-id=\"514\">Iglesia de Santiago Ap\u00f3stol<\/a><\/u> <\/strong>(S. XVI-XVIII), el <strong><u><a href=\"https:\/\/turismocoria.es\/turismo\/lugares-que-no-te-puedes-perder\/convento-de-la-madre-de-dios\/\" data-type=\"page\" data-id=\"499\">Convento de la Madre de Dios<\/a><\/u> <\/strong>(S. XVI-XVII), el <strong><u><a href=\"https:\/\/turismocoria.es\/turismo\/otros-rincones-por-descubrir\/hospital-san-nicolas-de-bari\/\" data-type=\"page\" data-id=\"521\">Hospital de San Nicol\u00e1s de Bari<\/a><\/u> <\/strong>(S. XVI-XIX), el <strong><u><a href=\"https:\/\/turismocoria.es\/turismo\/otros-rincones-por-descubrir\/colegio-seminario-conciliar\/\" data-type=\"page\" data-id=\"744\">Colegio-Seminario Mayor Conciliar<\/a><\/u><\/strong> (S. XVII-XIX), las <strong><u><a href=\"https:\/\/turismocoria.es\/turismo\/otros-rincones-por-descubrir\/carcel-real\/\" data-type=\"page\" data-id=\"2958\">C\u00e1rceles Real<\/a><\/u> <\/strong>(S. XVII), convertida en Museo de Historia, Arqueolog\u00eda y Etnograf\u00eda, y <strong><u><a href=\"https:\/\/turismocoria.es\/turismo\/otros-rincones-por-descubrir\/carcel-eclesiastica\/\" data-type=\"page\" data-id=\"517\">Eclesi\u00e1stica<\/a><\/u> <\/strong>(S. XVIII), el <strong><u><a href=\"https:\/\/turismocoria.es\/turismo\/lugares-que-no-te-puedes-perder\/santuario-de-la-virgen-de-argeme\/\" data-type=\"page\" data-id=\"505\">Santuario de Nuestra Se\u00f1ora Virgen de Argeme<\/a><\/u><\/strong> (S. XVII-XVIII) a extramuros; o los <strong><u><a href=\"https:\/\/turismocoria.es\/turismo\/otros-rincones-por-descubrir\/puente-de-piedra\/\" data-type=\"page\" data-id=\"529\">Puentes de Piedra<\/a><\/u> <\/strong>(S. XVI) y <strong><u><a href=\"https:\/\/turismocoria.es\/turismo\/otros-rincones-por-descubrir\/puente-de-hierro\/\" data-type=\"page\" data-id=\"531\">de Hierro<\/a><\/u> <\/strong>(S. XX), entre otros interesantes rincones por descubrir.<\/p>\n\n\n\n<figure class=\"wp-block-embed is-type-video is-provider-youtube wp-block-embed-youtube wp-embed-aspect-16-9 wp-has-aspect-ratio\"><div class=\"wp-block-embed__wrapper\">\n<div class=\"ast-oembed-container \" style=\"height: 100%;\"><iframe loading=\"lazy\" title=\"Coria \u201cConjunto Monumental\u201d, destino tur\u00edstico del noroeste de Extremadura\" width=\"500\" height=\"281\" data-src=\"https:\/\/www.youtube.com\/embed\/M6VniblQWMo?feature=oembed\" frameborder=\"0\" allow=\"accelerometer; autoplay; clipboard-write; encrypted-media; gyroscope; picture-in-picture; web-share\" referrerpolicy=\"strict-origin-when-cross-origin\" allowfullscreen src=\"data:image\/gif;base64,R0lGODlhAQABAAAAACH5BAEKAAEALAAAAAABAAEAAAICTAEAOw==\" class=\"lazyload\" data-load-mode=\"1\"><\/iframe><\/div>\n<\/div><\/figure>\n\n\n\n<p><\/p>\n\n\n\n<p>Grandes y soberbios monumentos conservados entre un entramado de calles que enamorar\u00e1n al turista, cuyo <strong>legado cultural y espiritual<\/strong> se exhiben en las colecciones conservadas en los <strong><u><a href=\"https:\/\/turismocoria.es\/turismo\/lugares-que-no-te-puedes-perder\/museo-catedralicio\/\" data-type=\"page\" data-id=\"501\">museos Catedralicio<\/a><\/u><\/strong> y <strong><u><a href=\"https:\/\/turismocoria.es\/turismo\/otros-rincones-por-descubrir\/carcel-real\/\" data-type=\"page\" data-id=\"2958\">de la C\u00e1rcel Real<\/a><\/u><\/strong> de la tambi\u00e9n ciudad episcopal que fue, en su tiempo, el punto final de una de las peregrinaciones m\u00e1s importantes y conocidas de toda la pen\u00ednsula Ib\u00e9rica.  Devoci\u00f3n, cultura y turismo en torno a las <strong>Santas Reliquias<\/strong> conservadas en la seo cauriense, convertidas en verdaderos tesoros sacros para el gozo y fervor de los fieles.\u00a0 Un rico legado de piezas y alhajas entre las que destacan una <strong>Santa Espina<\/strong> de la Corona, junto a un <strong><em>Lignum Crucis<\/em><\/strong> o fragmento de la Cruz de Jesucristo, adem\u00e1s del citado y excepcional <strong><u><a href=\"https:\/\/turismocoria.es\/turismo\/el-sagrado-mantel-de-la-ultima-cena\/\" data-type=\"page\" data-id=\"1176\">Sagrado Mantel de la \u00daltima Cena<\/a><\/u><\/strong>, como reliquia universal de la cristiandad.<\/p>\n\n\n\n<figure class=\"wp-block-embed is-type-video is-provider-youtube wp-block-embed-youtube wp-embed-aspect-16-9 wp-has-aspect-ratio\"><div class=\"wp-block-embed__wrapper\">\n<div class=\"ast-oembed-container \" style=\"height: 100%;\"><iframe loading=\"lazy\" title=\"El Sagrado Mantel de Coria: Cultura, Devoci\u00f3n y Turismo - Reliquia Universal de la Cristiandad\" width=\"500\" height=\"281\" data-src=\"https:\/\/www.youtube.com\/embed\/qBfoZ48Qe9Q?feature=oembed\" frameborder=\"0\" allow=\"accelerometer; autoplay; clipboard-write; encrypted-media; gyroscope; picture-in-picture; web-share\" referrerpolicy=\"strict-origin-when-cross-origin\" allowfullscreen src=\"data:image\/gif;base64,R0lGODlhAQABAAAAACH5BAEKAAEALAAAAAABAAEAAAICTAEAOw==\" class=\"lazyload\" data-load-mode=\"1\"><\/iframe><\/div>\n<\/div><\/figure>\n\n\n\n<p><\/p>\n\n\n\n<p>Y, junto las milenarias huellas de la historia del floreciente pasado cauriense celosamente atesorado, el turista podr\u00e1 sentir y disfrutar tambi\u00e9n de esta variada y fecunda <strong>oferta gastron\u00f3mica<\/strong> como es este suculento manjar del cerdo ib\u00e9rico, imprescindible en las cocinas caurienses, que se produce en toda Extremadura mediante el sistema de producci\u00f3n extensivo en el que se cr\u00edan los animales en total libertad y por m\u00e9todos totalmente tradicionales respetando los recursos de las dehesas o las serran\u00edas, logrando obtener productos 100% naturales.<\/p>\n\n\n\n<p>En definitiva, la <strong>Fiesta Gastron\u00f3mica del Toro de Lidia<\/strong> pretende poner en valor la calidad de un producto de reconocido prestigio en Extremadura, que es un manjar de lujo, y que cada vez va sorprendido a m\u00e1s comensales por su carne intensa, tierna, fibrosa y con aromas herb\u00e1ceos, rica en Omega 3 y Vitamina E.&nbsp; Un producto saludable debido a su bajo contenido en grasa, y que posee un aroma y color muy caracter\u00edsticos, diferenci\u00e1ndose de otras carnes de res, debido, sin duda, a la propia gen\u00e9tica del animal y a la alimentaci\u00f3n exclusiva que le proporciona la Dehesa Extreme\u00f1a.<\/p>\n\n\n\n<p>As\u00ed, <strong>desde el 8 hasta el 16 de marzo<\/strong>, alrededor de una quincena de establecimientos hosteleros de la ciudad ofrecer\u00e1n sus diferentes creaciones con la carne de toro de lidia como eje central mediante tres modalidades: <strong>men\u00fa fin de semana<\/strong>, que se iniciar\u00e1 <strong>del 8 al 9 de marzo<\/strong>, donde los <strong>Restaurantes <\/strong><strong>San Crist\u00f3bal<\/strong>, <strong>Montesol<\/strong>, <strong>Palacio Ducal de Alba<\/strong>, <strong>HUUMM<\/strong>, <strong>Campana<\/strong> y <strong>Taper\u00eda La Posada<\/strong>, una serie de interesantes propuestas para conocer mejor este rico producto.<\/p>\n\n\n\n<p>A la <strong>carta<\/strong>, que comenzar\u00e1 <strong>d<\/strong><strong>el 10 al 16 de marzo<\/strong>, en los <strong>Restaurantes San Crist\u00f3bal<\/strong>, <strong>Palacio Ducal de Alba<\/strong>, <strong>El Bobo de Coria<\/strong>, <strong>Campana<\/strong>, <strong>Casa Maxi<\/strong> y <strong>Taper\u00eda La Posada<\/strong>, para aquellos que prefieran saborear con calma las mejores elaboraciones ideadas expresamente para la ocasi\u00f3n por las cocinas de los restaurantes caurienses.<\/p>\n\n\n\n<p>Y, por \u00faltimo, las <strong>rutas de tapas<\/strong>, la opci\u00f3n perfecta para aquellos grupos de amigos o familias que quieran disfrutar compartiendo una buena tapa de toro de lidia, <strong>del 8 al 9 y del 15 al 16 de marzo<\/strong>, en los <strong>Restaurantes <\/strong><strong>San Crist\u00f3bal<\/strong>, <strong>Palacio Ducal de Alba<\/strong>, <strong>HUUMM<\/strong>, <strong>Campana<\/strong>, <strong>Al-Karika<\/strong> y <strong>La Plaza<\/strong>, adem\u00e1s de la <strong>Taper\u00eda La Posada<\/strong>, <strong>Gastrobar Trucha\u00b4s<\/strong> y los <strong>Caf\u00e9-Bar Los Nuevos Deportes<\/strong>, <strong>Gale\u00f3n<\/strong> y <strong>Candilejas<\/strong>, sin duda, la mejor opci\u00f3n para aquellos que deseen saborear peque\u00f1os bocados maridados con vino y cerveza.<\/p>\n\n\n\n<p>M\u00e1s, lo mejor es que durante la Fiesta Gastron\u00f3mica, coincidir\u00e1n en Coria varios eventos m\u00e1s, lo que convierte a la ciudad en un centro neur\u00e1lgico tur\u00edstico y cultural de primer orden.&nbsp; Por un lado, a trav\u00e9s de la marca tur\u00edstica <strong>\u201cTauroTourCoria: Dehesa, Gastronom\u00eda y Turismo\u201d<\/strong>, los amantes de la naturaleza y el mundo rural podr\u00e1n vivir experiencias y sensaciones aut\u00e9nticas de una forma amable, hospitalaria, abierta, segura y tranquila, apostando por la puesta en valor de la cultura y el turismo taurino, derivado de nuestra enraizada cultura y tradici\u00f3n taurina ancestral plena de aprendizajes \u00fanicos e imperecederos que integra la Ciudad de Coria como destino de turismo experencial desglosados en varias experiencias:<\/p>\n\n\n\n<p><\/p>\n\n\n\n<ul class=\"wp-block-list\">\n<li><strong><a href=\"https:\/\/turismocoria.es\/turismo\/vive-una-experiencia-taurina\/entre-toros-dehesas\/un-dia-entre-victorinos\/\" data-type=\"page\" data-id=\"822\">\u2018<u>Toro y Dehesa: Un d\u00eda entre Victorinos<\/u>\u2019.<\/a><\/strong><\/li>\n<\/ul>\n\n\n\n<p>Experiencia encaminada a conocer y disfrutar del h\u00e1bitat del toro bravo a trav\u00e9s de la visita a una de las ganader\u00edas emblem\u00e1ticas de este pa\u00eds en una inolvidable jornada de campo en la que poder disfrutar de esta oferta tur\u00edstica ideal para los amantes del ecologismo y la naturaleza a trav\u00e9s de observar la crianza del toro lidia en libertad en pleno contacto con la naturaleza, de conocer esta joya exclusiva del patrimonio gen\u00e9tico espa\u00f1ol, de visitar un ecosistema \u00fanico ejemplo de biodiversidad y de contribuir a la dinamizaci\u00f3n de la econom\u00eda del medio rural.<\/p>\n\n\n\n<p><\/p>\n\n\n\n<ul class=\"wp-block-list\">\n<li><strong>\u2018<u><a href=\"https:\/\/turismocoria.es\/turismo\/una-ciudad-con-paladar\/carne-iberica-de-toro\/concurso-gastronomico-taurotapas-fitcoria\/\" data-type=\"page\" data-id=\"902\">Toro y Gastronom\u00eda: TauroTapas\u2019<\/a><\/u>.<\/strong><\/li>\n<\/ul>\n\n\n\n<p>Experiencia dirigida a disfrutar saboreando las recetas de anta\u00f1o y de fusi\u00f3n con el buen ca\u00f1eo y el tapeo por medio de la puesta en valor de la carne ib\u00e9rica del toro de lidia como embajadora, a su vez, de la buena cocina y de los fogones caurienses a trav\u00e9s de la participaci\u00f3n directa en el pionero y original en Espa\u00f1a Concurso Gastron\u00f3mico de \u201cTauroTapas FitCoria\u201d, como una iniciativa dirigida a la puesta en valor de la carne ib\u00e9rica del toro de lidia, la degustaci\u00f3n de un producto natural, sano y saludable, y el conocimiento de sus numerosas aplicaciones dentro de la cocina gastron\u00f3mica.<\/p>\n\n\n\n<p><\/p>\n\n\n\n<ul class=\"wp-block-list\">\n<li><strong><a href=\"https:\/\/turismocoria.es\/turismo\/fr\/fetes-et-evenements\/fitcoria\/\" data-type=\"page\" data-id=\"8793\">\u2018<u>Toro y Turismo: FitCoria<\/u><\/a><u> y <\/u><a href=\"https:\/\/turismocoria.es\/turismo\/fiestas-y-eventos-para-disfrutar\/fiestas-san-juan\/\" data-type=\"page\" data-id=\"568\"><u>Fiestas de San Juan<\/u>\u2019<\/a>.<\/strong><\/li>\n<\/ul>\n\n\n\n<p>Experiencia enfocada a disfrutar en la <strong>\u2018Feria Internacional del Toro de la Ciudad de Coria (FitCoria)\u2019<\/strong>, como evento taurino, de car\u00e1cter tur\u00edstico-cultural y socio-econ\u00f3mico, que ha alcanzado un importante \u00e9xito de participaci\u00f3n de visitantes, lo que ha convertido a esta localidad en la capital del Mundo del Toro durante la celebraci\u00f3n de la misma en el mes de marzo.&nbsp; As\u00ed, como de vivir y compatir una de las tradiciones taurinas con sello propio, aut\u00e9ntico y genuino de nuestro pa\u00eds, caso de nuestros ancestrales <strong>\u2018Sanjuanes\u2019<\/strong>, como Templo de la Tauromaquia en la Calle de Espa\u00f1a y Catedral del Toro en Extremadura, vinculados a la Ciudad de Coria desde tiempos inmemoriales como una de las mejores opciones de ocio y tiempo libre cada 23 al 29 de junio.<\/p>\n\n\n\n<p>En este sentido, durante la celebraci\u00f3n del <a href=\"https:\/\/turismocoria.es\/turismo\/una-ciudad-con-paladar\/carne-iberica-de-toro\/concurso-gastronomico-taurotapas-fitcoria\/\" data-type=\"page\" data-id=\"902\"><strong><u>V Concurso Gastron\u00f3mico \u2018TauroTapas FitCoria\u2019<\/u><\/strong> <\/a><strong>(del 8 al 9 y del 15 al 16 de marzo)<\/strong>, los amantes del buen yantar podr\u00e1n vivir una experiencia gastron\u00f3mica \u00fanica donde los sabores tradicionales y las creaciones m\u00e1s innovadoras se dan cita. \u00a0Platos como el \u201cestofado\u201d, el \u201cguisado\u201d o el \u201crabo de toro\u201d se reinventan en formato tapa, invitando a los comensales a recorrer los establecimientos participantes. \u00a0Esta iniciativa no solo es una forma divertida de disfrutar de la cocina local, sino tambi\u00e9n una oportunidad para socializar y compartir momentos alrededor de estas peque\u00f1as obras maestras culinarias, que van desde las recetas m\u00e1s cl\u00e1sicas hasta las propuestas m\u00e1s sorprendentes y originales. \u00a0Una verdadera celebraci\u00f3n del buen comer y del arte del tapeo, que encuentran aqu\u00ed un punto de encuentro \u00fanico.<\/p>\n\n\n\n<figure class=\"wp-block-image aligncenter size-large\"><img loading=\"lazy\" decoding=\"async\" width=\"697\" height=\"1024\" data-src=\"https:\/\/turismocoria.es\/turismo\/wp-content\/uploads\/2025\/03\/Cartel-Taurotapas-FITCORIA-2025-1-697x1024.jpg\" alt=\"\" class=\"wp-image-13024 lazyload\" data-srcset=\"https:\/\/turismocoria.es\/turismo\/wp-content\/uploads\/2025\/03\/Cartel-Taurotapas-FITCORIA-2025-1-697x1024.jpg 697w, https:\/\/turismocoria.es\/turismo\/wp-content\/uploads\/2025\/03\/Cartel-Taurotapas-FITCORIA-2025-1-204x300.jpg 204w, https:\/\/turismocoria.es\/turismo\/wp-content\/uploads\/2025\/03\/Cartel-Taurotapas-FITCORIA-2025-1-768x1128.jpg 768w, https:\/\/turismocoria.es\/turismo\/wp-content\/uploads\/2025\/03\/Cartel-Taurotapas-FITCORIA-2025-1-50x73.jpg 50w, https:\/\/turismocoria.es\/turismo\/wp-content\/uploads\/2025\/03\/Cartel-Taurotapas-FITCORIA-2025-1.jpg 907w\" data-sizes=\"(max-width: 697px) 100vw, 697px\" src=\"data:image\/gif;base64,R0lGODlhAQABAAAAACH5BAEKAAEALAAAAAABAAEAAAICTAEAOw==\" style=\"--smush-placeholder-width: 697px; --smush-placeholder-aspect-ratio: 697\/1024;\" \/><noscript><img loading=\"lazy\" decoding=\"async\" width=\"697\" height=\"1024\" src=\"https:\/\/turismocoria.es\/turismo\/wp-content\/uploads\/2025\/03\/Cartel-Taurotapas-FITCORIA-2025-1-697x1024.jpg\" alt=\"\" class=\"wp-image-13024\" srcset=\"https:\/\/turismocoria.es\/turismo\/wp-content\/uploads\/2025\/03\/Cartel-Taurotapas-FITCORIA-2025-1-697x1024.jpg 697w, https:\/\/turismocoria.es\/turismo\/wp-content\/uploads\/2025\/03\/Cartel-Taurotapas-FITCORIA-2025-1-204x300.jpg 204w, https:\/\/turismocoria.es\/turismo\/wp-content\/uploads\/2025\/03\/Cartel-Taurotapas-FITCORIA-2025-1-768x1128.jpg 768w, https:\/\/turismocoria.es\/turismo\/wp-content\/uploads\/2025\/03\/Cartel-Taurotapas-FITCORIA-2025-1-50x73.jpg 50w, https:\/\/turismocoria.es\/turismo\/wp-content\/uploads\/2025\/03\/Cartel-Taurotapas-FITCORIA-2025-1.jpg 907w\" sizes=\"(max-width: 697px) 100vw, 697px\" \/><\/noscript><\/figure>\n\n\n\n<p>As\u00ed que ya lo sabes, en marzo, <strong>Coria Ciudad Gastron\u00f3mica Extreme\u00f1a<\/strong>, est\u00e1 preparada para sorprenderte paladeando los sabores del toro ib\u00e9rico de lidia\u2026<\/p>\n\n\n\n<p>\u00bfA qu\u00e9 esperas para sentirla?<\/p>\n\n\n\n<div data-wp-interactive=\"core\/file\" class=\"wp-block-file\"><object data-wp-bind--hidden=\"!state.hasPdfPreview\"  class=\"wp-block-file__embed\" data=\"https:\/\/turismocoria.es\/turismo\/wp-content\/uploads\/2025\/03\/Folleto-Taurotapas-2025.pdf\" type=\"application\/pdf\" style=\"width:100%;height:600px\" aria-label=\"Incrustado de Folleto Taurotapas 2025.\"><\/object><a id=\"wp-block-file--media-d34ddddd-88cc-4285-8171-764de30a1e2b\" href=\"https:\/\/turismocoria.es\/turismo\/wp-content\/uploads\/2025\/03\/Folleto-Taurotapas-2025.pdf\">Folleto Taurotapas 2025<\/a><a href=\"https:\/\/turismocoria.es\/turismo\/wp-content\/uploads\/2025\/03\/Folleto-Taurotapas-2025.pdf\" class=\"wp-block-file__button wp-element-button\" download aria-describedby=\"wp-block-file--media-d34ddddd-88cc-4285-8171-764de30a1e2b\">Descarga<\/a><\/div>\n\n\n\n<p><strong>M\u00e1s Informaci\u00f3n en:<br>Oficina Municipal de Turismo<br><\/strong>Plaza de San Pedro, 1<br>Tlfno.: 927 50 80 00 Ext. 290<br>Email: <strong><a href=\"mailto:oficinaturismo@coria.org\">oficinaturismo@coria.org<\/a><\/strong><\/p>\n\n\n\n<p>Url: <strong><a href=\"https:\/\/turismocoria.es\/cge2025\">https:\/\/turismocoria.es\/cge2025<\/a><\/strong><\/p>\n","protected":false},"excerpt":{"rendered":"<p>\u201cCoria Ciudad Gastron\u00f3mica Extreme\u00f1a 2025\u201d celebra, del 8 al 16 de marzo, su tercer mes dedic\u00e1ndolo a aquellos que quieren disfrutar de un producto 100 % aut\u00f3ctono que rinde homenaje a rey de la dehesa extreme\u00f1a como es el toro bravo. La Fiesta Gastron\u00f3mica del Toro de Lidia involucra a una quincena de establecimientos hosteleros [&hellip;]<\/p>\n","protected":false},"author":2,"featured_media":13022,"comment_status":"closed","ping_status":"","sticky":false,"template":"","format":"standard","meta":{"_uag_custom_page_level_css":"","site-sidebar-layout":"default","site-content-layout":"","ast-site-content-layout":"default","site-content-style":"default","site-sidebar-style":"default","ast-global-header-display":"","ast-banner-title-visibility":"","ast-main-header-display":"","ast-hfb-above-header-display":"","ast-hfb-below-header-display":"","ast-hfb-mobile-header-display":"","site-post-title":"","ast-breadcrumbs-content":"","ast-featured-img":"","footer-sml-layout":"","theme-transparent-header-meta":"","adv-header-id-meta":"","stick-header-meta":"","header-above-stick-meta":"","header-main-stick-meta":"","header-below-stick-meta":"","astra-migrate-meta-layouts":"set","ast-page-background-enabled":"default","ast-page-background-meta":{"desktop":{"background-color":"","background-image":"","background-repeat":"repeat","background-position":"center center","background-size":"auto","background-attachment":"scroll","background-type":"","background-media":"","overlay-type":"","overlay-color":"","overlay-opacity":"","overlay-gradient":""},"tablet":{"background-color":"","background-image":"","background-repeat":"repeat","background-position":"center center","background-size":"auto","background-attachment":"scroll","background-type":"","background-media":"","overlay-type":"","overlay-color":"","overlay-opacity":"","overlay-gradient":""},"mobile":{"background-color":"","background-image":"","background-repeat":"repeat","background-position":"center center","background-size":"auto","background-attachment":"scroll","background-type":"","background-media":"","overlay-type":"","overlay-color":"","overlay-opacity":"","overlay-gradient":""}},"ast-content-background-meta":{"desktop":{"background-color":"var(--ast-global-color-5)","background-image":"","background-repeat":"repeat","background-position":"center center","background-size":"auto","background-attachment":"scroll","background-type":"","background-media":"","overlay-type":"","overlay-color":"","overlay-opacity":"","overlay-gradient":""},"tablet":{"background-color":"var(--ast-global-color-5)","background-image":"","background-repeat":"repeat","background-position":"center center","background-size":"auto","background-attachment":"scroll","background-type":"","background-media":"","overlay-type":"","overlay-color":"","overlay-opacity":"","overlay-gradient":""},"mobile":{"background-color":"var(--ast-global-color-5)","background-image":"","background-repeat":"repeat","background-position":"center center","background-size":"auto","background-attachment":"scroll","background-type":"","background-media":"","overlay-type":"","overlay-color":"","overlay-opacity":"","overlay-gradient":""}},"_EventAllDay":false,"_EventTimezone":"","_EventStartDate":"","_EventEndDate":"","_EventStartDateUTC":"","_EventEndDateUTC":"","_EventShowMap":false,"_EventShowMapLink":false,"_EventURL":"","_EventCost":"","_EventCostDescription":"","_EventCurrencySymbol":"","_EventCurrencyCode":"","_EventCurrencyPosition":"","_EventDateTimeSeparator":"","_EventTimeRangeSeparator":"","_EventOrganizerID":[],"_EventVenueID":0,"_OrganizerEmail":"","_OrganizerPhone":"","_OrganizerWebsite":"","_VenueAddress":"","_VenueCity":"","_VenueCountry":"","_VenueProvince":"","_VenueZip":"","_VenuePhone":"","_VenueURL":"","_VenueStateProvince":"","_VenueLat":"","_VenueLng":"","footnotes":""},"categories":[33],"tags":[],"class_list":["post-13021","post","type-post","status-publish","format-standard","has-post-thumbnail","hentry","category-sin-categorizar"],"featured_image_src":"https:\/\/turismocoria.es\/turismo\/wp-content\/uploads\/2025\/03\/Coria-CGE2025_3.-FG-Toro-Lidia-600x400.jpg","featured_image_src_square":"https:\/\/turismocoria.es\/turismo\/wp-content\/uploads\/2025\/03\/Coria-CGE2025_3.-FG-Toro-Lidia-600x600.jpg","author_info":{"display_name":"turismo","author_link":"https:\/\/turismocoria.es\/turismo\/author\/turismo\/"},"uagb_featured_image_src":{"full":["https:\/\/turismocoria.es\/turismo\/wp-content\/uploads\/2025\/03\/Coria-CGE2025_3.-FG-Toro-Lidia.jpg",1565,756,false],"thumbnail":["https:\/\/turismocoria.es\/turismo\/wp-content\/uploads\/2025\/03\/Coria-CGE2025_3.-FG-Toro-Lidia-150x150.jpg",150,150,true],"medium":["https:\/\/turismocoria.es\/turismo\/wp-content\/uploads\/2025\/03\/Coria-CGE2025_3.-FG-Toro-Lidia-300x145.jpg",300,145,true],"medium_large":["https:\/\/turismocoria.es\/turismo\/wp-content\/uploads\/2025\/03\/Coria-CGE2025_3.-FG-Toro-Lidia-768x371.jpg",768,371,true],"large":["https:\/\/turismocoria.es\/turismo\/wp-content\/uploads\/2025\/03\/Coria-CGE2025_3.-FG-Toro-Lidia-1024x495.jpg",1024,495,true],"gs-tiny":["https:\/\/turismocoria.es\/turismo\/wp-content\/uploads\/2025\/03\/Coria-CGE2025_3.-FG-Toro-Lidia-50x24.jpg",50,24,true],"xl":["https:\/\/turismocoria.es\/turismo\/wp-content\/uploads\/2025\/03\/Coria-CGE2025_3.-FG-Toro-Lidia.jpg",1565,756,false],"xxl":["https:\/\/turismocoria.es\/turismo\/wp-content\/uploads\/2025\/03\/Coria-CGE2025_3.-FG-Toro-Lidia.jpg",1565,756,false],"xxxl":["https:\/\/turismocoria.es\/turismo\/wp-content\/uploads\/2025\/03\/Coria-CGE2025_3.-FG-Toro-Lidia.jpg",1565,756,false],"xxxxl":["https:\/\/turismocoria.es\/turismo\/wp-content\/uploads\/2025\/03\/Coria-CGE2025_3.-FG-Toro-Lidia.jpg",1565,756,false],"xxxxxl":["https:\/\/turismocoria.es\/turismo\/wp-content\/uploads\/2025\/03\/Coria-CGE2025_3.-FG-Toro-Lidia.jpg",1565,756,false],"1536x1536":["https:\/\/turismocoria.es\/turismo\/wp-content\/uploads\/2025\/03\/Coria-CGE2025_3.-FG-Toro-Lidia-1536x742.jpg",1536,742,true],"2048x2048":["https:\/\/turismocoria.es\/turismo\/wp-content\/uploads\/2025\/03\/Coria-CGE2025_3.-FG-Toro-Lidia.jpg",1565,756,false],"ultp_layout_landscape_large":["https:\/\/turismocoria.es\/turismo\/wp-content\/uploads\/2025\/03\/Coria-CGE2025_3.-FG-Toro-Lidia-1200x756.jpg",1200,756,true],"ultp_layout_landscape":["https:\/\/turismocoria.es\/turismo\/wp-content\/uploads\/2025\/03\/Coria-CGE2025_3.-FG-Toro-Lidia-870x570.jpg",870,570,true],"ultp_layout_portrait":["https:\/\/turismocoria.es\/turismo\/wp-content\/uploads\/2025\/03\/Coria-CGE2025_3.-FG-Toro-Lidia-600x756.jpg",600,756,true],"ultp_layout_square":["https:\/\/turismocoria.es\/turismo\/wp-content\/uploads\/2025\/03\/Coria-CGE2025_3.-FG-Toro-Lidia-600x600.jpg",600,600,true],"gb-block-post-grid-landscape":["https:\/\/turismocoria.es\/turismo\/wp-content\/uploads\/2025\/03\/Coria-CGE2025_3.-FG-Toro-Lidia-600x400.jpg",600,400,true],"gb-block-post-grid-square":["https:\/\/turismocoria.es\/turismo\/wp-content\/uploads\/2025\/03\/Coria-CGE2025_3.-FG-Toro-Lidia-600x600.jpg",600,600,true]},"uagb_author_info":{"display_name":"turismo","author_link":"https:\/\/turismocoria.es\/turismo\/author\/turismo\/"},"uagb_comment_info":0,"uagb_excerpt":"\u201cCoria Ciudad Gastron\u00f3mica Extreme\u00f1a 2025\u201d celebra, del 8 al 16 de marzo, su tercer mes dedic\u00e1ndolo a aquellos que quieren disfrutar de un producto 100 % aut\u00f3ctono que rinde homenaje a rey de la dehesa extreme\u00f1a como es el toro bravo. La Fiesta Gastron\u00f3mica del Toro de Lidia involucra a una quincena de establecimientos hosteleros&hellip;","_links":{"self":[{"href":"https:\/\/turismocoria.es\/turismo\/wp-json\/wp\/v2\/posts\/13021"}],"collection":[{"href":"https:\/\/turismocoria.es\/turismo\/wp-json\/wp\/v2\/posts"}],"about":[{"href":"https:\/\/turismocoria.es\/turismo\/wp-json\/wp\/v2\/types\/post"}],"author":[{"embeddable":true,"href":"https:\/\/turismocoria.es\/turismo\/wp-json\/wp\/v2\/users\/2"}],"replies":[{"embeddable":true,"href":"https:\/\/turismocoria.es\/turismo\/wp-json\/wp\/v2\/comments?post=13021"}],"version-history":[{"count":3,"href":"https:\/\/turismocoria.es\/turismo\/wp-json\/wp\/v2\/posts\/13021\/revisions"}],"predecessor-version":[{"id":13028,"href":"https:\/\/turismocoria.es\/turismo\/wp-json\/wp\/v2\/posts\/13021\/revisions\/13028"}],"wp:featuredmedia":[{"embeddable":true,"href":"https:\/\/turismocoria.es\/turismo\/wp-json\/wp\/v2\/media\/13022"}],"wp:attachment":[{"href":"https:\/\/turismocoria.es\/turismo\/wp-json\/wp\/v2\/media?parent=13021"}],"wp:term":[{"taxonomy":"category","embeddable":true,"href":"https:\/\/turismocoria.es\/turismo\/wp-json\/wp\/v2\/categories?post=13021"},{"taxonomy":"post_tag","embeddable":true,"href":"https:\/\/turismocoria.es\/turismo\/wp-json\/wp\/v2\/tags?post=13021"}],"curies":[{"name":"wp","href":"https:\/\/api.w.org\/{rel}","templated":true}]}}