{"id":12915,"date":"2025-01-14T08:55:38","date_gmt":"2025-01-14T07:55:38","guid":{"rendered":"https:\/\/turismocoria.es\/turismo\/?p=12915"},"modified":"2025-01-14T08:56:29","modified_gmt":"2025-01-14T07:56:29","slug":"coria-abre-el-2025-con-la-fiesta-gastronomica-del-cabrito","status":"publish","type":"post","link":"https:\/\/turismocoria.es\/turismo\/coria-abre-el-2025-con-la-fiesta-gastronomica-del-cabrito\/","title":{"rendered":"Coria Abre el 2025 con la Fiesta Gastron\u00f3mica del Cabrito"},"content":{"rendered":"\n<p><strong>Coria inicia el a\u00f1o gastron\u00f3mico acogiendo por primera vez, del 18 al 26 de enero, este evento culinario incluido dentro del marco de Coria Ciudad Gastron\u00f3mica Extreme\u00f1a 2025, que llevar\u00e1 a visitantes y vecinos a disfrutar de un esta magn\u00edfica oferta de turismo cultural contribuyendo, con ello, a la preservaci\u00f3n y puesta en valor de su exquisito patrimonio gastron\u00f3mico como se\u00f1a de identidad de nuestra arraigada cultura local cauriense y regional extreme\u00f1a.<\/strong><\/p>\n\n\n\n<p>Durante todo el 2025, la Ciudad de Coria mostrar\u00e1 a los amantes de la gastronom\u00eda lo mejor de su cultura culinaria comenzando en este primer mes del a\u00f1o con la <strong>Fiesta Gastron\u00f3mica del Cabrito<\/strong> que, como excelente producto distinguido con el sello de Indicaci\u00f3n Geogr\u00e1fica Protegida, se celebrar\u00e1 del 18 al 26 de enero en una docena de establecimientos hosteleros que van a sorprender a los m\u00e1s gourmets con sus creaciones elaboradas a base del delicioso cabrito con IGP de Extremadura a trav\u00e9s de tres opciones: men\u00fa fin de semana, carta y raciones.<\/p>\n\n\n\n<p>Una oportunidad m\u00e1s de conocer la nobiliaria y episcopal <strong>Ciudad de Coria<\/strong>, convertida en centro de destino tur\u00edstico derivado de su rico y longevo Patrimonio Hist\u00f3rico-Art\u00edstico, Cultural y Natural heredado durante siglos, lo que la convierten en la <strong>novena poblaci\u00f3n m\u00e1s antigua<\/strong> <strong>de toda Espa\u00f1a<\/strong>.<\/p>\n\n\n\n<p>Vestigios todos ellos, cuyas sucesivas etapas cronol\u00f3gicas de la milenaria historia cauriense han quedado en parte atestiguadas por el magn\u00edfico legado monumental que conserva su coqueto <strong><u><a href=\"https:\/\/turismocoria.es\/turismo\/lugares-que-no-te-puedes-perder\/casco-historico\/\" data-type=\"page\" data-id=\"732\">Casco Hist\u00f3rico<\/a><\/u><\/strong>.\u00a0 Desde las volum\u00e9tricas <a href=\"https:\/\/turismocoria.es\/turismo\/lugares-que-no-te-puedes-perder\/murallas-romanas\/\" data-type=\"page\" data-id=\"497\"><strong><u>Murallas Romanas<\/u><\/strong> <\/a>(S. I) que lo circundan como una de las fortalezas de origen romano mejor conservadas en su conjunto de entre todas las halladas en el resto de Europa; pasando por los soberbios y se\u00f1oriales <strong><u><a href=\"https:\/\/turismocoria.es\/turismo\/lugares-que-no-te-puedes-perder\/castillo-de-los-duques-de-alba\/\" data-type=\"page\" data-id=\"226\">Castillo<\/a><\/u><\/strong> (S. XV) y <strong><u><a href=\"https:\/\/turismocoria.es\/turismo\/otros-rincones-por-descubrir\/palacio-de-los-duques-de-alba\/\" data-type=\"page\" data-id=\"509\">Palacio de los Duques de Alba<\/a><\/u><\/strong> (S. XV-XVI) como s\u00edmbolos del rancio poder nobiliario; hasta la magna <strong><u><a href=\"https:\/\/turismocoria.es\/turismo\/lugares-que-no-te-puedes-perder\/catedral\/\" data-type=\"page\" data-id=\"488\">Catedral de Santa Mar\u00eda de la Asunci\u00f3n<\/a><\/u><\/strong> (S. XV-XVIII) joya del g\u00f3tico-plateresco extreme\u00f1o en la que se custodia esa misteriosa reliquia universal del <strong><u><a href=\"https:\/\/turismocoria.es\/turismo\/el-sagrado-mantel-de-la-ultima-cena\/\" data-type=\"page\" data-id=\"1176\">Sagrado Mantel de la \u00daltima Cena<\/a><\/u><\/strong>; adem\u00e1s del <strong><u><a href=\"https:\/\/turismocoria.es\/turismo\/otros-rincones-por-descubrir\/palacio-episcopal\/\" data-type=\"page\" data-id=\"511\">Palacio Episcopal<\/a><\/u> <\/strong>(S. XVII), la <strong><u><a href=\"https:\/\/turismocoria.es\/turismo\/otros-rincones-por-descubrir\/iglesia-santiago-apostol\/\" data-type=\"page\" data-id=\"514\">Iglesia de Santiago Ap\u00f3stol<\/a><\/u> <\/strong>(S. XVI-XVIII), el <strong><u><a href=\"https:\/\/turismocoria.es\/turismo\/lugares-que-no-te-puedes-perder\/convento-de-la-madre-de-dios\/\" data-type=\"page\" data-id=\"499\">Convento de la Madre de Dios<\/a><\/u> <\/strong>(S. XVI-XVII), el <strong><u><a href=\"https:\/\/turismocoria.es\/turismo\/otros-rincones-por-descubrir\/hospital-san-nicolas-de-bari\/\" data-type=\"page\" data-id=\"521\">Hospital de San Nicol\u00e1s de Bari<\/a><\/u> <\/strong>(S. XVI-XIX), el <a href=\"https:\/\/turismocoria.es\/turismo\/otros-rincones-por-descubrir\/colegio-seminario-conciliar\/\" data-type=\"page\" data-id=\"744\"><strong><u>Colegio-Seminario Mayor Conciliar<\/u><\/strong> <\/a>(S. XVII-XIX), las <strong><a href=\"https:\/\/turismocoria.es\/turismo\/otros-rincones-por-descubrir\/carcel-real\/\" data-type=\"page\" data-id=\"2958\"><u>C\u00e1rceles Real<\/u> <\/a><\/strong>(S. XVII), convertida en Museo de Historia, Arqueolog\u00eda y Etnograf\u00eda, y<a href=\"https:\/\/turismocoria.es\/turismo\/otros-rincones-por-descubrir\/carcel-eclesiastica\/\" data-type=\"page\" data-id=\"517\"> <strong><u>Eclesi\u00e1stica<\/u><\/strong><\/a><strong> <\/strong>(S. XVIII), el <a href=\"https:\/\/turismocoria.es\/turismo\/lugares-que-no-te-puedes-perder\/santuario-de-la-virgen-de-argeme\/\" data-type=\"page\" data-id=\"505\"><strong><u>Santuario de Nuestra Se\u00f1ora Virgen de Argeme<\/u><\/strong> <\/a>(S. XVII-XVIII) a extramuros; o los <strong><u><a href=\"https:\/\/turismocoria.es\/turismo\/otros-rincones-por-descubrir\/puente-de-piedra\/\" data-type=\"page\" data-id=\"529\">Puentes de Piedra<\/a><\/u> <\/strong>(S. XVI) y <strong><u><a href=\"https:\/\/turismocoria.es\/turismo\/otros-rincones-por-descubrir\/puente-de-hierro\/\" data-type=\"page\" data-id=\"531\">de Hierro<\/a><\/u> <\/strong>(S. XX), entre otros interesantes rincones por descubrir.<\/p>\n\n\n\n<figure class=\"wp-block-embed is-type-video is-provider-youtube wp-block-embed-youtube wp-embed-aspect-16-9 wp-has-aspect-ratio\"><div class=\"wp-block-embed__wrapper\">\n<div class=\"ast-oembed-container \" style=\"height: 100%;\"><iframe loading=\"lazy\" title=\"Coria \u201cConjunto Monumental\u201d, destino tur\u00edstico del noroeste de Extremadura\" width=\"500\" height=\"281\" data-src=\"https:\/\/www.youtube.com\/embed\/M6VniblQWMo?feature=oembed\" frameborder=\"0\" allow=\"accelerometer; autoplay; clipboard-write; encrypted-media; gyroscope; picture-in-picture; web-share\" referrerpolicy=\"strict-origin-when-cross-origin\" allowfullscreen src=\"data:image\/gif;base64,R0lGODlhAQABAAAAACH5BAEKAAEALAAAAAABAAEAAAICTAEAOw==\" class=\"lazyload\" data-load-mode=\"1\"><\/iframe><\/div>\n<\/div><\/figure>\n\n\n\n<p><\/p>\n\n\n\n<p>Grandes y soberbios monumentos conservados entre un entramado de calles que enamorar\u00e1n al turista, cuyo <strong>legado cultural y espiritual<\/strong> se exhiben en las colecciones conservadas en los <strong><u><a href=\"https:\/\/turismocoria.es\/turismo\/lugares-que-no-te-puedes-perder\/museo-catedralicio\/\" data-type=\"page\" data-id=\"501\">museos Catedralicio<\/a><\/u><\/strong> y <strong><u><a href=\"https:\/\/turismocoria.es\/turismo\/lugares-que-no-te-puedes-perder\/museo-de-la-carcel-real\/\" data-type=\"page\" data-id=\"503\">de la C\u00e1rcel Real<\/a><\/u><\/strong> de la tambi\u00e9n ciudad episcopal que fue, en su tiempo, el punto final de una de las peregrinaciones m\u00e1s importantes y conocidas de toda la pen\u00ednsula Ib\u00e9rica.  Devoci\u00f3n, cultura y turismo en torno a las <strong>Santas Reliquias<\/strong> conservadas en la seo cauriense, convertidas en verdaderos tesoros sacros para el gozo y fervor de los fieles.\u00a0 Un rico legado de piezas y alhajas entre las que destacan una <strong>Santa Espina<\/strong> de la Corona, junto a un <strong><em>Lignum Crucis<\/em><\/strong> o fragmento de la Cruz de Jesucristo, adem\u00e1s del citado y excepcional <strong><u><a href=\"https:\/\/turismocoria.es\/turismo\/el-sagrado-mantel-de-la-ultima-cena\/\" data-type=\"page\" data-id=\"1176\">Sagrado Mantel de la \u00daltima Cena<\/a><\/u><\/strong>, como reliquia universal de la cristiandad.<\/p>\n\n\n\n<figure class=\"wp-block-embed is-type-video is-provider-youtube wp-block-embed-youtube wp-embed-aspect-16-9 wp-has-aspect-ratio\"><div class=\"wp-block-embed__wrapper\">\n<div class=\"ast-oembed-container \" style=\"height: 100%;\"><iframe loading=\"lazy\" title=\"El Sagrado Mantel de Coria: Cultura, Devoci\u00f3n y Turismo - Reliquia Universal de la Cristiandad\" width=\"500\" height=\"281\" data-src=\"https:\/\/www.youtube.com\/embed\/qBfoZ48Qe9Q?feature=oembed\" frameborder=\"0\" allow=\"accelerometer; autoplay; clipboard-write; encrypted-media; gyroscope; picture-in-picture; web-share\" referrerpolicy=\"strict-origin-when-cross-origin\" allowfullscreen src=\"data:image\/gif;base64,R0lGODlhAQABAAAAACH5BAEKAAEALAAAAAABAAEAAAICTAEAOw==\" class=\"lazyload\" data-load-mode=\"1\"><\/iframe><\/div>\n<\/div><\/figure>\n\n\n\n<p><\/p>\n\n\n\n<p>Y, junto las milenarias huellas de la historia del floreciente pasado cauriense celosamente atesorado, el turista podr\u00e1 sentir y disfrutar tambi\u00e9n de esta variada y fecunda <strong>oferta gastron\u00f3mica<\/strong> como es este suculento manjar del cabrito, imprescindible en las cocinas caurienses, que se produce en toda Extremadura mediante el sistema de producci\u00f3n extensivo o semitextensivo en el que se cr\u00edan los animales en total libertad y por m\u00e9todos totalmente tradicionales respetando los recursos de las dehesas o las serran\u00edas, logrando obtener productos 100% naturales.<\/p>\n\n\n\n<p>Y es que el cabrito de Extremadura, tal y como se conoce, procede de las canales de los cabritos controlados o de su despiece, sin importar su sexo, pero que hayan nacido y se hayan criado en esta regi\u00f3n, siendo las razas empleadas: la verata, retinta, florida, malague\u00f1a, murciano-granadina, blanca andaluza, cabra de las mesetas, payoya o los sucesivos cruces entre todas ellas.<\/p>\n\n\n\n<p>En definitiva, la <strong>Fiesta Gastron\u00f3mica del Cabrito<\/strong> pretende poner en valor la calidad de un producto de reconocido prestigio en Extremadura, que ha ido llegando cada vez a m\u00e1s hogares, debido sin duda a su excelente sabor, en el que se aprecia un ligero toque a leche, y a la cantidad de matices, como su textura tierna y jugosa.<\/p>\n\n\n\n<p>Por ello, ya lo sabe, <strong>desde el 18 hasta el 26 de enero<\/strong>, una docena de establecimientos hosteleros de la ciudad le ofrecer\u00e1n sus diferentes propuestas basadas en el cabrito a trav\u00e9s de tres modalidades: <strong>men\u00fa fin de semana<\/strong>, que se iniciar\u00e1 <strong>del 18 al 19 de enero<\/strong>, donde los <strong>Restaurantes San Crist\u00f3bal<\/strong>, <strong>Montesol<\/strong>, <strong>Palacio Ducal de Alba<\/strong>, <strong>HUUMM<\/strong> y <strong>Campana<\/strong> elaborar\u00e1n una selecci\u00f3n de platos ideados para la ocasi\u00f3n que no dejar\u00e1n indiferente a nadie.<\/p>\n\n\n\n<p>A la <strong>carta<\/strong>, que comenzar\u00e1 <strong>d<\/strong><strong>el 20 al 26 de enero<\/strong>, en los <strong>Restaurantes San Crist\u00f3bal<\/strong>, <strong>Montesol<\/strong>, <strong>Palacio Ducal de Alba<\/strong>, <strong>El Bobo de Coria<\/strong> y <strong>Campana<\/strong> que exhibir\u00e1n las mejores creaciones a base de cabrito y que solo se podr\u00e1n disfrutar de forma excepcional durante esta semana.<\/p>\n\n\n\n<p>Y, por \u00faltimo, <strong>raciones<\/strong>, la opci\u00f3n perfecta para aquellos grupos de amigos o familias que disfrutan compartiendo una buena raci\u00f3n de cabrito <strong>del 24 al 26 de enero<\/strong>, en los <strong>Restaurantes San Crist\u00f3bal<\/strong>, <strong>Palacio Ducal de Alba<\/strong>, <strong>Al-Karika<\/strong>, <strong>San Juan<\/strong> y <strong>Saborea La Plaza<\/strong>, adem\u00e1s de la <strong>Taper\u00eda La Posada<\/strong>, <strong>Gastrobar Trucha\u00b4s<\/strong> y <strong>Caf\u00e9-Bar Los Nuevos Deportes<\/strong>.<\/p>\n\n\n\n<p>Enero empieza con mucho sabor, con Coria sorprendiendo a todos, no solo con su espectacular patrimonio cultural e hist\u00f3rico, sino tambi\u00e9n con una gastronom\u00eda rica, abundante en producto aut\u00f3ctono y con una apuesta decidida por poner en valor la calidad de su despensa que, a buen seguro, cubrir\u00e1n todas las necesidades y los gustos de aquellos viajeros que visiten este centenario destino tur\u00edstico cargado de encanto y convertido en una de las mejores opciones, de forma tranquila y segura, para viajar en su tiempo de ocio libre en cualquiera de las estaciones del a\u00f1o.<\/p>\n\n\n\n<figure class=\"wp-block-embed is-type-video is-provider-youtube wp-block-embed-youtube wp-embed-aspect-16-9 wp-has-aspect-ratio\"><div class=\"wp-block-embed__wrapper\">\n<div class=\"ast-oembed-container \" style=\"height: 100%;\"><iframe loading=\"lazy\" title=\"Coria, un paraiso para los sentidos\" width=\"500\" height=\"281\" data-src=\"https:\/\/www.youtube.com\/embed\/wgXtGKiUtpg?feature=oembed\" frameborder=\"0\" allow=\"accelerometer; autoplay; clipboard-write; encrypted-media; gyroscope; picture-in-picture; web-share\" referrerpolicy=\"strict-origin-when-cross-origin\" allowfullscreen src=\"data:image\/gif;base64,R0lGODlhAQABAAAAACH5BAEKAAEALAAAAAABAAEAAAICTAEAOw==\" class=\"lazyload\" data-load-mode=\"1\"><\/iframe><\/div>\n<\/div><\/figure>\n\n\n\n<p><\/p>\n\n\n\n<p><strong>Oficina Municipal de Turismo<br><\/strong>Plaza de San Pedro, 1<br>Tlfno.: 927 50 80 00 Ext. 290<br>Email: <strong><a href=\"mailto:oficinaturismo@coria.org\">oficinaturismo@coria.org<\/a><\/strong><\/p>\n\n\n\n<p>Url: <strong><a href=\"https:\/\/turismocoria.es\/cge2025\">https:\/\/turismocoria.es\/cge2025<\/a><\/strong><\/p>\n","protected":false},"excerpt":{"rendered":"<p>Coria inicia el a\u00f1o gastron\u00f3mico acogiendo por primera vez, del 18 al 26 de enero, este evento culinario incluido dentro del marco de Coria Ciudad Gastron\u00f3mica Extreme\u00f1a 2025, que llevar\u00e1 a visitantes y vecinos a disfrutar de un esta magn\u00edfica oferta de turismo cultural contribuyendo, con ello, a la preservaci\u00f3n y puesta en valor de [&hellip;]<\/p>\n","protected":false},"author":2,"featured_media":12916,"comment_status":"closed","ping_status":"","sticky":false,"template":"","format":"standard","meta":{"_uag_custom_page_level_css":"","site-sidebar-layout":"default","site-content-layout":"","ast-site-content-layout":"default","site-content-style":"default","site-sidebar-style":"default","ast-global-header-display":"","ast-banner-title-visibility":"","ast-main-header-display":"","ast-hfb-above-header-display":"","ast-hfb-below-header-display":"","ast-hfb-mobile-header-display":"","site-post-title":"","ast-breadcrumbs-content":"","ast-featured-img":"","footer-sml-layout":"","theme-transparent-header-meta":"","adv-header-id-meta":"","stick-header-meta":"","header-above-stick-meta":"","header-main-stick-meta":"","header-below-stick-meta":"","astra-migrate-meta-layouts":"set","ast-page-background-enabled":"default","ast-page-background-meta":{"desktop":{"background-color":"","background-image":"","background-repeat":"repeat","background-position":"center center","background-size":"auto","background-attachment":"scroll","background-type":"","background-media":"","overlay-type":"","overlay-color":"","overlay-opacity":"","overlay-gradient":""},"tablet":{"background-color":"","background-image":"","background-repeat":"repeat","background-position":"center center","background-size":"auto","background-attachment":"scroll","background-type":"","background-media":"","overlay-type":"","overlay-color":"","overlay-opacity":"","overlay-gradient":""},"mobile":{"background-color":"","background-image":"","background-repeat":"repeat","background-position":"center center","background-size":"auto","background-attachment":"scroll","background-type":"","background-media":"","overlay-type":"","overlay-color":"","overlay-opacity":"","overlay-gradient":""}},"ast-content-background-meta":{"desktop":{"background-color":"var(--ast-global-color-5)","background-image":"","background-repeat":"repeat","background-position":"center center","background-size":"auto","background-attachment":"scroll","background-type":"","background-media":"","overlay-type":"","overlay-color":"","overlay-opacity":"","overlay-gradient":""},"tablet":{"background-color":"var(--ast-global-color-5)","background-image":"","background-repeat":"repeat","background-position":"center center","background-size":"auto","background-attachment":"scroll","background-type":"","background-media":"","overlay-type":"","overlay-color":"","overlay-opacity":"","overlay-gradient":""},"mobile":{"background-color":"var(--ast-global-color-5)","background-image":"","background-repeat":"repeat","background-position":"center center","background-size":"auto","background-attachment":"scroll","background-type":"","background-media":"","overlay-type":"","overlay-color":"","overlay-opacity":"","overlay-gradient":""}},"_EventAllDay":false,"_EventTimezone":"","_EventStartDate":"","_EventEndDate":"","_EventStartDateUTC":"","_EventEndDateUTC":"","_EventShowMap":false,"_EventShowMapLink":false,"_EventURL":"","_EventCost":"","_EventCostDescription":"","_EventCurrencySymbol":"","_EventCurrencyCode":"","_EventCurrencyPosition":"","_EventDateTimeSeparator":"","_EventTimeRangeSeparator":"","_EventOrganizerID":[],"_EventVenueID":0,"_OrganizerEmail":"","_OrganizerPhone":"","_OrganizerWebsite":"","_VenueAddress":"","_VenueCity":"","_VenueCountry":"","_VenueProvince":"","_VenueZip":"","_VenuePhone":"","_VenueURL":"","_VenueStateProvince":"","_VenueLat":"","_VenueLng":"","footnotes":""},"categories":[33],"tags":[],"class_list":["post-12915","post","type-post","status-publish","format-standard","has-post-thumbnail","hentry","category-sin-categorizar"],"featured_image_src":"https:\/\/turismocoria.es\/turismo\/wp-content\/uploads\/2025\/01\/Coria-CGE2025_1.-FG-Cabrito-600x400.jpg","featured_image_src_square":"https:\/\/turismocoria.es\/turismo\/wp-content\/uploads\/2025\/01\/Coria-CGE2025_1.-FG-Cabrito-600x600.jpg","author_info":{"display_name":"turismo","author_link":"https:\/\/turismocoria.es\/turismo\/author\/turismo\/"},"uagb_featured_image_src":{"full":["https:\/\/turismocoria.es\/turismo\/wp-content\/uploads\/2025\/01\/Coria-CGE2025_1.-FG-Cabrito.jpg",1565,756,false],"thumbnail":["https:\/\/turismocoria.es\/turismo\/wp-content\/uploads\/2025\/01\/Coria-CGE2025_1.-FG-Cabrito-150x150.jpg",150,150,true],"medium":["https:\/\/turismocoria.es\/turismo\/wp-content\/uploads\/2025\/01\/Coria-CGE2025_1.-FG-Cabrito-300x145.jpg",300,145,true],"medium_large":["https:\/\/turismocoria.es\/turismo\/wp-content\/uploads\/2025\/01\/Coria-CGE2025_1.-FG-Cabrito-768x371.jpg",768,371,true],"large":["https:\/\/turismocoria.es\/turismo\/wp-content\/uploads\/2025\/01\/Coria-CGE2025_1.-FG-Cabrito-1024x495.jpg",1024,495,true],"gs-tiny":["https:\/\/turismocoria.es\/turismo\/wp-content\/uploads\/2025\/01\/Coria-CGE2025_1.-FG-Cabrito-50x24.jpg",50,24,true],"xl":["https:\/\/turismocoria.es\/turismo\/wp-content\/uploads\/2025\/01\/Coria-CGE2025_1.-FG-Cabrito.jpg",1565,756,false],"xxl":["https:\/\/turismocoria.es\/turismo\/wp-content\/uploads\/2025\/01\/Coria-CGE2025_1.-FG-Cabrito.jpg",1565,756,false],"xxxl":["https:\/\/turismocoria.es\/turismo\/wp-content\/uploads\/2025\/01\/Coria-CGE2025_1.-FG-Cabrito.jpg",1565,756,false],"xxxxl":["https:\/\/turismocoria.es\/turismo\/wp-content\/uploads\/2025\/01\/Coria-CGE2025_1.-FG-Cabrito.jpg",1565,756,false],"xxxxxl":["https:\/\/turismocoria.es\/turismo\/wp-content\/uploads\/2025\/01\/Coria-CGE2025_1.-FG-Cabrito.jpg",1565,756,false],"1536x1536":["https:\/\/turismocoria.es\/turismo\/wp-content\/uploads\/2025\/01\/Coria-CGE2025_1.-FG-Cabrito-1536x742.jpg",1536,742,true],"2048x2048":["https:\/\/turismocoria.es\/turismo\/wp-content\/uploads\/2025\/01\/Coria-CGE2025_1.-FG-Cabrito.jpg",1565,756,false],"ultp_layout_landscape_large":["https:\/\/turismocoria.es\/turismo\/wp-content\/uploads\/2025\/01\/Coria-CGE2025_1.-FG-Cabrito-1200x756.jpg",1200,756,true],"ultp_layout_landscape":["https:\/\/turismocoria.es\/turismo\/wp-content\/uploads\/2025\/01\/Coria-CGE2025_1.-FG-Cabrito-870x570.jpg",870,570,true],"ultp_layout_portrait":["https:\/\/turismocoria.es\/turismo\/wp-content\/uploads\/2025\/01\/Coria-CGE2025_1.-FG-Cabrito-600x756.jpg",600,756,true],"ultp_layout_square":["https:\/\/turismocoria.es\/turismo\/wp-content\/uploads\/2025\/01\/Coria-CGE2025_1.-FG-Cabrito-600x600.jpg",600,600,true],"gb-block-post-grid-landscape":["https:\/\/turismocoria.es\/turismo\/wp-content\/uploads\/2025\/01\/Coria-CGE2025_1.-FG-Cabrito-600x400.jpg",600,400,true],"gb-block-post-grid-square":["https:\/\/turismocoria.es\/turismo\/wp-content\/uploads\/2025\/01\/Coria-CGE2025_1.-FG-Cabrito-600x600.jpg",600,600,true]},"uagb_author_info":{"display_name":"turismo","author_link":"https:\/\/turismocoria.es\/turismo\/author\/turismo\/"},"uagb_comment_info":0,"uagb_excerpt":"Coria inicia el a\u00f1o gastron\u00f3mico acogiendo por primera vez, del 18 al 26 de enero, este evento culinario incluido dentro del marco de Coria Ciudad Gastron\u00f3mica Extreme\u00f1a 2025, que llevar\u00e1 a visitantes y vecinos a disfrutar de un esta magn\u00edfica oferta de turismo cultural contribuyendo, con ello, a la preservaci\u00f3n y puesta en valor de&hellip;","_links":{"self":[{"href":"https:\/\/turismocoria.es\/turismo\/wp-json\/wp\/v2\/posts\/12915"}],"collection":[{"href":"https:\/\/turismocoria.es\/turismo\/wp-json\/wp\/v2\/posts"}],"about":[{"href":"https:\/\/turismocoria.es\/turismo\/wp-json\/wp\/v2\/types\/post"}],"author":[{"embeddable":true,"href":"https:\/\/turismocoria.es\/turismo\/wp-json\/wp\/v2\/users\/2"}],"replies":[{"embeddable":true,"href":"https:\/\/turismocoria.es\/turismo\/wp-json\/wp\/v2\/comments?post=12915"}],"version-history":[{"count":2,"href":"https:\/\/turismocoria.es\/turismo\/wp-json\/wp\/v2\/posts\/12915\/revisions"}],"predecessor-version":[{"id":12918,"href":"https:\/\/turismocoria.es\/turismo\/wp-json\/wp\/v2\/posts\/12915\/revisions\/12918"}],"wp:featuredmedia":[{"embeddable":true,"href":"https:\/\/turismocoria.es\/turismo\/wp-json\/wp\/v2\/media\/12916"}],"wp:attachment":[{"href":"https:\/\/turismocoria.es\/turismo\/wp-json\/wp\/v2\/media?parent=12915"}],"wp:term":[{"taxonomy":"category","embeddable":true,"href":"https:\/\/turismocoria.es\/turismo\/wp-json\/wp\/v2\/categories?post=12915"},{"taxonomy":"post_tag","embeddable":true,"href":"https:\/\/turismocoria.es\/turismo\/wp-json\/wp\/v2\/tags?post=12915"}],"curies":[{"name":"wp","href":"https:\/\/api.w.org\/{rel}","templated":true}]}}