{"id":12610,"date":"2024-09-19T10:46:55","date_gmt":"2024-09-19T08:46:55","guid":{"rendered":"https:\/\/turismocoria.es\/turismo\/?p=12610"},"modified":"2024-09-27T08:25:23","modified_gmt":"2024-09-27T06:25:23","slug":"celebra-el-dia-mundial-del-turismo-en-la-ciudad-de-coria-2","status":"publish","type":"post","link":"https:\/\/turismocoria.es\/turismo\/celebra-el-dia-mundial-del-turismo-en-la-ciudad-de-coria-2\/","title":{"rendered":"Celebra el D\u00eda Mundial del Turismo en la Ciudad de Coria"},"content":{"rendered":"\n<p><strong>Si tienes previsto hacer un viaje coincidiendo con el D\u00eda Mundial del Turismo, puedes entonces disfrutar de un evocador fin de semana en la hist\u00f3rica y monumental Ciudad de Coria.&nbsp; Un milenario enclave tur\u00edstico de obligada visita que le descubrir\u00e1 muchos de los atractivos tesoros que celosamente se conservan en esta cultural, paisaj\u00edstica, urbana y rural localidad extreme\u00f1a.<\/strong><\/p>\n\n\n\n<p>Bajo el lema <strong><em>\u201cTurismo y Paz<\/em>\u201d<\/strong>, la OMT ha identificado el papel del turismo en la promoci\u00f3n de la paz y el entendimiento internacional, as\u00ed como en el papel de la paz como elemento vital del desarrollo del turismo sostenible. &nbsp;Una llamada a la acci\u00f3n para que la comunidad internacional, lo gobiernos, las instituciones y las empresas del sector privado se unan y tiendan puentes en torno a esta nueva estrategia de cooperaci\u00f3n, respeto y tolerancia, pues el turismo es mucho m\u00e1s que un motor econ\u00f3mico, es un potent\u00edsimo instrumento para favorecer el entendimiento entre naciones, el intercambio cultural y la paz en el mundo.<\/p>\n\n\n\n<p>Una celebraci\u00f3n del <strong>D\u00eda Mundial del Turismo<\/strong>, que se celebrar\u00e1 este <strong>mi\u00e9rcoles<\/strong>, <strong>27 de septiembre<\/strong>, y que este a\u00f1o llega en un momento de tensiones y conflictos b\u00e9licos a escala internacional que est\u00e1n destruyendo sociedades, patrimonio, cultura y tradiciones, incrementando las desigualdades, las injusticias y la violencia en el mundo, siendo el papel desempe\u00f1ado por el turismo en nuestras sociedades y en nuestras vidas la convivencia en armon\u00eda con otros individuos, y del que le proponemos, dentro de esta simb\u00f3lica efem\u00e9ride, una de las escapadas m\u00e1s interesantes, sin duda, a una de las poblaciones con mayor encanto de toda Extremadura como es la milenaria <strong><u>Ciudad<\/u><\/strong><strong><u> de Coria<\/u><\/strong>, donde un relajado paseo por las calles y plazas de su longevo y coqueto <strong><u>Casco Hist\u00f3rico Amurallado<\/u><\/strong> le trasladar\u00e1 a otras \u00e9pocas de la historia en el que ha sido considerado como el <strong>noveno rinc\u00f3n m\u00e1s antiguo de toda Espa\u00f1a<\/strong>.<\/p>\n\n\n\n<p>Vestigios, todos ellos, cuyas sucesivas etapas cronol\u00f3gicas de la longeva historia cauriense han quedado en parte atestiguadas por el magn\u00edfico <a href=\"https:\/\/turismocoria.es\/turismo\/lugares-que-no-te-puedes-perder\/casco-historico\/\" data-type=\"page\" data-id=\"732\"><strong><u>Conjunto Monumental<\/u><\/strong> <\/a>que conserva la ciudad.&nbsp; Desde las volum\u00e9tricas <strong><u><a href=\"https:\/\/turismocoria.es\/turismo\/lugares-que-no-te-puedes-perder\/murallas-romanas\/\" data-type=\"page\" data-id=\"497\">Murallas Romanas<\/a><\/u><\/strong> (S. I) que lo circundan como una de las fortalezas de origen romano mejor conservadas en su conjunto de entre todas las halladas en el resto de Europa; pasando por los soberbios y se\u00f1oriales <strong><u><a href=\"https:\/\/turismocoria.es\/turismo\/lugares-que-no-te-puedes-perder\/castillo-de-los-duques-de-alba\/\" data-type=\"page\" data-id=\"226\">Castillo<\/a><\/u><\/strong> (S. XV) y <strong><u><a href=\"https:\/\/turismocoria.es\/turismo\/otros-rincones-por-descubrir\/palacio-de-los-duques-de-alba\/\" data-type=\"page\" data-id=\"509\">Palacio de los Duques de Alba<\/a><\/u><\/strong> (S. XV-XVI) como s\u00edmbolos del rancio poder nobiliario; hasta la magna <strong><u><a href=\"https:\/\/turismocoria.es\/turismo\/lugares-que-no-te-puedes-perder\/catedral\/\" data-type=\"page\" data-id=\"488\">Catedral de Santa Mar\u00eda de la Asunci\u00f3n<\/a><\/u><\/strong> (S. XV-XVIII) joya del g\u00f3tico-plateresco extreme\u00f1o en la que se custodia esa misteriosa reliquia universal del <strong><u><a href=\"https:\/\/turismocoria.es\/turismo\/el-sagrado-mantel-de-la-ultima-cena\/\" data-type=\"page\" data-id=\"1176\">Sagrado Mantel de la \u00daltima Cena<\/a><\/u><\/strong>; adem\u00e1s del <strong><u><a href=\"https:\/\/turismocoria.es\/turismo\/otros-rincones-por-descubrir\/palacio-episcopal\/\" data-type=\"page\" data-id=\"511\">Palacio Episcopal<\/a><\/u> <\/strong>(S. XVII), la <strong><u><a href=\"https:\/\/turismocoria.es\/turismo\/otros-rincones-por-descubrir\/iglesia-santiago-apostol\/\" data-type=\"page\" data-id=\"514\">Iglesia de Santiago Ap\u00f3stol<\/a><\/u> <\/strong>(S. XVI-XVIII), el <strong><u><a href=\"https:\/\/turismocoria.es\/turismo\/lugares-que-no-te-puedes-perder\/convento-de-la-madre-de-dios\/\" data-type=\"page\" data-id=\"499\">Convento de la Madre de Dios<\/a><\/u> <\/strong>(S. XVI-XVII), el <strong><u><a href=\"https:\/\/turismocoria.es\/turismo\/otros-rincones-por-descubrir\/hospital-san-nicolas-de-bari\/\" data-type=\"page\" data-id=\"521\">Hospital de San Nicol\u00e1s de Bari<\/a><\/u> <\/strong>(S. XVI-XIX), el <strong><u><a href=\"https:\/\/turismocoria.es\/turismo\/otros-rincones-por-descubrir\/colegio-seminario-conciliar\/\" data-type=\"page\" data-id=\"744\">Colegio-Seminario Mayor Conciliar<\/a><\/u><\/strong> (S. XVII-XIX), las <strong><a href=\"https:\/\/turismocoria.es\/turismo\/otros-rincones-por-descubrir\/carcel-real\/\" data-type=\"page\" data-id=\"2958\"><u>C\u00e1rceles Real<\/u> <\/a><\/strong>(S. XVII), convertida en Museo de Historia, Arqueolog\u00eda y Etnograf\u00eda, y <strong><u><a href=\"https:\/\/turismocoria.es\/turismo\/otros-rincones-por-descubrir\/carcel-eclesiastica\/\" data-type=\"page\" data-id=\"517\">Eclesi\u00e1stica<\/a><\/u> <\/strong>(S. XVIII), el <strong><u><a href=\"https:\/\/turismocoria.es\/turismo\/lugares-que-no-te-puedes-perder\/santuario-de-la-virgen-de-argeme\/\" data-type=\"page\" data-id=\"505\">Santuario de Nuestra Se\u00f1ora Virgen de Argeme<\/a><\/u><\/strong> (S. XVII-XVIII) a extramuros; o los <strong><u><a href=\"https:\/\/turismocoria.es\/turismo\/otros-rincones-por-descubrir\/puente-de-piedra\/\" data-type=\"page\" data-id=\"529\">Puentes de Piedra<\/a><\/u> <\/strong>(S. XVI) y <strong><u><a href=\"https:\/\/turismocoria.es\/turismo\/otros-rincones-por-descubrir\/puente-de-hierro\/\" data-type=\"page\" data-id=\"531\">de Hierro<\/a><\/u> <\/strong>(S. XX), entre otros interesantes rincones por descubrir.<\/p>\n\n\n\n<figure class=\"wp-block-embed is-type-video is-provider-youtube wp-block-embed-youtube wp-embed-aspect-16-9 wp-has-aspect-ratio\"><div class=\"wp-block-embed__wrapper\">\n<div class=\"ast-oembed-container \" style=\"height: 100%;\"><iframe loading=\"lazy\" title=\"Coria \u201cConjunto Monumental\u201d, destino tur\u00edstico del noroeste de Extremadura\" width=\"500\" height=\"281\" data-src=\"https:\/\/www.youtube.com\/embed\/M6VniblQWMo?feature=oembed\" frameborder=\"0\" allow=\"accelerometer; autoplay; clipboard-write; encrypted-media; gyroscope; picture-in-picture; web-share\" referrerpolicy=\"strict-origin-when-cross-origin\" allowfullscreen src=\"data:image\/gif;base64,R0lGODlhAQABAAAAACH5BAEKAAEALAAAAAABAAEAAAICTAEAOw==\" class=\"lazyload\" data-load-mode=\"1\"><\/iframe><\/div>\n<\/div><\/figure>\n\n\n\n<p><\/p>\n\n\n\n<p>Valores patrimoniales que est\u00e1n presentes, con gran autenticidad, en nuestra admirada y legendaria ciudad antigua, otrora sede del marquesado de Alba y curia a\u00fan de uno de los Obispados m\u00e1s primitivos de este pa\u00eds, que podr\u00e1n ser descubiertos a trav\u00e9s de su participaci\u00f3n activa hasta el punto de llevarse un bonito recuerdo para ser compartido con su familia o grupo de amigos, bien a trav\u00e9s de la <strong>jornada de puertas abiertas<\/strong> a los <strong>monumentos visitables<\/strong> <strong>concertados<\/strong> repartidos por el <strong>Casco Antiguo de Coria<\/strong> coincidiendo con este simb\u00f3lico d\u00eda de celebraci\u00f3n, caso de la <strong>Exposici\u00f3n Muse\u00edstica de la C\u00e1rcel Real<\/strong> (10:00h a 14:00h y 16:30h a 18:30h), del <strong>Claustro del Convento de la Madre de Dios<\/strong> (09:30h a 12:30h y 16:30h a 18:30h) o de la <strong>Catedral<\/strong> (Dto. entradas 20% m\u00e1s visita guiada Catedral+Torre 6\u20ac, 17:00h previa reserva), en los que se recoge el <strong>legado cultural y espiritual<\/strong> que se exhibe en las colecciones conservadas en los <strong><u><a href=\"https:\/\/turismocoria.es\/turismo\/lugares-que-no-te-puedes-perder\/museo-catedralicio\/\" data-type=\"page\" data-id=\"501\">museos Catedralicio<\/a><\/u><\/strong> y <strong><u><a href=\"https:\/\/turismocoria.es\/turismo\/lugares-que-no-te-puedes-perder\/museo-de-la-carcel-real\/\" data-type=\"page\" data-id=\"503\">de la C\u00e1rcel Real<\/a><\/u> <\/strong>de la tambi\u00e9n ciudad episcopal que fue, en su tiempo, el punto final de una de las peregrinaciones m\u00e1s importantes y conocidas de toda la pen\u00ednsula Ib\u00e9rica.<\/p>\n\n\n\n<p>Devoci\u00f3n, cultura y turismo en torno a las <strong>Santas Reliquias<\/strong> conservadas en la seo cauriense, convertidas en verdaderos tesoros sacros para el gozo y fervor de los fieles. &nbsp;Un rico legado de piezas y alhajas entre las que destacan una <strong><u>Santa Espina<\/u><\/strong> de la Corona, junto a un <strong><em><u>Lignum Crucis<\/u><\/em><\/strong> o fragmento de la Cruz de Jesucristo, adem\u00e1s del citado y excepcional <strong><u><a href=\"https:\/\/turismocoria.es\/turismo\/el-sagrado-mantel-de-la-ultima-cena\/\" data-type=\"page\" data-id=\"1176\">Sagrado Mantel de la \u00daltima Cena<\/a><\/u><\/strong>, como reliquia universal de la cristiandad.<\/p>\n\n\n\n<figure class=\"wp-block-embed is-type-video is-provider-youtube wp-block-embed-youtube wp-embed-aspect-16-9 wp-has-aspect-ratio\"><div class=\"wp-block-embed__wrapper\">\n<div class=\"ast-oembed-container \" style=\"height: 100%;\"><iframe loading=\"lazy\" title=\"El Sagrado Mantel de Coria: Cultura, Devoci\u00f3n y Turismo - Reliquia Universal de la Cristiandad\" width=\"500\" height=\"281\" data-src=\"https:\/\/www.youtube.com\/embed\/qBfoZ48Qe9Q?feature=oembed\" frameborder=\"0\" allow=\"accelerometer; autoplay; clipboard-write; encrypted-media; gyroscope; picture-in-picture; web-share\" referrerpolicy=\"strict-origin-when-cross-origin\" allowfullscreen src=\"data:image\/gif;base64,R0lGODlhAQABAAAAACH5BAEKAAEALAAAAAABAAEAAAICTAEAOw==\" class=\"lazyload\" data-load-mode=\"1\"><\/iframe><\/div>\n<\/div><\/figure>\n\n\n\n<p><\/p>\n\n\n\n<p>Y, junto las milenarias huellas de la historia y el rico legado cultural atesorado del pasado cauriense, le proponemos tambi\u00e9n el que usted pueda conocer, poner en valor y difundir nuestro laureado patrimonio a trav\u00e9s de la <strong>Visita Guiada Teatralizada por el Casco Hist\u00f3rico de Coria \u201cEl Bulul\u00fa de Don Cosme\u201d,<\/strong> a partir de las <strong>19:30 horas<\/strong>, con <strong>salida desde la Plaza de la Cava<\/strong>, en la que, por medio de este pintoresco personaje, usted podr\u00e1 vislumbrar los principales s\u00edmbolos de ese m\u00e1gico escenario que componen la centenaria Ciudad de Coria.<\/p>\n\n\n\n<figure class=\"wp-block-image aligncenter size-large\"><img loading=\"lazy\" decoding=\"async\" width=\"576\" height=\"1024\" data-src=\"https:\/\/turismocoria.es\/turismo\/wp-content\/uploads\/2024\/09\/Cartel-Visita-Guiada-Teatralizada-El-Bululu-Don-Cosme-576x1024.webp\" alt=\"\" class=\"wp-image-12687 lazyload\" data-srcset=\"https:\/\/turismocoria.es\/turismo\/wp-content\/uploads\/2024\/09\/Cartel-Visita-Guiada-Teatralizada-El-Bululu-Don-Cosme-576x1024.webp 576w, https:\/\/turismocoria.es\/turismo\/wp-content\/uploads\/2024\/09\/Cartel-Visita-Guiada-Teatralizada-El-Bululu-Don-Cosme-169x300.webp 169w, https:\/\/turismocoria.es\/turismo\/wp-content\/uploads\/2024\/09\/Cartel-Visita-Guiada-Teatralizada-El-Bululu-Don-Cosme-768x1365.webp 768w, https:\/\/turismocoria.es\/turismo\/wp-content\/uploads\/2024\/09\/Cartel-Visita-Guiada-Teatralizada-El-Bululu-Don-Cosme-50x89.webp 50w, https:\/\/turismocoria.es\/turismo\/wp-content\/uploads\/2024\/09\/Cartel-Visita-Guiada-Teatralizada-El-Bululu-Don-Cosme-864x1536.webp 864w, https:\/\/turismocoria.es\/turismo\/wp-content\/uploads\/2024\/09\/Cartel-Visita-Guiada-Teatralizada-El-Bululu-Don-Cosme.webp 900w\" data-sizes=\"(max-width: 576px) 100vw, 576px\" src=\"data:image\/gif;base64,R0lGODlhAQABAAAAACH5BAEKAAEALAAAAAABAAEAAAICTAEAOw==\" style=\"--smush-placeholder-width: 576px; --smush-placeholder-aspect-ratio: 576\/1024;\" \/><noscript><img loading=\"lazy\" decoding=\"async\" width=\"576\" height=\"1024\" src=\"https:\/\/turismocoria.es\/turismo\/wp-content\/uploads\/2024\/09\/Cartel-Visita-Guiada-Teatralizada-El-Bululu-Don-Cosme-576x1024.webp\" alt=\"\" class=\"wp-image-12687\" srcset=\"https:\/\/turismocoria.es\/turismo\/wp-content\/uploads\/2024\/09\/Cartel-Visita-Guiada-Teatralizada-El-Bululu-Don-Cosme-576x1024.webp 576w, https:\/\/turismocoria.es\/turismo\/wp-content\/uploads\/2024\/09\/Cartel-Visita-Guiada-Teatralizada-El-Bululu-Don-Cosme-169x300.webp 169w, https:\/\/turismocoria.es\/turismo\/wp-content\/uploads\/2024\/09\/Cartel-Visita-Guiada-Teatralizada-El-Bululu-Don-Cosme-768x1365.webp 768w, https:\/\/turismocoria.es\/turismo\/wp-content\/uploads\/2024\/09\/Cartel-Visita-Guiada-Teatralizada-El-Bululu-Don-Cosme-50x89.webp 50w, https:\/\/turismocoria.es\/turismo\/wp-content\/uploads\/2024\/09\/Cartel-Visita-Guiada-Teatralizada-El-Bululu-Don-Cosme-864x1536.webp 864w, https:\/\/turismocoria.es\/turismo\/wp-content\/uploads\/2024\/09\/Cartel-Visita-Guiada-Teatralizada-El-Bululu-Don-Cosme.webp 900w\" sizes=\"(max-width: 576px) 100vw, 576px\" \/><\/noscript><\/figure>\n\n\n\n<p>Finalmente, para aquellos amantes de la historia, la cultura y el arte, podr\u00e1n conocer m\u00e1s a sobre uno de los emblem\u00e1ticos monumentos medievales de esta localidad a trav\u00e9s de la <strong>Conferencia \u201cEl Castillo de Berlanga de Duero VS El Castillo de Coria\u201d<\/strong>, que tendr\u00e1 lugar en la <strong>Casa de Cultura<\/strong>, a partir de las <strong>20:30 horas<\/strong>, adem\u00e1s de poder descubrir, por los apasionados del buen yantar, el verdadero <strong>arco-iris gastron\u00f3mico<\/strong> que ofrece esta localidad gracias a la variada carta ofrecida en los restaurantes y otros establecimientos de comida r\u00e1pida en los que podr\u00e1n degustar la fecunda <strong>cocina popular y de autor cauriense<\/strong> a trav\u00e9s de la recreaci\u00f3n y el repertorio de estupendos platos y tapas que configuran el santo y se\u00f1a de la buena cocina de los fogones extreme\u00f1os; as\u00ed como descubrir la diversificada <strong>oferta comercial<\/strong> que, a buen seguro, cubrir\u00e1n todas las necesidades y los gustos de aquellos viajeros que nos visiten sin hacerlo al trote de la moda actual imperante, por lo que bien har\u00e1n en detenerse, sin urgencias de tiempo, para deleitarse en plenitud de nuestras amables gentes y del valioso legado Patrimonial Cultural y Natural heredado desde siglos pret\u00e9ritos, perfectamente adaptado a la situaci\u00f3n actual que vivimos de forma segura, apacible y sostenible.<\/p>\n\n\n\n<figure class=\"wp-block-embed is-type-video is-provider-youtube wp-block-embed-youtube wp-embed-aspect-16-9 wp-has-aspect-ratio\"><div class=\"wp-block-embed__wrapper\">\n<div class=\"ast-oembed-container \" style=\"height: 100%;\"><iframe loading=\"lazy\" title=\"Coria, una ciudad para sentirla!\" width=\"500\" height=\"281\" data-src=\"https:\/\/www.youtube.com\/embed\/_LlVD2Y1AmI?feature=oembed\" frameborder=\"0\" allow=\"accelerometer; autoplay; clipboard-write; encrypted-media; gyroscope; picture-in-picture; web-share\" referrerpolicy=\"strict-origin-when-cross-origin\" allowfullscreen src=\"data:image\/gif;base64,R0lGODlhAQABAAAAACH5BAEKAAEALAAAAAABAAEAAAICTAEAOw==\" class=\"lazyload\" data-load-mode=\"1\"><\/iframe><\/div>\n<\/div><\/figure>\n\n\n\n<p><\/p>\n\n\n\n<p><strong>M\u00e1s Informaci\u00f3n en:<br>Oficina Municipal de Turismo<br><\/strong>Plaza de San Pedro, 1<br>Tlfno.: 927 50 80 00 Ext. 290<br>Email: <strong><a href=\"mailto:oficinaturismo@coria.org\">oficinaturismo@coria.org<\/a><\/strong><\/p>\n","protected":false},"excerpt":{"rendered":"<p>Si tienes previsto hacer un viaje coincidiendo con el D\u00eda Mundial del Turismo, puedes entonces disfrutar de un evocador fin de semana en la hist\u00f3rica y monumental Ciudad de Coria.&nbsp; Un milenario enclave tur\u00edstico de obligada visita que le descubrir\u00e1 muchos de los atractivos tesoros que celosamente se conservan en esta cultural, paisaj\u00edstica, urbana y [&hellip;]<\/p>\n","protected":false},"author":2,"featured_media":12673,"comment_status":"closed","ping_status":"closed","sticky":false,"template":"","format":"standard","meta":{"_uag_custom_page_level_css":"","site-sidebar-layout":"default","site-content-layout":"","ast-site-content-layout":"default","site-content-style":"default","site-sidebar-style":"default","ast-global-header-display":"","ast-banner-title-visibility":"","ast-main-header-display":"","ast-hfb-above-header-display":"","ast-hfb-below-header-display":"","ast-hfb-mobile-header-display":"","site-post-title":"","ast-breadcrumbs-content":"","ast-featured-img":"","footer-sml-layout":"","theme-transparent-header-meta":"","adv-header-id-meta":"","stick-header-meta":"","header-above-stick-meta":"","header-main-stick-meta":"","header-below-stick-meta":"","astra-migrate-meta-layouts":"set","ast-page-background-enabled":"default","ast-page-background-meta":{"desktop":{"background-color":"","background-image":"","background-repeat":"repeat","background-position":"center center","background-size":"auto","background-attachment":"scroll","background-type":"","background-media":"","overlay-type":"","overlay-color":"","overlay-opacity":"","overlay-gradient":""},"tablet":{"background-color":"","background-image":"","background-repeat":"repeat","background-position":"center center","background-size":"auto","background-attachment":"scroll","background-type":"","background-media":"","overlay-type":"","overlay-color":"","overlay-opacity":"","overlay-gradient":""},"mobile":{"background-color":"","background-image":"","background-repeat":"repeat","background-position":"center center","background-size":"auto","background-attachment":"scroll","background-type":"","background-media":"","overlay-type":"","overlay-color":"","overlay-opacity":"","overlay-gradient":""}},"ast-content-background-meta":{"desktop":{"background-color":"var(--ast-global-color-5)","background-image":"","background-repeat":"repeat","background-position":"center center","background-size":"auto","background-attachment":"scroll","background-type":"","background-media":"","overlay-type":"","overlay-color":"","overlay-opacity":"","overlay-gradient":""},"tablet":{"background-color":"var(--ast-global-color-5)","background-image":"","background-repeat":"repeat","background-position":"center center","background-size":"auto","background-attachment":"scroll","background-type":"","background-media":"","overlay-type":"","overlay-color":"","overlay-opacity":"","overlay-gradient":""},"mobile":{"background-color":"var(--ast-global-color-5)","background-image":"","background-repeat":"repeat","background-position":"center center","background-size":"auto","background-attachment":"scroll","background-type":"","background-media":"","overlay-type":"","overlay-color":"","overlay-opacity":"","overlay-gradient":""}},"_EventAllDay":false,"_EventTimezone":"","_EventStartDate":"","_EventEndDate":"","_EventStartDateUTC":"","_EventEndDateUTC":"","_EventShowMap":false,"_EventShowMapLink":false,"_EventURL":"","_EventCost":"","_EventCostDescription":"","_EventCurrencySymbol":"","_EventCurrencyCode":"","_EventCurrencyPosition":"","_EventDateTimeSeparator":"","_EventTimeRangeSeparator":"","_EventOrganizerID":[],"_EventVenueID":0,"_OrganizerEmail":"","_OrganizerPhone":"","_OrganizerWebsite":"","_VenueAddress":"","_VenueCity":"","_VenueCountry":"","_VenueProvince":"","_VenueZip":"","_VenuePhone":"","_VenueURL":"","_VenueStateProvince":"","_VenueLat":"","_VenueLng":"","footnotes":""},"categories":[33],"tags":[],"class_list":["post-12610","post","type-post","status-publish","format-standard","has-post-thumbnail","hentry","category-sin-categorizar"],"featured_image_src":"https:\/\/turismocoria.es\/turismo\/wp-content\/uploads\/2024\/09\/Dia-Mundial-Turismo-Coria-2024-600x400.webp","featured_image_src_square":"https:\/\/turismocoria.es\/turismo\/wp-content\/uploads\/2024\/09\/Dia-Mundial-Turismo-Coria-2024-600x600.webp","author_info":{"display_name":"turismo","author_link":"https:\/\/turismocoria.es\/turismo\/author\/turismo\/"},"uagb_featured_image_src":{"full":["https:\/\/turismocoria.es\/turismo\/wp-content\/uploads\/2024\/09\/Dia-Mundial-Turismo-Coria-2024.webp",1245,636,false],"thumbnail":["https:\/\/turismocoria.es\/turismo\/wp-content\/uploads\/2024\/09\/Dia-Mundial-Turismo-Coria-2024-150x150.webp",150,150,true],"medium":["https:\/\/turismocoria.es\/turismo\/wp-content\/uploads\/2024\/09\/Dia-Mundial-Turismo-Coria-2024-300x153.webp",300,153,true],"medium_large":["https:\/\/turismocoria.es\/turismo\/wp-content\/uploads\/2024\/09\/Dia-Mundial-Turismo-Coria-2024-768x392.webp",768,392,true],"large":["https:\/\/turismocoria.es\/turismo\/wp-content\/uploads\/2024\/09\/Dia-Mundial-Turismo-Coria-2024-1024x523.webp",1024,523,true],"gs-tiny":["https:\/\/turismocoria.es\/turismo\/wp-content\/uploads\/2024\/09\/Dia-Mundial-Turismo-Coria-2024-50x26.webp",50,26,true],"xl":["https:\/\/turismocoria.es\/turismo\/wp-content\/uploads\/2024\/09\/Dia-Mundial-Turismo-Coria-2024.webp",1245,636,false],"xxl":["https:\/\/turismocoria.es\/turismo\/wp-content\/uploads\/2024\/09\/Dia-Mundial-Turismo-Coria-2024.webp",1245,636,false],"xxxl":["https:\/\/turismocoria.es\/turismo\/wp-content\/uploads\/2024\/09\/Dia-Mundial-Turismo-Coria-2024.webp",1245,636,false],"xxxxl":["https:\/\/turismocoria.es\/turismo\/wp-content\/uploads\/2024\/09\/Dia-Mundial-Turismo-Coria-2024.webp",1245,636,false],"xxxxxl":["https:\/\/turismocoria.es\/turismo\/wp-content\/uploads\/2024\/09\/Dia-Mundial-Turismo-Coria-2024.webp",1245,636,false],"1536x1536":["https:\/\/turismocoria.es\/turismo\/wp-content\/uploads\/2024\/09\/Dia-Mundial-Turismo-Coria-2024.webp",1245,636,false],"2048x2048":["https:\/\/turismocoria.es\/turismo\/wp-content\/uploads\/2024\/09\/Dia-Mundial-Turismo-Coria-2024.webp",1245,636,false],"ultp_layout_landscape_large":["https:\/\/turismocoria.es\/turismo\/wp-content\/uploads\/2024\/09\/Dia-Mundial-Turismo-Coria-2024-1200x636.webp",1200,636,true],"ultp_layout_landscape":["https:\/\/turismocoria.es\/turismo\/wp-content\/uploads\/2024\/09\/Dia-Mundial-Turismo-Coria-2024-870x570.webp",870,570,true],"ultp_layout_portrait":["https:\/\/turismocoria.es\/turismo\/wp-content\/uploads\/2024\/09\/Dia-Mundial-Turismo-Coria-2024-600x636.webp",600,636,true],"ultp_layout_square":["https:\/\/turismocoria.es\/turismo\/wp-content\/uploads\/2024\/09\/Dia-Mundial-Turismo-Coria-2024-600x600.webp",600,600,true],"gb-block-post-grid-landscape":["https:\/\/turismocoria.es\/turismo\/wp-content\/uploads\/2024\/09\/Dia-Mundial-Turismo-Coria-2024-600x400.webp",600,400,true],"gb-block-post-grid-square":["https:\/\/turismocoria.es\/turismo\/wp-content\/uploads\/2024\/09\/Dia-Mundial-Turismo-Coria-2024-600x600.webp",600,600,true]},"uagb_author_info":{"display_name":"turismo","author_link":"https:\/\/turismocoria.es\/turismo\/author\/turismo\/"},"uagb_comment_info":0,"uagb_excerpt":"Si tienes previsto hacer un viaje coincidiendo con el D\u00eda Mundial del Turismo, puedes entonces disfrutar de un evocador fin de semana en la hist\u00f3rica y monumental Ciudad de Coria.&nbsp; Un milenario enclave tur\u00edstico de obligada visita que le descubrir\u00e1 muchos de los atractivos tesoros que celosamente se conservan en esta cultural, paisaj\u00edstica, urbana y&hellip;","_links":{"self":[{"href":"https:\/\/turismocoria.es\/turismo\/wp-json\/wp\/v2\/posts\/12610"}],"collection":[{"href":"https:\/\/turismocoria.es\/turismo\/wp-json\/wp\/v2\/posts"}],"about":[{"href":"https:\/\/turismocoria.es\/turismo\/wp-json\/wp\/v2\/types\/post"}],"author":[{"embeddable":true,"href":"https:\/\/turismocoria.es\/turismo\/wp-json\/wp\/v2\/users\/2"}],"replies":[{"embeddable":true,"href":"https:\/\/turismocoria.es\/turismo\/wp-json\/wp\/v2\/comments?post=12610"}],"version-history":[{"count":7,"href":"https:\/\/turismocoria.es\/turismo\/wp-json\/wp\/v2\/posts\/12610\/revisions"}],"predecessor-version":[{"id":12746,"href":"https:\/\/turismocoria.es\/turismo\/wp-json\/wp\/v2\/posts\/12610\/revisions\/12746"}],"wp:featuredmedia":[{"embeddable":true,"href":"https:\/\/turismocoria.es\/turismo\/wp-json\/wp\/v2\/media\/12673"}],"wp:attachment":[{"href":"https:\/\/turismocoria.es\/turismo\/wp-json\/wp\/v2\/media?parent=12610"}],"wp:term":[{"taxonomy":"category","embeddable":true,"href":"https:\/\/turismocoria.es\/turismo\/wp-json\/wp\/v2\/categories?post=12610"},{"taxonomy":"post_tag","embeddable":true,"href":"https:\/\/turismocoria.es\/turismo\/wp-json\/wp\/v2\/tags?post=12610"}],"curies":[{"name":"wp","href":"https:\/\/api.w.org\/{rel}","templated":true}]}}