{"id":12558,"date":"2024-07-29T10:25:23","date_gmt":"2024-07-29T08:25:23","guid":{"rendered":"https:\/\/turismocoria.es\/turismo\/?p=12558"},"modified":"2024-09-27T08:11:42","modified_gmt":"2024-09-27T06:11:42","slug":"tus-10-inolvidables-citas-para-el-agosto-turistico-ciudad-de-coria","status":"publish","type":"post","link":"https:\/\/turismocoria.es\/turismo\/tus-10-inolvidables-citas-para-el-agosto-turistico-ciudad-de-coria\/","title":{"rendered":"Tus 10 Inolvidables Citas para el Agosto Tur\u00edstico Ciudad de Coria"},"content":{"rendered":"\n<p><strong>Historia, patrimonio, arte, gastronom\u00eda, naturaleza y tradiciones, son algunos de los atractivos tur\u00edsticos que atesora la milenaria, se\u00f1orial y episcopal Ciudad de Coria.&nbsp; Rincones centenarios y tesoros secretos prodigiosamente guardados en una de las poblaciones m\u00e1s antiguas de Espa\u00f1a que, durante este vacacional mes estival, contar\u00e1 con diez imprescindibles citas para un verano de interior inolvidable que, a buen seguro, har\u00e1n de este enclave hist\u00f3rico tu mejor opci\u00f3n donde pasar un merecido per\u00edodo de descanso repleto de encantos, seguro y tranquilo.<\/strong><\/p>\n\n\n\n<p>Si lo que realmente busca el turista es dedicar su tiempo de ocio vacacional a conocer otras gentes y otras costumbres, a disfrutar de la familia y los amigos, a practicar un turismo alternativo basado en la historia, el arte, la naturaleza o las experiencias, sin prisas y sin aglomeraciones, debe entonces acercase hasta el <strong><a href=\"https:\/\/turismocoria.es\/turismo\/lugares-que-no-te-puedes-perder\/casco-historico\/\" data-type=\"page\" data-id=\"732\">Conjunto Monumental<\/a> <\/strong>de la <strong>Ciudad de Coria<\/strong>, sin duda, una de las mejores opciones patrimoniales culturales m\u00e1s emblem\u00e1ticas de toda Extremadura.<\/p>\n\n\n\n<figure class=\"wp-block-embed is-type-video is-provider-youtube wp-block-embed-youtube wp-embed-aspect-16-9 wp-has-aspect-ratio\"><div class=\"wp-block-embed__wrapper\">\n<div class=\"ast-oembed-container \" style=\"height: 100%;\"><iframe loading=\"lazy\" title=\"Coria \u201cConjunto Monumental\u201d, destino tur\u00edstico del noroeste de Extremadura\" width=\"500\" height=\"281\" data-src=\"https:\/\/www.youtube.com\/embed\/M6VniblQWMo?feature=oembed\" frameborder=\"0\" allow=\"accelerometer; autoplay; clipboard-write; encrypted-media; gyroscope; picture-in-picture; web-share\" referrerpolicy=\"strict-origin-when-cross-origin\" allowfullscreen src=\"data:image\/gif;base64,R0lGODlhAQABAAAAACH5BAEKAAEALAAAAAABAAEAAAICTAEAOw==\" class=\"lazyload\" data-load-mode=\"1\"><\/iframe><\/div>\n<\/div><\/figure>\n\n\n\n<p><\/p>\n\n\n\n<p>Diez ineludibles citas dentro de la variada programaci\u00f3n del <strong><a href=\"https:\/\/turismocoria.es\/turismo\/en\/enjoy-the-festivals-and-events\/agosto-turistico\/\" data-type=\"page\" data-id=\"8495\">\u201cAgosto Tur\u00edstico\u201d<\/a><\/strong> de esta longeva ciudad extreme\u00f1a que, cargada de eventos cautivadores, sumergir\u00e1n al visitante en un emotivo ambiente de experiencias y emociones con las que sentir la Ciudad de Coria con toda intensidad.<\/p>\n\n\n\n<p>Momentos especiales que, desde el apasionante <strong><a href=\"https:\/\/turismocoria.es\/turismo\/deporte-activo-de-salud-y-vida\/desciende-en-canoa-rio-alagon\/\" data-type=\"page\" data-id=\"590\">\u201cDescenso del R\u00edo Alag\u00f3n\u201d<\/a><\/strong> que surca las aguas de este caudaloso curso fluvial, pasando por el laureado <strong><a href=\"https:\/\/turismocoria.es\/turismo\/fiestas-y-eventos-para-disfrutar\/festival-internacional-de-guitarra\/\" data-type=\"page\" data-id=\"576\">\u201cFestival Internacional de Guitarra\u201d<\/a><\/strong>, hasta la seductora <strong><a href=\"https:\/\/turismocoria.es\/turismo\/fiestas-y-eventos-para-disfrutar\/agosto-turistico\/noche-de-las-velas\/\" data-type=\"page\" data-id=\"578\">\u201cNoche de las Velas\u201d<\/a><\/strong>, donde cientos de lamparitas iluminan el Casco Antiguo creando una sobrecogedora atm\u00f3sfera de luces y sombras que envuelven su mercado de artesan\u00eda en vivo que dan paso al decano mercado matinal del <strong><a href=\"https:\/\/turismocoria.es\/turismo\/fiestas-y-eventos-para-disfrutar\/agosto-turistico\/jueves-turistico\/\" data-type=\"page\" data-id=\"859\">\u201cJueves Tur\u00edstico\u201d<\/a><\/strong>, nutren de eventos este t\u00edpico mes vacacional que se ve complementado con otras interesantes actividades, caso de: observaciones astron\u00f3micas, conciertos, visitas nocturnas, teatro de calle, deportes, etc., que har\u00e1n las delicias de aquellos que se acerquen hasta la Ciudad de Coria para disfrutar de estas <strong>10 inolvidables citas<\/strong>\u2026<\/p>\n\n\n\n<figure class=\"wp-block-embed is-type-video is-provider-youtube wp-block-embed-youtube wp-embed-aspect-16-9 wp-has-aspect-ratio\"><div class=\"wp-block-embed__wrapper\">\n<div class=\"ast-oembed-container \" style=\"height: 100%;\"><iframe loading=\"lazy\" title=\"Agosto Tur\u00edstico en Coria\" width=\"500\" height=\"281\" data-src=\"https:\/\/www.youtube.com\/embed\/ER7WIOu1V0M?feature=oembed\" frameborder=\"0\" allow=\"accelerometer; autoplay; clipboard-write; encrypted-media; gyroscope; picture-in-picture; web-share\" referrerpolicy=\"strict-origin-when-cross-origin\" allowfullscreen src=\"data:image\/gif;base64,R0lGODlhAQABAAAAACH5BAEKAAEALAAAAAABAAEAAAICTAEAOw==\" class=\"lazyload\" data-load-mode=\"1\"><\/iframe><\/div>\n<\/div><\/figure>\n\n\n\n<p><\/p>\n\n\n\n<p class=\"has-text-align-center\"><strong>PROGRAMACI\u00d3N AGOSTO TUR\u00cdSTICO CIUDAD DE CORIA<\/strong><\/p>\n\n\n\n<p class=\"has-text-align-center\"><strong>Del 28 de Julio al 24 de Agosto de 2024<\/strong><\/p>\n\n\n\n<p><strong>1. <u>Deportivo y Animado \u201cDESCENSO DEL R\u00cdO ALAG\u00d3N\u201d<\/u>.<\/strong><strong><\/strong><\/p>\n\n\n\n<p>Durante la matinal del <strong>domingo<\/strong>, <strong>28 de julio<\/strong>, este sorprendente <strong>descenso en piragua o canoa<\/strong>, de <strong>18,8 km<\/strong><strong>. fluviales<\/strong>, entre el Puente de la Macarrona (en la cercana localidad de Riolobos) y el Puente de Hierro (en Coria), se ha convertido en una prueba obligada del calendario n\u00e1utico extreme\u00f1o.&nbsp; La duraci\u00f3n estimada es de unas <strong>4 horas y media<\/strong> para recorrer este bello tramo del <strong>afluente m\u00e1s largo del r\u00edo Tajo<\/strong>.&nbsp; Una cita que los amantes de la naturaleza y el deporte no pueden perderse\u2026<\/p>\n\n\n\n<p><strong><u>Inscripciones en<\/u><\/strong><strong>:<\/strong> <a href=\"https:\/\/descensorioalagon.blogspot.com\/\">https:\/\/descensorioalagon.blogspot.com<\/a><\/p>\n\n\n\n<p><strong>2. <u>Cultural y Emotivo \u201cFESTIVAL INTERNACIONAL DE GUITARRA\u201d<\/u>.<\/strong><\/p>\n\n\n\n<p><strong>Del 1 al 8 de agosto<\/strong>, la Ciudad de Coria acoge la <strong>XXVII edici\u00f3n<\/strong> de este <strong>evento musical<\/strong> que tiene como m\u00e1gico escenario la plaza de la Catedral, donde se ofrecer\u00e1n los conciertos al aire libre de <strong>\u201cIv\u00e1n Mel\u00f3n Lewis\u201d (S\u00e1bado 3)<\/strong> y del <strong>\u201cCuarteto de Guitarras de Andaluc\u00eda\u201d<\/strong> <strong>(Martes 6)<\/strong>.&nbsp; Adem\u00e1s, el interior de la propia seo cauriense acoger\u00e1 los conciertos de <strong>Carles Trepat (jueves 1)<\/strong>, <strong>Javier Riba<\/strong> <strong>(jueves 2)<\/strong>, <strong>Aniello Desiderio<\/strong> <strong>(s\u00e1bado 4)<\/strong>, <strong>D\u00fao Cavatina<\/strong> <strong>(lunes 5)<\/strong>, <strong>Kevin Loh (mi\u00e9rcoles 7)<\/strong> y la <strong>Final del Concurso Senior de Guitarra<\/strong> <strong>(jueves 8 de agosto)<\/strong>.<\/p>\n\n\n\n<p><strong><u>Venta de entradas online en<\/u><\/strong><strong>:<\/strong> <a href=\"http:\/\/www.giglon.com\/\">www.giglon.com<\/a><\/p>\n\n\n\n<p><strong>3. <u>Tentadora \u201cSHOWPPING NIGHT\u201d<\/u>.<\/strong><\/p>\n\n\n\n<p>El <strong>viernes, 9 de agosto<\/strong>, tendremos la oportunidad de descubrir y adquirir hasta la 01:00 horas de la madrugada los mejores productos rebajados del <strong>Comercio de Coria<\/strong>, a la vez que disfrutar de multitud de actividades paralelas: <strong>talleres art\u00edsticos<\/strong>, <strong>pasacalles<\/strong>, <strong>espect\u00e1culos musicales<\/strong> y sin fin de eventos para completar tan seductora <strong>noche de compras<\/strong>.<\/p>\n\n\n\n<p><strong>4. <u>De tradiciones a trav\u00e9s del \u201cFESTIVAL INTERNACIONAL DE FOLKLORE\u201d<\/u>.<\/strong><\/p>\n\n\n\n<p>El <strong>Atrio del Perd\u00f3n<\/strong> de la <strong>Catedral de Coria<\/strong> acoger\u00e1 el <strong>s\u00e1bado<\/strong>,<strong> 10 de agosto<\/strong>, a las <strong>22:00 h.<\/strong>, este costumbrista Festival Internacional de Folklore que en esta edici\u00f3n atrae a los <strong>Grupos Montaraces y Charros de Salamanca<\/strong>, <strong>El Castellar de Zafra<\/strong>, y <strong>Coros y Danzas Savia Viva de Coria<\/strong>.<\/p>\n\n\n\n<p><strong>5. <u>De Fiesta con el Espect\u00e1culo \u201cLA MEJOR \u00c9POCA ESPA\u00d1OLA\u201d<\/u>.<\/strong><\/p>\n\n\n\n<p>La <strong>Plaza del Norte<\/strong> acoger\u00e1 el <strong>domingo<\/strong>, <strong>11 de agosto<\/strong>, a partir de las <strong>22:00 h.<\/strong>, una <strong>jovial noche <\/strong>para los <strong>amantes de la m\u00fasica espa\u00f1ola<\/strong> a trav\u00e9s de un recorrido que rinde un homenaje a las figuras m\u00e1s conocidas y reconocibles de nuestros grandes compositores y cantantes nacionales.<\/p>\n\n\n\n<p><strong>6. <u>Luces y Sombras en la M\u00e1gica \u201cNOCHE DE LAS VELAS\u201d<\/u>.<\/strong><\/p>\n\n\n\n<p>Al caer el sol en el atardecer del <strong>mi\u00e9rcoles<\/strong>, <strong>14 de agosto<\/strong>, Coria se transforma.&nbsp; Las principales calles y plazas de su Casco Hist\u00f3rico adornan sus v\u00edas, balcones y rejas con cientos de candelillas, cirios y lamparillas, arropando un emocional <strong>Mercado Artesanal de las Velas<\/strong>, con productos de la tierra.&nbsp; Todo ello, amenizado con <strong>m\u00fasica ambiente en vivo<\/strong>, <strong>actividades para ni\u00f1os y mayores<\/strong>\u2026 Una forma diferente y original de conocer la historia de Coria, encantada y divertida.&nbsp; \u00a1Impresionante!.<\/p>\n\n\n\n<p><strong>7. <u>Ambientado Mercado de Artesan\u00eda del \u201cJUEVES TUR\u00cdSTICO\u201d<\/u>.<\/strong><\/p>\n\n\n\n<p>Al d\u00eda siguiente de la \u2018Noche de la Velas\u2019, el <strong>jueves<\/strong>, <strong>15 de agosto<\/strong>, la Ciudad de Coria se despierta con la <strong>XXIX edici\u00f3n<\/strong> de un atractivo <strong>Mercado de Artesan\u00eda y Comercio<\/strong> ambientado por las calles y plazas de su monumental Casco Hist\u00f3rico Amurallado.&nbsp; Evento que se complementa con otras actividades como <strong>pasacalles de acordeonistas<\/strong>,<strong> taller de pompas gigantes de colores<\/strong>, <strong>teatro de marionitas<\/strong>, <strong>teatro de calle \u201cTras las Huellas de los Albas\u201d<\/strong>, <strong>caricaturas del Peneke<\/strong> y <strong>paseos en burro<\/strong> para ni\u00f1os, <strong>espect\u00e1culo y exposici\u00f3n de cetrer\u00eda<\/strong>, <strong>desfiles de moda<\/strong>, <strong>m\u00fasica ambiente<\/strong>, <strong>conciertos de m\u00fasica electr\u00f3nica<\/strong> y <strong>mercadillo tradicional<\/strong> (Barrio de Moscoso) entre otras.<\/p>\n\n\n\n<p><strong>8. <u>Observaci\u00f3n Astron\u00f3mica del Cielo \u201cDE CORIA A LA LUNA\u201d y Ruta Nocturna \u201cLUNA ZAPATONA\u201d<\/u>.<\/strong><\/p>\n\n\n\n<p>En la cerrada noche del <strong>s\u00e1bado<\/strong>, <strong>17 de agosto<\/strong>, en la explanada de la <strong>Ermita-Santuario de la Virgen de Argeme<\/strong>, tendr\u00e1 lugar a las <strong>22:30 h.<\/strong> esta fascinante actividad con el fin de admirar <strong>\u201cLas Perseidas\u201d<\/strong> o lluvia de estrellasdesde este id\u00edlico paraje donde podr\u00e1 aprovechar para tomar una foto de una de las <strong>puestas de sol m\u00e1s bonitas de Extremadura<\/strong>.&nbsp; \u00a1Todo un lujo para los sentidos!\u2026<\/p>\n\n\n\n<p><strong><u>Inscripciones en<\/u><\/strong><strong>:<\/strong> Oficina Municipal de Turismo<\/p>\n\n\n\n<p>Mientras que, a partir de las<strong> 23:00 h.<\/strong>, arranca la <strong>X edici\u00f3n<\/strong> del evento deportivo solidario <strong>\u201cLuna Zapatota\u201d <\/strong>con partida desde el Pabell\u00f3n Municipal de Deportes, teniendo un recorrido de <strong>10 km<\/strong><strong>.<\/strong>, con una doble salida en dos modalidades: <strong>23:10 h.<\/strong> <strong>(senderistas)<\/strong> y <strong>23:45 h.<\/strong> <strong>(corredores).<\/strong><\/p>\n\n\n\n<p><strong><u>Inscripciones en<\/u><\/strong><strong>:<\/strong> <a href=\"https:\/\/lunazapatona.blogspot.com\/p\/inscripciones.html\">https:\/\/lunazapatona.blogspot.com\/p\/inscripciones.html<\/a><\/p>\n\n\n\n<p><strong>9. <u>Seductora \u201cVISITA GUIADA TEATRALIZADA EL CONVENTILLO DE DON CAMIS\u00d3N\u201d<\/u>.<\/strong><\/p>\n\n\n\n<p>El <strong>viernes, 23 de agosto<\/strong>, tendremos la oportunidad de descubrir los lugares y monumentos m\u00e1s emblem\u00e1ticos de la <strong>Ciudad Antigua<\/strong> a trav\u00e9s de una <strong>visita teatralizada nocturna<\/strong> de la mano de <strong>Don Camis\u00f3n<\/strong> que dar\u00e1 comienzo a las <strong>22:30 h<\/strong>. desde la Plaza de San Pedro.<\/p>\n\n\n\n<p><strong><u>Inscripciones en<\/u><\/strong><strong>:<\/strong> Oficina Municipal de Turismo<\/p>\n\n\n\n<p><strong>10. <u>\u00danica e irrepetible \u201cISLA PARTY III EDICI\u00d3N\u201d<\/u>.<\/strong><\/p>\n\n\n\n<p>El <strong>Campo Anexo del Municipal C\u00e9sar S\u00e1nchez<\/strong> acoger\u00e1 el <strong>s\u00e1bado<\/strong>,<strong> 24 de agosto<\/strong>, a las <strong>24:00 h.<\/strong>, una jovial <strong>noche de m\u00fasica y diversi\u00f3n<\/strong> a <strong>orillas del r\u00edo Alag\u00f3n<\/strong> y bajo la constelaci\u00f3n de estrellas del firmamento cauriense.<\/p>\n\n\n\n<p>En definitiva, un <strong>turismo cultural de interior<\/strong>, placentero y entretenido, cuya variada <strong>oferta cultural<\/strong>, <strong>gastron\u00f3mica<\/strong> y <strong>deportiva<\/strong> se prolongar\u00e1 en esta bella, hist\u00f3rica y milenaria localidad cauriense durante todo el <strong>per\u00edodo estival<\/strong> por medio de una m\u00e1s que interesante <strong>programaci\u00f3n tur\u00edstica<\/strong> segura, apacible y sostenible.<\/p>\n\n\n\n<p><strong>Oficina Municipal de Turismo<br><\/strong>Plaza de San Pedro, 1<br>Tlfno.: 927 50 80 00 Ext. 290<br>Email: <strong><a href=\"mailto:oficinaturismo@coria.org\">oficinaturismo@coria.org<\/a><\/strong><\/p>\n\n\n\n<div data-wp-interactive=\"core\/file\" class=\"wp-block-file\"><object data-wp-bind--hidden=\"!state.hasPdfPreview\"  class=\"wp-block-file__embed\" data=\"https:\/\/turismocoria.es\/turismo\/wp-content\/uploads\/2024\/07\/FOLLETO-AGOSTO-TURISTICO-CORIA-2024.pdf\" type=\"application\/pdf\" style=\"width:100%;height:600px\" aria-label=\"Incrustado de FOLLETO AGOSTO TUR\u00cdSTICO CORIA 2024.\"><\/object><a id=\"wp-block-file--media-03063bbb-9482-4b8d-883b-cb2cd545654f\" href=\"https:\/\/turismocoria.es\/turismo\/wp-content\/uploads\/2024\/07\/FOLLETO-AGOSTO-TURISTICO-CORIA-2024.pdf\">FOLLETO AGOSTO TUR\u00cdSTICO CORIA 2024<\/a><a href=\"https:\/\/turismocoria.es\/turismo\/wp-content\/uploads\/2024\/07\/FOLLETO-AGOSTO-TURISTICO-CORIA-2024.pdf\" class=\"wp-block-file__button wp-element-button\" download aria-describedby=\"wp-block-file--media-03063bbb-9482-4b8d-883b-cb2cd545654f\">Descarga<\/a><\/div>\n","protected":false},"excerpt":{"rendered":"<p>Historia, patrimonio, arte, gastronom\u00eda, naturaleza y tradiciones, son algunos de los atractivos tur\u00edsticos que atesora la milenaria, se\u00f1orial y episcopal Ciudad de Coria.&nbsp; Rincones centenarios y tesoros secretos prodigiosamente guardados en una de las poblaciones m\u00e1s antiguas de Espa\u00f1a que, durante este vacacional mes estival, contar\u00e1 con diez imprescindibles citas para un verano de interior [&hellip;]<\/p>\n","protected":false},"author":2,"featured_media":12674,"comment_status":"closed","ping_status":"closed","sticky":false,"template":"","format":"standard","meta":{"_uag_custom_page_level_css":"","site-sidebar-layout":"default","site-content-layout":"","ast-site-content-layout":"default","site-content-style":"default","site-sidebar-style":"default","ast-global-header-display":"","ast-banner-title-visibility":"","ast-main-header-display":"","ast-hfb-above-header-display":"","ast-hfb-below-header-display":"","ast-hfb-mobile-header-display":"","site-post-title":"","ast-breadcrumbs-content":"","ast-featured-img":"","footer-sml-layout":"","theme-transparent-header-meta":"","adv-header-id-meta":"","stick-header-meta":"","header-above-stick-meta":"","header-main-stick-meta":"","header-below-stick-meta":"","astra-migrate-meta-layouts":"set","ast-page-background-enabled":"default","ast-page-background-meta":{"desktop":{"background-color":"","background-image":"","background-repeat":"repeat","background-position":"center center","background-size":"auto","background-attachment":"scroll","background-type":"","background-media":"","overlay-type":"","overlay-color":"","overlay-opacity":"","overlay-gradient":""},"tablet":{"background-color":"","background-image":"","background-repeat":"repeat","background-position":"center center","background-size":"auto","background-attachment":"scroll","background-type":"","background-media":"","overlay-type":"","overlay-color":"","overlay-opacity":"","overlay-gradient":""},"mobile":{"background-color":"","background-image":"","background-repeat":"repeat","background-position":"center center","background-size":"auto","background-attachment":"scroll","background-type":"","background-media":"","overlay-type":"","overlay-color":"","overlay-opacity":"","overlay-gradient":""}},"ast-content-background-meta":{"desktop":{"background-color":"var(--ast-global-color-5)","background-image":"","background-repeat":"repeat","background-position":"center center","background-size":"auto","background-attachment":"scroll","background-type":"","background-media":"","overlay-type":"","overlay-color":"","overlay-opacity":"","overlay-gradient":""},"tablet":{"background-color":"var(--ast-global-color-5)","background-image":"","background-repeat":"repeat","background-position":"center center","background-size":"auto","background-attachment":"scroll","background-type":"","background-media":"","overlay-type":"","overlay-color":"","overlay-opacity":"","overlay-gradient":""},"mobile":{"background-color":"var(--ast-global-color-5)","background-image":"","background-repeat":"repeat","background-position":"center center","background-size":"auto","background-attachment":"scroll","background-type":"","background-media":"","overlay-type":"","overlay-color":"","overlay-opacity":"","overlay-gradient":""}},"_EventAllDay":false,"_EventTimezone":"","_EventStartDate":"","_EventEndDate":"","_EventStartDateUTC":"","_EventEndDateUTC":"","_EventShowMap":false,"_EventShowMapLink":false,"_EventURL":"","_EventCost":"","_EventCostDescription":"","_EventCurrencySymbol":"","_EventCurrencyCode":"","_EventCurrencyPosition":"","_EventDateTimeSeparator":"","_EventTimeRangeSeparator":"","_EventOrganizerID":[],"_EventVenueID":0,"_OrganizerEmail":"","_OrganizerPhone":"","_OrganizerWebsite":"","_VenueAddress":"","_VenueCity":"","_VenueCountry":"","_VenueProvince":"","_VenueZip":"","_VenuePhone":"","_VenueURL":"","_VenueStateProvince":"","_VenueLat":"","_VenueLng":"","footnotes":""},"categories":[33],"tags":[],"class_list":["post-12558","post","type-post","status-publish","format-standard","has-post-thumbnail","hentry","category-sin-categorizar"],"featured_image_src":"https:\/\/turismocoria.es\/turismo\/wp-content\/uploads\/2024\/07\/Coria-Agosto-Turistico-2024-1-600x400.webp","featured_image_src_square":"https:\/\/turismocoria.es\/turismo\/wp-content\/uploads\/2024\/07\/Coria-Agosto-Turistico-2024-1-600x600.webp","author_info":{"display_name":"turismo","author_link":"https:\/\/turismocoria.es\/turismo\/author\/turismo\/"},"uagb_featured_image_src":{"full":["https:\/\/turismocoria.es\/turismo\/wp-content\/uploads\/2024\/07\/Coria-Agosto-Turistico-2024-1.webp",1770,1181,false],"thumbnail":["https:\/\/turismocoria.es\/turismo\/wp-content\/uploads\/2024\/07\/Coria-Agosto-Turistico-2024-1-150x150.webp",150,150,true],"medium":["https:\/\/turismocoria.es\/turismo\/wp-content\/uploads\/2024\/07\/Coria-Agosto-Turistico-2024-1-300x200.webp",300,200,true],"medium_large":["https:\/\/turismocoria.es\/turismo\/wp-content\/uploads\/2024\/07\/Coria-Agosto-Turistico-2024-1-768x512.webp",768,512,true],"large":["https:\/\/turismocoria.es\/turismo\/wp-content\/uploads\/2024\/07\/Coria-Agosto-Turistico-2024-1-1024x683.webp",1024,683,true],"gs-tiny":["https:\/\/turismocoria.es\/turismo\/wp-content\/uploads\/2024\/07\/Coria-Agosto-Turistico-2024-1-50x33.webp",50,33,true],"xl":["https:\/\/turismocoria.es\/turismo\/wp-content\/uploads\/2024\/07\/Coria-Agosto-Turistico-2024-1-1600x1068.webp",1600,1068,true],"xxl":["https:\/\/turismocoria.es\/turismo\/wp-content\/uploads\/2024\/07\/Coria-Agosto-Turistico-2024-1.webp",1770,1181,false],"xxxl":["https:\/\/turismocoria.es\/turismo\/wp-content\/uploads\/2024\/07\/Coria-Agosto-Turistico-2024-1.webp",1770,1181,false],"xxxxl":["https:\/\/turismocoria.es\/turismo\/wp-content\/uploads\/2024\/07\/Coria-Agosto-Turistico-2024-1.webp",1770,1181,false],"xxxxxl":["https:\/\/turismocoria.es\/turismo\/wp-content\/uploads\/2024\/07\/Coria-Agosto-Turistico-2024-1.webp",1770,1181,false],"1536x1536":["https:\/\/turismocoria.es\/turismo\/wp-content\/uploads\/2024\/07\/Coria-Agosto-Turistico-2024-1-1536x1025.webp",1536,1025,true],"2048x2048":["https:\/\/turismocoria.es\/turismo\/wp-content\/uploads\/2024\/07\/Coria-Agosto-Turistico-2024-1.webp",1770,1181,false],"ultp_layout_landscape_large":["https:\/\/turismocoria.es\/turismo\/wp-content\/uploads\/2024\/07\/Coria-Agosto-Turistico-2024-1-1200x800.webp",1200,800,true],"ultp_layout_landscape":["https:\/\/turismocoria.es\/turismo\/wp-content\/uploads\/2024\/07\/Coria-Agosto-Turistico-2024-1-870x570.webp",870,570,true],"ultp_layout_portrait":["https:\/\/turismocoria.es\/turismo\/wp-content\/uploads\/2024\/07\/Coria-Agosto-Turistico-2024-1-600x900.webp",600,900,true],"ultp_layout_square":["https:\/\/turismocoria.es\/turismo\/wp-content\/uploads\/2024\/07\/Coria-Agosto-Turistico-2024-1-600x600.webp",600,600,true],"gb-block-post-grid-landscape":["https:\/\/turismocoria.es\/turismo\/wp-content\/uploads\/2024\/07\/Coria-Agosto-Turistico-2024-1-600x400.webp",600,400,true],"gb-block-post-grid-square":["https:\/\/turismocoria.es\/turismo\/wp-content\/uploads\/2024\/07\/Coria-Agosto-Turistico-2024-1-600x600.webp",600,600,true]},"uagb_author_info":{"display_name":"turismo","author_link":"https:\/\/turismocoria.es\/turismo\/author\/turismo\/"},"uagb_comment_info":0,"uagb_excerpt":"Historia, patrimonio, arte, gastronom\u00eda, naturaleza y tradiciones, son algunos de los atractivos tur\u00edsticos que atesora la milenaria, se\u00f1orial y episcopal Ciudad de Coria.&nbsp; Rincones centenarios y tesoros secretos prodigiosamente guardados en una de las poblaciones m\u00e1s antiguas de Espa\u00f1a que, durante este vacacional mes estival, contar\u00e1 con diez imprescindibles citas para un verano de interior&hellip;","_links":{"self":[{"href":"https:\/\/turismocoria.es\/turismo\/wp-json\/wp\/v2\/posts\/12558"}],"collection":[{"href":"https:\/\/turismocoria.es\/turismo\/wp-json\/wp\/v2\/posts"}],"about":[{"href":"https:\/\/turismocoria.es\/turismo\/wp-json\/wp\/v2\/types\/post"}],"author":[{"embeddable":true,"href":"https:\/\/turismocoria.es\/turismo\/wp-json\/wp\/v2\/users\/2"}],"replies":[{"embeddable":true,"href":"https:\/\/turismocoria.es\/turismo\/wp-json\/wp\/v2\/comments?post=12558"}],"version-history":[{"count":5,"href":"https:\/\/turismocoria.es\/turismo\/wp-json\/wp\/v2\/posts\/12558\/revisions"}],"predecessor-version":[{"id":12568,"href":"https:\/\/turismocoria.es\/turismo\/wp-json\/wp\/v2\/posts\/12558\/revisions\/12568"}],"wp:featuredmedia":[{"embeddable":true,"href":"https:\/\/turismocoria.es\/turismo\/wp-json\/wp\/v2\/media\/12674"}],"wp:attachment":[{"href":"https:\/\/turismocoria.es\/turismo\/wp-json\/wp\/v2\/media?parent=12558"}],"wp:term":[{"taxonomy":"category","embeddable":true,"href":"https:\/\/turismocoria.es\/turismo\/wp-json\/wp\/v2\/categories?post=12558"},{"taxonomy":"post_tag","embeddable":true,"href":"https:\/\/turismocoria.es\/turismo\/wp-json\/wp\/v2\/tags?post=12558"}],"curies":[{"name":"wp","href":"https:\/\/api.w.org\/{rel}","templated":true}]}}