{"id":12544,"date":"2024-07-24T09:26:46","date_gmt":"2024-07-24T07:26:46","guid":{"rendered":"https:\/\/turismocoria.es\/turismo\/?p=12544"},"modified":"2024-09-27T08:19:34","modified_gmt":"2024-09-27T06:19:34","slug":"turismo-activo-de-naturaleza-y-gastronomia-en-el-descenso-del-rio-alagon","status":"publish","type":"post","link":"https:\/\/turismocoria.es\/turismo\/turismo-activo-de-naturaleza-y-gastronomia-en-el-descenso-del-rio-alagon\/","title":{"rendered":"\u201cTurismo Activo, de Naturaleza y Gastronom\u00eda en el Descenso del R\u00edo Alag\u00f3n\u201d"},"content":{"rendered":"\n<p><strong>La meta, descender en canoa o en piragua los 18,8 km. fluviales que separan el Puente de la Macarrona, en Riolobos, del Puente de Hierro, en Coria. \u00c9ste es el apasionante y refrescante reto al que podr\u00e1n enfrentarse los participantes que se inscriban en este l\u00fadico evento, al objeto de disfrutar del deporte y la naturaleza en aguas del r\u00edo Alag\u00f3n, el afluente m\u00e1s largo del Tajo.&nbsp; \u00bfLos requisitos? Solo ser buen aficionado al pirag\u00fcismo o el canoismo, saber nadar y tener m\u00e1s de 11 a\u00f1os.&nbsp; Tentador, \u00bfVerdad?&#8230;<\/strong><\/p>\n\n\n\n<p>La <strong><u><a href=\"https:\/\/turismocoria.es\/turismo\/ciudad-de-coria\/\" data-type=\"page\" data-id=\"1061\">Ciudad de Coria<\/a><\/u><\/strong> celebrar\u00e1 este pr\u00f3ximo domingo, 28 de julio, la XV edici\u00f3n de esta popular cita deportiva veraniega extreme\u00f1a.&nbsp; Un <strong>evento de turismo activo y naturaleza<\/strong>, que se llevar\u00e1 a cabo durante este \u00faltimo fin de semana de este vacacional mes, teniendo lugar el s\u00e1bado, 27 de julio, una recepci\u00f3n en la Plaza de la Catedral, entre las 19:30 h. y las 22:00 h. con la finalidad de repartir las bolsas conmemorativas de regalo y las pulseras idetificativas de la cita; mientras que en la matinal del d\u00eda siguiente, los participantes se concentrar\u00e1n, a partir de las 08:00 h., en el Club de Pirag\u00fcismo \u201cR\u00edo Alag\u00f3n\u201d, bajo el Puente Nuevo, desde ser\u00e1n trasladados en autob\u00fas hasta la salida de la prueba en el Puente de la Macarrona, en la vecina localidad de Riolobos, a partir de las 10:00 h., desde donde, tras una traves\u00eda estimada de 4 horas y media, para recorrer remando 18,8 km., los participantes llegar\u00e1n a la meta situada en el Puente de Hierro de Coria.<\/p>\n\n\n\n<figure class=\"wp-block-embed is-type-video is-provider-youtube wp-block-embed-youtube wp-embed-aspect-16-9 wp-has-aspect-ratio\"><div class=\"wp-block-embed__wrapper\">\n<div class=\"ast-oembed-container \" style=\"height: 100%;\"><iframe loading=\"lazy\" title=\"Descenso del R\u00edo Alag\u00f3n\" width=\"500\" height=\"281\" data-src=\"https:\/\/www.youtube.com\/embed\/b7gvyy-jKi4?feature=oembed\" frameborder=\"0\" allow=\"accelerometer; autoplay; clipboard-write; encrypted-media; gyroscope; picture-in-picture; web-share\" referrerpolicy=\"strict-origin-when-cross-origin\" allowfullscreen src=\"data:image\/gif;base64,R0lGODlhAQABAAAAACH5BAEKAAEALAAAAAABAAEAAAICTAEAOw==\" class=\"lazyload\" data-load-mode=\"1\"><\/iframe><\/div>\n<\/div><\/figure>\n\n\n\n<p>Una prueba que est\u00e1 destinada a todos los amantes y aficionados del canotaje o pirag\u00fcismo, en la que no existen grandes restricciones en la participaci\u00f3n, salvo tener m\u00e1s de 11 a\u00f1os, saber nadar y manejar una canoa o piragua\u2026 as\u00ed de f\u00e1cil.&nbsp; El <strong>precio de la inscripci\u00f3n<\/strong>, para las personas que no disponen de embarcaci\u00f3n propia, es de 40 euros, y para los participantes que s\u00ed cuentan con ella, de 20 euros; incluyendo la cuota para poder participar de: seguro deportivo, pulsera identificativa, bolsa conmemorativa, avituallamiento, adem\u00e1s del transporte de la embarcaci\u00f3n y del participante hasta el punto de salida del descenso.<\/p>\n\n\n\n<p>Las <strong>inscripciones de participaci\u00f3n<\/strong> solo est\u00e1n disponibles v\u00eda online en las p\u00e1ginas webs oficiales: <strong><a href=\"https:\/\/turismocoria.es\/\">https:\/\/turismocoria.es<\/a><\/strong> (Enlace: <a href=\"https:\/\/turismocoria.es\/turismo\/evento\/xv-descenso-del-rio-alagon\/\">https:\/\/turismocoria.es\/turismo\/evento\/xv-descenso-del-rio-alagon\/<\/a>) y en la p\u00e1gina de la empresa de turismo activo: <strong><a href=\"https:\/\/panthos.es\/reserva\/\">https:\/\/panthos.es\/reserva\/<\/a><\/strong> (Enlace: <a href=\"https:\/\/panthos.es\/reserva\/?id_epigrafe=1803&amp;id_panel=918&amp;id_experiencia=13855&amp;id_elemento=13855&amp;tipo_elemento=2&amp;id_destino=4846&amp;id_operador=4846&amp;id_punto_venta=6982&amp;id_idioma=0&amp;cierre_app=1&amp;CodAgencia=undefined\">https:\/\/panthos.es\/reserva\/?id_epigrafe=1803&amp;id_panel=918&amp;id_experiencia=13855&amp;id_elemento=13855&amp;tipo_elemento=2&amp;id_destino=4846&amp;id_operador=4846&amp;id_punto_venta=6982&amp;id_idioma=0&amp;cierre_app=1&amp;CodAgencia=undefined<\/a>), finalizando el plazo para realizar las mismas el jueves, 25 de julio, hasta completar el cupo m\u00e1ximo de 200 regatistas.<\/p>\n\n\n\n<p>Por ello, si lo que realmente busca el turista es dedicar su tiempo de ocio vacacional a conocer otras gentes y otras costumbres, a disfrutar de la familia y los amigos, a practicar un turismo alternativo basado en la historia, el arte, la naturaleza o las experiencias, sin prisas y sin aglomeraciones, debe entonces acercase hasta el magn\u00edfico <strong><a href=\"https:\/\/turismocoria.es\/turismo\/lugares-que-no-te-puedes-perder\/casco-historico\/\" data-type=\"page\" data-id=\"732\"><u>Conjunto Monumental<\/u> <\/a><\/strong>que conserva la ciudad, sin duda, una de las mejores opciones patrimoniales culturales y naturales m\u00e1s emblem\u00e1ticas de toda Extremadura en la novena ciudad m\u00e1s antigua de Espa\u00f1a, que le llevar\u00e1n a descubrir los tesoros ocultos que se exhiben en la Ciudad Antigua de Coria.<\/p>\n\n\n\n<p>Desde las volum\u00e9tricas <strong><u><a href=\"https:\/\/turismocoria.es\/turismo\/lugares-que-no-te-puedes-perder\/murallas-romanas\/\" data-type=\"page\" data-id=\"497\">Murallas Romanas<\/a><\/u><\/strong> (S. I) que lo circundan como una de las fortalezas de origen romano mejor conservadas en su conjunto de entre todas las halladas en el resto de Europa; pasando por los soberbios y se\u00f1oriales<a href=\"https:\/\/turismocoria.es\/turismo\/lugares-que-no-te-puedes-perder\/castillo-de-los-duques-de-alba\/\" data-type=\"page\" data-id=\"226\"> <strong><u>Castillo<\/u><\/strong><\/a> (S. XV) y <a href=\"https:\/\/turismocoria.es\/turismo\/otros-rincones-por-descubrir\/palacio-de-los-duques-de-alba\/\" data-type=\"page\" data-id=\"509\"><strong><u>Palacio de los Duques de Alba<\/u><\/strong> <\/a>(S. XV-XVI) como s\u00edmbolos del rancio poder nobiliario; hasta la magna <strong><u><a href=\"https:\/\/turismocoria.es\/turismo\/lugares-que-no-te-puedes-perder\/catedral\/\" data-type=\"page\" data-id=\"488\">Catedral de Santa Mar\u00eda de la Asunci\u00f3n<\/a><\/u><\/strong> (S. XV-XVIII) joya del g\u00f3tico-plateresco extreme\u00f1o en la que se custodia esa misteriosa reliquia universal del <strong><u><a href=\"https:\/\/turismocoria.es\/turismo\/el-sagrado-mantel-de-la-ultima-cena\/\" data-type=\"page\" data-id=\"1176\">Sagrado Mantel de la \u00daltima Cena<\/a><\/u><\/strong>; adem\u00e1s del <strong><a href=\"https:\/\/turismocoria.es\/turismo\/otros-rincones-por-descubrir\/palacio-episcopal\/\" data-type=\"page\" data-id=\"511\"><u>Palacio Episcopal<\/u> <\/a><\/strong>(S. XVII), la <strong><u><a href=\"https:\/\/turismocoria.es\/turismo\/otros-rincones-por-descubrir\/iglesia-santiago-apostol\/\" data-type=\"page\" data-id=\"514\">Iglesia de Santiago Ap\u00f3stol<\/a><\/u> <\/strong>(S. XVI-XVIII), el <strong><u><a href=\"https:\/\/turismocoria.es\/turismo\/lugares-que-no-te-puedes-perder\/convento-de-la-madre-de-dios\/\" data-type=\"page\" data-id=\"499\">Convento de la Madre de Dios<\/a><\/u> <\/strong>(S. XVI-XVII), el <strong><a href=\"https:\/\/turismocoria.es\/turismo\/otros-rincones-por-descubrir\/hospital-san-nicolas-de-bari\/\" data-type=\"page\" data-id=\"521\"><u>Hospital de San Nicol\u00e1s de Bari<\/u> <\/a><\/strong>(S. XVI-XIX), el <strong><u><a href=\"https:\/\/turismocoria.es\/turismo\/otros-rincones-por-descubrir\/colegio-seminario-conciliar\/\" data-type=\"page\" data-id=\"744\">Colegio-Seminario Mayor Conciliar<\/a><\/u><\/strong> (S. XVII-XIX), las <strong><a href=\"https:\/\/turismocoria.es\/turismo\/otros-rincones-por-descubrir\/carcel-real\/\" data-type=\"page\" data-id=\"2958\"><u>C\u00e1rceles Real<\/u> <\/a><\/strong>(S. XVII), convertida en Museo de Historia, Arqueolog\u00eda y Etnograf\u00eda, y <strong><u><a href=\"https:\/\/turismocoria.es\/turismo\/otros-rincones-por-descubrir\/carcel-eclesiastica\/\" data-type=\"page\" data-id=\"517\">Eclesi\u00e1stica<\/a><\/u> <\/strong>(S. XVIII), el <strong><u><a href=\"https:\/\/turismocoria.es\/turismo\/lugares-que-no-te-puedes-perder\/santuario-de-la-virgen-de-argeme\/\" data-type=\"page\" data-id=\"505\">Santuario de Nuestra Se\u00f1ora Virgen de Argeme<\/a><\/u><\/strong> (S. XVII-XVIII) a extramuros; o los <strong><u><a href=\"https:\/\/turismocoria.es\/turismo\/otros-rincones-por-descubrir\/puente-de-piedra\/\" data-type=\"page\" data-id=\"529\">Puentes de Piedra<\/a><\/u> <\/strong>(S. XVI) y<a href=\"https:\/\/turismocoria.es\/turismo\/otros-rincones-por-descubrir\/puente-de-hierro\/\" data-type=\"page\" data-id=\"531\"> <strong><u>de Hierro<\/u><\/strong><\/a><strong> <\/strong>(S. XX), entre otros interesantes rincones por descubrir.<\/p>\n\n\n\n<figure class=\"wp-block-embed is-type-video is-provider-youtube wp-block-embed-youtube wp-embed-aspect-16-9 wp-has-aspect-ratio\"><div class=\"wp-block-embed__wrapper\">\n<div class=\"ast-oembed-container \" style=\"height: 100%;\"><iframe loading=\"lazy\" title=\"Coria \u201cConjunto Monumental\u201d, destino tur\u00edstico del noroeste de Extremadura\" width=\"500\" height=\"281\" data-src=\"https:\/\/www.youtube.com\/embed\/M6VniblQWMo?feature=oembed\" frameborder=\"0\" allow=\"accelerometer; autoplay; clipboard-write; encrypted-media; gyroscope; picture-in-picture; web-share\" referrerpolicy=\"strict-origin-when-cross-origin\" allowfullscreen src=\"data:image\/gif;base64,R0lGODlhAQABAAAAACH5BAEKAAEALAAAAAABAAEAAAICTAEAOw==\" class=\"lazyload\" data-load-mode=\"1\"><\/iframe><\/div>\n<\/div><\/figure>\n\n\n\n<p>Un turismo cultural de interior, placentero y entretenido, cuya variada <strong>oferta cultural<\/strong> y <strong>deportiva<\/strong> se ver\u00e1 complementada con el <strong>turismo gastron\u00f3mico<\/strong> a trav\u00e9s de una de las paradas del <strong>Festival Mundial de FoodTrucks<\/strong> que tendr\u00e1 lugar en la <strong>plaza de la Catedral<\/strong> convirti\u00e9ndose la misma, <strong>del 25 al 28 de julio de 2024<\/strong>, ambos inclusive, en un verdadero festival de sabores que les llevar\u00e1 a un viaje culinario alrededor del mundo sin salir del <strong>Casco Hist\u00f3rico de Coria<\/strong> por medio de 10 food trucks de distintas nacionalidades que se dar\u00e1n cita en este evento ofreciendo una amplia variedad de platos elaborados con ingredientes frescos y de alta calidad existiendo alternativas para todos los gustos y paladares.<\/p>\n\n\n\n<p>Entre las opciones, se podr\u00e1n degustar platos de Puerto Rico, Cuba, Tailandia, M\u00e9xico, Rep\u00fablica Dominicana, Italia, y Am\u00e9rica. &nbsp;Adem\u00e1s, durante estos d\u00edas, la <strong>Ciudad Antigua<\/strong> se transformar\u00e1 en todo un <strong>espect\u00e1culo gastron\u00f3mico<\/strong>, <strong>musical y l\u00fadico<\/strong> sin precedentes, en un <strong>horario<\/strong> comprendido entre las <strong>19:45 a 00:45 horas<\/strong>, prolong\u00e1ndose el horario de cierre el <strong>s\u00e1bado <\/strong>yel <strong>domingo<\/strong> hasta la <strong>01:30 horas<\/strong>.<\/p>\n\n\n\n<p>Mientras que por lo que respecta a la <strong>programaci\u00f3n de actividades<\/strong>, el Festival arrancar\u00e1 motores el <strong>jueves<\/strong>, <strong>25 de julio<\/strong>, con el <strong>show infantil<\/strong> <strong>\u201cCantajuegos de Disney\u201d<\/strong> y un <strong>concierto musical \u201cTributo a Bon Jovi\u201d<\/strong>.&nbsp; Ya en la jornada del <strong>viernes<\/strong>, <strong>26 de julio<\/strong>, habr\u00e1 un infantil <strong>\u201cPasacalles de Disney\u201d<\/strong> y dos <strong>conciertos musicales<\/strong>, uno <strong>\u201cTributo a Marea\u201d<\/strong> y otro <strong>\u201cTributo a Extremoduro\u201d<\/strong>.&nbsp; Y, al d\u00eda siguiente, <strong>s\u00e1bado<\/strong>, <strong>27 de julio<\/strong>, tendr\u00e1 lugar un <strong>espect\u00e1culo de magia y marionetas<\/strong> m\u00e1s otros dos <strong>conciertos musicales<\/strong>, uno de ellos <strong>\u201cTributo a Triana\u201d<\/strong> y el otro <strong>\u201cTributo a H\u00e9roes del Silencio\u201d<\/strong>, junto a <strong>castillos hinchables<\/strong> para los ni\u00f1os. &nbsp;Finalmente, el <strong>\u201cShow de la Granja de Zenon\u201d<\/strong> y un <strong>concierto musical de<\/strong> <strong>\u201cChloe de la Rosa\u201d<\/strong> pondr\u00e1n el broche final a este gran evento que tendr\u00e1 parada en la Ciudad de Coria enmarcado dentro de la programaci\u00f3n del XV Descenso del R\u00edo Alag\u00f3n, una actividad paralela a este evento l\u00fadico-deportivo perfecto para toda la familia donde las personas que acudan podr\u00e1n disfrutar de un fin de semana inolvidable lleno de sabor, m\u00fasica y diversi\u00f3n, con entrada gratuita.<\/p>\n\n\n\n<figure class=\"wp-block-image aligncenter size-full\"><img loading=\"lazy\" decoding=\"async\" width=\"777\" height=\"1024\" data-src=\"https:\/\/turismocoria.es\/turismo\/wp-content\/uploads\/2024\/07\/CARTEL-FESTIVAL-MUNDIAL-DE-FOODTRUCKS-CORIA-2024.webp\" alt=\"\" class=\"wp-image-12677 lazyload\" data-srcset=\"https:\/\/turismocoria.es\/turismo\/wp-content\/uploads\/2024\/07\/CARTEL-FESTIVAL-MUNDIAL-DE-FOODTRUCKS-CORIA-2024.webp 777w, https:\/\/turismocoria.es\/turismo\/wp-content\/uploads\/2024\/07\/CARTEL-FESTIVAL-MUNDIAL-DE-FOODTRUCKS-CORIA-2024-228x300.webp 228w, https:\/\/turismocoria.es\/turismo\/wp-content\/uploads\/2024\/07\/CARTEL-FESTIVAL-MUNDIAL-DE-FOODTRUCKS-CORIA-2024-768x1012.webp 768w, https:\/\/turismocoria.es\/turismo\/wp-content\/uploads\/2024\/07\/CARTEL-FESTIVAL-MUNDIAL-DE-FOODTRUCKS-CORIA-2024-50x66.webp 50w\" data-sizes=\"(max-width: 777px) 100vw, 777px\" src=\"data:image\/gif;base64,R0lGODlhAQABAAAAACH5BAEKAAEALAAAAAABAAEAAAICTAEAOw==\" style=\"--smush-placeholder-width: 777px; --smush-placeholder-aspect-ratio: 777\/1024;\" \/><noscript><img loading=\"lazy\" decoding=\"async\" width=\"777\" height=\"1024\" src=\"https:\/\/turismocoria.es\/turismo\/wp-content\/uploads\/2024\/07\/CARTEL-FESTIVAL-MUNDIAL-DE-FOODTRUCKS-CORIA-2024.webp\" alt=\"\" class=\"wp-image-12677\" srcset=\"https:\/\/turismocoria.es\/turismo\/wp-content\/uploads\/2024\/07\/CARTEL-FESTIVAL-MUNDIAL-DE-FOODTRUCKS-CORIA-2024.webp 777w, https:\/\/turismocoria.es\/turismo\/wp-content\/uploads\/2024\/07\/CARTEL-FESTIVAL-MUNDIAL-DE-FOODTRUCKS-CORIA-2024-228x300.webp 228w, https:\/\/turismocoria.es\/turismo\/wp-content\/uploads\/2024\/07\/CARTEL-FESTIVAL-MUNDIAL-DE-FOODTRUCKS-CORIA-2024-768x1012.webp 768w, https:\/\/turismocoria.es\/turismo\/wp-content\/uploads\/2024\/07\/CARTEL-FESTIVAL-MUNDIAL-DE-FOODTRUCKS-CORIA-2024-50x66.webp 50w\" sizes=\"(max-width: 777px) 100vw, 777px\" \/><\/noscript><\/figure>\n\n\n\n<p>En este sentido, desde el Consistorio cauriense se hace un llamamiento animando, tanto al p\u00fablico local como al for\u00e1neo, para que visiten la ciudad y vivan, en primera persona, este gran evento deportivo, del que esperamos sea del agrado de todos, con el prop\u00f3sito de que disfrutemos de un gran fin de semana tur\u00edstico, al objeto de que la Ciudad de Coria y nuestro <strong><u><a href=\"https:\/\/turismocoria.es\/turismo\/deporte-activo-de-salud-y-vida\/desciende-en-canoa-rio-alagon\/\" data-type=\"page\" data-id=\"590\">Descenso del R\u00edo Alag\u00f3n<\/a><\/u><\/strong> suenen en todos los rincones de la geograf\u00eda extreme\u00f1a, espa\u00f1ola y del vecino pa\u00eds de Portugal.<\/p>\n\n\n\n<p>\u00a1Atenci\u00f3n!, suena la bocina, empieza la diversi\u00f3n&#8230;<\/p>\n\n\n\n<figure class=\"wp-block-image aligncenter size-large\"><img loading=\"lazy\" decoding=\"async\" width=\"731\" height=\"1024\" data-src=\"https:\/\/turismocoria.es\/turismo\/wp-content\/uploads\/2024\/07\/CARTEL-DESCENSO-RIO-ALAGON-CORIA-2024-731x1024.webp\" alt=\"\" class=\"wp-image-12680 lazyload\" data-srcset=\"https:\/\/turismocoria.es\/turismo\/wp-content\/uploads\/2024\/07\/CARTEL-DESCENSO-RIO-ALAGON-CORIA-2024-731x1024.webp 731w, https:\/\/turismocoria.es\/turismo\/wp-content\/uploads\/2024\/07\/CARTEL-DESCENSO-RIO-ALAGON-CORIA-2024-214x300.webp 214w, https:\/\/turismocoria.es\/turismo\/wp-content\/uploads\/2024\/07\/CARTEL-DESCENSO-RIO-ALAGON-CORIA-2024-768x1076.webp 768w, https:\/\/turismocoria.es\/turismo\/wp-content\/uploads\/2024\/07\/CARTEL-DESCENSO-RIO-ALAGON-CORIA-2024-50x70.webp 50w, https:\/\/turismocoria.es\/turismo\/wp-content\/uploads\/2024\/07\/CARTEL-DESCENSO-RIO-ALAGON-CORIA-2024-1097x1536.webp 1097w, https:\/\/turismocoria.es\/turismo\/wp-content\/uploads\/2024\/07\/CARTEL-DESCENSO-RIO-ALAGON-CORIA-2024.webp 1371w\" data-sizes=\"(max-width: 731px) 100vw, 731px\" src=\"data:image\/gif;base64,R0lGODlhAQABAAAAACH5BAEKAAEALAAAAAABAAEAAAICTAEAOw==\" style=\"--smush-placeholder-width: 731px; --smush-placeholder-aspect-ratio: 731\/1024;\" \/><noscript><img loading=\"lazy\" decoding=\"async\" width=\"731\" height=\"1024\" src=\"https:\/\/turismocoria.es\/turismo\/wp-content\/uploads\/2024\/07\/CARTEL-DESCENSO-RIO-ALAGON-CORIA-2024-731x1024.webp\" alt=\"\" class=\"wp-image-12680\" srcset=\"https:\/\/turismocoria.es\/turismo\/wp-content\/uploads\/2024\/07\/CARTEL-DESCENSO-RIO-ALAGON-CORIA-2024-731x1024.webp 731w, https:\/\/turismocoria.es\/turismo\/wp-content\/uploads\/2024\/07\/CARTEL-DESCENSO-RIO-ALAGON-CORIA-2024-214x300.webp 214w, https:\/\/turismocoria.es\/turismo\/wp-content\/uploads\/2024\/07\/CARTEL-DESCENSO-RIO-ALAGON-CORIA-2024-768x1076.webp 768w, https:\/\/turismocoria.es\/turismo\/wp-content\/uploads\/2024\/07\/CARTEL-DESCENSO-RIO-ALAGON-CORIA-2024-50x70.webp 50w, https:\/\/turismocoria.es\/turismo\/wp-content\/uploads\/2024\/07\/CARTEL-DESCENSO-RIO-ALAGON-CORIA-2024-1097x1536.webp 1097w, https:\/\/turismocoria.es\/turismo\/wp-content\/uploads\/2024\/07\/CARTEL-DESCENSO-RIO-ALAGON-CORIA-2024.webp 1371w\" sizes=\"(max-width: 731px) 100vw, 731px\" \/><\/noscript><\/figure>\n\n\n\n<p><strong>M\u00e1s Informaci\u00f3n en:<br>Oficina Municipal de Turismo<br><\/strong>Plaza de San Pedro, 1<br>Tlfno.: 927 50 80 00 Ext. 290<br>Email: <strong><a href=\"mailto:oficinaturismo@coria.org\">oficinaturismo@coria.org<\/a><\/strong><\/p>\n\n\n\n<p><strong>Departamento de Deportes<br><\/strong>Plaza de San Pedro, 1<br>Tlfno.: 927 50 80 00 Ext. 261<br>Url: <strong><a href=\"https:\/\/descensorioalagon.blogspot.com\/\"><strong>https:\/\/descensorioalagon.blogspot.com\/<\/strong><\/a><\/strong><strong><\/strong><\/p>\n","protected":false},"excerpt":{"rendered":"<p>La meta, descender en canoa o en piragua los 18,8 km. fluviales que separan el Puente de la Macarrona, en Riolobos, del Puente de Hierro, en Coria. \u00c9ste es el apasionante y refrescante reto al que podr\u00e1n enfrentarse los participantes que se inscriban en este l\u00fadico evento, al objeto de disfrutar del deporte y la [&hellip;]<\/p>\n","protected":false},"author":2,"featured_media":12676,"comment_status":"closed","ping_status":"closed","sticky":false,"template":"","format":"standard","meta":{"_uag_custom_page_level_css":"","site-sidebar-layout":"default","site-content-layout":"","ast-site-content-layout":"default","site-content-style":"default","site-sidebar-style":"default","ast-global-header-display":"","ast-banner-title-visibility":"","ast-main-header-display":"","ast-hfb-above-header-display":"","ast-hfb-below-header-display":"","ast-hfb-mobile-header-display":"","site-post-title":"","ast-breadcrumbs-content":"","ast-featured-img":"","footer-sml-layout":"","theme-transparent-header-meta":"","adv-header-id-meta":"","stick-header-meta":"","header-above-stick-meta":"","header-main-stick-meta":"","header-below-stick-meta":"","astra-migrate-meta-layouts":"set","ast-page-background-enabled":"default","ast-page-background-meta":{"desktop":{"background-color":"","background-image":"","background-repeat":"repeat","background-position":"center center","background-size":"auto","background-attachment":"scroll","background-type":"","background-media":"","overlay-type":"","overlay-color":"","overlay-opacity":"","overlay-gradient":""},"tablet":{"background-color":"","background-image":"","background-repeat":"repeat","background-position":"center center","background-size":"auto","background-attachment":"scroll","background-type":"","background-media":"","overlay-type":"","overlay-color":"","overlay-opacity":"","overlay-gradient":""},"mobile":{"background-color":"","background-image":"","background-repeat":"repeat","background-position":"center center","background-size":"auto","background-attachment":"scroll","background-type":"","background-media":"","overlay-type":"","overlay-color":"","overlay-opacity":"","overlay-gradient":""}},"ast-content-background-meta":{"desktop":{"background-color":"var(--ast-global-color-5)","background-image":"","background-repeat":"repeat","background-position":"center center","background-size":"auto","background-attachment":"scroll","background-type":"","background-media":"","overlay-type":"","overlay-color":"","overlay-opacity":"","overlay-gradient":""},"tablet":{"background-color":"var(--ast-global-color-5)","background-image":"","background-repeat":"repeat","background-position":"center center","background-size":"auto","background-attachment":"scroll","background-type":"","background-media":"","overlay-type":"","overlay-color":"","overlay-opacity":"","overlay-gradient":""},"mobile":{"background-color":"var(--ast-global-color-5)","background-image":"","background-repeat":"repeat","background-position":"center center","background-size":"auto","background-attachment":"scroll","background-type":"","background-media":"","overlay-type":"","overlay-color":"","overlay-opacity":"","overlay-gradient":""}},"_EventAllDay":false,"_EventTimezone":"","_EventStartDate":"","_EventEndDate":"","_EventStartDateUTC":"","_EventEndDateUTC":"","_EventShowMap":false,"_EventShowMapLink":false,"_EventURL":"","_EventCost":"","_EventCostDescription":"","_EventCurrencySymbol":"","_EventCurrencyCode":"","_EventCurrencyPosition":"","_EventDateTimeSeparator":"","_EventTimeRangeSeparator":"","_EventOrganizerID":[],"_EventVenueID":0,"_OrganizerEmail":"","_OrganizerPhone":"","_OrganizerWebsite":"","_VenueAddress":"","_VenueCity":"","_VenueCountry":"","_VenueProvince":"","_VenueZip":"","_VenuePhone":"","_VenueURL":"","_VenueStateProvince":"","_VenueLat":"","_VenueLng":"","footnotes":""},"categories":[33],"tags":[],"class_list":["post-12544","post","type-post","status-publish","format-standard","has-post-thumbnail","hentry","category-sin-categorizar"],"featured_image_src":"https:\/\/turismocoria.es\/turismo\/wp-content\/uploads\/2024\/07\/Coria-Descenso-Rio-Alagon-2024-600x400.webp","featured_image_src_square":"https:\/\/turismocoria.es\/turismo\/wp-content\/uploads\/2024\/07\/Coria-Descenso-Rio-Alagon-2024-600x600.webp","author_info":{"display_name":"turismo","author_link":"https:\/\/turismocoria.es\/turismo\/author\/turismo\/"},"uagb_featured_image_src":{"full":["https:\/\/turismocoria.es\/turismo\/wp-content\/uploads\/2024\/07\/Coria-Descenso-Rio-Alagon-2024.webp",1417,945,false],"thumbnail":["https:\/\/turismocoria.es\/turismo\/wp-content\/uploads\/2024\/07\/Coria-Descenso-Rio-Alagon-2024-150x150.webp",150,150,true],"medium":["https:\/\/turismocoria.es\/turismo\/wp-content\/uploads\/2024\/07\/Coria-Descenso-Rio-Alagon-2024-300x200.webp",300,200,true],"medium_large":["https:\/\/turismocoria.es\/turismo\/wp-content\/uploads\/2024\/07\/Coria-Descenso-Rio-Alagon-2024-768x512.webp",768,512,true],"large":["https:\/\/turismocoria.es\/turismo\/wp-content\/uploads\/2024\/07\/Coria-Descenso-Rio-Alagon-2024-1024x683.webp",1024,683,true],"gs-tiny":["https:\/\/turismocoria.es\/turismo\/wp-content\/uploads\/2024\/07\/Coria-Descenso-Rio-Alagon-2024-50x33.webp",50,33,true],"xl":["https:\/\/turismocoria.es\/turismo\/wp-content\/uploads\/2024\/07\/Coria-Descenso-Rio-Alagon-2024.webp",1417,945,false],"xxl":["https:\/\/turismocoria.es\/turismo\/wp-content\/uploads\/2024\/07\/Coria-Descenso-Rio-Alagon-2024.webp",1417,945,false],"xxxl":["https:\/\/turismocoria.es\/turismo\/wp-content\/uploads\/2024\/07\/Coria-Descenso-Rio-Alagon-2024.webp",1417,945,false],"xxxxl":["https:\/\/turismocoria.es\/turismo\/wp-content\/uploads\/2024\/07\/Coria-Descenso-Rio-Alagon-2024.webp",1417,945,false],"xxxxxl":["https:\/\/turismocoria.es\/turismo\/wp-content\/uploads\/2024\/07\/Coria-Descenso-Rio-Alagon-2024.webp",1417,945,false],"1536x1536":["https:\/\/turismocoria.es\/turismo\/wp-content\/uploads\/2024\/07\/Coria-Descenso-Rio-Alagon-2024.webp",1417,945,false],"2048x2048":["https:\/\/turismocoria.es\/turismo\/wp-content\/uploads\/2024\/07\/Coria-Descenso-Rio-Alagon-2024.webp",1417,945,false],"ultp_layout_landscape_large":["https:\/\/turismocoria.es\/turismo\/wp-content\/uploads\/2024\/07\/Coria-Descenso-Rio-Alagon-2024-1200x800.webp",1200,800,true],"ultp_layout_landscape":["https:\/\/turismocoria.es\/turismo\/wp-content\/uploads\/2024\/07\/Coria-Descenso-Rio-Alagon-2024-870x570.webp",870,570,true],"ultp_layout_portrait":["https:\/\/turismocoria.es\/turismo\/wp-content\/uploads\/2024\/07\/Coria-Descenso-Rio-Alagon-2024-600x900.webp",600,900,true],"ultp_layout_square":["https:\/\/turismocoria.es\/turismo\/wp-content\/uploads\/2024\/07\/Coria-Descenso-Rio-Alagon-2024-600x600.webp",600,600,true],"gb-block-post-grid-landscape":["https:\/\/turismocoria.es\/turismo\/wp-content\/uploads\/2024\/07\/Coria-Descenso-Rio-Alagon-2024-600x400.webp",600,400,true],"gb-block-post-grid-square":["https:\/\/turismocoria.es\/turismo\/wp-content\/uploads\/2024\/07\/Coria-Descenso-Rio-Alagon-2024-600x600.webp",600,600,true]},"uagb_author_info":{"display_name":"turismo","author_link":"https:\/\/turismocoria.es\/turismo\/author\/turismo\/"},"uagb_comment_info":0,"uagb_excerpt":"La meta, descender en canoa o en piragua los 18,8 km. fluviales que separan el Puente de la Macarrona, en Riolobos, del Puente de Hierro, en Coria. \u00c9ste es el apasionante y refrescante reto al que podr\u00e1n enfrentarse los participantes que se inscriban en este l\u00fadico evento, al objeto de disfrutar del deporte y la&hellip;","_links":{"self":[{"href":"https:\/\/turismocoria.es\/turismo\/wp-json\/wp\/v2\/posts\/12544"}],"collection":[{"href":"https:\/\/turismocoria.es\/turismo\/wp-json\/wp\/v2\/posts"}],"about":[{"href":"https:\/\/turismocoria.es\/turismo\/wp-json\/wp\/v2\/types\/post"}],"author":[{"embeddable":true,"href":"https:\/\/turismocoria.es\/turismo\/wp-json\/wp\/v2\/users\/2"}],"replies":[{"embeddable":true,"href":"https:\/\/turismocoria.es\/turismo\/wp-json\/wp\/v2\/comments?post=12544"}],"version-history":[{"count":6,"href":"https:\/\/turismocoria.es\/turismo\/wp-json\/wp\/v2\/posts\/12544\/revisions"}],"predecessor-version":[{"id":12681,"href":"https:\/\/turismocoria.es\/turismo\/wp-json\/wp\/v2\/posts\/12544\/revisions\/12681"}],"wp:featuredmedia":[{"embeddable":true,"href":"https:\/\/turismocoria.es\/turismo\/wp-json\/wp\/v2\/media\/12676"}],"wp:attachment":[{"href":"https:\/\/turismocoria.es\/turismo\/wp-json\/wp\/v2\/media?parent=12544"}],"wp:term":[{"taxonomy":"category","embeddable":true,"href":"https:\/\/turismocoria.es\/turismo\/wp-json\/wp\/v2\/categories?post=12544"},{"taxonomy":"post_tag","embeddable":true,"href":"https:\/\/turismocoria.es\/turismo\/wp-json\/wp\/v2\/tags?post=12544"}],"curies":[{"name":"wp","href":"https:\/\/api.w.org\/{rel}","templated":true}]}}