{"id":12493,"date":"2024-07-01T15:23:13","date_gmt":"2024-07-01T13:23:13","guid":{"rendered":"https:\/\/turismocoria.es\/turismo\/?p=12493"},"modified":"2024-09-27T08:22:49","modified_gmt":"2024-09-27T06:22:49","slug":"arranca-el-x-festival-internacional-de-teatro-coria-sientela","status":"publish","type":"post","link":"https:\/\/turismocoria.es\/turismo\/arranca-el-x-festival-internacional-de-teatro-coria-sientela\/","title":{"rendered":"\u201cArranca el X Festival Internacional de Teatro Coria Si\u00e9ntela!\u201d"},"content":{"rendered":"\n<p><strong>El Festival Internacional de Teatro Coria Si\u00e9ntela!, abre nuevamente el tel\u00f3n de este magn\u00edfico espect\u00e1culo cuyo escenario cobra vida con la puesta en escena de cada una de las representaciones estivales de teatro al aire libre en ese marco incomparable que es la puerta principal de la seo cauriense donde, como en cada edici\u00f3n, los amantes de la far\u00e1ndula y las artes esc\u00e9nicas se dan cita para disfrutar en las veraniegas noches de mediados del mes de julio en pleno coraz\u00f3n del Casco Hist\u00f3rico de Coria.<\/strong><\/p>\n\n\n\n<p>Un evento cultural y tur\u00edstico dentro de la milenaria e hist\u00f3rica <strong>Ciudad de Coria<\/strong>, que naci\u00f3 con \u00e9xito y vocaci\u00f3n de permanencia en una localidad con ra\u00edces dram\u00e1ticas que sigue apostando por la apuesta en valor y promoci\u00f3n de las compa\u00f1\u00edas consagradas existentes dentro y fuera de la regi\u00f3n de esta bella rama del arte que se desarrolla en ese insuperable entorno arquitect\u00f3nico como es la portada plateresca del atrio del Perd\u00f3n de la <strong>Santa Iglesia<\/strong> <strong><u><a href=\"https:\/\/turismocoria.es\/turismo\/lugares-que-no-te-puedes-perder\/catedral\/\" data-type=\"page\" data-id=\"488\">Catedral de Santa Mar\u00eda de la Asunci\u00f3n<\/a><\/u><\/strong> (S. XVII-XVIII).<\/p>\n\n\n\n<p>Una m\u00e1s que interesante programaci\u00f3n que, en la edici\u00f3n de este a\u00f1o, se ha superado con creces la selecci\u00f3n de las obras contratadas, al objeto de que los espectadores vivan siete intensas noches repletas de sensaciones y experiencias \u00fanicas, seg\u00fan se extrae del cartel dise\u00f1ado dentro del <strong><a href=\"https:\/\/turismocoria.es\/turismo\/fiestas-y-eventos-para-disfrutar\/festival-internacional-de-teatro\/\" data-type=\"page\" data-id=\"574\">Festival Internacional de Teatro \u201cCoria Si\u00e9ntela!\u201d<\/a><\/strong> para su representaci\u00f3n <strong>del 18 al 23 de julio de 2024<\/strong>.<\/p>\n\n\n\n<p>Unas obras teatrales que se representar\u00e1n en la plateresca portada del Perd\u00f3n de la Catedral cauriense a partir de las 23:00 h., cuya venta de entradas anticipadas se pueden adquirir en la plataforma: <a href=\"http:\/\/www.giglon.com\/\"><strong>www.giglon.com<\/strong><\/a>, con unos precios de 10 \u20ac, en cuanto a las entradas individuales, y de 50 \u20ac, los abonos, disponi\u00e9ndose de butacas reservadas para personas con movilidad reducida.<\/p>\n\n\n\n<p>Por ello, si lo que realmente busca el turista es dedicar su tiempo de ocio vacacional a conocer otras gentes y otras costumbres, a disfrutar de la familia y los amigos, a practicar un turismo alternativo basado en la historia, el arte, la naturaleza o las experiencias, sin prisas y sin aglomeraciones, debe entonces acercase hasta el magn\u00edfico <strong><u><a href=\"https:\/\/turismocoria.es\/turismo\/lugares-que-no-te-puedes-perder\/casco-historico\/\" data-type=\"page\" data-id=\"732\">Conjunto Monumental<\/a><\/u> <\/strong>que conserva la ciudad, sin duda, una de las mejores opciones patrimoniales culturales y naturales m\u00e1s emblem\u00e1ticas de toda Extremadura en la novena ciudad m\u00e1s antigua de Espa\u00f1a, que pueden ser conocidas a trav\u00e9s de las visitas guiadas (Vidatours, 636792032) que le llevar\u00e1n a descubrir los tesoros ocultos que se exhiben en la Ciudad Antigua de Coria.<\/p>\n\n\n\n<p>Desde las volum\u00e9tricas <strong><u><a href=\"https:\/\/turismocoria.es\/turismo\/lugares-que-no-te-puedes-perder\/murallas-romanas\/\" data-type=\"page\" data-id=\"497\">Murallas Romanas<\/a><\/u><\/strong> (S. I) que lo circundan como una de las fortalezas de origen romano mejor conservadas en su conjunto de entre todas las halladas en el resto de Europa; pasando por los soberbios y se\u00f1oriales <strong><u><a href=\"https:\/\/turismocoria.es\/turismo\/lugares-que-no-te-puedes-perder\/castillo-de-los-duques-de-alba\/\" data-type=\"page\" data-id=\"226\">Castillo<\/a><\/u><\/strong> (S. XV) y <strong><u><a href=\"https:\/\/turismocoria.es\/turismo\/otros-rincones-por-descubrir\/palacio-de-los-duques-de-alba\/\" data-type=\"page\" data-id=\"509\">Palacio de los Duques de Alba<\/a><\/u><\/strong> (S. XV-XVI) como s\u00edmbolos del rancio poder nobiliario; hasta la magna <strong><u><a href=\"https:\/\/turismocoria.es\/turismo\/lugares-que-no-te-puedes-perder\/catedral\/\" data-type=\"page\" data-id=\"488\">Catedral de Santa Mar\u00eda de la Asunci\u00f3n<\/a><\/u><\/strong> (S. XV-XVIII) joya del g\u00f3tico-plateresco extreme\u00f1o en la que se custodia esa misteriosa reliquia universal del <strong><u><a href=\"https:\/\/turismocoria.es\/turismo\/el-sagrado-mantel-de-la-ultima-cena\/\" data-type=\"page\" data-id=\"1176\">Sagrado Mantel de la \u00daltima Cena<\/a><\/u><\/strong>; adem\u00e1s del <strong><u><a href=\"https:\/\/turismocoria.es\/turismo\/otros-rincones-por-descubrir\/palacio-episcopal\/\" data-type=\"page\" data-id=\"511\">Palacio Episcopal<\/a><\/u> <\/strong>(S. XVII), la<a href=\"https:\/\/turismocoria.es\/turismo\/otros-rincones-por-descubrir\/iglesia-santiago-apostol\/\" data-type=\"page\" data-id=\"514\"> <strong><u>Iglesia de Santiago Ap\u00f3stol<\/u><\/strong><\/a><strong> <\/strong>(S. XVI-XVIII), el<a href=\"https:\/\/turismocoria.es\/turismo\/lugares-que-no-te-puedes-perder\/convento-de-la-madre-de-dios\/\" data-type=\"page\" data-id=\"499\"> <strong><u>Convento de la Madre de Dios<\/u><\/strong><\/a><strong> <\/strong>(S. XVI-XVII), el <strong><a href=\"https:\/\/turismocoria.es\/turismo\/otros-rincones-por-descubrir\/hospital-san-nicolas-de-bari\/\" data-type=\"page\" data-id=\"521\"><u>Hospital de San Nicol\u00e1s de Bari<\/u> <\/a><\/strong>(S. XVI-XIX), el <strong><u><a href=\"https:\/\/turismocoria.es\/turismo\/otros-rincones-por-descubrir\/colegio-seminario-conciliar\/\" data-type=\"page\" data-id=\"744\">Colegio-Seminario Mayor Conciliar<\/a><\/u> <\/strong>(S. XVII-XIX), las <strong><u><a href=\"https:\/\/turismocoria.es\/turismo\/otros-rincones-por-descubrir\/carcel-real\/\" data-type=\"page\" data-id=\"2958\">C\u00e1rceles Real<\/a><\/u> <\/strong>(S. XVII), convertida en Museo de Historia, Arqueolog\u00eda y Etnograf\u00eda, y <strong><u><a href=\"https:\/\/turismocoria.es\/turismo\/otros-rincones-por-descubrir\/carcel-eclesiastica\/\" data-type=\"page\" data-id=\"517\">Eclesi\u00e1stica<\/a><\/u> <\/strong>(S. XVIII), el <strong><u><a href=\"https:\/\/turismocoria.es\/turismo\/lugares-que-no-te-puedes-perder\/santuario-de-la-virgen-de-argeme\/\" data-type=\"page\" data-id=\"505\">Santuario de Nuestra Se\u00f1ora Virgen de Argeme<\/a><\/u><\/strong> (S. XVII-XVIII) a extramuros; o los <strong><u><a href=\"https:\/\/turismocoria.es\/turismo\/otros-rincones-por-descubrir\/puente-de-piedra\/\" data-type=\"page\" data-id=\"529\">Puentes de Piedra<\/a><\/u> <\/strong>(S. XVI) y<a href=\"https:\/\/turismocoria.es\/turismo\/otros-rincones-por-descubrir\/puente-de-hierro\/\" data-type=\"page\" data-id=\"531\"> <strong><u>de Hierro<\/u><\/strong><\/a><strong> <\/strong>(S. XX), entre otros interesantes rincones por descubrir.<\/p>\n\n\n\n<figure class=\"wp-block-embed is-type-video is-provider-youtube wp-block-embed-youtube wp-embed-aspect-16-9 wp-has-aspect-ratio\"><div class=\"wp-block-embed__wrapper\">\n<div class=\"ast-oembed-container \" style=\"height: 100%;\"><iframe loading=\"lazy\" title=\"Coria \u201cConjunto Monumental\u201d, destino tur\u00edstico del noroeste de Extremadura\" width=\"500\" height=\"281\" data-src=\"https:\/\/www.youtube.com\/embed\/M6VniblQWMo?feature=oembed\" frameborder=\"0\" allow=\"accelerometer; autoplay; clipboard-write; encrypted-media; gyroscope; picture-in-picture; web-share\" referrerpolicy=\"strict-origin-when-cross-origin\" allowfullscreen src=\"data:image\/gif;base64,R0lGODlhAQABAAAAACH5BAEKAAEALAAAAAABAAEAAAICTAEAOw==\" class=\"lazyload\" data-load-mode=\"1\"><\/iframe><\/div>\n<\/div><\/figure>\n\n\n\n<p>Grandes y soberbios monumentos conservados entre un entramado de calles que enamorar\u00e1n al turista, cuyo <strong>legado cultural y espiritual<\/strong> se exhiben en las colecciones conservadas en los <strong><u><a href=\"https:\/\/turismocoria.es\/turismo\/lugares-que-no-te-puedes-perder\/museo-catedralicio\/\" data-type=\"page\" data-id=\"501\">museos Catedralicio<\/a><\/u><\/strong> y <strong><u><a href=\"https:\/\/turismocoria.es\/turismo\/lugares-que-no-te-puedes-perder\/museo-de-la-carcel-real\/\" data-type=\"page\" data-id=\"503\">de la C\u00e1rcel Real<\/a><\/u><\/strong> de la tambi\u00e9n ciudad episcopal que fue, en su tiempo, el punto final de una de las peregrinaciones m\u00e1s importantes y conocidas de toda la pen\u00ednsula Ib\u00e9rica.&nbsp; Devoci\u00f3n, cultura y turismo en torno a las <strong>Santas Reliquias<\/strong> conservadas en la seo cauriense, convertidas en verdaderos tesoros sacros para el gozo y fervor de los fieles.&nbsp; Un rico legado de piezas y alhajas entre las que destacan una <strong><u>Santa Espina<\/u><\/strong> de la Corona, junto a un <strong><em><u>Lignum Crucis<\/u><\/em><\/strong> o fragmento de la Cruz de Jesucristo, adem\u00e1s del citado y excepcional <strong><u><a href=\"https:\/\/turismocoria.es\/turismo\/el-sagrado-mantel-de-la-ultima-cena\/\" data-type=\"page\" data-id=\"1176\">Sagrado Mantel de la \u00daltima Cena<\/a><\/u><\/strong>, como reliquia universal de la cristiandad.<\/p>\n\n\n\n<p>Un turismo cultural de interior, placentero y entretenido, cuya variada <strong>oferta cultural<\/strong>, <strong>gastron\u00f3mica<\/strong> y <strong>deportiva<\/strong> se prolongar\u00e1 en esta bella, hist\u00f3rica y milenaria localidad cauriense durante todo el <strong>per\u00edodo estival<\/strong> de los meses de julio, agosto y septiembre, a trav\u00e9s de una m\u00e1s que interesante programaci\u00f3n tur\u00edstica adaptada a la situaci\u00f3n actual que vivimos, segura, apacible y sostenible.<\/p>\n\n\n\n<figure class=\"wp-block-embed is-type-video is-provider-youtube wp-block-embed-youtube wp-embed-aspect-16-9 wp-has-aspect-ratio\"><div class=\"wp-block-embed__wrapper\">\n<div class=\"ast-oembed-container \" style=\"height: 100%;\"><iframe loading=\"lazy\" title=\"Coria: Arco\u00edris de Fiestas, Eventos y Tradiciones\u2026\" width=\"500\" height=\"281\" data-src=\"https:\/\/www.youtube.com\/embed\/syBofFwr38E?feature=oembed\" frameborder=\"0\" allow=\"accelerometer; autoplay; clipboard-write; encrypted-media; gyroscope; picture-in-picture; web-share\" referrerpolicy=\"strict-origin-when-cross-origin\" allowfullscreen src=\"data:image\/gif;base64,R0lGODlhAQABAAAAACH5BAEKAAEALAAAAAABAAEAAAICTAEAOw==\" class=\"lazyload\" data-load-mode=\"1\"><\/iframe><\/div>\n<\/div><\/figure>\n\n\n\n<p>En este sentido, desde el Consistorio cauriense se hace un llamamiento animando tanto al p\u00fablico local como al for\u00e1neo para que visiten la ciudad y vivan, en primera persona, este gran festival, del que esperemos sea del agrado de todos, con el fin de que disfrutemos de una gran semana cultural y tur\u00edstica, al objeto de que la Ciudad de Coria y nuestro Festival Internacional de Teatro suenen en todos los rincones de la geograf\u00eda extreme\u00f1a, espa\u00f1ola y del vecino pa\u00eds de Portugal.<\/p>\n\n\n\n<p>\u00a1Atenci\u00f3n!, se apagan las luces, empieza el espect\u00e1culo&#8230;<\/p>\n\n\n\n<figure class=\"wp-block-image aligncenter size-large\"><img loading=\"lazy\" decoding=\"async\" width=\"724\" height=\"1024\" data-src=\"https:\/\/turismocoria.es\/turismo\/wp-content\/uploads\/2024\/07\/festival-teatro-coria-24-724x1024.webp\" alt=\"\" class=\"wp-image-12684 lazyload\" data-srcset=\"https:\/\/turismocoria.es\/turismo\/wp-content\/uploads\/2024\/07\/festival-teatro-coria-24-724x1024.webp 724w, https:\/\/turismocoria.es\/turismo\/wp-content\/uploads\/2024\/07\/festival-teatro-coria-24-212x300.webp 212w, https:\/\/turismocoria.es\/turismo\/wp-content\/uploads\/2024\/07\/festival-teatro-coria-24-768x1086.webp 768w, https:\/\/turismocoria.es\/turismo\/wp-content\/uploads\/2024\/07\/festival-teatro-coria-24-50x71.webp 50w, https:\/\/turismocoria.es\/turismo\/wp-content\/uploads\/2024\/07\/festival-teatro-coria-24-1086x1536.webp 1086w, https:\/\/turismocoria.es\/turismo\/wp-content\/uploads\/2024\/07\/festival-teatro-coria-24.webp 1358w\" data-sizes=\"(max-width: 724px) 100vw, 724px\" src=\"data:image\/gif;base64,R0lGODlhAQABAAAAACH5BAEKAAEALAAAAAABAAEAAAICTAEAOw==\" style=\"--smush-placeholder-width: 724px; --smush-placeholder-aspect-ratio: 724\/1024;\" \/><noscript><img loading=\"lazy\" decoding=\"async\" width=\"724\" height=\"1024\" src=\"https:\/\/turismocoria.es\/turismo\/wp-content\/uploads\/2024\/07\/festival-teatro-coria-24-724x1024.webp\" alt=\"\" class=\"wp-image-12684\" srcset=\"https:\/\/turismocoria.es\/turismo\/wp-content\/uploads\/2024\/07\/festival-teatro-coria-24-724x1024.webp 724w, https:\/\/turismocoria.es\/turismo\/wp-content\/uploads\/2024\/07\/festival-teatro-coria-24-212x300.webp 212w, https:\/\/turismocoria.es\/turismo\/wp-content\/uploads\/2024\/07\/festival-teatro-coria-24-768x1086.webp 768w, https:\/\/turismocoria.es\/turismo\/wp-content\/uploads\/2024\/07\/festival-teatro-coria-24-50x71.webp 50w, https:\/\/turismocoria.es\/turismo\/wp-content\/uploads\/2024\/07\/festival-teatro-coria-24-1086x1536.webp 1086w, https:\/\/turismocoria.es\/turismo\/wp-content\/uploads\/2024\/07\/festival-teatro-coria-24.webp 1358w\" sizes=\"(max-width: 724px) 100vw, 724px\" \/><\/noscript><\/figure>\n\n\n\n<div data-wp-interactive=\"core\/file\" class=\"wp-block-file\"><object data-wp-bind--hidden=\"!state.hasPdfPreview\"  class=\"wp-block-file__embed\" data=\"https:\/\/turismocoria.es\/turismo\/wp-content\/uploads\/2024\/07\/DIPTICO-FESTIVAL-TEATRO-CORIA-SIENTELA-2024.pdf\" type=\"application\/pdf\" style=\"width:100%;height:600px\" aria-label=\"Incrustado de DIPTICO-FESTIVAL-TEATRO-CORIA-SIENTELA-2024.\"><\/object><a id=\"wp-block-file--media-2ba8e95b-ab1c-4db3-842b-b323ab79e16a\" href=\"https:\/\/turismocoria.es\/turismo\/wp-content\/uploads\/2024\/07\/DIPTICO-FESTIVAL-TEATRO-CORIA-SIENTELA-2024.pdf\">DIPTICO-FESTIVAL-TEATRO-CORIA-SIENTELA-2024<\/a><a href=\"https:\/\/turismocoria.es\/turismo\/wp-content\/uploads\/2024\/07\/DIPTICO-FESTIVAL-TEATRO-CORIA-SIENTELA-2024.pdf\" class=\"wp-block-file__button wp-element-button\" download aria-describedby=\"wp-block-file--media-2ba8e95b-ab1c-4db3-842b-b323ab79e16a\">Descarga<\/a><\/div>\n\n\n\n<p><strong>M\u00e1s Informaci\u00f3n en:<br>Oficina Municipal de Turismo<br><\/strong>Plaza de San Pedro, 1<br>Tlfno.: 927 50 80 00 Ext. 290<br>Email: <strong><a href=\"mailto:oficinaturismo@coria.org\">oficinaturismo@coria.org<\/a><\/strong><\/p>\n","protected":false},"excerpt":{"rendered":"<p>El Festival Internacional de Teatro Coria Si\u00e9ntela!, abre nuevamente el tel\u00f3n de este magn\u00edfico espect\u00e1culo cuyo escenario cobra vida con la puesta en escena de cada una de las representaciones estivales de teatro al aire libre en ese marco incomparable que es la puerta principal de la seo cauriense donde, como en cada edici\u00f3n, los [&hellip;]<\/p>\n","protected":false},"author":2,"featured_media":12683,"comment_status":"closed","ping_status":"closed","sticky":false,"template":"","format":"standard","meta":{"_uag_custom_page_level_css":"","site-sidebar-layout":"default","site-content-layout":"","ast-site-content-layout":"default","site-content-style":"default","site-sidebar-style":"default","ast-global-header-display":"","ast-banner-title-visibility":"","ast-main-header-display":"","ast-hfb-above-header-display":"","ast-hfb-below-header-display":"","ast-hfb-mobile-header-display":"","site-post-title":"","ast-breadcrumbs-content":"","ast-featured-img":"","footer-sml-layout":"","theme-transparent-header-meta":"","adv-header-id-meta":"","stick-header-meta":"","header-above-stick-meta":"","header-main-stick-meta":"","header-below-stick-meta":"","astra-migrate-meta-layouts":"set","ast-page-background-enabled":"default","ast-page-background-meta":{"desktop":{"background-color":"","background-image":"","background-repeat":"repeat","background-position":"center center","background-size":"auto","background-attachment":"scroll","background-type":"","background-media":"","overlay-type":"","overlay-color":"","overlay-opacity":"","overlay-gradient":""},"tablet":{"background-color":"","background-image":"","background-repeat":"repeat","background-position":"center center","background-size":"auto","background-attachment":"scroll","background-type":"","background-media":"","overlay-type":"","overlay-color":"","overlay-opacity":"","overlay-gradient":""},"mobile":{"background-color":"","background-image":"","background-repeat":"repeat","background-position":"center center","background-size":"auto","background-attachment":"scroll","background-type":"","background-media":"","overlay-type":"","overlay-color":"","overlay-opacity":"","overlay-gradient":""}},"ast-content-background-meta":{"desktop":{"background-color":"var(--ast-global-color-5)","background-image":"","background-repeat":"repeat","background-position":"center center","background-size":"auto","background-attachment":"scroll","background-type":"","background-media":"","overlay-type":"","overlay-color":"","overlay-opacity":"","overlay-gradient":""},"tablet":{"background-color":"var(--ast-global-color-5)","background-image":"","background-repeat":"repeat","background-position":"center center","background-size":"auto","background-attachment":"scroll","background-type":"","background-media":"","overlay-type":"","overlay-color":"","overlay-opacity":"","overlay-gradient":""},"mobile":{"background-color":"var(--ast-global-color-5)","background-image":"","background-repeat":"repeat","background-position":"center center","background-size":"auto","background-attachment":"scroll","background-type":"","background-media":"","overlay-type":"","overlay-color":"","overlay-opacity":"","overlay-gradient":""}},"_EventAllDay":false,"_EventTimezone":"","_EventStartDate":"","_EventEndDate":"","_EventStartDateUTC":"","_EventEndDateUTC":"","_EventShowMap":false,"_EventShowMapLink":false,"_EventURL":"","_EventCost":"","_EventCostDescription":"","_EventCurrencySymbol":"","_EventCurrencyCode":"","_EventCurrencyPosition":"","_EventDateTimeSeparator":"","_EventTimeRangeSeparator":"","_EventOrganizerID":[],"_EventVenueID":0,"_OrganizerEmail":"","_OrganizerPhone":"","_OrganizerWebsite":"","_VenueAddress":"","_VenueCity":"","_VenueCountry":"","_VenueProvince":"","_VenueZip":"","_VenuePhone":"","_VenueURL":"","_VenueStateProvince":"","_VenueLat":"","_VenueLng":"","footnotes":""},"categories":[33],"tags":[],"class_list":["post-12493","post","type-post","status-publish","format-standard","has-post-thumbnail","hentry","category-sin-categorizar"],"featured_image_src":"https:\/\/turismocoria.es\/turismo\/wp-content\/uploads\/2024\/07\/Festival-Teatro-Coria-Sientela-2024-scaled-1-600x400.webp","featured_image_src_square":"https:\/\/turismocoria.es\/turismo\/wp-content\/uploads\/2024\/07\/Festival-Teatro-Coria-Sientela-2024-scaled-1-600x600.webp","author_info":{"display_name":"turismo","author_link":"https:\/\/turismocoria.es\/turismo\/author\/turismo\/"},"uagb_featured_image_src":{"full":["https:\/\/turismocoria.es\/turismo\/wp-content\/uploads\/2024\/07\/Festival-Teatro-Coria-Sientela-2024-scaled-1.webp",2560,1440,false],"thumbnail":["https:\/\/turismocoria.es\/turismo\/wp-content\/uploads\/2024\/07\/Festival-Teatro-Coria-Sientela-2024-scaled-1-150x150.webp",150,150,true],"medium":["https:\/\/turismocoria.es\/turismo\/wp-content\/uploads\/2024\/07\/Festival-Teatro-Coria-Sientela-2024-scaled-1-300x169.webp",300,169,true],"medium_large":["https:\/\/turismocoria.es\/turismo\/wp-content\/uploads\/2024\/07\/Festival-Teatro-Coria-Sientela-2024-scaled-1-768x432.webp",768,432,true],"large":["https:\/\/turismocoria.es\/turismo\/wp-content\/uploads\/2024\/07\/Festival-Teatro-Coria-Sientela-2024-scaled-1-1024x576.webp",1024,576,true],"gs-tiny":["https:\/\/turismocoria.es\/turismo\/wp-content\/uploads\/2024\/07\/Festival-Teatro-Coria-Sientela-2024-scaled-1-50x28.webp",50,28,true],"xl":["https:\/\/turismocoria.es\/turismo\/wp-content\/uploads\/2024\/07\/Festival-Teatro-Coria-Sientela-2024-scaled-1-1600x900.webp",1600,900,true],"xxl":["https:\/\/turismocoria.es\/turismo\/wp-content\/uploads\/2024\/07\/Festival-Teatro-Coria-Sientela-2024-scaled-1-2200x1238.webp",2200,1238,true],"xxxl":["https:\/\/turismocoria.es\/turismo\/wp-content\/uploads\/2024\/07\/Festival-Teatro-Coria-Sientela-2024-scaled-1.webp",2560,1440,false],"xxxxl":["https:\/\/turismocoria.es\/turismo\/wp-content\/uploads\/2024\/07\/Festival-Teatro-Coria-Sientela-2024-scaled-1.webp",2560,1440,false],"xxxxxl":["https:\/\/turismocoria.es\/turismo\/wp-content\/uploads\/2024\/07\/Festival-Teatro-Coria-Sientela-2024-scaled-1.webp",2560,1440,false],"1536x1536":["https:\/\/turismocoria.es\/turismo\/wp-content\/uploads\/2024\/07\/Festival-Teatro-Coria-Sientela-2024-scaled-1-1536x864.webp",1536,864,true],"2048x2048":["https:\/\/turismocoria.es\/turismo\/wp-content\/uploads\/2024\/07\/Festival-Teatro-Coria-Sientela-2024-scaled-1-2048x1152.webp",2048,1152,true],"ultp_layout_landscape_large":["https:\/\/turismocoria.es\/turismo\/wp-content\/uploads\/2024\/07\/Festival-Teatro-Coria-Sientela-2024-scaled-1-1200x800.webp",1200,800,true],"ultp_layout_landscape":["https:\/\/turismocoria.es\/turismo\/wp-content\/uploads\/2024\/07\/Festival-Teatro-Coria-Sientela-2024-scaled-1-870x570.webp",870,570,true],"ultp_layout_portrait":["https:\/\/turismocoria.es\/turismo\/wp-content\/uploads\/2024\/07\/Festival-Teatro-Coria-Sientela-2024-scaled-1-600x900.webp",600,900,true],"ultp_layout_square":["https:\/\/turismocoria.es\/turismo\/wp-content\/uploads\/2024\/07\/Festival-Teatro-Coria-Sientela-2024-scaled-1-600x600.webp",600,600,true],"gb-block-post-grid-landscape":["https:\/\/turismocoria.es\/turismo\/wp-content\/uploads\/2024\/07\/Festival-Teatro-Coria-Sientela-2024-scaled-1-600x400.webp",600,400,true],"gb-block-post-grid-square":["https:\/\/turismocoria.es\/turismo\/wp-content\/uploads\/2024\/07\/Festival-Teatro-Coria-Sientela-2024-scaled-1-600x600.webp",600,600,true]},"uagb_author_info":{"display_name":"turismo","author_link":"https:\/\/turismocoria.es\/turismo\/author\/turismo\/"},"uagb_comment_info":0,"uagb_excerpt":"El Festival Internacional de Teatro Coria Si\u00e9ntela!, abre nuevamente el tel\u00f3n de este magn\u00edfico espect\u00e1culo cuyo escenario cobra vida con la puesta en escena de cada una de las representaciones estivales de teatro al aire libre en ese marco incomparable que es la puerta principal de la seo cauriense donde, como en cada edici\u00f3n, los&hellip;","_links":{"self":[{"href":"https:\/\/turismocoria.es\/turismo\/wp-json\/wp\/v2\/posts\/12493"}],"collection":[{"href":"https:\/\/turismocoria.es\/turismo\/wp-json\/wp\/v2\/posts"}],"about":[{"href":"https:\/\/turismocoria.es\/turismo\/wp-json\/wp\/v2\/types\/post"}],"author":[{"embeddable":true,"href":"https:\/\/turismocoria.es\/turismo\/wp-json\/wp\/v2\/users\/2"}],"replies":[{"embeddable":true,"href":"https:\/\/turismocoria.es\/turismo\/wp-json\/wp\/v2\/comments?post=12493"}],"version-history":[{"count":3,"href":"https:\/\/turismocoria.es\/turismo\/wp-json\/wp\/v2\/posts\/12493\/revisions"}],"predecessor-version":[{"id":12685,"href":"https:\/\/turismocoria.es\/turismo\/wp-json\/wp\/v2\/posts\/12493\/revisions\/12685"}],"wp:featuredmedia":[{"embeddable":true,"href":"https:\/\/turismocoria.es\/turismo\/wp-json\/wp\/v2\/media\/12683"}],"wp:attachment":[{"href":"https:\/\/turismocoria.es\/turismo\/wp-json\/wp\/v2\/media?parent=12493"}],"wp:term":[{"taxonomy":"category","embeddable":true,"href":"https:\/\/turismocoria.es\/turismo\/wp-json\/wp\/v2\/categories?post=12493"},{"taxonomy":"post_tag","embeddable":true,"href":"https:\/\/turismocoria.es\/turismo\/wp-json\/wp\/v2\/tags?post=12493"}],"curies":[{"name":"wp","href":"https:\/\/api.w.org\/{rel}","templated":true}]}}