{"id":12405,"date":"2024-04-30T09:45:44","date_gmt":"2024-04-30T07:45:44","guid":{"rendered":"https:\/\/turismocoria.es\/turismo\/?p=12405"},"modified":"2024-04-30T10:05:30","modified_gmt":"2024-04-30T08:05:30","slug":"la-ciudad-de-coria-se-viste-de-gala-para-celebrar-las-fiestas-en-honor-a-la-patrona-de-la-diocesis","status":"publish","type":"post","link":"https:\/\/turismocoria.es\/turismo\/la-ciudad-de-coria-se-viste-de-gala-para-celebrar-las-fiestas-en-honor-a-la-patrona-de-la-diocesis\/","title":{"rendered":"La Ciudad de Coria se viste de gala para celebrar las Fiestas en Honor a la Patrona de la Di\u00f3cesis"},"content":{"rendered":"\n<p><strong>Homenaje anual que el pueblo cauriense dedica a su Patrona, como festividad religiosa que se celebra tanto en la propia Ciudad de Coria como en el Santuario de Ntra. Sra. Virgen de Argeme, a trav\u00e9s de los m\u00faltiples actos dise\u00f1ados que tienen sus momentos m\u00e1s \u00e1lgidos con la bajada, salve de las luces, procesi\u00f3n mayor, subida, romer\u00eda y posterior disfrute de los congregados de un agradable y festivo d\u00eda de campo.<\/strong><\/p>\n\n\n\n<p>Durante la celebraci\u00f3n de las <strong><u><a href=\"https:\/\/turismocoria.es\/turismo\/otras-festividades-donde-divertirse\/festividad-de-la-virgen-de-argeme\/\" data-type=\"page\" data-id=\"862\">Fiestas Patronales de la Virgen de Argeme<\/a><\/u><\/strong>, el visitante podr\u00e1 sentir, disfrutar, conocer y ahondar, dentro del turismo cultural, en la historia de la que est\u00e1 considerada la <strong>novena poblaci\u00f3n m\u00e1s antigua<\/strong> <strong>de toda Espa\u00f1a<\/strong>, como es la <strong><u><a href=\"https:\/\/turismocoria.es\/turismo\/fr\/coria-historia-cultura-naturaleza-gastronomia-y-deporte\/\" data-type=\"page\" data-id=\"11690\">Ciudad de Coria<\/a><\/u><\/strong>, por medio de su visita por el bimilenario <strong><u><a href=\"https:\/\/turismocoria.es\/turismo\/lugares-que-no-te-puedes-perder\/casco-historico\/\" data-type=\"page\" data-id=\"732\">Casco Hist\u00f3rico<\/a><\/u><\/strong>, sobre cuyo silencio emergen los recuerdos de su florida antig\u00fcedad descritos en las cicatrices de las piedras de los vetustos monumentos de una villa fraguada los distintos pueblos que se asentaron por estas ricas tierras de vega: vettones, romanos, visigodos, \u00e1rabes, jud\u00edos y cristianos.<\/p>\n\n\n\n<p>Unos actos que se iniciar\u00e1n este pr\u00f3ximo <strong>jueves<\/strong>, <strong>2 de mayo<\/strong>, a partir de las <strong>17:30 horas<\/strong>, con la tradicional <strong>Bajada<\/strong><strong> de la Virgen de Argeme<\/strong> desde su Santuario ubicado en la antigua Dehesa de Malpartida hasta la Catedral de la Asunci\u00f3n, siendo recibida por la Corporaci\u00f3n Municipal y la ciudadan\u00eda cauriense en el Camino de la Virgen a las 20:00 horas, adem\u00e1s de por el Cabildo Catedralicia, a las 20:30 horas, en la Puerta Nueva o del Carmen.<\/p>\n\n\n\n<p>Adem\u00e1s, durante estas dos semanas en las que la Virgen de Argeme preside el altar mayor de la catedral cauriense, son innumerables los actos que se llevan a cabo en honor a la Patrona de Coria y su Di\u00f3cesis, que tienen su culmen con la denominada <strong>Salve<\/strong><strong> de las Luces<\/strong>, como remate pirot\u00e9cnico de las fiestas llevado a cabo en la plaza de la Catedral el <strong>s\u00e1bado<\/strong>, <strong>11 de mayo<\/strong>, a las <strong>24:00 horas<\/strong>.<\/p>\n\n\n\n<p>Mientras que el <strong>domingo<\/strong>, <strong>12 de mayo<\/strong>, a partir de las <strong>18:00 horas<\/strong>, tendr\u00e1 lugar la <strong>Misa Pontifical<\/strong><strong> y Procesi\u00f3n Mayor<\/strong> que, presidida por el Excmo. Sr. Obispo de la Di\u00f3cesis de Coria-C\u00e1ceres y contando con la presencia del Cabildo Catedral y la propia Corporaci\u00f3n Municipal bajo mazas, recorrer\u00e1 las principales avenidas y calles de la Ciudad de Coria por las que la Virgen de Argeme, sentada en su trono sobre sus andas, ser\u00e1 portada por los hermanos cofrades pasando por debajo de diferentes arcos triunfales ornamentados floralmente y entre una lluvia de p\u00e9talos, v\u00edtores y salutaciones salidas de lo m\u00e1s hondo de los corazones de los corianos, bajo el son de las notas interpretadas por una banda de m\u00fasica y el acompa\u00f1amiento de las distintas cofrad\u00edas de la localidad, portando sus respectivos estandartes, junto al resto de fieles en general.<\/p>\n\n\n\n<p>Al d\u00eda siguiente, <strong>lunes<\/strong>, <strong>13 de mayo<\/strong>, tendr\u00e1 lugar la <strong>Subida de la Virgen de Argeme<\/strong> que retornar\u00e1 nuevamente a su Santuario, donde se oficiar\u00e1 una <strong>Misa de Campa\u00f1a<\/strong>, a las <strong>12:00 horas<\/strong>, y posterior disfrute de los asistentes de un agradable y festivo d\u00eda de ca\u00f1eo entre familiares y amigos, en los numerosos tenderetes habilitados en los alrededores de la Ermita, m\u00e1s de campo y de viandas bajo la sombra que proporcionan los encinares y arboledas que pueblan las inmediaciones en la tradicional <strong>Romer\u00eda<\/strong>.<\/p>\n\n\n\n<figure class=\"wp-block-embed is-type-video is-provider-youtube wp-block-embed-youtube wp-embed-aspect-16-9 wp-has-aspect-ratio\"><div class=\"wp-block-embed__wrapper\">\n<div class=\"ast-oembed-container \" style=\"height: 100%;\"><iframe loading=\"lazy\" title=\"Salve a la Virgen de Argeme. Coria (C\u00e1ceres) 07-05-22\" width=\"500\" height=\"281\" data-src=\"https:\/\/www.youtube.com\/embed\/dQOL0fQyCoo?feature=oembed\" frameborder=\"0\" allow=\"accelerometer; autoplay; clipboard-write; encrypted-media; gyroscope; picture-in-picture; web-share\" referrerpolicy=\"strict-origin-when-cross-origin\" allowfullscreen src=\"data:image\/gif;base64,R0lGODlhAQABAAAAACH5BAEKAAEALAAAAAABAAEAAAICTAEAOw==\" class=\"lazyload\" data-load-mode=\"1\"><\/iframe><\/div>\n<\/div><\/figure>\n\n\n\n<p>En definitiva, una atractiva festividad, a trav\u00e9s de la cual poder conocer las sucesivas etapas cronol\u00f3gicas de la longeva historia cauriense han quedado en parte atestiguadas en parte por el magn\u00edfico <strong>Conjunto Monumental<\/strong> que conserva la ciudad.\u00a0 Desde las volum\u00e9tricas <strong><u><a href=\"https:\/\/turismocoria.es\/turismo\/lugares-que-no-te-puedes-perder\/murallas-romanas\/\" data-type=\"page\" data-id=\"497\">Murallas Romanas<\/a><\/u><\/strong> (S. I) que lo circundan como una de las fortalezas de origen romano mejor conservadas en su conjunto de entre todas las halladas en el resto de Europa; pasando por los soberbios y se\u00f1oriales <strong><u><a href=\"https:\/\/turismocoria.es\/turismo\/lugares-que-no-te-puedes-perder\/castillo-de-los-duques-de-alba\/\" data-type=\"page\" data-id=\"226\">Castillo<\/a><\/u><\/strong> (S. XV) y <strong><u><a href=\"https:\/\/turismocoria.es\/turismo\/otros-rincones-por-descubrir\/palacio-de-los-duques-de-alba\/\" data-type=\"page\" data-id=\"509\">Palacio de los Duques de Alba<\/a><\/u><\/strong> (S. XV-XVI) como s\u00edmbolos del rancio poder nobiliario; hasta la magna <strong><u><a href=\"https:\/\/turismocoria.es\/turismo\/lugares-que-no-te-puedes-perder\/catedral\/\" data-type=\"page\" data-id=\"488\">Catedral de Santa Mar\u00eda de la Asunci\u00f3n<\/a><\/u><\/strong> (S. XV-XVIII) joya del g\u00f3tico-plateresco extreme\u00f1o en la que se custodia esa misteriosa reliquia universal del <strong><u><a href=\"https:\/\/turismocoria.es\/turismo\/el-sagrado-mantel-de-la-ultima-cena\/\" data-type=\"page\" data-id=\"1176\">Sagrado Mantel de la \u00daltima Cena<\/a><\/u><\/strong>; adem\u00e1s del <strong><u><a href=\"https:\/\/turismocoria.es\/turismo\/otros-rincones-por-descubrir\/palacio-episcopal\/\" data-type=\"page\" data-id=\"511\">Palacio Episcopal<\/a><\/u> <\/strong>(S. XVII), la <strong><u><a href=\"https:\/\/turismocoria.es\/turismo\/otros-rincones-por-descubrir\/iglesia-santiago-apostol\/\" data-type=\"page\" data-id=\"514\">Iglesia de Santiago Ap\u00f3stol<\/a><\/u> <\/strong>(S. XVI-XVIII), el <strong><u><a href=\"https:\/\/turismocoria.es\/turismo\/lugares-que-no-te-puedes-perder\/convento-de-la-madre-de-dios\/\" data-type=\"page\" data-id=\"499\">Convento de la Madre de Dios<\/a><\/u> <\/strong>(S. XVI-XVII), el <strong><u><a href=\"https:\/\/turismocoria.es\/turismo\/otros-rincones-por-descubrir\/hospital-san-nicolas-de-bari\/\" data-type=\"page\" data-id=\"521\">Hospital de San Nicol\u00e1s de Bari<\/a><\/u> <\/strong>(S. XVI-XIX), el <strong><u><a href=\"https:\/\/turismocoria.es\/turismo\/otros-rincones-por-descubrir\/colegio-seminario-conciliar\/\" data-type=\"page\" data-id=\"744\">Colegio-Seminario Mayor Conciliar<\/a><\/u><\/strong> (S. XVII-XIX), las <strong><u><a href=\"https:\/\/turismocoria.es\/turismo\/otros-rincones-por-descubrir\/carcel-real\/\" data-type=\"page\" data-id=\"2958\">C\u00e1rceles Real<\/a><\/u> <\/strong>(S. XVII), convertida en Museo de Historia, Arqueolog\u00eda y Etnograf\u00eda, y <strong><u><a href=\"https:\/\/turismocoria.es\/turismo\/otros-rincones-por-descubrir\/carcel-eclesiastica\/\" data-type=\"page\" data-id=\"517\">Eclesi\u00e1stica<\/a><\/u> <\/strong>(S. XVIII), el <strong><u><a href=\"https:\/\/turismocoria.es\/turismo\/lugares-que-no-te-puedes-perder\/santuario-de-la-virgen-de-argeme\/\" data-type=\"page\" data-id=\"505\">Santuario de Nuestra Se\u00f1ora Virgen de Argeme<\/a><\/u><\/strong> (S. XVII-XVIII) a extramuros; o los <strong><u><a href=\"https:\/\/turismocoria.es\/turismo\/otros-rincones-por-descubrir\/puente-de-piedra\/\" data-type=\"page\" data-id=\"529\">Puentes de Piedra<\/a><\/u> <\/strong>(S. XVI) y <strong><u><a href=\"https:\/\/turismocoria.es\/turismo\/otros-rincones-por-descubrir\/puente-de-hierro\/\" data-type=\"page\" data-id=\"531\">de Hierro<\/a><\/u> <\/strong>(S. XX), entre otros interesantes rincones por descubrir.<\/p>\n\n\n\n<figure class=\"wp-block-embed is-type-video is-provider-youtube wp-block-embed-youtube wp-embed-aspect-16-9 wp-has-aspect-ratio\"><div class=\"wp-block-embed__wrapper\">\n<div class=\"ast-oembed-container \" style=\"height: 100%;\"><iframe loading=\"lazy\" title=\"Coria \u201cConjunto Monumental\u201d, destino tur\u00edstico del noroeste de Extremadura\" width=\"500\" height=\"281\" data-src=\"https:\/\/www.youtube.com\/embed\/M6VniblQWMo?feature=oembed\" frameborder=\"0\" allow=\"accelerometer; autoplay; clipboard-write; encrypted-media; gyroscope; picture-in-picture; web-share\" referrerpolicy=\"strict-origin-when-cross-origin\" allowfullscreen src=\"data:image\/gif;base64,R0lGODlhAQABAAAAACH5BAEKAAEALAAAAAABAAEAAAICTAEAOw==\" class=\"lazyload\" data-load-mode=\"1\"><\/iframe><\/div>\n<\/div><\/figure>\n\n\n\n<p>El momento id\u00f3neo convertido en extraordinario escaparate para ver, escuchar, oler y sentir tambi\u00e9n la primavera, con el que la Concejal\u00eda de Turismo pretende a su vez recuperar, como ya lo fueran desde anta\u00f1o, la atracci\u00f3n y el fervor de cientos de peregrinos creyentes, y tambi\u00e9n esc\u00e9pticos, al objeto de que, tanto la seo, como la ciudad cauriense, se conviertan nuevamente en epicentro de reclamo y punto de encuentro de devoci\u00f3n espiritual, cultura y peregrinaci\u00f3n dentro del <strong>turismo religioso<\/strong> mundial, con el fin de venerar el <strong><u><a href=\"https:\/\/turismocoria.es\/turismo\/el-sagrado-mantel-de-la-ultima-cena\/\" data-type=\"page\" data-id=\"1176\">Sagrado Mantel de la \u00daltima Cena<\/a><\/u><\/strong>, como reliquia universal de la cristiandad.<\/p>\n\n\n\n<figure class=\"wp-block-embed is-type-video is-provider-youtube wp-block-embed-youtube wp-embed-aspect-16-9 wp-has-aspect-ratio\"><div class=\"wp-block-embed__wrapper\">\n<div class=\"ast-oembed-container \" style=\"height: 100%;\"><iframe loading=\"lazy\" title=\"El Sagrado Mantel de Coria: Cultura, Devoci\u00f3n y Turismo - Reliquia Universal de la Cristiandad\" width=\"500\" height=\"281\" data-src=\"https:\/\/www.youtube.com\/embed\/qBfoZ48Qe9Q?feature=oembed\" frameborder=\"0\" allow=\"accelerometer; autoplay; clipboard-write; encrypted-media; gyroscope; picture-in-picture; web-share\" referrerpolicy=\"strict-origin-when-cross-origin\" allowfullscreen src=\"data:image\/gif;base64,R0lGODlhAQABAAAAACH5BAEKAAEALAAAAAABAAEAAAICTAEAOw==\" class=\"lazyload\" data-load-mode=\"1\"><\/iframe><\/div>\n<\/div><\/figure>\n\n\n\n<p>Milenarias huellas de la historia del pasado cauriense atesorado, de las que el turista podr\u00e1 sentir y disfrutar de esta variada oferta tur\u00edstica que, a buen seguro, cubrir\u00e1 todas las necesidades y los gustos de aquellos viajeros que nos visiten para deleitarse en plenitud de nuestras amables gentes y del rico legado Patrimonial Cultural y Natural heredado desde siglos pret\u00e9ritos.<\/p>\n\n\n\n<figure class=\"wp-block-embed is-type-video is-provider-youtube wp-block-embed-youtube wp-embed-aspect-16-9 wp-has-aspect-ratio\"><div class=\"wp-block-embed__wrapper\">\n<div class=\"ast-oembed-container \" style=\"height: 100%;\"><iframe loading=\"lazy\" title=\"Coria, un paraiso para los sentidos\" width=\"500\" height=\"281\" data-src=\"https:\/\/www.youtube.com\/embed\/wgXtGKiUtpg?feature=oembed\" frameborder=\"0\" allow=\"accelerometer; autoplay; clipboard-write; encrypted-media; gyroscope; picture-in-picture; web-share\" referrerpolicy=\"strict-origin-when-cross-origin\" allowfullscreen src=\"data:image\/gif;base64,R0lGODlhAQABAAAAACH5BAEKAAEALAAAAAABAAEAAAICTAEAOw==\" class=\"lazyload\" data-load-mode=\"1\"><\/iframe><\/div>\n<\/div><\/figure>\n\n\n\n<p><strong>M\u00e1s Informaci\u00f3n en:<br>Oficina Municipal de Turismo<br><\/strong>Plaza de San Pedro, 1<br>Tlfno.: 927 50 80 00 Ext. 290<br>Email: <strong><a href=\"mailto:oficinaturismo@coria.org\">oficinaturismo@coria.org<\/a><\/strong><\/p>\n","protected":false},"excerpt":{"rendered":"<p>Homenaje anual que el pueblo cauriense dedica a su Patrona, como festividad religiosa que se celebra tanto en la propia Ciudad de Coria como en el Santuario de Ntra. Sra. Virgen de Argeme, a trav\u00e9s de los m\u00faltiples actos dise\u00f1ados que tienen sus momentos m\u00e1s \u00e1lgidos con la bajada, salve de las luces, procesi\u00f3n mayor, [&hellip;]<\/p>\n","protected":false},"author":2,"featured_media":12406,"comment_status":"closed","ping_status":"closed","sticky":false,"template":"","format":"standard","meta":{"_uag_custom_page_level_css":"","site-sidebar-layout":"default","site-content-layout":"","ast-site-content-layout":"default","site-content-style":"default","site-sidebar-style":"default","ast-global-header-display":"","ast-banner-title-visibility":"","ast-main-header-display":"","ast-hfb-above-header-display":"","ast-hfb-below-header-display":"","ast-hfb-mobile-header-display":"","site-post-title":"","ast-breadcrumbs-content":"","ast-featured-img":"","footer-sml-layout":"","theme-transparent-header-meta":"","adv-header-id-meta":"","stick-header-meta":"","header-above-stick-meta":"","header-main-stick-meta":"","header-below-stick-meta":"","astra-migrate-meta-layouts":"set","ast-page-background-enabled":"default","ast-page-background-meta":{"desktop":{"background-color":"","background-image":"","background-repeat":"repeat","background-position":"center center","background-size":"auto","background-attachment":"scroll","background-type":"","background-media":"","overlay-type":"","overlay-color":"","overlay-opacity":"","overlay-gradient":""},"tablet":{"background-color":"","background-image":"","background-repeat":"repeat","background-position":"center center","background-size":"auto","background-attachment":"scroll","background-type":"","background-media":"","overlay-type":"","overlay-color":"","overlay-opacity":"","overlay-gradient":""},"mobile":{"background-color":"","background-image":"","background-repeat":"repeat","background-position":"center center","background-size":"auto","background-attachment":"scroll","background-type":"","background-media":"","overlay-type":"","overlay-color":"","overlay-opacity":"","overlay-gradient":""}},"ast-content-background-meta":{"desktop":{"background-color":"var(--ast-global-color-5)","background-image":"","background-repeat":"repeat","background-position":"center center","background-size":"auto","background-attachment":"scroll","background-type":"","background-media":"","overlay-type":"","overlay-color":"","overlay-opacity":"","overlay-gradient":""},"tablet":{"background-color":"var(--ast-global-color-5)","background-image":"","background-repeat":"repeat","background-position":"center center","background-size":"auto","background-attachment":"scroll","background-type":"","background-media":"","overlay-type":"","overlay-color":"","overlay-opacity":"","overlay-gradient":""},"mobile":{"background-color":"var(--ast-global-color-5)","background-image":"","background-repeat":"repeat","background-position":"center center","background-size":"auto","background-attachment":"scroll","background-type":"","background-media":"","overlay-type":"","overlay-color":"","overlay-opacity":"","overlay-gradient":""}},"_EventAllDay":false,"_EventTimezone":"","_EventStartDate":"","_EventEndDate":"","_EventStartDateUTC":"","_EventEndDateUTC":"","_EventShowMap":false,"_EventShowMapLink":false,"_EventURL":"","_EventCost":"","_EventCostDescription":"","_EventCurrencySymbol":"","_EventCurrencyCode":"","_EventCurrencyPosition":"","_EventDateTimeSeparator":"","_EventTimeRangeSeparator":"","_EventOrganizerID":[],"_EventVenueID":0,"_OrganizerEmail":"","_OrganizerPhone":"","_OrganizerWebsite":"","_VenueAddress":"","_VenueCity":"","_VenueCountry":"","_VenueProvince":"","_VenueZip":"","_VenuePhone":"","_VenueURL":"","_VenueStateProvince":"","_VenueLat":"","_VenueLng":"","footnotes":""},"categories":[33],"tags":[],"class_list":["post-12405","post","type-post","status-publish","format-standard","has-post-thumbnail","hentry","category-sin-categorizar"],"featured_image_src":"https:\/\/turismocoria.es\/turismo\/wp-content\/uploads\/2024\/04\/Coria-y-su-Patrona-2024-600x400.jpg","featured_image_src_square":"https:\/\/turismocoria.es\/turismo\/wp-content\/uploads\/2024\/04\/Coria-y-su-Patrona-2024-600x600.jpg","author_info":{"display_name":"turismo","author_link":"https:\/\/turismocoria.es\/turismo\/author\/turismo\/"},"uagb_featured_image_src":{"full":["https:\/\/turismocoria.es\/turismo\/wp-content\/uploads\/2024\/04\/Coria-y-su-Patrona-2024.jpg",1772,1183,false],"thumbnail":["https:\/\/turismocoria.es\/turismo\/wp-content\/uploads\/2024\/04\/Coria-y-su-Patrona-2024-150x150.jpg",150,150,true],"medium":["https:\/\/turismocoria.es\/turismo\/wp-content\/uploads\/2024\/04\/Coria-y-su-Patrona-2024-300x200.jpg",300,200,true],"medium_large":["https:\/\/turismocoria.es\/turismo\/wp-content\/uploads\/2024\/04\/Coria-y-su-Patrona-2024-768x513.jpg",768,513,true],"large":["https:\/\/turismocoria.es\/turismo\/wp-content\/uploads\/2024\/04\/Coria-y-su-Patrona-2024-1024x684.jpg",1024,684,true],"gs-tiny":["https:\/\/turismocoria.es\/turismo\/wp-content\/uploads\/2024\/04\/Coria-y-su-Patrona-2024-50x33.jpg",50,33,true],"xl":["https:\/\/turismocoria.es\/turismo\/wp-content\/uploads\/2024\/04\/Coria-y-su-Patrona-2024-1600x1068.jpg",1600,1068,true],"xxl":["https:\/\/turismocoria.es\/turismo\/wp-content\/uploads\/2024\/04\/Coria-y-su-Patrona-2024.jpg",1772,1183,false],"xxxl":["https:\/\/turismocoria.es\/turismo\/wp-content\/uploads\/2024\/04\/Coria-y-su-Patrona-2024.jpg",1772,1183,false],"xxxxl":["https:\/\/turismocoria.es\/turismo\/wp-content\/uploads\/2024\/04\/Coria-y-su-Patrona-2024.jpg",1772,1183,false],"xxxxxl":["https:\/\/turismocoria.es\/turismo\/wp-content\/uploads\/2024\/04\/Coria-y-su-Patrona-2024.jpg",1772,1183,false],"1536x1536":["https:\/\/turismocoria.es\/turismo\/wp-content\/uploads\/2024\/04\/Coria-y-su-Patrona-2024-1536x1025.jpg",1536,1025,true],"2048x2048":["https:\/\/turismocoria.es\/turismo\/wp-content\/uploads\/2024\/04\/Coria-y-su-Patrona-2024.jpg",1772,1183,false],"ultp_layout_landscape_large":["https:\/\/turismocoria.es\/turismo\/wp-content\/uploads\/2024\/04\/Coria-y-su-Patrona-2024-1200x800.jpg",1200,800,true],"ultp_layout_landscape":["https:\/\/turismocoria.es\/turismo\/wp-content\/uploads\/2024\/04\/Coria-y-su-Patrona-2024-870x570.jpg",870,570,true],"ultp_layout_portrait":["https:\/\/turismocoria.es\/turismo\/wp-content\/uploads\/2024\/04\/Coria-y-su-Patrona-2024-600x900.jpg",600,900,true],"ultp_layout_square":["https:\/\/turismocoria.es\/turismo\/wp-content\/uploads\/2024\/04\/Coria-y-su-Patrona-2024-600x600.jpg",600,600,true],"gb-block-post-grid-landscape":["https:\/\/turismocoria.es\/turismo\/wp-content\/uploads\/2024\/04\/Coria-y-su-Patrona-2024-600x400.jpg",600,400,true],"gb-block-post-grid-square":["https:\/\/turismocoria.es\/turismo\/wp-content\/uploads\/2024\/04\/Coria-y-su-Patrona-2024-600x600.jpg",600,600,true]},"uagb_author_info":{"display_name":"turismo","author_link":"https:\/\/turismocoria.es\/turismo\/author\/turismo\/"},"uagb_comment_info":0,"uagb_excerpt":"Homenaje anual que el pueblo cauriense dedica a su Patrona, como festividad religiosa que se celebra tanto en la propia Ciudad de Coria como en el Santuario de Ntra. Sra. Virgen de Argeme, a trav\u00e9s de los m\u00faltiples actos dise\u00f1ados que tienen sus momentos m\u00e1s \u00e1lgidos con la bajada, salve de las luces, procesi\u00f3n mayor,&hellip;","_links":{"self":[{"href":"https:\/\/turismocoria.es\/turismo\/wp-json\/wp\/v2\/posts\/12405"}],"collection":[{"href":"https:\/\/turismocoria.es\/turismo\/wp-json\/wp\/v2\/posts"}],"about":[{"href":"https:\/\/turismocoria.es\/turismo\/wp-json\/wp\/v2\/types\/post"}],"author":[{"embeddable":true,"href":"https:\/\/turismocoria.es\/turismo\/wp-json\/wp\/v2\/users\/2"}],"replies":[{"embeddable":true,"href":"https:\/\/turismocoria.es\/turismo\/wp-json\/wp\/v2\/comments?post=12405"}],"version-history":[{"count":2,"href":"https:\/\/turismocoria.es\/turismo\/wp-json\/wp\/v2\/posts\/12405\/revisions"}],"predecessor-version":[{"id":12410,"href":"https:\/\/turismocoria.es\/turismo\/wp-json\/wp\/v2\/posts\/12405\/revisions\/12410"}],"wp:featuredmedia":[{"embeddable":true,"href":"https:\/\/turismocoria.es\/turismo\/wp-json\/wp\/v2\/media\/12406"}],"wp:attachment":[{"href":"https:\/\/turismocoria.es\/turismo\/wp-json\/wp\/v2\/media?parent=12405"}],"wp:term":[{"taxonomy":"category","embeddable":true,"href":"https:\/\/turismocoria.es\/turismo\/wp-json\/wp\/v2\/categories?post=12405"},{"taxonomy":"post_tag","embeddable":true,"href":"https:\/\/turismocoria.es\/turismo\/wp-json\/wp\/v2\/tags?post=12405"}],"curies":[{"name":"wp","href":"https:\/\/api.w.org\/{rel}","templated":true}]}}