{"id":12358,"date":"2024-04-08T13:47:44","date_gmt":"2024-04-08T11:47:44","guid":{"rendered":"https:\/\/turismocoria.es\/turismo\/?p=12358"},"modified":"2024-04-08T14:08:19","modified_gmt":"2024-04-08T12:08:19","slug":"coria-sabor-de-primavera-2024","status":"publish","type":"post","link":"https:\/\/turismocoria.es\/turismo\/coria-sabor-de-primavera-2024\/","title":{"rendered":"Coria Sabor de Primavera 2024"},"content":{"rendered":"\n<p><strong>La experiencia de descubrir y conocer la milenaria historia de la Ciudad de Coria descrita en su centenario conjunto monumental, a trav\u00e9s de una amplia oferta tur\u00edstica dirigida a los amantes de la cultura, la naturaleza, la bot\u00e1nica, la ornitolog\u00eda, el deporte, la astronom\u00eda o incluso la propia gastronom\u00eda durante este primaveral mes de abril.<\/strong><\/p>\n\n\n\n<p>El sugerente y atractivo evento tur\u00edstico <strong>\u201c<u>Coria Sabor de Primavera<\/u>\u201d<\/strong>, se desarrollar\u00e1 <strong>del 1 al 30 de abril<\/strong>, y especialmente durante cada uno de los cuatro fines de semana que componen este estacional mes del a\u00f1o que nos acerca a la llegada de la primavera caracterizada por unos aromas exclusivos que influyen en el comportamiento de las especies vivas alentados por el cambio clim\u00e1tico que supone la subida de las temperaturas gracias al calor del sol y, derivado de ello, los colores del cielo y el nacimiento de las nuevas flores con sus olfativas fragancias que despertar\u00e1n nuestros sentidos y sorprender\u00e1n a todos cuantos nos visiten.<\/p>\n\n\n\n<p>Durante la celebraci\u00f3n de <strong>Coria Sabor de Primavera<\/strong>, el visitante podr\u00e1 sentir, disfrutar, conocer y ahondar, dentro del turismo cultural, en la historia de la que est\u00e1 considerada la <strong>novena poblaci\u00f3n m\u00e1s antigua<\/strong> <strong>de toda Espa\u00f1a<\/strong>, como es la <strong><u>Ciudad de Coria<\/u><\/strong>, por medio de su visita por el bimilenario <strong><u><a href=\"https:\/\/turismocoria.es\/turismo\/lugares-que-no-te-puedes-perder\/casco-historico\/\" data-type=\"page\" data-id=\"732\">Casco Hist\u00f3rico<\/a><\/u><\/strong>, sobre cuyo silencio emergen los recuerdos de su florida antig\u00fcedad descritos en las cicatrices de las piedras de los vetustos monumentos de una villa fraguada los distintos pueblos que se asentaron por estas ricas tierras de vega: vettones, romanos, visigodos, \u00e1rabes, jud\u00edos y cristianos.<\/p>\n\n\n\n<p>Vestigios todos ellos, cuyas sucesivas etapas cronol\u00f3gicas de la longeva historia cauriense han quedado en parte atestiguadas por el magn\u00edfico <strong>Conjunto Monumental<\/strong> que conserva la ciudad.\u00a0 Desde las volum\u00e9tricas <strong><u><a href=\"https:\/\/turismocoria.es\/turismo\/lugares-que-no-te-puedes-perder\/murallas-romanas\/\" data-type=\"page\" data-id=\"497\">Murallas Romanas<\/a><\/u><\/strong> (S. I) que lo circundan como una de las fortalezas de origen romano mejor conservadas en su conjunto de entre todas las halladas en el resto de Europa; pasando por los soberbios y se\u00f1oriales <strong><u><a href=\"https:\/\/turismocoria.es\/turismo\/lugares-que-no-te-puedes-perder\/castillo-de-los-duques-de-alba\/\" data-type=\"page\" data-id=\"226\">Castillo<\/a><\/u><\/strong> (S. XV) y <strong><u><a href=\"https:\/\/turismocoria.es\/turismo\/otros-rincones-por-descubrir\/palacio-de-los-duques-de-alba\/\" data-type=\"page\" data-id=\"509\">Palacio de los Duques de Alba<\/a><\/u><\/strong> (S. XV-XVI) como s\u00edmbolos del rancio poder nobiliario; hasta la magna <strong><u><a href=\"https:\/\/turismocoria.es\/turismo\/lugares-que-no-te-puedes-perder\/catedral\/\" data-type=\"page\" data-id=\"488\">Catedral de Santa Mar\u00eda de la Asunci\u00f3n<\/a><\/u><\/strong> (S. XV-XVIII) joya del g\u00f3tico-plateresco extreme\u00f1o en la que se custodia esa misteriosa reliquia universal del <strong><u><a href=\"https:\/\/turismocoria.es\/turismo\/el-sagrado-mantel-de-la-ultima-cena\/\" data-type=\"page\" data-id=\"1176\">Sagrado Mantel de la \u00daltima Cena<\/a><\/u><\/strong>; adem\u00e1s del <strong><u><a href=\"https:\/\/turismocoria.es\/turismo\/otros-rincones-por-descubrir\/palacio-episcopal\/\" data-type=\"page\" data-id=\"511\">Palacio Episcopal<\/a><\/u> <\/strong>(S. XVII), la <strong><u><a href=\"https:\/\/turismocoria.es\/turismo\/otros-rincones-por-descubrir\/iglesia-santiago-apostol\/\" data-type=\"page\" data-id=\"514\">Iglesia de Santiago Ap\u00f3stol<\/a><\/u> <\/strong>(S. XVI-XVIII), el <strong><u><a href=\"https:\/\/turismocoria.es\/turismo\/lugares-que-no-te-puedes-perder\/convento-de-la-madre-de-dios\/\" data-type=\"page\" data-id=\"499\">Convento de la Madre de Dios<\/a><\/u> <\/strong>(S. XVI-XVII), el <strong><u><a href=\"https:\/\/turismocoria.es\/turismo\/otros-rincones-por-descubrir\/hospital-san-nicolas-de-bari\/\" data-type=\"page\" data-id=\"521\">Hospital de San Nicol\u00e1s de Bari<\/a><\/u> <\/strong>(S. XVI-XIX), el <strong><u><a href=\"https:\/\/turismocoria.es\/turismo\/otros-rincones-por-descubrir\/colegio-seminario-conciliar\/\" data-type=\"page\" data-id=\"744\">Colegio-Seminario Mayor Conciliar<\/a><\/u><\/strong> (S. XVII-XIX), las <strong><u><a href=\"https:\/\/turismocoria.es\/turismo\/otros-rincones-por-descubrir\/carcel-real\/\" data-type=\"page\" data-id=\"2958\">C\u00e1rceles Real<\/a><\/u> <\/strong>(S. XVII), convertida en Museo de Historia, Arqueolog\u00eda y Etnograf\u00eda, y <strong><u><a href=\"https:\/\/turismocoria.es\/turismo\/otros-rincones-por-descubrir\/carcel-eclesiastica\/\" data-type=\"page\" data-id=\"517\">Eclesi\u00e1stica<\/a><\/u> <\/strong>(S. XVIII), el <strong><u><a href=\"https:\/\/turismocoria.es\/turismo\/lugares-que-no-te-puedes-perder\/santuario-de-la-virgen-de-argeme\/\" data-type=\"page\" data-id=\"505\">Santuario de Nuestra Se\u00f1ora Virgen de Argeme<\/a><\/u><\/strong> (S. XVII-XVIII) a extramuros; o los <strong><u><a href=\"https:\/\/turismocoria.es\/turismo\/otros-rincones-por-descubrir\/puente-de-piedra\/\" data-type=\"page\" data-id=\"529\">Puentes de Piedra<\/a><\/u> <\/strong>(S. XVI) y <strong><u><a href=\"https:\/\/turismocoria.es\/turismo\/otros-rincones-por-descubrir\/puente-de-hierro\/\" data-type=\"page\" data-id=\"531\">de Hierro<\/a><\/u> <\/strong>(S. XX), entre otros interesantes rincones por descubrir.<\/p>\n\n\n\n<figure class=\"wp-block-embed is-type-video is-provider-youtube wp-block-embed-youtube wp-embed-aspect-16-9 wp-has-aspect-ratio\"><div class=\"wp-block-embed__wrapper\">\n<div class=\"ast-oembed-container \" style=\"height: 100%;\"><iframe loading=\"lazy\" title=\"Coria \u201cConjunto Monumental\u201d, destino tur\u00edstico del noroeste de Extremadura\" width=\"500\" height=\"281\" data-src=\"https:\/\/www.youtube.com\/embed\/M6VniblQWMo?feature=oembed\" frameborder=\"0\" allow=\"accelerometer; autoplay; clipboard-write; encrypted-media; gyroscope; picture-in-picture; web-share\" referrerpolicy=\"strict-origin-when-cross-origin\" allowfullscreen src=\"data:image\/gif;base64,R0lGODlhAQABAAAAACH5BAEKAAEALAAAAAABAAEAAAICTAEAOw==\" class=\"lazyload\" data-load-mode=\"1\"><\/iframe><\/div>\n<\/div><\/figure>\n\n\n\n<p>Del mismo modo, los amantes del <strong>turismo deportivo<\/strong> tendr\u00e1n igualmente su espacio durante este arom\u00e1tico mes primaveral, pudiendo practicar la actividad f\u00edsica deportiva del paseo y la gastronom\u00eda en la <strong><u><a href=\"https:\/\/turismocoria.es\/turismo\/deporte-activo-de-salud-y-vida\/de-ruta-por-los-senderos-coria\/ruta-de-la-dehesa-de-minguez\/\" data-type=\"page\" data-id=\"886\">Ruta de Senderismo y Picoteo por la Dehesa de M\u00ednguez<\/a><\/u><\/strong> o del <strong><u><a href=\"https:\/\/turismocoria.es\/turismo\/deporte-activo-de-salud-y-vida\/de-ruta-por-los-senderos-coria\/ruta-de-peregrinacion-al-strio-de-argeme\/\" data-type=\"page\" data-id=\"880\">Paseo Saludable Subida al Santuario-Ermita de Ntra. Sra. Virgen de Argeme<\/a><\/u><\/strong>.<\/p>\n\n\n\n<p>A su vez, los aficionados al Mundo del Toro y la Tauromaquia podr\u00e1n disfrutar del <strong>turismo taurino<\/strong> a trav\u00e9s de la <strong><u><a href=\"https:\/\/turismocoria.es\/turismo\/vive-una-experiencia-taurina\/entre-toros-dehesas\/un-dia-entre-victorinos\/\" data-type=\"page\" data-id=\"822\">Ruta del Toro y la Dehesa<\/a><\/u><\/strong> en la afamada ganader\u00eda de Victorino Mart\u00edn, o bien incluso asistir a dos clases pr\u00e1cticas de iniciaci\u00f3n taurina dentro del <strong><u>I-II Tentadero Clasificatorio del IV Desaf\u00edo Nacional de Escuelas Taurinas<\/u><\/strong> que se celebrar\u00e1 en la Ciudad de Coria.<\/p>\n\n\n\n<p>Actividades, que se complementar\u00e1n con la atractiva <strong><u><a href=\"https:\/\/turismocoria.es\/turismo\/fiestas-y-eventos-para-disfrutar\/fiestas-san-juan\/\" data-type=\"page\" data-id=\"568\">Exposici\u00f3n de Carteles \u201cFiestas de San Juan 2024\u201d<\/a><\/u><\/strong> que estar\u00e1 expuesta desde mediados del mes de abril hasta mediados de mayo en el Patio de Cristal del Ayuntamiento de Coria.<\/p>\n\n\n\n<p>Por ende, el <strong>turismo gastron\u00f3mico<\/strong>, estar\u00e1 igualmente representado por la puesta en valor de la carne ib\u00e9rica del cerdo, como rey que comparte con el toro ese espacio antropizado natural que es la dehesa, a trav\u00e9s de la degustaci\u00f3n de nuestros tradicionales \u201ccueros\u201d o \u201ccortezas\u201d como lo mejor de la gastronom\u00eda de barra de la hosteler\u00eda de nuestra localidad que ser\u00e1n ofrecidos dentro del<a href=\"https:\/\/turismocoria.es\/turismo\/una-ciudad-con-paladar\/carne-iberica-de-cerdo\/ruta-de-tapas-gastrocoria-encueros\/\" data-type=\"page\" data-id=\"907\"> <strong><u>II Ruta Gastron\u00f3mica de \u201cCoria Encueros\u201d<\/u><\/strong><\/a>.<\/p>\n\n\n\n<p>Inclusive, el <strong>turismo de estrellas<\/strong> estar\u00e1 ligado a este evento medioambiental transversal a trav\u00e9s de la puesta en valor de nuestro soberbio <strong>cielo nocturno<\/strong>, como patrimonio cient\u00edfico y cultural, constituy\u00e9ndose en una oportunidad \u00fanica para la observaci\u00f3n de los astros que, a buen seguro, proporcionar\u00e1 una grata experiencia para aquellos que se acerquen a visitar nocturnamente ese pleno entorno natural que es la <strong><u>Dehesa de M\u00ednguez<\/u><\/strong>.<\/p>\n\n\n\n<p>Finalmente, los amantes del <strong>turismo de naturaleza<\/strong>, tendr\u00e1n la posibilidad de realizar una excursi\u00f3n por nuestra hist\u00f3rica dehesa, con el fin de descubrir y conocer la riqueza bot\u00e1nica que la misma atesora a trav\u00e9s de las encantadoras <strong>orqu\u00eddeas<\/strong> que florecen en la <strong><u><a href=\"https:\/\/turismocoria.es\/turismo\/deporte-activo-de-salud-y-vida\/de-ruta-por-los-senderos-coria\/ruta-de-la-dehesa-de-minguez\/\" data-type=\"page\" data-id=\"886\">Dehesa de M\u00ednguez<\/a><\/u><\/strong>; mientras que los apasionados por el <strong>turismo ornitol\u00f3gico<\/strong>, podr\u00e1n tener la ocasi\u00f3n de observar y disfrutar de la avifauna local por medio de su visita a los <strong>bosques de ribera<\/strong> que circundan el caudaloso <strong><u><a href=\"https:\/\/turismocoria.es\/turismo\/deporte-activo-de-salud-y-vida\/de-ruta-por-los-senderos-coria\/ruta-de-los-canales\/\" data-type=\"page\" data-id=\"888\">R\u00edo Alag\u00f3n<\/a><\/u><\/strong>.<\/p>\n\n\n\n<p>En definitiva, la <strong>Coria Sabor de Primavera<\/strong> se convirte en un extraordinario escaparate para ver, escuchar, oler y sentir con el que la Concejal\u00eda de Turismo pretende a su vez recuperar, como ya lo fueran desde anta\u00f1o, la atracci\u00f3n y el fervor de cientos de peregrinos creyentes, y tambi\u00e9n esc\u00e9pticos, al objeto de que, tanto la seo, como la ciudad cauriense, se conviertan nuevamente en epicentro de reclamo y punto de encuentro de devoci\u00f3n espiritual, cultura y peregrinaci\u00f3n dentro del <strong>turismo religioso<\/strong> mundial, con el fin de venerar el <strong><u><a href=\"https:\/\/turismocoria.es\/turismo\/el-sagrado-mantel-de-la-ultima-cena\/\" data-type=\"page\" data-id=\"1176\">Sagrado Mantel de la \u00daltima Cena<\/a><\/u><\/strong>, como reliquia universal de la cristiandad.<\/p>\n\n\n\n<figure class=\"wp-block-embed is-type-video is-provider-youtube wp-block-embed-youtube wp-embed-aspect-16-9 wp-has-aspect-ratio\"><div class=\"wp-block-embed__wrapper\">\n<div class=\"ast-oembed-container \" style=\"height: 100%;\"><iframe loading=\"lazy\" title=\"El Sagrado Mantel de Coria: Cultura, Devoci\u00f3n y Turismo - Reliquia Universal de la Cristiandad\" width=\"500\" height=\"281\" data-src=\"https:\/\/www.youtube.com\/embed\/qBfoZ48Qe9Q?feature=oembed\" frameborder=\"0\" allow=\"accelerometer; autoplay; clipboard-write; encrypted-media; gyroscope; picture-in-picture; web-share\" referrerpolicy=\"strict-origin-when-cross-origin\" allowfullscreen src=\"data:image\/gif;base64,R0lGODlhAQABAAAAACH5BAEKAAEALAAAAAABAAEAAAICTAEAOw==\" class=\"lazyload\" data-load-mode=\"1\"><\/iframe><\/div>\n<\/div><\/figure>\n\n\n\n<p>Milenarias huellas de la historia del pasado cauriense atesorado, de las que el turista podr\u00e1 sentir y disfrutar de esta variada oferta tur\u00edstica que, a buen seguro, cubrir\u00e1 todas las necesidades y los gustos de aquellos viajeros que nos visiten para deleitarse en plenitud de nuestras amables gentes y del rico legado Patrimonial Cultural y Natural heredado desde siglos pret\u00e9ritos.<\/p>\n\n\n\n<figure class=\"wp-block-embed is-type-video is-provider-youtube wp-block-embed-youtube wp-embed-aspect-16-9 wp-has-aspect-ratio\"><div class=\"wp-block-embed__wrapper\">\n<div class=\"ast-oembed-container \" style=\"height: 100%;\"><iframe loading=\"lazy\" title=\"Coria, un paraiso para los sentidos\" width=\"500\" height=\"281\" data-src=\"https:\/\/www.youtube.com\/embed\/wgXtGKiUtpg?feature=oembed\" frameborder=\"0\" allow=\"accelerometer; autoplay; clipboard-write; encrypted-media; gyroscope; picture-in-picture; web-share\" referrerpolicy=\"strict-origin-when-cross-origin\" allowfullscreen src=\"data:image\/gif;base64,R0lGODlhAQABAAAAACH5BAEKAAEALAAAAAABAAEAAAICTAEAOw==\" class=\"lazyload\" data-load-mode=\"1\"><\/iframe><\/div>\n<\/div><\/figure>\n\n\n\n<p><strong>M\u00e1s Informaci\u00f3n en:<br>Oficina Municipal de Turismo<br><\/strong>Plaza de San Pedro, 1<br>Tlfno.: 927 50 80 00 Ext. 290<br>Email: <strong><a href=\"mailto:oficinaturismo@coria.org\">oficinaturismo@coria.org<\/a><\/strong><\/p>\n\n\n\n<p>Url: <a href=\"https:\/\/turismocoria.es\/saborprimavera\"><strong>https:\/\/turismocoria.es\/saborprimavera<\/strong><\/a><\/p>\n","protected":false},"excerpt":{"rendered":"<p>La experiencia de descubrir y conocer la milenaria historia de la Ciudad de Coria descrita en su centenario conjunto monumental, a trav\u00e9s de una amplia oferta tur\u00edstica dirigida a los amantes de la cultura, la naturaleza, la bot\u00e1nica, la ornitolog\u00eda, el deporte, la astronom\u00eda o incluso la propia gastronom\u00eda durante este primaveral mes de abril. [&hellip;]<\/p>\n","protected":false},"author":2,"featured_media":12359,"comment_status":"closed","ping_status":"closed","sticky":false,"template":"","format":"standard","meta":{"_uag_custom_page_level_css":"","site-sidebar-layout":"default","site-content-layout":"","ast-site-content-layout":"default","site-content-style":"default","site-sidebar-style":"default","ast-global-header-display":"","ast-banner-title-visibility":"","ast-main-header-display":"","ast-hfb-above-header-display":"","ast-hfb-below-header-display":"","ast-hfb-mobile-header-display":"","site-post-title":"","ast-breadcrumbs-content":"","ast-featured-img":"","footer-sml-layout":"","theme-transparent-header-meta":"","adv-header-id-meta":"","stick-header-meta":"","header-above-stick-meta":"","header-main-stick-meta":"","header-below-stick-meta":"","astra-migrate-meta-layouts":"set","ast-page-background-enabled":"default","ast-page-background-meta":{"desktop":{"background-color":"","background-image":"","background-repeat":"repeat","background-position":"center center","background-size":"auto","background-attachment":"scroll","background-type":"","background-media":"","overlay-type":"","overlay-color":"","overlay-opacity":"","overlay-gradient":""},"tablet":{"background-color":"","background-image":"","background-repeat":"repeat","background-position":"center center","background-size":"auto","background-attachment":"scroll","background-type":"","background-media":"","overlay-type":"","overlay-color":"","overlay-opacity":"","overlay-gradient":""},"mobile":{"background-color":"","background-image":"","background-repeat":"repeat","background-position":"center center","background-size":"auto","background-attachment":"scroll","background-type":"","background-media":"","overlay-type":"","overlay-color":"","overlay-opacity":"","overlay-gradient":""}},"ast-content-background-meta":{"desktop":{"background-color":"var(--ast-global-color-5)","background-image":"","background-repeat":"repeat","background-position":"center center","background-size":"auto","background-attachment":"scroll","background-type":"","background-media":"","overlay-type":"","overlay-color":"","overlay-opacity":"","overlay-gradient":""},"tablet":{"background-color":"var(--ast-global-color-5)","background-image":"","background-repeat":"repeat","background-position":"center center","background-size":"auto","background-attachment":"scroll","background-type":"","background-media":"","overlay-type":"","overlay-color":"","overlay-opacity":"","overlay-gradient":""},"mobile":{"background-color":"var(--ast-global-color-5)","background-image":"","background-repeat":"repeat","background-position":"center center","background-size":"auto","background-attachment":"scroll","background-type":"","background-media":"","overlay-type":"","overlay-color":"","overlay-opacity":"","overlay-gradient":""}},"_EventAllDay":false,"_EventTimezone":"","_EventStartDate":"","_EventEndDate":"","_EventStartDateUTC":"","_EventEndDateUTC":"","_EventShowMap":false,"_EventShowMapLink":false,"_EventURL":"","_EventCost":"","_EventCostDescription":"","_EventCurrencySymbol":"","_EventCurrencyCode":"","_EventCurrencyPosition":"","_EventDateTimeSeparator":"","_EventTimeRangeSeparator":"","_EventOrganizerID":[],"_EventVenueID":0,"_OrganizerEmail":"","_OrganizerPhone":"","_OrganizerWebsite":"","_VenueAddress":"","_VenueCity":"","_VenueCountry":"","_VenueProvince":"","_VenueZip":"","_VenuePhone":"","_VenueURL":"","_VenueStateProvince":"","_VenueLat":"","_VenueLng":"","footnotes":""},"categories":[33],"tags":[],"class_list":["post-12358","post","type-post","status-publish","format-standard","has-post-thumbnail","hentry","category-sin-categorizar"],"featured_image_src":"https:\/\/turismocoria.es\/turismo\/wp-content\/uploads\/2024\/04\/Coria-Sabor-de-Primavera-600x400.jpg","featured_image_src_square":"https:\/\/turismocoria.es\/turismo\/wp-content\/uploads\/2024\/04\/Coria-Sabor-de-Primavera-600x600.jpg","author_info":{"display_name":"turismo","author_link":"https:\/\/turismocoria.es\/turismo\/author\/turismo\/"},"uagb_featured_image_src":{"full":["https:\/\/turismocoria.es\/turismo\/wp-content\/uploads\/2024\/04\/Coria-Sabor-de-Primavera.jpg",1227,683,false],"thumbnail":["https:\/\/turismocoria.es\/turismo\/wp-content\/uploads\/2024\/04\/Coria-Sabor-de-Primavera-150x150.jpg",150,150,true],"medium":["https:\/\/turismocoria.es\/turismo\/wp-content\/uploads\/2024\/04\/Coria-Sabor-de-Primavera-300x167.jpg",300,167,true],"medium_large":["https:\/\/turismocoria.es\/turismo\/wp-content\/uploads\/2024\/04\/Coria-Sabor-de-Primavera-768x428.jpg",768,428,true],"large":["https:\/\/turismocoria.es\/turismo\/wp-content\/uploads\/2024\/04\/Coria-Sabor-de-Primavera-1024x570.jpg",1024,570,true],"gs-tiny":["https:\/\/turismocoria.es\/turismo\/wp-content\/uploads\/2024\/04\/Coria-Sabor-de-Primavera-50x28.jpg",50,28,true],"xl":["https:\/\/turismocoria.es\/turismo\/wp-content\/uploads\/2024\/04\/Coria-Sabor-de-Primavera.jpg",1227,683,false],"xxl":["https:\/\/turismocoria.es\/turismo\/wp-content\/uploads\/2024\/04\/Coria-Sabor-de-Primavera.jpg",1227,683,false],"xxxl":["https:\/\/turismocoria.es\/turismo\/wp-content\/uploads\/2024\/04\/Coria-Sabor-de-Primavera.jpg",1227,683,false],"xxxxl":["https:\/\/turismocoria.es\/turismo\/wp-content\/uploads\/2024\/04\/Coria-Sabor-de-Primavera.jpg",1227,683,false],"xxxxxl":["https:\/\/turismocoria.es\/turismo\/wp-content\/uploads\/2024\/04\/Coria-Sabor-de-Primavera.jpg",1227,683,false],"1536x1536":["https:\/\/turismocoria.es\/turismo\/wp-content\/uploads\/2024\/04\/Coria-Sabor-de-Primavera.jpg",1227,683,false],"2048x2048":["https:\/\/turismocoria.es\/turismo\/wp-content\/uploads\/2024\/04\/Coria-Sabor-de-Primavera.jpg",1227,683,false],"ultp_layout_landscape_large":["https:\/\/turismocoria.es\/turismo\/wp-content\/uploads\/2024\/04\/Coria-Sabor-de-Primavera-1200x683.jpg",1200,683,true],"ultp_layout_landscape":["https:\/\/turismocoria.es\/turismo\/wp-content\/uploads\/2024\/04\/Coria-Sabor-de-Primavera-870x570.jpg",870,570,true],"ultp_layout_portrait":["https:\/\/turismocoria.es\/turismo\/wp-content\/uploads\/2024\/04\/Coria-Sabor-de-Primavera-600x683.jpg",600,683,true],"ultp_layout_square":["https:\/\/turismocoria.es\/turismo\/wp-content\/uploads\/2024\/04\/Coria-Sabor-de-Primavera-600x600.jpg",600,600,true],"gb-block-post-grid-landscape":["https:\/\/turismocoria.es\/turismo\/wp-content\/uploads\/2024\/04\/Coria-Sabor-de-Primavera-600x400.jpg",600,400,true],"gb-block-post-grid-square":["https:\/\/turismocoria.es\/turismo\/wp-content\/uploads\/2024\/04\/Coria-Sabor-de-Primavera-600x600.jpg",600,600,true]},"uagb_author_info":{"display_name":"turismo","author_link":"https:\/\/turismocoria.es\/turismo\/author\/turismo\/"},"uagb_comment_info":0,"uagb_excerpt":"La experiencia de descubrir y conocer la milenaria historia de la Ciudad de Coria descrita en su centenario conjunto monumental, a trav\u00e9s de una amplia oferta tur\u00edstica dirigida a los amantes de la cultura, la naturaleza, la bot\u00e1nica, la ornitolog\u00eda, el deporte, la astronom\u00eda o incluso la propia gastronom\u00eda durante este primaveral mes de abril.&hellip;","_links":{"self":[{"href":"https:\/\/turismocoria.es\/turismo\/wp-json\/wp\/v2\/posts\/12358"}],"collection":[{"href":"https:\/\/turismocoria.es\/turismo\/wp-json\/wp\/v2\/posts"}],"about":[{"href":"https:\/\/turismocoria.es\/turismo\/wp-json\/wp\/v2\/types\/post"}],"author":[{"embeddable":true,"href":"https:\/\/turismocoria.es\/turismo\/wp-json\/wp\/v2\/users\/2"}],"replies":[{"embeddable":true,"href":"https:\/\/turismocoria.es\/turismo\/wp-json\/wp\/v2\/comments?post=12358"}],"version-history":[{"count":6,"href":"https:\/\/turismocoria.es\/turismo\/wp-json\/wp\/v2\/posts\/12358\/revisions"}],"predecessor-version":[{"id":12366,"href":"https:\/\/turismocoria.es\/turismo\/wp-json\/wp\/v2\/posts\/12358\/revisions\/12366"}],"wp:featuredmedia":[{"embeddable":true,"href":"https:\/\/turismocoria.es\/turismo\/wp-json\/wp\/v2\/media\/12359"}],"wp:attachment":[{"href":"https:\/\/turismocoria.es\/turismo\/wp-json\/wp\/v2\/media?parent=12358"}],"wp:term":[{"taxonomy":"category","embeddable":true,"href":"https:\/\/turismocoria.es\/turismo\/wp-json\/wp\/v2\/categories?post=12358"},{"taxonomy":"post_tag","embeddable":true,"href":"https:\/\/turismocoria.es\/turismo\/wp-json\/wp\/v2\/tags?post=12358"}],"curies":[{"name":"wp","href":"https:\/\/api.w.org\/{rel}","templated":true}]}}