{"id":12132,"date":"2024-02-05T14:05:35","date_gmt":"2024-02-05T13:05:35","guid":{"rendered":"https:\/\/turismocoria.es\/turismo\/?p=12132"},"modified":"2024-02-05T14:10:45","modified_gmt":"2024-02-05T13:10:45","slug":"la-ciudad-de-coria-se-disfraza-de-carnaval","status":"publish","type":"post","link":"https:\/\/turismocoria.es\/turismo\/la-ciudad-de-coria-se-disfraza-de-carnaval\/","title":{"rendered":"La Ciudad de Coria se Disfraza de Carnaval"},"content":{"rendered":"\n<p><strong>La fiesta del disfraz y del buen ambiente se dar\u00e1 cita nuevamente del 9 al 14 de febrero dentro del Carnaval 2024 en la milenaria e hist\u00f3rica Ciudad de Coria.<\/strong><\/p>\n\n\n\n<p>El mundo del disfraz cobra vida nuevamente en la acogedora Ciudad de Coria, gracias a los grupos representativos de ciertos colectivos tan dispares como asociaciones culturales y deportivas, pe\u00f1as sanjuaneras tradicionales, centros educativos y de otros servicios p\u00fablicos y\/o empresas, hasta los propios vecinos de las t\u00edpicas barriadas del municipio que, durante largo tiempo, dedican su tiempo libre para cortar, coser y confeccionar sus trajes dot\u00e1ndolos de vistosidad, originalidad y mojiganga.<\/p>\n\n\n\n<p>Una fiesta popular, en la que destacan los concursos de <strong>desfiles de disfraces<\/strong> organizados tanto para <strong>ni\u00f1os<\/strong> (<strong>viernes<\/strong>, <strong>9 de febrero<\/strong>, a partir de las <strong>11:30 horas<\/strong>, <strong>Desfile de los Centros Educativos de Coria <\/strong>con salida desde el IES Alag\u00f3n y llegada a la Casa de Cultura; <strong>domingo<\/strong>, <strong>11 de febrero<\/strong>, a partir de las <strong>12:00 horas<\/strong>, <strong>Desfile Infantil Carnaval 2024 <\/strong>y despu\u00e9s<strong> Animaci\u00f3n Infantil <\/strong>en la Carpa Municipal sita en la Plaza de la Paz; y <strong>lunes<\/strong>, <strong>12 de febrero<\/strong>, a las <strong>18:00 horas<\/strong>, <strong>Gran Fiesta Infantil HOLI<\/strong> en la Carpa Municipal), como tambi\u00e9n para <strong>mayores<\/strong> (<strong>s\u00e1bado<\/strong>, <strong>10 de febrero<\/strong>, a partir de las <strong>18:30 horas<\/strong>, <strong>Gran Desfile Concurso Carnaval 2024<\/strong> y<strong> DJ de M\u00fasica <\/strong>desde<strong> 20:30 a 24:00 horas <\/strong>en la <strong>Carpa Municipal<\/strong>; y <strong>mi\u00e9rcoles<\/strong>, <strong>14 de febrero<\/strong>, a partir de las <strong>18:30 horas<\/strong>, tradicional<strong> Entierro de la Sardina <\/strong>con salida desde la <strong>Casa Cultura <\/strong>y llegada a la del<strong> Plaza Norte<\/strong> donde tendr\u00e1 lugar una <strong>Gran Sardinada P\u00fablica Fin Carnavales 2024<\/strong>).<\/p>\n\n\n\n<p>Dichos desfiles se desarrollar\u00e1n, diurna y nocturnamente, tanto en las categor\u00edas de individual como de grupos, desde de las Avenidas Virgen de Argeme (Rotonda del Hospital), de la Sierra de Gata (Rotonda del Minotauro), y de Extremadura (Rotonda del Carterino) hasta la Plaza de la Paz del Casco Urbano de la Ciudad de Coria, entre la nutrida concurrencia del p\u00fablico que se acerca para observar y disfrutar del buen ambiente carnavalero, que tiene uno de sus momentos m\u00e1s \u00e1lgidos el mi\u00e9rcoles de Ceniza durante el preg\u00f3n ofrecido al final del c\u00e9lebre y ceremonioso desfile del \u201cEntierro de la Sardina\u201d.<\/p>\n\n\n\n<figure class=\"wp-block-image size-large\"><img loading=\"lazy\" decoding=\"async\" width=\"724\" height=\"1024\" data-src=\"https:\/\/turismocoria.es\/turismo\/wp-content\/uploads\/2024\/02\/CartelCarnavalProgramacion2024-1-724x1024.jpg\" alt=\"\" class=\"wp-image-12135 lazyload\" data-srcset=\"https:\/\/turismocoria.es\/turismo\/wp-content\/uploads\/2024\/02\/CartelCarnavalProgramacion2024-1-724x1024.jpg 724w, https:\/\/turismocoria.es\/turismo\/wp-content\/uploads\/2024\/02\/CartelCarnavalProgramacion2024-1-212x300.jpg 212w, https:\/\/turismocoria.es\/turismo\/wp-content\/uploads\/2024\/02\/CartelCarnavalProgramacion2024-1-768x1086.jpg 768w, https:\/\/turismocoria.es\/turismo\/wp-content\/uploads\/2024\/02\/CartelCarnavalProgramacion2024-1-50x71.jpg 50w, https:\/\/turismocoria.es\/turismo\/wp-content\/uploads\/2024\/02\/CartelCarnavalProgramacion2024-1-1086x1536.jpg 1086w, https:\/\/turismocoria.es\/turismo\/wp-content\/uploads\/2024\/02\/CartelCarnavalProgramacion2024-1.jpg 1414w\" data-sizes=\"(max-width: 724px) 100vw, 724px\" src=\"data:image\/gif;base64,R0lGODlhAQABAAAAACH5BAEKAAEALAAAAAABAAEAAAICTAEAOw==\" style=\"--smush-placeholder-width: 724px; --smush-placeholder-aspect-ratio: 724\/1024;\" \/><noscript><img loading=\"lazy\" decoding=\"async\" width=\"724\" height=\"1024\" src=\"https:\/\/turismocoria.es\/turismo\/wp-content\/uploads\/2024\/02\/CartelCarnavalProgramacion2024-1-724x1024.jpg\" alt=\"\" class=\"wp-image-12135\" srcset=\"https:\/\/turismocoria.es\/turismo\/wp-content\/uploads\/2024\/02\/CartelCarnavalProgramacion2024-1-724x1024.jpg 724w, https:\/\/turismocoria.es\/turismo\/wp-content\/uploads\/2024\/02\/CartelCarnavalProgramacion2024-1-212x300.jpg 212w, https:\/\/turismocoria.es\/turismo\/wp-content\/uploads\/2024\/02\/CartelCarnavalProgramacion2024-1-768x1086.jpg 768w, https:\/\/turismocoria.es\/turismo\/wp-content\/uploads\/2024\/02\/CartelCarnavalProgramacion2024-1-50x71.jpg 50w, https:\/\/turismocoria.es\/turismo\/wp-content\/uploads\/2024\/02\/CartelCarnavalProgramacion2024-1-1086x1536.jpg 1086w, https:\/\/turismocoria.es\/turismo\/wp-content\/uploads\/2024\/02\/CartelCarnavalProgramacion2024-1.jpg 1414w\" sizes=\"(max-width: 724px) 100vw, 724px\" \/><\/noscript><\/figure>\n\n\n\n<p>Una oportunidad m\u00e1s para conocer tambi\u00e9n el coqueto <strong><u><a href=\"https:\/\/turismocoria.es\/turismo\/lugares-que-no-te-puedes-perder\/casco-historico\/\" data-type=\"page\" data-id=\"732\">Casco Hist\u00f3rico<\/a><\/u><\/strong> de la nobiliaria y episcopal <strong><u>Ciudad de Coria<\/u><\/strong>, convertida en centro de destino tur\u00edstico derivado de su rico y longevo Patrimonio Hist\u00f3rico-Art\u00edstico, Cultural y Natural heredado durante siglos, lo que la convierten en una de las <strong>poblaciones m\u00e1s antigua<\/strong> <strong>de toda Espa\u00f1a<\/strong>.<\/p>\n\n\n\n<p>Vestigios todos ellos, cuyas sucesivas etapas cronol\u00f3gicas de la milenaria historia cauriense han quedado en parte atestiguadas por el magn\u00edfico <strong><u>Conjunto Monumental<\/u><\/strong> que conserva la ciudad.\u00a0 Desde las imponentes <strong><u><a href=\"https:\/\/turismocoria.es\/turismo\/lugares-que-no-te-puedes-perder\/murallas-romanas\/\" data-type=\"page\" data-id=\"497\">Murallas Romanas<\/a><\/u><\/strong> (S. I) que lo circundan como una de las fortalezas de origen romano mejor conservadas en su conjunto de entre todas las halladas en el resto de Europa; pasando por los soberbios y se\u00f1oriales <strong><u><a href=\"https:\/\/turismocoria.es\/turismo\/lugares-que-no-te-puedes-perder\/castillo-de-los-duques-de-alba\/\" data-type=\"page\" data-id=\"226\">Castillo<\/a><\/u><\/strong> (S. XV) y <strong><u><a href=\"https:\/\/turismocoria.es\/turismo\/otros-rincones-por-descubrir\/palacio-de-los-duques-de-alba\/\" data-type=\"page\" data-id=\"509\">Palacio de los Duques de Alba<\/a><\/u><\/strong> (S. XV-XVI) como s\u00edmbolos del rancio poder nobiliario; hasta la magna <strong><u><a href=\"https:\/\/turismocoria.es\/turismo\/lugares-que-no-te-puedes-perder\/catedral\/\" data-type=\"page\" data-id=\"488\">Catedral de Santa Mar\u00eda de la Asunci\u00f3n<\/a><\/u><\/strong> (S. XV-XVIII) joya del g\u00f3tico-plateresco extreme\u00f1o en la que se custodia esa misteriosa reliquia universal del <strong><u><a href=\"https:\/\/turismocoria.es\/turismo\/el-sagrado-mantel-de-la-ultima-cena\/\" data-type=\"page\" data-id=\"1176\">Sagrado Mantel de la \u00daltima Cena<\/a><\/u><\/strong>; adem\u00e1s del <strong><u><a href=\"https:\/\/turismocoria.es\/turismo\/otros-rincones-por-descubrir\/palacio-episcopal\/\" data-type=\"page\" data-id=\"511\">Palacio Episcopal<\/a><\/u> <\/strong>(S. XVII), la <strong><u><a href=\"https:\/\/turismocoria.es\/turismo\/otros-rincones-por-descubrir\/iglesia-santiago-apostol\/\" data-type=\"page\" data-id=\"514\">Iglesia de Santiago Ap\u00f3stol<\/a><\/u> <\/strong>(S. XVI-XVIII), el <strong><u><a href=\"https:\/\/turismocoria.es\/turismo\/lugares-que-no-te-puedes-perder\/convento-de-la-madre-de-dios\/\" data-type=\"page\" data-id=\"499\">Convento de la Madre de Dio<\/a>s<\/u> <\/strong>(S. XVI-XVII), el <strong><a href=\"https:\/\/turismocoria.es\/turismo\/otros-rincones-por-descubrir\/hospital-san-nicolas-de-bari\/\" data-type=\"page\" data-id=\"521\"><u>Hospital de San Nicol\u00e1s de Bari<\/u> <\/a><\/strong>(S. XVI-XIX), el <strong><u><a href=\"https:\/\/turismocoria.es\/turismo\/otros-rincones-por-descubrir\/colegio-seminario-conciliar\/\" data-type=\"page\" data-id=\"744\">Colegio-Seminario Mayor Conciliar<\/a><\/u><\/strong> (S. XVII-XIX), las <strong><u><a href=\"https:\/\/turismocoria.es\/turismo\/otros-rincones-por-descubrir\/carcel-real\/\" data-type=\"page\" data-id=\"2958\">C\u00e1rceles Real<\/a><\/u> <\/strong>(S. XVII), convertida en Museo de Historia, Arqueolog\u00eda y Etnograf\u00eda, y <strong><u><a href=\"https:\/\/turismocoria.es\/turismo\/otros-rincones-por-descubrir\/carcel-eclesiastica\/\" data-type=\"page\" data-id=\"517\">Eclesi\u00e1stica<\/a><\/u> <\/strong>(S. XVIII), el <strong><u><a href=\"https:\/\/turismocoria.es\/turismo\/lugares-que-no-te-puedes-perder\/santuario-de-la-virgen-de-argeme\/\" data-type=\"page\" data-id=\"505\">Santuario de Nuestra Se\u00f1ora Virgen de Argeme<\/a><\/u><\/strong> (S. XVII-XVIII) a extramuros; o los <strong><u><a href=\"https:\/\/turismocoria.es\/turismo\/otros-rincones-por-descubrir\/puente-de-piedra\/\" data-type=\"page\" data-id=\"529\">Puentes de Piedra<\/a><\/u> <\/strong>(S. XVI) y <strong><u><a href=\"https:\/\/turismocoria.es\/turismo\/otros-rincones-por-descubrir\/puente-de-hierro\/\" data-type=\"page\" data-id=\"531\">de Hierro<\/a><\/u> <\/strong>(S. XX), entre otros interesantes rincones por descubrir.<\/p>\n\n\n\n<figure class=\"wp-block-embed is-type-video is-provider-youtube wp-block-embed-youtube wp-embed-aspect-16-9 wp-has-aspect-ratio\"><div class=\"wp-block-embed__wrapper\">\n<div class=\"ast-oembed-container \" style=\"height: 100%;\"><iframe loading=\"lazy\" title=\"Coria \u201cConjunto Monumental\u201d, destino tur\u00edstico del noroeste de Extremadura\" width=\"500\" height=\"281\" data-src=\"https:\/\/www.youtube.com\/embed\/M6VniblQWMo?feature=oembed\" frameborder=\"0\" allow=\"accelerometer; autoplay; clipboard-write; encrypted-media; gyroscope; picture-in-picture; web-share\" referrerpolicy=\"strict-origin-when-cross-origin\" allowfullscreen src=\"data:image\/gif;base64,R0lGODlhAQABAAAAACH5BAEKAAEALAAAAAABAAEAAAICTAEAOw==\" class=\"lazyload\" data-load-mode=\"1\"><\/iframe><\/div>\n<\/div><\/figure>\n\n\n\n<p>Grandes y soberbios monumentos conservados entre un entramado de calles que enamorar\u00e1n al turista, cuyo <strong>legado cultural y espiritual<\/strong> se exhiben en las colecciones conservadas en los <strong><u><a href=\"https:\/\/turismocoria.es\/turismo\/lugares-que-no-te-puedes-perder\/museo-catedralicio\/\" data-type=\"page\" data-id=\"501\">museos Catedralicio<\/a><\/u><\/strong> y <strong><u><a href=\"https:\/\/turismocoria.es\/turismo\/lugares-que-no-te-puedes-perder\/museo-de-la-carcel-real\/\" data-type=\"page\" data-id=\"503\">de la C\u00e1rcel Real<\/a><\/u><\/strong> de la tambi\u00e9n ciudad episcopal que fue, en su tiempo, el punto final de una de las peregrinaciones m\u00e1s importantes y conocidas de toda la pen\u00ednsula Ib\u00e9rica. \u00a0Devoci\u00f3n, cultura y turismo en torno a las <strong>Santas Reliquias<\/strong> conservadas en la seo cauriense, convertidas en verdaderos tesoros sacros para el gozo y fervor de los fieles.\u00a0 Un rico legado de piezas y alhajas entre las que destacan una <strong>Santa Espina<\/strong> de la Corona, junto a un <strong><em>Lignum Crucis<\/em><\/strong> o fragmento de la Cruz de Jesucristo, adem\u00e1s del citado y excepcional <strong><u><a href=\"https:\/\/turismocoria.es\/turismo\/el-sagrado-mantel-de-la-ultima-cena\/\" data-type=\"page\" data-id=\"1176\">Sagrado Mantel de la \u00daltima Cena<\/a><\/u><\/strong>, como reliquia universal de la cristiandad.<\/p>\n\n\n\n<p>Y, junto las milenarias huellas de la historia del pasado cauriense atesorado, el turista podr\u00e1 sentir y disfrutar tambi\u00e9n de una variada y fecunda <strong>oferta gastron\u00f3mica<\/strong>, <strong>cultural<\/strong> y <strong>deportiva invernal<\/strong>, que, unida a la diversificada <strong>oferta hostelera<\/strong> y <strong>comercial<\/strong>, a buen seguro cubrir\u00e1n todas las necesidades y los gustos de aquellos viajeros que la visiten para deleitarse en plenitud de nuestras amables gentes y del rico legado Patrimonial Cultural y Natural heredado desde siglos pret\u00e9ritos.<\/p>\n\n\n\n<figure class=\"wp-block-embed is-type-video is-provider-youtube wp-block-embed-youtube wp-embed-aspect-16-9 wp-has-aspect-ratio\"><div class=\"wp-block-embed__wrapper\">\n<div class=\"ast-oembed-container \" style=\"height: 100%;\"><iframe loading=\"lazy\" title=\"Coria, un paraiso para los sentidos\" width=\"500\" height=\"281\" data-src=\"https:\/\/www.youtube.com\/embed\/wgXtGKiUtpg?feature=oembed\" frameborder=\"0\" allow=\"accelerometer; autoplay; clipboard-write; encrypted-media; gyroscope; picture-in-picture; web-share\" referrerpolicy=\"strict-origin-when-cross-origin\" allowfullscreen src=\"data:image\/gif;base64,R0lGODlhAQABAAAAACH5BAEKAAEALAAAAAABAAEAAAICTAEAOw==\" class=\"lazyload\" data-load-mode=\"1\"><\/iframe><\/div>\n<\/div><\/figure>\n\n\n\n<p><strong>M\u00e1s Informaci\u00f3n en:<br>Oficina Municipal de Turismo<br><\/strong>Plaza de San Pedro, 1<br>Tlfno.: 927 50 80 00 Ext. 290<br>Email: <strong><a href=\"mailto:oficinaturismo@coria.org\">oficinaturismo@coria.org<\/a><\/strong><\/p>\n","protected":false},"excerpt":{"rendered":"<p>La fiesta del disfraz y del buen ambiente se dar\u00e1 cita nuevamente del 9 al 14 de febrero dentro del Carnaval 2024 en la milenaria e hist\u00f3rica Ciudad de Coria. El mundo del disfraz cobra vida nuevamente en la acogedora Ciudad de Coria, gracias a los grupos representativos de ciertos colectivos tan dispares como asociaciones [&hellip;]<\/p>\n","protected":false},"author":2,"featured_media":12133,"comment_status":"closed","ping_status":"closed","sticky":false,"template":"","format":"standard","meta":{"_uag_custom_page_level_css":"","site-sidebar-layout":"default","site-content-layout":"","ast-site-content-layout":"default","site-content-style":"default","site-sidebar-style":"default","ast-global-header-display":"","ast-banner-title-visibility":"","ast-main-header-display":"","ast-hfb-above-header-display":"","ast-hfb-below-header-display":"","ast-hfb-mobile-header-display":"","site-post-title":"","ast-breadcrumbs-content":"","ast-featured-img":"","footer-sml-layout":"","theme-transparent-header-meta":"","adv-header-id-meta":"","stick-header-meta":"","header-above-stick-meta":"","header-main-stick-meta":"","header-below-stick-meta":"","astra-migrate-meta-layouts":"set","ast-page-background-enabled":"default","ast-page-background-meta":{"desktop":{"background-color":"","background-image":"","background-repeat":"repeat","background-position":"center center","background-size":"auto","background-attachment":"scroll","background-type":"","background-media":"","overlay-type":"","overlay-color":"","overlay-opacity":"","overlay-gradient":""},"tablet":{"background-color":"","background-image":"","background-repeat":"repeat","background-position":"center center","background-size":"auto","background-attachment":"scroll","background-type":"","background-media":"","overlay-type":"","overlay-color":"","overlay-opacity":"","overlay-gradient":""},"mobile":{"background-color":"","background-image":"","background-repeat":"repeat","background-position":"center center","background-size":"auto","background-attachment":"scroll","background-type":"","background-media":"","overlay-type":"","overlay-color":"","overlay-opacity":"","overlay-gradient":""}},"ast-content-background-meta":{"desktop":{"background-color":"var(--ast-global-color-5)","background-image":"","background-repeat":"repeat","background-position":"center center","background-size":"auto","background-attachment":"scroll","background-type":"","background-media":"","overlay-type":"","overlay-color":"","overlay-opacity":"","overlay-gradient":""},"tablet":{"background-color":"var(--ast-global-color-5)","background-image":"","background-repeat":"repeat","background-position":"center center","background-size":"auto","background-attachment":"scroll","background-type":"","background-media":"","overlay-type":"","overlay-color":"","overlay-opacity":"","overlay-gradient":""},"mobile":{"background-color":"var(--ast-global-color-5)","background-image":"","background-repeat":"repeat","background-position":"center center","background-size":"auto","background-attachment":"scroll","background-type":"","background-media":"","overlay-type":"","overlay-color":"","overlay-opacity":"","overlay-gradient":""}},"_EventAllDay":false,"_EventTimezone":"","_EventStartDate":"","_EventEndDate":"","_EventStartDateUTC":"","_EventEndDateUTC":"","_EventShowMap":false,"_EventShowMapLink":false,"_EventURL":"","_EventCost":"","_EventCostDescription":"","_EventCurrencySymbol":"","_EventCurrencyCode":"","_EventCurrencyPosition":"","_EventDateTimeSeparator":"","_EventTimeRangeSeparator":"","_EventOrganizerID":[],"_EventVenueID":0,"_OrganizerEmail":"","_OrganizerPhone":"","_OrganizerWebsite":"","_VenueAddress":"","_VenueCity":"","_VenueCountry":"","_VenueProvince":"","_VenueZip":"","_VenuePhone":"","_VenueURL":"","_VenueStateProvince":"","_VenueLat":"","_VenueLng":"","footnotes":""},"categories":[33],"tags":[],"class_list":["post-12132","post","type-post","status-publish","format-standard","has-post-thumbnail","hentry","category-sin-categorizar"],"featured_image_src":"https:\/\/turismocoria.es\/turismo\/wp-content\/uploads\/2024\/02\/CoriaSeVisteCarnaval2024-600x400.jpg","featured_image_src_square":"https:\/\/turismocoria.es\/turismo\/wp-content\/uploads\/2024\/02\/CoriaSeVisteCarnaval2024-600x600.jpg","author_info":{"display_name":"turismo","author_link":"https:\/\/turismocoria.es\/turismo\/author\/turismo\/"},"uagb_featured_image_src":{"full":["https:\/\/turismocoria.es\/turismo\/wp-content\/uploads\/2024\/02\/CoriaSeVisteCarnaval2024.jpg",1176,850,false],"thumbnail":["https:\/\/turismocoria.es\/turismo\/wp-content\/uploads\/2024\/02\/CoriaSeVisteCarnaval2024-150x150.jpg",150,150,true],"medium":["https:\/\/turismocoria.es\/turismo\/wp-content\/uploads\/2024\/02\/CoriaSeVisteCarnaval2024-300x217.jpg",300,217,true],"medium_large":["https:\/\/turismocoria.es\/turismo\/wp-content\/uploads\/2024\/02\/CoriaSeVisteCarnaval2024-768x555.jpg",768,555,true],"large":["https:\/\/turismocoria.es\/turismo\/wp-content\/uploads\/2024\/02\/CoriaSeVisteCarnaval2024-1024x740.jpg",1024,740,true],"gs-tiny":["https:\/\/turismocoria.es\/turismo\/wp-content\/uploads\/2024\/02\/CoriaSeVisteCarnaval2024-50x36.jpg",50,36,true],"xl":["https:\/\/turismocoria.es\/turismo\/wp-content\/uploads\/2024\/02\/CoriaSeVisteCarnaval2024.jpg",1176,850,false],"xxl":["https:\/\/turismocoria.es\/turismo\/wp-content\/uploads\/2024\/02\/CoriaSeVisteCarnaval2024.jpg",1176,850,false],"xxxl":["https:\/\/turismocoria.es\/turismo\/wp-content\/uploads\/2024\/02\/CoriaSeVisteCarnaval2024.jpg",1176,850,false],"xxxxl":["https:\/\/turismocoria.es\/turismo\/wp-content\/uploads\/2024\/02\/CoriaSeVisteCarnaval2024.jpg",1176,850,false],"xxxxxl":["https:\/\/turismocoria.es\/turismo\/wp-content\/uploads\/2024\/02\/CoriaSeVisteCarnaval2024.jpg",1176,850,false],"1536x1536":["https:\/\/turismocoria.es\/turismo\/wp-content\/uploads\/2024\/02\/CoriaSeVisteCarnaval2024.jpg",1176,850,false],"2048x2048":["https:\/\/turismocoria.es\/turismo\/wp-content\/uploads\/2024\/02\/CoriaSeVisteCarnaval2024.jpg",1176,850,false],"ultp_layout_landscape_large":["https:\/\/turismocoria.es\/turismo\/wp-content\/uploads\/2024\/02\/CoriaSeVisteCarnaval2024-1176x800.jpg",1176,800,true],"ultp_layout_landscape":["https:\/\/turismocoria.es\/turismo\/wp-content\/uploads\/2024\/02\/CoriaSeVisteCarnaval2024-870x570.jpg",870,570,true],"ultp_layout_portrait":["https:\/\/turismocoria.es\/turismo\/wp-content\/uploads\/2024\/02\/CoriaSeVisteCarnaval2024-600x850.jpg",600,850,true],"ultp_layout_square":["https:\/\/turismocoria.es\/turismo\/wp-content\/uploads\/2024\/02\/CoriaSeVisteCarnaval2024-600x600.jpg",600,600,true],"gb-block-post-grid-landscape":["https:\/\/turismocoria.es\/turismo\/wp-content\/uploads\/2024\/02\/CoriaSeVisteCarnaval2024-600x400.jpg",600,400,true],"gb-block-post-grid-square":["https:\/\/turismocoria.es\/turismo\/wp-content\/uploads\/2024\/02\/CoriaSeVisteCarnaval2024-600x600.jpg",600,600,true]},"uagb_author_info":{"display_name":"turismo","author_link":"https:\/\/turismocoria.es\/turismo\/author\/turismo\/"},"uagb_comment_info":0,"uagb_excerpt":"La fiesta del disfraz y del buen ambiente se dar\u00e1 cita nuevamente del 9 al 14 de febrero dentro del Carnaval 2024 en la milenaria e hist\u00f3rica Ciudad de Coria. El mundo del disfraz cobra vida nuevamente en la acogedora Ciudad de Coria, gracias a los grupos representativos de ciertos colectivos tan dispares como asociaciones&hellip;","_links":{"self":[{"href":"https:\/\/turismocoria.es\/turismo\/wp-json\/wp\/v2\/posts\/12132"}],"collection":[{"href":"https:\/\/turismocoria.es\/turismo\/wp-json\/wp\/v2\/posts"}],"about":[{"href":"https:\/\/turismocoria.es\/turismo\/wp-json\/wp\/v2\/types\/post"}],"author":[{"embeddable":true,"href":"https:\/\/turismocoria.es\/turismo\/wp-json\/wp\/v2\/users\/2"}],"replies":[{"embeddable":true,"href":"https:\/\/turismocoria.es\/turismo\/wp-json\/wp\/v2\/comments?post=12132"}],"version-history":[{"count":3,"href":"https:\/\/turismocoria.es\/turismo\/wp-json\/wp\/v2\/posts\/12132\/revisions"}],"predecessor-version":[{"id":12139,"href":"https:\/\/turismocoria.es\/turismo\/wp-json\/wp\/v2\/posts\/12132\/revisions\/12139"}],"wp:featuredmedia":[{"embeddable":true,"href":"https:\/\/turismocoria.es\/turismo\/wp-json\/wp\/v2\/media\/12133"}],"wp:attachment":[{"href":"https:\/\/turismocoria.es\/turismo\/wp-json\/wp\/v2\/media?parent=12132"}],"wp:term":[{"taxonomy":"category","embeddable":true,"href":"https:\/\/turismocoria.es\/turismo\/wp-json\/wp\/v2\/categories?post=12132"},{"taxonomy":"post_tag","embeddable":true,"href":"https:\/\/turismocoria.es\/turismo\/wp-json\/wp\/v2\/tags?post=12132"}],"curies":[{"name":"wp","href":"https:\/\/api.w.org\/{rel}","templated":true}]}}