{"id":12070,"date":"2023-12-11T15:46:54","date_gmt":"2023-12-11T14:46:54","guid":{"rendered":"https:\/\/turismocoria.es\/turismo\/?p=12070"},"modified":"2023-12-11T15:51:34","modified_gmt":"2023-12-11T14:51:34","slug":"disfruta-de-la-magia-de-la-navidad-en-coria","status":"publish","type":"post","link":"https:\/\/turismocoria.es\/turismo\/disfruta-de-la-magia-de-la-navidad-en-coria\/","title":{"rendered":"Disfruta de la Magia de la Navidad en Coria"},"content":{"rendered":"\n<p><strong>Una de las fechas distinguidas para viajar a la Ciudad de Coria es tambi\u00e9n la Navidad.\u00a0 Una de las mejores opciones para dedicar el tiempo de ocio a conocer su milenaria historia a trav\u00e9s de su longevo Conjunto Monumental, adem\u00e1s de poder paladear su exquisita gastronom\u00eda, o de practicar deporte en familia y descubrir sus enraizadas tradiciones y sus encantos naturales de manera segura y tranquila.<\/strong><\/p>\n\n\n\n<p>Si lo que busca el avezado turista es dedicar su tiempo de ocio a disfrutar de la familia y los amigos practicando un turismo cultural, de compras o deportivo, adem\u00e1s de conocer otros rincones donde la historia, el arte o la naturaleza se conservan en todo su esplendor, debe entonces elegir a la <strong><u><a href=\"https:\/\/turismocoria.es\/turismo\/coria-historia-cultura-naturaleza-gastronomia-y-deporte\/\" data-type=\"page\" data-id=\"11681\">Ciudad de Coria<\/a><\/u><\/strong> como destino tur\u00edstico para estas <strong>Navidades 2023<\/strong>.<\/p>\n\n\n\n<p>El per\u00edodo en el que la ciudad se supera en lo est\u00e9tico y lo tradicional, pues la tradici\u00f3n navide\u00f1a cauriense rebosa de luz, color, confraternidad y m\u00e1gica familiaridad, reuniendo as\u00ed todos los requisitos para realizar un aut\u00e9ntico viaje, de experiencias y sensaciones, y vivirlo de manera entra\u00f1able en la buena compa\u00f1\u00eda familiar.<\/p>\n\n\n\n<p>Un enclave, Coria (C\u00e1ceres-Extremadura), que se ha convertido, por m\u00e9ritos propios, en un destino tur\u00edstico f\u00e1cil de encontrar y viable de alcanzar en el que, nada m\u00e1s llegar, te atrapa con su rico y milenario<strong> Patrimonio Hist\u00f3rico-Art\u00edstico<\/strong>, <strong>Cultural<\/strong> y <strong>Natural<\/strong> heredado durante siglos en la que fuera la antigua sede del marquesado de Alba, episcopal y nobiliaria, lo que la convierten en el noveno n\u00facleo m\u00e1s antiguo y de extraordinario embrujo de toda Espa\u00f1a. Por ello, si arribado hasta las amuralladas puertas romanas llega el viajero en estos d\u00edas, no lo dude y ad\u00e9ntrese hacia su interior buscando los tesoros ocultos celosamente guardados desde tiempos inmemoriales en ese m\u00e1gico escenario que es el <strong><u><a href=\"https:\/\/turismocoria.es\/turismo\/lugares-que-no-te-puedes-perder\/casco-historico\/\" data-type=\"page\" data-id=\"732\">Casco Hist\u00f3rico<\/a><\/u><\/strong> de Coria, en el que podr\u00e1n revivir los recuerdos de su florida antig\u00fcedad descritos en las cicatrices de las piedras de su magn\u00edfico <strong>Conjunto Monumental<\/strong>, declarado Bien de Inter\u00e9s Cultural, que le pone la guinda al sue\u00f1o navide\u00f1o.<\/p>\n\n\n\n<figure class=\"wp-block-embed is-type-video is-provider-youtube wp-block-embed-youtube wp-embed-aspect-16-9 wp-has-aspect-ratio\"><div class=\"wp-block-embed__wrapper\">\n<div class=\"ast-oembed-container \" style=\"height: 100%;\"><iframe loading=\"lazy\" title=\"Coria \u201cConjunto Monumental\u201d, destino tur\u00edstico del noroeste de Extremadura\" width=\"500\" height=\"281\" data-src=\"https:\/\/www.youtube.com\/embed\/M6VniblQWMo?feature=oembed\" frameborder=\"0\" allow=\"accelerometer; autoplay; clipboard-write; encrypted-media; gyroscope; picture-in-picture; web-share\" referrerpolicy=\"strict-origin-when-cross-origin\" allowfullscreen src=\"data:image\/gif;base64,R0lGODlhAQABAAAAACH5BAEKAAEALAAAAAABAAEAAAICTAEAOw==\" class=\"lazyload\" data-load-mode=\"1\"><\/iframe><\/div>\n<\/div><\/figure>\n\n\n\n<p>Adem\u00e1s, y durante estas entra\u00f1ables fechas, le invitamos tambi\u00e9n a que participe de nuestra <strong>Campa\u00f1a Comercial Navide\u00f1a <\/strong>que, como turismo de compras, <strong>del 1 de diciembre al 8 de enero<\/strong>, cuenta con una amplia <strong>programaci\u00f3n general <\/strong>con <strong>actividades culturales<\/strong>, <strong>deportivas y comerciales<\/strong> para todos los gustos y p\u00fablicos.<\/p>\n\n\n\n<p>Una nueva Campa\u00f1a de Navidad que se iniciar\u00e1 el <strong>martes<\/strong>, <strong>5 de diciembre<\/strong>, con el ya simb\u00f3lico <strong>\u201cEncendido Oficial de la Iluminaci\u00f3n Navide\u00f1a\u201d<\/strong>, a partir de las <strong>18:30 horas<\/strong> desde la Plaza de la Solidaridad, y que contar\u00e1 nuevamente con un <strong>show<\/strong> <strong>minidisco <\/strong>adem\u00e1s de <strong>animaci\u00f3n de calle<\/strong> durante el resto de la jornada de tarde; mientras que a partir del d\u00eda siguiente la Ciudad de Coria acoger\u00e1 tambi\u00e9n una excepcional <strong>\u201cExposici\u00f3n de Belenes\u201d<\/strong>, <strong>desde el 6 de diciembre y hasta el 7 de enero<\/strong>, que ser\u00e1n expuestos en algunas de las viviendas vecinales del <strong>Casco Hist\u00f3rico de Coria<\/strong>.<\/p>\n\n\n\n<p>Por su parte, los amantes de la buena <strong>reposter\u00eda conventual y artesanal<\/strong> estar\u00e1n de suerte, pues <strong>del 6 al 9 de diciembre<\/strong> la segunda edici\u00f3n de <strong>\u201c<u>Coria en Dulce<\/u>\u201d<\/strong> les obsequiar\u00e1 con estos exquisitos manjares navide\u00f1os que ser\u00e1n ofertados por los establecimientos reposteros caurienses ubicados en el cautivador claustro del <strong>Convento de la Madre de Dios <\/strong>en horario de <strong>16:30 a 19:30 horas<\/strong>.<\/p>\n\n\n\n<p>Del mismo modo, tambi\u00e9n los belenistas dispondr\u00e1n de una cita ineludible con la representaci\u00f3n tradicional de los nacimientos como elementos simb\u00f3licos y caracter\u00edsticos de la Navidad, pues <strong>del 13 de diciembre al 8 de enero<\/strong> el <strong>Patio de Cristal del Ayuntamiento de Coria<\/strong> acoger\u00e1 una interesant\u00edsima <strong>Exposici\u00f3n de Mini Belenes<\/strong>, propiedad de Mar\u00eda de Valdefuentes Clemente Fuentes, que ser\u00e1 visitable <strong>de 11:00 a 14:00 horas de lunes a domingos<\/strong> y <strong>de 16:30 a 18:30 horas de lunes a s\u00e1bados<\/strong> con acceso a trav\u00e9s de la Oficina Municipal de Turismo, quedando cerrado los domingos por la tarde y festivos.<\/p>\n\n\n\n<p>Todo un repertorio de emociones que continuar\u00e1n el <strong>viernes<\/strong>, <strong>15 de diciembre<\/strong>, con la tradicional <strong>\u201cNoche de Compras\u201d<\/strong>, en la que nuevamente la alfombra roja que le extender\u00e1 a sus pies el comercio local servir\u00e1 para darles la bienvenida y ofrecerles sus m\u00e1s que importantes descuentos, sorteos, premios y promociones especiales para todos aquellos clientes que se animen a visitar los distintos comercios adheridos a esta iniciativa comercial que se prolongar\u00e1 durante todas las Fiestas hasta el d\u00eda 16 de enero, en una larga noche que se prologar\u00e1 hasta las 24:00 horas estando amenizada con: <strong>tren tur\u00edstico<\/strong>, <strong>pasacalles con villancicos<\/strong>, <strong>espect\u00e1culos de globoflexia<\/strong>, <strong>robots leds<\/strong>, <strong>buzones reales<\/strong>, <strong>m\u00fasica de ambientaci\u00f3n navide\u00f1a<\/strong> y <strong>puestos de casta\u00f1as asadas<\/strong>, <strong>migas con chocolate<\/strong>, <strong>palomitas<\/strong> y <strong>algod\u00f3n de az\u00facar<\/strong> en los cuales se podr\u00e1n conseguir cartuchos de comida ense\u00f1ando los tickets de compra de ese mismo d\u00eda adquiridos en los establecimientos comerciales participantes.<\/p>\n\n\n\n<p>Una estrategia comercial que este a\u00f1o cambia sus famosos y tradicionales \u201crascas\u201d por <strong>\u201cboletos de Navidad\u201d<\/strong> (m\u00e1s de 100.000 boletos de t\u00f3mbola); un m\u00e1s que interesante incentivo al repartirse un total de <strong>555 premios<\/strong> por valor de <strong>m\u00e1s de 5.000 euros<\/strong> distribuidos en premios de 200 \u20ac, 100 \u20ac, 50 \u20ac, 20 \u20ac y 10 \u20ac respectivamente, para gastar y consumir en el Comercio de Coria, y que podr\u00e1n ser adquiridos al comprar cualquier producto en los <strong>establecimientos comerciales<\/strong> adheridos de la localidad, siendo canjeables hasta el 8 de enero de 2024, e incluyendo los <strong>sorteos especiales<\/strong> con los <strong>boletos no premiados<\/strong> por valor de <strong>250 \u20ac<\/strong> los <strong>d\u00edas 8, 15, 22 y 29 de diciembre<\/strong>.<\/p>\n\n\n\n<p>Toda una muestra de sorpresa, que proseguir\u00e1 al d\u00eda siguiente <strong>s\u00e1bado<\/strong>, <strong>16 de diciembre<\/strong>, con la representaci\u00f3n y ofrenda del <strong>\u201cBel\u00e9n Viviente\u201d<\/strong> escenificado en el coraz\u00f3n del <strong>Casco Hist\u00f3rico de Coria<\/strong> haciendo las delicias de ni\u00f1os y mayores a partir de las <strong>17:30 horas<\/strong>.&nbsp; Un endulzado diciembre que continuar\u00e1 el <strong>martes<\/strong>, <strong>19 diciembre<\/strong>, con el tradicional <strong>Concierto de Nav<\/strong><strong>idad<\/strong> ofrecido por la Escuela Municipal de M\u00fasica que tendr\u00e1 lugar en la <strong>Sta. Iglesia<\/strong><strong> Catedral<\/strong> a las <strong>20:00 horas<\/strong>.<\/p>\n\n\n\n<p>Transcurrida la Nochebuena y el d\u00eda de Navidad, la programaci\u00f3n se alarga hasta final de a\u00f1o con un novel <strong>Mercado Gastron\u00f3mico Navide\u00f1o<\/strong> que, <strong>desde el 26 al 29 de diciembre<\/strong>, se ubicar\u00e1 en la conc\u00e9ntrica <strong>Plaza<\/strong><strong> de la Solidaridad<\/strong> en horario ininterrumpido <strong>de 12:00 a 22:00 horas<\/strong>.&nbsp; Y llegados al <strong>s\u00e1bado<\/strong>, <strong>31 de diciembre<\/strong>, cerrando el a\u00f1o, los m\u00e1s peque\u00f1os podr\u00e1n disfrutar del fin de a\u00f1o con una <strong>Nochevieja Infantil<\/strong> con campanadas, chuches de la suerte y baile en la <strong>Plaza de San Pedro<\/strong> en horario matinal a partir de las<strong> 12:00 horas<\/strong>.<\/p>\n\n\n\n<p>Una did\u00e1ctica y divertida actividad cultural, que se ver\u00e1 complementada con la deportiva y tradicional <strong>XXVI \u201cSan Silvestre Solidaria Navide\u00f1a\u201d<\/strong> a favor de la recogida de juguetes que tendr\u00e1 lugar en la <strong>Avenida Sierra de Gata<\/strong> desde las <strong>12:30 horas<\/strong>, y que se incluye dentro de la amplia programaci\u00f3n deportiva de la mano de un nutrido n\u00famero de actividades infantilesde corte familiar repartidas a lo largo del calendario festivo navide\u00f1o entre las que destaca todo un amplio <strong>programa deportivo<\/strong> que se ver\u00e1 complementado con una <strong>Exhibici\u00f3n de Gimnasia R\u00edtmica<\/strong> (23\/12\/2023), m\u00e1s la <strong>XI Convivencia de F\u00fatbol-7 a favor de la Campa\u00f1a \u201cRecogida de Alimentos\u201d<\/strong> (23\/12\/2023), dos <strong>Campus de Tecnificaci\u00f3n de F\u00fatbol<\/strong> (26-29\/12\/2023), y sendos <strong>Talleres de Juegos Tradicionales en Rinc\u00f3n del Obispo<\/strong> (26\/12\/2023), <strong>Puebla de Argeme<\/strong> (27\/12\/2023) y <strong>Coria<\/strong> (28\/12\/2023).<\/p>\n\n\n\n<p>(M\u00e1s <strong>Informaci\u00f3n Deportiva<\/strong> en el blog municipal: <a href=\"https:\/\/deportescoria.blogspot.com\/\">https:\/\/deportescoria.blogspot.com<\/a>).<\/p>\n\n\n\n<p>Y, con la llegada del <strong>Nuevo A\u00f1o 2023<\/strong>, la Ciudad de Coria se erige en el lugar perfecto para aquellos que quieren conocer y recibir en persona a sus <strong>Majestades los<\/strong> <strong>Reyes Magos de Oriente<\/strong> que estar\u00e1n presentes en la tradicional <strong>\u201cCabalgata\u201d<\/strong> la tarde del <strong>viernes<\/strong>, <strong>5 de enero<\/strong>, a partir de las <strong>18:30 horas<\/strong>, para posteriormente recibir, sobre las <strong>20:00 horas<\/strong>, a los m\u00e1s peque\u00f1os en la c\u00e9ntrica <strong>Plaza<\/strong><strong> de la Paz<\/strong>.<\/p>\n\n\n\n<p>(M\u00e1s <strong>Informaci\u00f3n Comercial<\/strong> en la web municipal: <a href=\"http:\/\/www.comercio.coria.org\/\">www.comercio.coria.org<\/a>).<strong><\/strong><\/p>\n\n\n\n<p>En definitiva, toda una seductora programaci\u00f3n navide\u00f1a, ideal para aquellos amantes turistas que desean conocer las milenarias huellas de la historia, as\u00ed como de paladear la variada y fecunda gastron\u00f3mica o reposter\u00eda artesanal en estas entra\u00f1ables fechas que, a buen seguro, cubrir\u00e1n todas las necesidades y los gustos de aquellos viajeros que visiten este centenario destino tur\u00edstico cargado de encanto, seguro y tranquilo, convertido en una de las mejores opciones para su tiempo de ocio libre dentro de las Navidades 2023.<\/p>\n\n\n\n<figure class=\"wp-block-embed is-type-video is-provider-youtube wp-block-embed-youtube wp-embed-aspect-16-9 wp-has-aspect-ratio\"><div class=\"wp-block-embed__wrapper\">\n<div class=\"ast-oembed-container \" style=\"height: 100%;\"><iframe loading=\"lazy\" title=\"Coria: Arco\u00edris de Fiestas, Eventos y Tradiciones\u2026\" width=\"500\" height=\"281\" data-src=\"https:\/\/www.youtube.com\/embed\/syBofFwr38E?feature=oembed\" frameborder=\"0\" allow=\"accelerometer; autoplay; clipboard-write; encrypted-media; gyroscope; picture-in-picture; web-share\" referrerpolicy=\"strict-origin-when-cross-origin\" allowfullscreen src=\"data:image\/gif;base64,R0lGODlhAQABAAAAACH5BAEKAAEALAAAAAABAAEAAAICTAEAOw==\" class=\"lazyload\" data-load-mode=\"1\"><\/iframe><\/div>\n<\/div><\/figure>\n\n\n\n<p>Por ello, no lo olvide, Coria, una ciudad repleta de historia, arte, cultura, m\u00fasica, luz y color convertida en una de las mejores localidades extreme\u00f1as para viajar en Navidad.\u00a0 Una de las mejores escapadas y un cl\u00e1sico irresistible para todos los viajeros de cualquier sexo y edad, porque <strong>\u201cCoria siempre es una buena idea para visitarla y sentirla\u201d<\/strong>.<\/p>\n\n\n\n<p><strong>Planifica tus vacaciones de Navidad o de fin de A\u00f1o en Coria.&nbsp; No te arrepentir\u00e1s\u2026<\/strong><\/p>\n\n\n\n<p><strong>M\u00e1s Informaci\u00f3n en:<br>Oficina Municipal de Turismo<br><\/strong>Plaza de San Pedro, 1<br>Tlfno.: 927 50 80 00 Ext. 290<br>Email: <strong><a href=\"mailto:oficinaturismo@coria.org\">oficinaturismo@coria.org<\/a><\/strong><\/p>\n","protected":false},"excerpt":{"rendered":"<p>Una de las fechas distinguidas para viajar a la Ciudad de Coria es tambi\u00e9n la Navidad.\u00a0 Una de las mejores opciones para dedicar el tiempo de ocio a conocer su milenaria historia a trav\u00e9s de su longevo Conjunto Monumental, adem\u00e1s de poder paladear su exquisita gastronom\u00eda, o de practicar deporte en familia y descubrir sus [&hellip;]<\/p>\n","protected":false},"author":2,"featured_media":12071,"comment_status":"closed","ping_status":"closed","sticky":false,"template":"","format":"standard","meta":{"_uag_custom_page_level_css":"","site-sidebar-layout":"default","site-content-layout":"","ast-site-content-layout":"default","site-content-style":"default","site-sidebar-style":"default","ast-global-header-display":"","ast-banner-title-visibility":"","ast-main-header-display":"","ast-hfb-above-header-display":"","ast-hfb-below-header-display":"","ast-hfb-mobile-header-display":"","site-post-title":"","ast-breadcrumbs-content":"","ast-featured-img":"","footer-sml-layout":"","theme-transparent-header-meta":"","adv-header-id-meta":"","stick-header-meta":"","header-above-stick-meta":"","header-main-stick-meta":"","header-below-stick-meta":"","astra-migrate-meta-layouts":"set","ast-page-background-enabled":"default","ast-page-background-meta":{"desktop":{"background-color":"","background-image":"","background-repeat":"repeat","background-position":"center center","background-size":"auto","background-attachment":"scroll","background-type":"","background-media":"","overlay-type":"","overlay-color":"","overlay-opacity":"","overlay-gradient":""},"tablet":{"background-color":"","background-image":"","background-repeat":"repeat","background-position":"center center","background-size":"auto","background-attachment":"scroll","background-type":"","background-media":"","overlay-type":"","overlay-color":"","overlay-opacity":"","overlay-gradient":""},"mobile":{"background-color":"","background-image":"","background-repeat":"repeat","background-position":"center center","background-size":"auto","background-attachment":"scroll","background-type":"","background-media":"","overlay-type":"","overlay-color":"","overlay-opacity":"","overlay-gradient":""}},"ast-content-background-meta":{"desktop":{"background-color":"var(--ast-global-color-5)","background-image":"","background-repeat":"repeat","background-position":"center center","background-size":"auto","background-attachment":"scroll","background-type":"","background-media":"","overlay-type":"","overlay-color":"","overlay-opacity":"","overlay-gradient":""},"tablet":{"background-color":"var(--ast-global-color-5)","background-image":"","background-repeat":"repeat","background-position":"center center","background-size":"auto","background-attachment":"scroll","background-type":"","background-media":"","overlay-type":"","overlay-color":"","overlay-opacity":"","overlay-gradient":""},"mobile":{"background-color":"var(--ast-global-color-5)","background-image":"","background-repeat":"repeat","background-position":"center center","background-size":"auto","background-attachment":"scroll","background-type":"","background-media":"","overlay-type":"","overlay-color":"","overlay-opacity":"","overlay-gradient":""}},"_EventAllDay":false,"_EventTimezone":"","_EventStartDate":"","_EventEndDate":"","_EventStartDateUTC":"","_EventEndDateUTC":"","_EventShowMap":false,"_EventShowMapLink":false,"_EventURL":"","_EventCost":"","_EventCostDescription":"","_EventCurrencySymbol":"","_EventCurrencyCode":"","_EventCurrencyPosition":"","_EventDateTimeSeparator":"","_EventTimeRangeSeparator":"","_EventOrganizerID":[],"_EventVenueID":0,"_OrganizerEmail":"","_OrganizerPhone":"","_OrganizerWebsite":"","_VenueAddress":"","_VenueCity":"","_VenueCountry":"","_VenueProvince":"","_VenueZip":"","_VenuePhone":"","_VenueURL":"","_VenueStateProvince":"","_VenueLat":"","_VenueLng":"","footnotes":""},"categories":[33],"tags":[],"class_list":["post-12070","post","type-post","status-publish","format-standard","has-post-thumbnail","hentry","category-sin-categorizar"],"featured_image_src":"https:\/\/turismocoria.es\/turismo\/wp-content\/uploads\/2023\/12\/Navidad_Coria_2023-600x400.jpg","featured_image_src_square":"https:\/\/turismocoria.es\/turismo\/wp-content\/uploads\/2023\/12\/Navidad_Coria_2023-600x600.jpg","author_info":{"display_name":"turismo","author_link":"https:\/\/turismocoria.es\/turismo\/author\/turismo\/"},"uagb_featured_image_src":{"full":["https:\/\/turismocoria.es\/turismo\/wp-content\/uploads\/2023\/12\/Navidad_Coria_2023.jpg",1821,756,false],"thumbnail":["https:\/\/turismocoria.es\/turismo\/wp-content\/uploads\/2023\/12\/Navidad_Coria_2023-150x150.jpg",150,150,true],"medium":["https:\/\/turismocoria.es\/turismo\/wp-content\/uploads\/2023\/12\/Navidad_Coria_2023-300x125.jpg",300,125,true],"medium_large":["https:\/\/turismocoria.es\/turismo\/wp-content\/uploads\/2023\/12\/Navidad_Coria_2023-768x319.jpg",768,319,true],"large":["https:\/\/turismocoria.es\/turismo\/wp-content\/uploads\/2023\/12\/Navidad_Coria_2023-1024x425.jpg",1024,425,true],"gs-tiny":["https:\/\/turismocoria.es\/turismo\/wp-content\/uploads\/2023\/12\/Navidad_Coria_2023-50x21.jpg",50,21,true],"xl":["https:\/\/turismocoria.es\/turismo\/wp-content\/uploads\/2023\/12\/Navidad_Coria_2023-1600x664.jpg",1600,664,true],"xxl":["https:\/\/turismocoria.es\/turismo\/wp-content\/uploads\/2023\/12\/Navidad_Coria_2023.jpg",1821,756,false],"xxxl":["https:\/\/turismocoria.es\/turismo\/wp-content\/uploads\/2023\/12\/Navidad_Coria_2023.jpg",1821,756,false],"xxxxl":["https:\/\/turismocoria.es\/turismo\/wp-content\/uploads\/2023\/12\/Navidad_Coria_2023.jpg",1821,756,false],"xxxxxl":["https:\/\/turismocoria.es\/turismo\/wp-content\/uploads\/2023\/12\/Navidad_Coria_2023.jpg",1821,756,false],"1536x1536":["https:\/\/turismocoria.es\/turismo\/wp-content\/uploads\/2023\/12\/Navidad_Coria_2023-1536x638.jpg",1536,638,true],"2048x2048":["https:\/\/turismocoria.es\/turismo\/wp-content\/uploads\/2023\/12\/Navidad_Coria_2023.jpg",1821,756,false],"ultp_layout_landscape_large":["https:\/\/turismocoria.es\/turismo\/wp-content\/uploads\/2023\/12\/Navidad_Coria_2023-1200x756.jpg",1200,756,true],"ultp_layout_landscape":["https:\/\/turismocoria.es\/turismo\/wp-content\/uploads\/2023\/12\/Navidad_Coria_2023-870x570.jpg",870,570,true],"ultp_layout_portrait":["https:\/\/turismocoria.es\/turismo\/wp-content\/uploads\/2023\/12\/Navidad_Coria_2023-600x756.jpg",600,756,true],"ultp_layout_square":["https:\/\/turismocoria.es\/turismo\/wp-content\/uploads\/2023\/12\/Navidad_Coria_2023-600x600.jpg",600,600,true],"gb-block-post-grid-landscape":["https:\/\/turismocoria.es\/turismo\/wp-content\/uploads\/2023\/12\/Navidad_Coria_2023-600x400.jpg",600,400,true],"gb-block-post-grid-square":["https:\/\/turismocoria.es\/turismo\/wp-content\/uploads\/2023\/12\/Navidad_Coria_2023-600x600.jpg",600,600,true]},"uagb_author_info":{"display_name":"turismo","author_link":"https:\/\/turismocoria.es\/turismo\/author\/turismo\/"},"uagb_comment_info":0,"uagb_excerpt":"Una de las fechas distinguidas para viajar a la Ciudad de Coria es tambi\u00e9n la Navidad.\u00a0 Una de las mejores opciones para dedicar el tiempo de ocio a conocer su milenaria historia a trav\u00e9s de su longevo Conjunto Monumental, adem\u00e1s de poder paladear su exquisita gastronom\u00eda, o de practicar deporte en familia y descubrir sus&hellip;","_links":{"self":[{"href":"https:\/\/turismocoria.es\/turismo\/wp-json\/wp\/v2\/posts\/12070"}],"collection":[{"href":"https:\/\/turismocoria.es\/turismo\/wp-json\/wp\/v2\/posts"}],"about":[{"href":"https:\/\/turismocoria.es\/turismo\/wp-json\/wp\/v2\/types\/post"}],"author":[{"embeddable":true,"href":"https:\/\/turismocoria.es\/turismo\/wp-json\/wp\/v2\/users\/2"}],"replies":[{"embeddable":true,"href":"https:\/\/turismocoria.es\/turismo\/wp-json\/wp\/v2\/comments?post=12070"}],"version-history":[{"count":3,"href":"https:\/\/turismocoria.es\/turismo\/wp-json\/wp\/v2\/posts\/12070\/revisions"}],"predecessor-version":[{"id":12076,"href":"https:\/\/turismocoria.es\/turismo\/wp-json\/wp\/v2\/posts\/12070\/revisions\/12076"}],"wp:featuredmedia":[{"embeddable":true,"href":"https:\/\/turismocoria.es\/turismo\/wp-json\/wp\/v2\/media\/12071"}],"wp:attachment":[{"href":"https:\/\/turismocoria.es\/turismo\/wp-json\/wp\/v2\/media?parent=12070"}],"wp:term":[{"taxonomy":"category","embeddable":true,"href":"https:\/\/turismocoria.es\/turismo\/wp-json\/wp\/v2\/categories?post=12070"},{"taxonomy":"post_tag","embeddable":true,"href":"https:\/\/turismocoria.es\/turismo\/wp-json\/wp\/v2\/tags?post=12070"}],"curies":[{"name":"wp","href":"https:\/\/api.w.org\/{rel}","templated":true}]}}