{"id":11980,"date":"2023-09-18T14:49:36","date_gmt":"2023-09-18T12:49:36","guid":{"rendered":"https:\/\/turismocoria.es\/turismo\/?p=11980"},"modified":"2023-09-18T15:04:09","modified_gmt":"2023-09-18T13:04:09","slug":"ven-y-disfruta-del-verono-en-la-ciudad-de-coria","status":"publish","type":"post","link":"https:\/\/turismocoria.es\/turismo\/ven-y-disfruta-del-verono-en-la-ciudad-de-coria\/","title":{"rendered":"Ven y Disfruta del \u201cVero\u00f1o\u201d en la Ciudad de Coria"},"content":{"rendered":"\n<p><strong>El \u201cvero\u00f1o\u201d, como coloquialmente se ha venido a denominar a este per\u00edodo coincidente con el final del verano y el principio del oto\u00f1o al mantenerse a\u00fan las buenas temperaturas, es otra de las \u00e9pocas que invitan a viajar y descubrir sensaciones y experiencias \u00fanicas dentro de la milenaria Ciudad de Coria.<\/strong><\/p>\n\n\n\n<p>Si la idea le seduce, nada mejor que aprovechar los \u00faltimos d\u00edas del \u201cvero\u00f1o\u201d para hacer una escapada y conocer sierras, roquedos, dehesas, llanuras y riberas a orillas del anchuroso r\u00edo Alag\u00f3n que configuran todo un amplio decorado paisaj\u00edstico que deleitar\u00e1 la mirada de cuantos viajeros se acerquen hasta la nobiliaria y episcopal <strong><u><a href=\"https:\/\/turismocoria.es\/turismo\/ciudad-de-coria\/\" data-type=\"page\" data-id=\"1061\">Ciudad de Coria<\/a><\/u><\/strong>, convertida en centro de destino tur\u00edstico derivado de su rico y longevo Patrimonio Hist\u00f3rico-Art\u00edstico, Cultural y Natural heredado durante siglos, lo que la convierten en una de las<strong> poblaciones m\u00e1s antiguas<\/strong> <strong>de toda Espa\u00f1a<\/strong>.<\/p>\n\n\n\n<p>Aunque no importa la \u00e9poca, pues esta urbe es espectacular durante todo el a\u00f1o, durante este ef\u00edmero per\u00edodo el paisaje agreste de las ricas tierras de labor se sigue representando en su estado m\u00e1s maduro ofreciendo los matices verduscos de las plantaciones que se preparan para la pr\u00f3xima recolecci\u00f3n y que contrastan con las tonalidades amarillentas de los campos adehesados, junto con los irrepetibles bosques frondosos de ribera que pueblan los m\u00e1rgenes del r\u00edo Alag\u00f3n, cuya orograf\u00eda y color hacen de su recorrido un oasis de peque\u00f1as \u201cislas\u201d en pleno coraz\u00f3n del valle que lleva su nombre.<\/p>\n\n\n\n<p>Una forma de vivir unos intensos mes llenos de sensaciones y experiencias \u00fanicas, que se dejar\u00e1n sentir y experimentar gracias a algunas de las actividades culturales, deportivas, naturales y gastron\u00f3micas programadas con el fin de dinamizar el sector tur\u00edstico del municipio garantizando as\u00ed con ello la diversificaci\u00f3n y el apoyo al medio rural junto a la propia Ciudad de Coria.<\/p>\n\n\n\n<figure class=\"wp-block-embed is-type-video is-provider-youtube wp-block-embed-youtube wp-embed-aspect-16-9 wp-has-aspect-ratio\"><div class=\"wp-block-embed__wrapper\">\n<div class=\"ast-oembed-container \" style=\"height: 100%;\"><iframe loading=\"lazy\" title=\"Coria: Arco\u00edris de Fiestas, Eventos y Tradiciones\u2026\" width=\"500\" height=\"281\" data-src=\"https:\/\/www.youtube.com\/embed\/syBofFwr38E?feature=oembed\" frameborder=\"0\" allow=\"accelerometer; autoplay; clipboard-write; encrypted-media; gyroscope; picture-in-picture; web-share\" referrerpolicy=\"strict-origin-when-cross-origin\" allowfullscreen src=\"data:image\/gif;base64,R0lGODlhAQABAAAAACH5BAEKAAEALAAAAAABAAEAAAICTAEAOw==\" class=\"lazyload\" data-load-mode=\"1\"><\/iframe><\/div>\n<\/div><\/figure>\n\n\n\n<p>Adem\u00e1s, un relajado paseo por el evocador <strong><a href=\"https:\/\/turismocoria.es\/turismo\/lugares-que-no-te-puedes-perder\/casco-historico\/\" data-type=\"page\" data-id=\"732\"><u>Casco Hist\u00f3rico<\/u> <\/a><\/strong>de Coria les descubrir\u00e1 muchos de los atractivos tesoros que celosamente conserva a\u00fan este m\u00e1gico escenario.&nbsp; Patrimonio hist\u00f3rico-art\u00edstico que est\u00e1 presente, con gran autenticidad, en nuestra admirada y legendaria ciudad antigua, bajo cuyo reposado silencio emergen los recuerdos de su florida antig\u00fcedad descritos en las cicatrices de las piedras de los vetustos monumentos de una villa fraguada por los distintos pueblos que se asentaron por estas ricas tierras de vega: vettones, romanos, visigodos, \u00e1rabes, jud\u00edos y cristianos.<\/p>\n\n\n\n<p>Vestigios, todos ellos, cuyas sucesivas etapas cronol\u00f3gicas de la longeva historia cauriense han quedado en parte atestiguadas por el magn\u00edfico <strong><u><a href=\"https:\/\/turismocoria.es\/turismo\/lugares-que-no-te-puedes-perder\/casco-historico\/\">Conjunto Monumental<\/a><\/u><\/strong> que conserva la ciudad.&nbsp; Desde las volum\u00e9tricas <strong><u><a href=\"https:\/\/turismocoria.es\/turismo\/lugares-que-no-te-puedes-perder\/murallas-romanas\/\" data-type=\"page\" data-id=\"497\">Murallas Romanas<\/a><\/u><\/strong> (S. I) que lo circundan como una de las fortalezas de origen romano mejor conservadas en su conjunto de entre todas las halladas en el resto de Europa; pasando por los soberbios y se\u00f1oriales <strong><u><a href=\"https:\/\/turismocoria.es\/turismo\/lugares-que-no-te-puedes-perder\/castillo-de-los-duques-de-alba\/\" data-type=\"page\" data-id=\"226\">Castillo<\/a><\/u><\/strong> (S. XV) y <strong><u><a href=\"https:\/\/turismocoria.es\/turismo\/otros-rincones-por-descubrir\/palacio-de-los-duques-de-alba\/\" data-type=\"page\" data-id=\"509\">Palacio de los Duques de Alba<\/a><\/u><\/strong> (S. XV-XVI) como s\u00edmbolos del rancio poder nobiliario; hasta la magna <strong><u><a href=\"https:\/\/turismocoria.es\/turismo\/lugares-que-no-te-puedes-perder\/catedral\/\" data-type=\"page\" data-id=\"488\">Catedral de Santa Mar\u00eda de la Asunci\u00f3n<\/a><\/u><\/strong><a href=\"https:\/\/turismocoria.es\/turismo\/fiestas-de-san-juan-la-catedral-del-toro-en-extremadura\/\" data-type=\"post\" data-id=\"11809\"> <\/a>(S. XV-XVIII) joya del g\u00f3tico-plateresco extreme\u00f1o en la que se custodia esa misteriosa reliquia universal del <strong><u><a href=\"https:\/\/turismocoria.es\/turismo\/el-sagrado-mantel-de-la-ultima-cena\/\" data-type=\"page\" data-id=\"1176\">Sagrado Mantel de la \u00daltima Cena<\/a><\/u><\/strong>; adem\u00e1s del <strong><a href=\"https:\/\/turismocoria.es\/turismo\/otros-rincones-por-descubrir\/palacio-episcopal\/\" data-type=\"page\" data-id=\"511\"><u>Palacio Episcopal<\/u> <\/a><\/strong>(S. XVII), la <strong><u><a href=\"https:\/\/turismocoria.es\/turismo\/otros-rincones-por-descubrir\/iglesia-santiago-apostol\/\" data-type=\"page\" data-id=\"514\">Iglesia de Santiago Ap\u00f3stol<\/a><\/u> <\/strong>(S. XVI-XVIII), el <strong><u><a href=\"https:\/\/turismocoria.es\/turismo\/lugares-que-no-te-puedes-perder\/convento-de-la-madre-de-dios\/\" data-type=\"page\" data-id=\"499\">Convento de la Madre de Dios<\/a><\/u> <\/strong>(S. XVI-XVII), el <strong><u><a href=\"https:\/\/turismocoria.es\/turismo\/otros-rincones-por-descubrir\/hospital-san-nicolas-de-bari\/\" data-type=\"page\" data-id=\"521\">Hospital de San Nicol\u00e1s de Bari<\/a><\/u> <\/strong>(S. XVI-XIX), el <strong><a href=\"https:\/\/turismocoria.es\/turismo\/otros-rincones-por-descubrir\/colegio-seminario-conciliar\/\" data-type=\"page\" data-id=\"744\">Colegio-Seminario Mayor Conciliar<\/a><\/strong> (S. XVII-XIX), las <strong><a href=\"https:\/\/turismocoria.es\/turismo\/otros-rincones-por-descubrir\/carcel-real\/\" data-type=\"page\" data-id=\"2958\"><u>C\u00e1rceles Real<\/u> <\/a><\/strong>(S. XVII), convertida en Museo de Historia, Arqueolog\u00eda y Etnograf\u00eda, y <strong><u><a href=\"https:\/\/turismocoria.es\/turismo\/otros-rincones-por-descubrir\/carcel-eclesiastica\/\" data-type=\"page\" data-id=\"517\">Eclesi\u00e1stica<\/a><\/u> <\/strong>(S. XVIII), el <strong><u><a href=\"https:\/\/turismocoria.es\/turismo\/lugares-que-no-te-puedes-perder\/santuario-de-la-virgen-de-argeme\/\" data-type=\"page\" data-id=\"505\">Santuario de Nuestra Se\u00f1ora Virgen de Argeme<\/a><\/u><\/strong> (S. XVII-XVIII) a extramuros; o los <strong><u><a href=\"https:\/\/turismocoria.es\/turismo\/otros-rincones-por-descubrir\/puente-de-piedra\/\" data-type=\"page\" data-id=\"529\">Puentes de Piedra<\/a><\/u> <\/strong>(S. XVI) y <strong><u><a href=\"https:\/\/turismocoria.es\/turismo\/otros-rincones-por-descubrir\/puente-de-hierro\/\" data-type=\"page\" data-id=\"531\">de Hierro<\/a><\/u> <\/strong>(S. XX), entre otros interesantes rincones por descubrir.<\/p>\n\n\n\n<figure class=\"wp-block-embed is-type-video is-provider-youtube wp-block-embed-youtube wp-embed-aspect-16-9 wp-has-aspect-ratio\"><div class=\"wp-block-embed__wrapper\">\n<div class=\"ast-oembed-container \" style=\"height: 100%;\"><iframe loading=\"lazy\" title=\"Coria \u201cConjunto Monumental\u201d, destino tur\u00edstico del noroeste de Extremadura\" width=\"500\" height=\"281\" data-src=\"https:\/\/www.youtube.com\/embed\/M6VniblQWMo?feature=oembed\" frameborder=\"0\" allow=\"accelerometer; autoplay; clipboard-write; encrypted-media; gyroscope; picture-in-picture; web-share\" referrerpolicy=\"strict-origin-when-cross-origin\" allowfullscreen src=\"data:image\/gif;base64,R0lGODlhAQABAAAAACH5BAEKAAEALAAAAAABAAEAAAICTAEAOw==\" class=\"lazyload\" data-load-mode=\"1\"><\/iframe><\/div>\n<\/div><\/figure>\n\n\n\n<p>Grandes y soberbios monumentos conservados entre un entramado de calles que enamorar\u00e1n al turista, cuyo <strong>legado cultural y espiritual<\/strong> se exhiben en las colecciones conservadas en los <a href=\"https:\/\/turismocoria.es\/turismo\/lugares-que-no-te-puedes-perder\/museo-catedralicio\/\" data-type=\"page\" data-id=\"501\"><strong><u>museos Catedralicio<\/u><\/strong> <\/a>y <strong><u><a href=\"https:\/\/turismocoria.es\/turismo\/lugares-que-no-te-puedes-perder\/museo-de-la-carcel-real\/\" data-type=\"page\" data-id=\"503\">de la C\u00e1rcel Real<\/a><\/u><\/strong> de la tambi\u00e9n ciudad episcopal que fue, en su tiempo, el punto final de una de las peregrinaciones m\u00e1s importantes y conocidas de toda la pen\u00ednsula Ib\u00e9rica.&nbsp; Devoci\u00f3n, cultura y turismo en torno a las <strong>Santas Reliquias<\/strong> conservadas en la seo cauriense, convertidas en verdaderos tesoros sacros para el gozo y fervor de los fieles.&nbsp; Un rico legado de piezas y alhajas entre las que destacan una <strong><u>Santa Espina<\/u><\/strong> de la Corona, junto a un <strong><em><u>Lignum Crucis<\/u><\/em><\/strong> o fragmento de la Cruz de Jesucristo, adem\u00e1s del citado y excepcional <strong><u><a href=\"https:\/\/turismocoria.es\/turismo\/el-sagrado-mantel-de-la-ultima-cena\/\" data-type=\"page\" data-id=\"1176\">Sagrado Mantel de la \u00daltima Cena<\/a><\/u><\/strong>, como reliquia universal de la cristiandad.<\/p>\n\n\n\n<p>Y, junto las milenarias huellas de la historia del pasado cauriense celosamente atesorado, el turista, adem\u00e1s de participar y sentir de la variada y fecunda <strong>oferta de actividades <\/strong>adem\u00e1s de poder disfrutar de la diversificada <strong>oferta hostelera<\/strong> y <strong>comercial<\/strong> que, a buen seguro, cubrir\u00e1n todas las necesidades y los gustos de aquellos viajeros que visiten este centenario destino tur\u00edstico cargado de encanto, seguro y tranquilo, convertido en una de las mejores opciones para su tiempo de ocio libre y vacacional.<\/p>\n\n\n\n<figure class=\"wp-block-embed is-type-video is-provider-youtube wp-block-embed-youtube wp-embed-aspect-16-9 wp-has-aspect-ratio\"><div class=\"wp-block-embed__wrapper\">\n<div class=\"ast-oembed-container \" style=\"height: 100%;\"><iframe loading=\"lazy\" title=\"Coria, una ciudad para sentirla!\" width=\"500\" height=\"281\" data-src=\"https:\/\/www.youtube.com\/embed\/_LlVD2Y1AmI?feature=oembed\" frameborder=\"0\" allow=\"accelerometer; autoplay; clipboard-write; encrypted-media; gyroscope; picture-in-picture; web-share\" referrerpolicy=\"strict-origin-when-cross-origin\" allowfullscreen src=\"data:image\/gif;base64,R0lGODlhAQABAAAAACH5BAEKAAEALAAAAAABAAEAAAICTAEAOw==\" class=\"lazyload\" data-load-mode=\"1\"><\/iframe><\/div>\n<\/div><\/figure>\n\n\n\n<p><strong>M\u00e1s Informaci\u00f3n en:<\/strong><br><strong>Oficina Municipal de Turismo<\/strong><br>Plaza de San Pedro, 1<br>Tlfno.: 927 50 80 00 Ext. 290 \u2013 Email: <a href=\"mailto:oficinaturismo@coria.org\">oficinaturismo@coria.org<\/a><\/p>\n","protected":false},"excerpt":{"rendered":"<p>El \u201cvero\u00f1o\u201d, como coloquialmente se ha venido a denominar a este per\u00edodo coincidente con el final del verano y el principio del oto\u00f1o al mantenerse a\u00fan las buenas temperaturas, es otra de las \u00e9pocas que invitan a viajar y descubrir sensaciones y experiencias \u00fanicas dentro de la milenaria Ciudad de Coria. Si la idea le [&hellip;]<\/p>\n","protected":false},"author":2,"featured_media":11982,"comment_status":"closed","ping_status":"closed","sticky":false,"template":"","format":"standard","meta":{"_uag_custom_page_level_css":"","site-sidebar-layout":"default","site-content-layout":"","ast-site-content-layout":"default","site-content-style":"default","site-sidebar-style":"default","ast-global-header-display":"","ast-banner-title-visibility":"","ast-main-header-display":"","ast-hfb-above-header-display":"","ast-hfb-below-header-display":"","ast-hfb-mobile-header-display":"","site-post-title":"","ast-breadcrumbs-content":"","ast-featured-img":"","footer-sml-layout":"","theme-transparent-header-meta":"","adv-header-id-meta":"","stick-header-meta":"","header-above-stick-meta":"","header-main-stick-meta":"","header-below-stick-meta":"","astra-migrate-meta-layouts":"set","ast-page-background-enabled":"default","ast-page-background-meta":{"desktop":{"background-color":"","background-image":"","background-repeat":"repeat","background-position":"center center","background-size":"auto","background-attachment":"scroll","background-type":"","background-media":"","overlay-type":"","overlay-color":"","overlay-opacity":"","overlay-gradient":""},"tablet":{"background-color":"","background-image":"","background-repeat":"repeat","background-position":"center center","background-size":"auto","background-attachment":"scroll","background-type":"","background-media":"","overlay-type":"","overlay-color":"","overlay-opacity":"","overlay-gradient":""},"mobile":{"background-color":"","background-image":"","background-repeat":"repeat","background-position":"center center","background-size":"auto","background-attachment":"scroll","background-type":"","background-media":"","overlay-type":"","overlay-color":"","overlay-opacity":"","overlay-gradient":""}},"ast-content-background-meta":{"desktop":{"background-color":"var(--ast-global-color-5)","background-image":"","background-repeat":"repeat","background-position":"center center","background-size":"auto","background-attachment":"scroll","background-type":"","background-media":"","overlay-type":"","overlay-color":"","overlay-opacity":"","overlay-gradient":""},"tablet":{"background-color":"var(--ast-global-color-5)","background-image":"","background-repeat":"repeat","background-position":"center center","background-size":"auto","background-attachment":"scroll","background-type":"","background-media":"","overlay-type":"","overlay-color":"","overlay-opacity":"","overlay-gradient":""},"mobile":{"background-color":"var(--ast-global-color-5)","background-image":"","background-repeat":"repeat","background-position":"center center","background-size":"auto","background-attachment":"scroll","background-type":"","background-media":"","overlay-type":"","overlay-color":"","overlay-opacity":"","overlay-gradient":""}},"_EventAllDay":false,"_EventTimezone":"","_EventStartDate":"","_EventEndDate":"","_EventStartDateUTC":"","_EventEndDateUTC":"","_EventShowMap":false,"_EventShowMapLink":false,"_EventURL":"","_EventCost":"","_EventCostDescription":"","_EventCurrencySymbol":"","_EventCurrencyCode":"","_EventCurrencyPosition":"","_EventDateTimeSeparator":"","_EventTimeRangeSeparator":"","_EventOrganizerID":[],"_EventVenueID":0,"_OrganizerEmail":"","_OrganizerPhone":"","_OrganizerWebsite":"","_VenueAddress":"","_VenueCity":"","_VenueCountry":"","_VenueProvince":"","_VenueZip":"","_VenuePhone":"","_VenueURL":"","_VenueStateProvince":"","_VenueLat":"","_VenueLng":"","footnotes":""},"categories":[33],"tags":[],"class_list":["post-11980","post","type-post","status-publish","format-standard","has-post-thumbnail","hentry","category-sin-categorizar"],"featured_image_src":"https:\/\/turismocoria.es\/turismo\/wp-content\/uploads\/2023\/09\/Disfrutar-Verono-Ciudad-de-Coria-600x400.jpg","featured_image_src_square":"https:\/\/turismocoria.es\/turismo\/wp-content\/uploads\/2023\/09\/Disfrutar-Verono-Ciudad-de-Coria-600x600.jpg","author_info":{"display_name":"turismo","author_link":"https:\/\/turismocoria.es\/turismo\/author\/turismo\/"},"uagb_featured_image_src":{"full":["https:\/\/turismocoria.es\/turismo\/wp-content\/uploads\/2023\/09\/Disfrutar-Verono-Ciudad-de-Coria.jpg",1730,1297,false],"thumbnail":["https:\/\/turismocoria.es\/turismo\/wp-content\/uploads\/2023\/09\/Disfrutar-Verono-Ciudad-de-Coria-150x150.jpg",150,150,true],"medium":["https:\/\/turismocoria.es\/turismo\/wp-content\/uploads\/2023\/09\/Disfrutar-Verono-Ciudad-de-Coria-300x225.jpg",300,225,true],"medium_large":["https:\/\/turismocoria.es\/turismo\/wp-content\/uploads\/2023\/09\/Disfrutar-Verono-Ciudad-de-Coria-768x576.jpg",768,576,true],"large":["https:\/\/turismocoria.es\/turismo\/wp-content\/uploads\/2023\/09\/Disfrutar-Verono-Ciudad-de-Coria-1024x768.jpg",1024,768,true],"gs-tiny":["https:\/\/turismocoria.es\/turismo\/wp-content\/uploads\/2023\/09\/Disfrutar-Verono-Ciudad-de-Coria.jpg",50,37,false],"xl":["https:\/\/turismocoria.es\/turismo\/wp-content\/uploads\/2023\/09\/Disfrutar-Verono-Ciudad-de-Coria-1600x1200.jpg",1600,1200,true],"xxl":["https:\/\/turismocoria.es\/turismo\/wp-content\/uploads\/2023\/09\/Disfrutar-Verono-Ciudad-de-Coria.jpg",1730,1297,false],"xxxl":["https:\/\/turismocoria.es\/turismo\/wp-content\/uploads\/2023\/09\/Disfrutar-Verono-Ciudad-de-Coria.jpg",1730,1297,false],"xxxxl":["https:\/\/turismocoria.es\/turismo\/wp-content\/uploads\/2023\/09\/Disfrutar-Verono-Ciudad-de-Coria.jpg",1730,1297,false],"xxxxxl":["https:\/\/turismocoria.es\/turismo\/wp-content\/uploads\/2023\/09\/Disfrutar-Verono-Ciudad-de-Coria.jpg",1730,1297,false],"1536x1536":["https:\/\/turismocoria.es\/turismo\/wp-content\/uploads\/2023\/09\/Disfrutar-Verono-Ciudad-de-Coria-1536x1152.jpg",1536,1152,true],"2048x2048":["https:\/\/turismocoria.es\/turismo\/wp-content\/uploads\/2023\/09\/Disfrutar-Verono-Ciudad-de-Coria.jpg",1730,1297,false],"ultp_layout_landscape_large":["https:\/\/turismocoria.es\/turismo\/wp-content\/uploads\/2023\/09\/Disfrutar-Verono-Ciudad-de-Coria-1200x800.jpg",1200,800,true],"ultp_layout_landscape":["https:\/\/turismocoria.es\/turismo\/wp-content\/uploads\/2023\/09\/Disfrutar-Verono-Ciudad-de-Coria-870x570.jpg",870,570,true],"ultp_layout_portrait":["https:\/\/turismocoria.es\/turismo\/wp-content\/uploads\/2023\/09\/Disfrutar-Verono-Ciudad-de-Coria-600x900.jpg",600,900,true],"ultp_layout_square":["https:\/\/turismocoria.es\/turismo\/wp-content\/uploads\/2023\/09\/Disfrutar-Verono-Ciudad-de-Coria-600x600.jpg",600,600,true],"gb-block-post-grid-landscape":["https:\/\/turismocoria.es\/turismo\/wp-content\/uploads\/2023\/09\/Disfrutar-Verono-Ciudad-de-Coria-600x400.jpg",600,400,true],"gb-block-post-grid-square":["https:\/\/turismocoria.es\/turismo\/wp-content\/uploads\/2023\/09\/Disfrutar-Verono-Ciudad-de-Coria-600x600.jpg",600,600,true]},"uagb_author_info":{"display_name":"turismo","author_link":"https:\/\/turismocoria.es\/turismo\/author\/turismo\/"},"uagb_comment_info":0,"uagb_excerpt":"El \u201cvero\u00f1o\u201d, como coloquialmente se ha venido a denominar a este per\u00edodo coincidente con el final del verano y el principio del oto\u00f1o al mantenerse a\u00fan las buenas temperaturas, es otra de las \u00e9pocas que invitan a viajar y descubrir sensaciones y experiencias \u00fanicas dentro de la milenaria Ciudad de Coria. Si la idea le&hellip;","_links":{"self":[{"href":"https:\/\/turismocoria.es\/turismo\/wp-json\/wp\/v2\/posts\/11980"}],"collection":[{"href":"https:\/\/turismocoria.es\/turismo\/wp-json\/wp\/v2\/posts"}],"about":[{"href":"https:\/\/turismocoria.es\/turismo\/wp-json\/wp\/v2\/types\/post"}],"author":[{"embeddable":true,"href":"https:\/\/turismocoria.es\/turismo\/wp-json\/wp\/v2\/users\/2"}],"replies":[{"embeddable":true,"href":"https:\/\/turismocoria.es\/turismo\/wp-json\/wp\/v2\/comments?post=11980"}],"version-history":[{"count":4,"href":"https:\/\/turismocoria.es\/turismo\/wp-json\/wp\/v2\/posts\/11980\/revisions"}],"predecessor-version":[{"id":11988,"href":"https:\/\/turismocoria.es\/turismo\/wp-json\/wp\/v2\/posts\/11980\/revisions\/11988"}],"wp:featuredmedia":[{"embeddable":true,"href":"https:\/\/turismocoria.es\/turismo\/wp-json\/wp\/v2\/media\/11982"}],"wp:attachment":[{"href":"https:\/\/turismocoria.es\/turismo\/wp-json\/wp\/v2\/media?parent=11980"}],"wp:term":[{"taxonomy":"category","embeddable":true,"href":"https:\/\/turismocoria.es\/turismo\/wp-json\/wp\/v2\/categories?post=11980"},{"taxonomy":"post_tag","embeddable":true,"href":"https:\/\/turismocoria.es\/turismo\/wp-json\/wp\/v2\/tags?post=11980"}],"curies":[{"name":"wp","href":"https:\/\/api.w.org\/{rel}","templated":true}]}}