{"id":11903,"date":"2023-07-27T08:53:14","date_gmt":"2023-07-27T06:53:14","guid":{"rendered":"https:\/\/turismocoria.es\/turismo\/?p=11903"},"modified":"2023-07-27T08:53:16","modified_gmt":"2023-07-27T06:53:16","slug":"tus-10-senaladas-citas-para-el-agosto-turistico-ciudad-de-coria","status":"publish","type":"post","link":"https:\/\/turismocoria.es\/turismo\/tus-10-senaladas-citas-para-el-agosto-turistico-ciudad-de-coria\/","title":{"rendered":"Tus 10 Se\u00f1aladas Citas para el Agosto Tur\u00edstico Ciudad de Coria"},"content":{"rendered":"\n<p><strong>Historia, patrimonio, arte, gastronom\u00eda, naturaleza y tradiciones, son algunos de los atractivos tur\u00edsticos que atesora la milenaria, se\u00f1orial y episcopal Ciudad de Coria. Rincones centenarios y tesoros secretos prodigiosamente guardados en una de las poblaciones m\u00e1s antiguas de Espa\u00f1a que, durante este vacacional mes estival, contar\u00e1 con diez imprescindibles citas para un verano de interior inolvidable que, a buen seguro, har\u00e1n de este enclave hist\u00f3rico tu mejor opci\u00f3n donde pasar un merecido per\u00edodo de descanso repleto de encantos, seguro y tranquilo.<\/strong><\/p>\n\n\n\n<p>Si lo que realmente busca el turista es dedicar su tiempo de ocio vacacional a conocer otras gentes y otras costumbres, a disfrutar de la familia y los amigos, a practicar un turismo alternativo basado en la historia, el arte, la naturaleza o las experiencias, sin prisas y sin aglomeraciones, debe entonces acercase hasta el <strong><span style=\"text-decoration: underline;\"><a href=\"https:\/\/turismocoria.es\/turismo\/lugares-que-no-te-puedes-perder\/casco-historico\/\" data-type=\"page\" data-id=\"732\">Conjunto Monumental<\/a><\/span><\/strong> de la <strong><span style=\"text-decoration: underline;\"><a href=\"https:\/\/turismocoria.es\/turismo\/ciudad-de-coria\/\" data-type=\"page\" data-id=\"1061\">Ciudad de Coria<\/a><\/span><\/strong>, sin duda, una de las mejores opciones patrimoniales culturales m\u00e1s emblem\u00e1ticas de toda Extremadura.<\/p>\n\n\n\n<p>Diez ineludibles citas dentro de la variada programaci\u00f3n del <strong><span style=\"text-decoration: underline;\"><a href=\"https:\/\/turismocoria.es\/turismo\/fiestas-y-eventos-para-disfrutar\/agosto-turistico\/\" data-type=\"page\" data-id=\"856\">\u201cAgosto Tur\u00edstico\u201d<\/a><\/span><\/strong> de esta longeva ciudad extreme\u00f1a que, cargada de eventos cautivadores, sumergir\u00e1n al visitante en un emotivo ambiente de experiencias y emociones con las que sentir la Ciudad de Coria con toda intensidad.<\/p>\n\n\n\n<p>Momentos especiales que, desde el apasionante <strong><span style=\"text-decoration: underline;\"><a href=\"https:\/\/turismocoria.es\/turismo\/deporte-activo-de-salud-y-vida\/desciende-en-canoa-rio-alagon\/eco-descenso-por-el-valle-del-alagon\/\" data-type=\"page\" data-id=\"875\">\u201cDescenso del R\u00edo Alag\u00f3n\u201d<\/a><\/span><\/strong> que surca las aguas de este caudaloso curso fluvial, pasando por el laureado <strong><span style=\"text-decoration: underline;\"><a href=\"https:\/\/turismocoria.es\/turismo\/fiestas-y-eventos-para-disfrutar\/festival-internacional-de-guitarra\/\" data-type=\"page\" data-id=\"576\">\u201cFestival Internacional de Guitarra\u201d<\/a><\/span><\/strong>, hasta la seductora <strong><span style=\"text-decoration: underline;\"><a href=\"https:\/\/turismocoria.es\/turismo\/fiestas-y-eventos-para-disfrutar\/agosto-turistico\/noche-de-las-velas\/\" data-type=\"page\" data-id=\"578\">\u201cNoche de las Velas\u201d<\/a><\/span><\/strong>, donde cientos de lamparitas iluminan el Casco Antiguo creando una sobrecogedora atm\u00f3sfera de luces y sombras que envuelven su mercado de artesan\u00eda en vivo que dan paso al decano mercado matinal del <strong><span style=\"text-decoration: underline;\"><a href=\"https:\/\/turismocoria.es\/turismo\/fiestas-y-eventos-para-disfrutar\/agosto-turistico\/jueves-turistico\/\" data-type=\"page\" data-id=\"859\">\u201cJueves Tur\u00edstico\u201d<\/a><\/span><\/strong>, nutren de eventos este t\u00edpico mes vacacional que se ve complementado con otras interesantes actividades, caso de: observaciones astron\u00f3micas, conciertos, visitas nocturnas, teatro de calle, deportes, etc., que har\u00e1n las delicias de aquellos que se acerquen hasta la Ciudad de Coria para disfrutar de estas <strong>10 inolvidables citas<\/strong>\u2026<\/p>\n\n\n\n<figure class=\"wp-block-embed is-type-video is-provider-youtube wp-block-embed-youtube wp-embed-aspect-16-9 wp-has-aspect-ratio\"><div class=\"wp-block-embed__wrapper\">\n<div class=\"ast-oembed-container \" style=\"height: 100%;\"><iframe loading=\"lazy\" title=\"Agosto Tur\u00edstico en Coria\" width=\"500\" height=\"281\" data-src=\"https:\/\/www.youtube.com\/embed\/ER7WIOu1V0M?feature=oembed\" frameborder=\"0\" allow=\"accelerometer; autoplay; clipboard-write; encrypted-media; gyroscope; picture-in-picture; web-share\" referrerpolicy=\"strict-origin-when-cross-origin\" allowfullscreen src=\"data:image\/gif;base64,R0lGODlhAQABAAAAACH5BAEKAAEALAAAAAABAAEAAAICTAEAOw==\" class=\"lazyload\" data-load-mode=\"1\"><\/iframe><\/div>\n<\/div><\/figure>\n\n\n\n<div class=\"wp-block-uagb-advanced-heading uagb-block-3fab37dd\"><h3 class=\"uagb-heading-text\"><strong>PROGRAMACI\u00d3N AGOSTO TUR\u00cdSTICO CIUDAD DE CORIA<\/strong><\/h3><p class=\"uagb-desc-text\"><strong>Del 30 de Julio al 26 de Agosto de 2023<\/strong> <\/p><\/div>\n\n\n\n<div class=\"wp-block-columns is-layout-flex wp-container-core-columns-is-layout-1 wp-block-columns-is-layout-flex\">\n<div class=\"wp-block-column is-layout-flow wp-block-column-is-layout-flow\">\n<ol class=\"wp-block-list\">\n<li><strong><u>Deportivo y Animado \u201cDESCENSO DEL R\u00cdO ALAG\u00d3N\u201d<\/u>.<\/strong><\/li>\n<\/ol>\n\n\n\n<p>Durante la matinal del <strong>domingo<\/strong>, <strong>30 de julio<\/strong>, este sorprendente <strong>descenso en piragua o canoa<\/strong>, de <strong>18,8km. fluviales<\/strong>, entre el Puente de la Macarrona (en la cercana localidad de Riolobos) y el Puente de Hierro (en Coria), se ha convertido en una prueba obligada del calendario n\u00e1utico extreme\u00f1o. La duraci\u00f3n estimada es de unas <strong>4 horas y media<\/strong> para recorrer este bello tramo del <strong>afluente m\u00e1s largo del<\/strong> <strong>r\u00edo Tajo<\/strong>. Una cita que los amantes de la naturaleza y el deporte no pueden perderse\u2026<\/p>\n\n\n\n<p><strong>Inscripciones en:<\/strong> <span style=\"text-decoration: underline;\"><a href=\"https:\/\/descensorioalagon.blogspot.com\">https:\/\/descensorioalagon.blogspot.com<\/a><\/span><\/p>\n\n\n\n<p><strong>2. <strong><u>Cultural <\/u> <u>y Emotivo<\/u> <u>\u201cFESTIVAL INTERNACIONAL <\/u>DE <u>GUITARRA\u201d<\/u>.<\/strong><\/strong><\/p>\n\n\n\n<p><strong>Del 1al 8 de agosto<\/strong>, la Ciudad de Coria acoge la <strong>XXVI edici\u00f3n<\/strong> de este <strong>evento musical<\/strong> que tiene como m\u00e1gico escenario la plaza de la Catedral, donde se ofrecer\u00e1n los conciertos al aire libre de <strong>\u201cKiko Veneno\u201d (Martes1)<\/strong>, de <strong>\u201cCuarteto de Guitarras de Andaluc\u00eda\u201d (Viernes 4)<\/strong> y de <strong>\u201cSusan Santos\u201d (lunes7)<\/strong>. Adem\u00e1s, el interior de la propia seo cauriense acoger\u00e1 los conciertos de <strong>Fernando Sp\u00ed (mi\u00e9rcoles 2)<\/strong>, <strong>Pedro Mateo Gonz\u00e1lez Garrido (jueves 3)<\/strong>, <strong>Margarita Escarpa (s\u00e1bado 5)<\/strong>, <strong>Elia Portera (domingo 6) <\/strong>y la <strong>Final del Concurso Senior de Guitarra (martes 8 de agosto)<\/strong>.<\/p>\n\n\n\n<p><strong>Venta de entradas online en: <\/strong><a href=\"http:\/\/www.giglon.com\/\"><u>www.giglon.com<\/u><\/a><\/p>\n\n\n\n<p><strong>3. <span style=\"text-decoration: underline;\">Ruta Nocturna &#8220;LUNA ZAPATONA&#8221;<\/span><\/strong><\/p>\n\n\n\n<p><strong>IX<\/strong><strong>edici\u00f3n<\/strong>de este evento deportivo solidario que, celebrado el <strong>s\u00e1bado<\/strong>, <strong>5<\/strong><strong>de<\/strong><strong>agosto,<\/strong>con partida desde el Pabell\u00f3n Municipal de Deportes, tendr\u00e1 un recorrido de <strong>10<\/strong><strong>km.<\/strong>, con una doble salida en dos modalidades: <strong>23:10<\/strong><strong>h.<\/strong><strong>(senderistas)<\/strong>y <strong>23:45<\/strong><strong>h.<\/strong><strong>(corredores).<\/strong><\/p>\n\n\n\n<p><strong>Inscripciones en:<\/strong> <a href=\"https:\/\/lunazapatona.blogspot.com\/p\/inscripciones.html\" target=\"_blank\" rel=\"noreferrer noopener\"><span style=\"text-decoration: underline;\">https:\/\/lunazapatona.blogspot.com\/p\/inscripciones.html<\/span><\/a><\/p>\n\n\n\n<p><strong>4. <u>Luces y Sombras en la M\u00e1gica \u201cNOCHE DE LAS VELAS\u201d<\/u>.<\/strong><\/p>\n\n\n\n<p>Al caer el sol en el atardecer del <strong>mi\u00e9rcoles<\/strong>, <strong>9 de agosto<\/strong>, Coria se transforma. Las principales calles y plazas de su Casco Hist\u00f3rico adornan sus v\u00edas, balcones y rejas con cientos de candelillas, cirios y lamparillas, arropando un emocional <strong>Mercado Artesanal de las Velas<\/strong>, con productos de la tierra. Todo ello, amenizado con m\u00fasica en vivo, actividades para ni\u00f1os y mayores\u2026 Una forma diferente y original de conocer la historia de Coria, encantada y divertida. \u00a1Impresionante!.<\/p>\n\n\n\n<p><strong>5. <strong><u>Ambientado Mercado de Artesan\u00eda del \u201cJUEVES TUR\u00cdSTICO\u201d<\/u>.<\/strong><\/strong><\/p>\n\n\n\n<p>Al d\u00eda siguiente de la \u2018Noche de la Velas\u2019, el <strong>jueves<\/strong>, <strong>10 deagosto<\/strong>, la Ciudad de Coria se despierta con la <strong>XXVIII edici\u00f3n<\/strong> de un atractivo <strong>Mercado de Artesan\u00eda y Comercio<\/strong> ambientado por las calles y plazas de su monumental Casco Hist\u00f3rico Amurallado. Evento que se complementa con otras actividades como <strong>pasacalles conburbujas gigantes de colores<\/strong>, <strong>teatro de marionetas<\/strong>, <strong>escuela de caballeros<\/strong> y <strong>paseos en burro<\/strong> para ni\u00f1os, <strong>desfiles de moda<\/strong>, <strong>m\u00fasica ambiente<\/strong>, <strong>conciertos de m\u00fasica electr\u00f3nica<\/strong> y <strong>mercadillo tradicional <\/strong>(Barrio de Moscoso) entre otras.<\/p>\n\n\n\n<p><strong>6. <strong><u>Seductora \u201cVISITAGUIADA NOCTURNA POR EL CASCO HIST\u00d3RICO DE CORIA\u201d<\/u>.<\/strong><\/strong><\/p>\n\n\n\n<p>El <strong>viernes,<\/strong><strong>11<\/strong><strong>de<\/strong><strong>agosto<\/strong>, tendremos la oportunidad de descubrir los lugares y monumentos m\u00e1s emblem\u00e1ticos de la ciudad a trav\u00e9s de una <strong>visita <\/strong><strong>nocturna <\/strong><strong>guiada<\/strong> de la mano del <strong>Bobo <\/strong><strong>de <\/strong><strong>Coria<\/strong> que dar\u00e1 comienzo a las <strong>22:00<\/strong><strong>h<\/strong>. y que se repetir\u00e1 nuevamente el <strong>s\u00e1bado<\/strong>, <strong>18<\/strong><strong> de <\/strong><strong>agosto<\/strong>.<\/p>\n\n\n\n<p><strong>Inscripciones en:<\/strong> <span style=\"text-decoration: underline;\"><a href=\"https:\/\/turismocoria.es\" data-type=\"URL\" data-id=\"https:\/\/turismocoria.es\" target=\"_blank\" rel=\"noreferrer noopener\">Oficina Municipal de Turismo<\/a><\/span><\/p>\n\n\n\n<p><strong>7. <strong><u>De tradiciones a trav\u00e9s del \u201cFESTIVAL INTERNACIONAL DE FOLKLORE\u201d<\/u>.<\/strong><\/strong><\/p>\n\n\n\n<p>El <strong>Atrio del Perd\u00f3n<\/strong> de la <strong>Catedral<\/strong> <strong>de Coria <\/strong>acoger\u00e1 el <strong>s\u00e1bado<\/strong>, <strong>12 deagosto<\/strong>, a las <strong>22:00h.<\/strong>, este costumbrista Festival Internacional de Folklore que en esta edici\u00f3n atrae a los <strong>Grupos<\/strong> <strong>Acuarelas Americanas de Argentina<\/strong>, <strong>Aires Castellanos de Arroyo de<\/strong> <strong>la<\/strong> <strong>Encomienda de Valladolid<\/strong>, <strong>Coros y Danzas Los<\/strong> <strong>Jarentinos de Jara\u00edz<\/strong> <strong>de<\/strong> <strong>la Vera <\/strong>y <strong>Grupo<\/strong> <strong>de<\/strong> <strong>Coros y Danzas<\/strong> <strong>Savia Viva de Coria<\/strong>.<\/p>\n\n\n\n<p><strong>8. <strong><u>Observaci\u00f3n Astron\u00f3mica \u201cDE CORIA A LAS ESTRELLAS\u201d<\/u>.<\/strong><\/strong><\/p>\n\n\n\n<p>En la cerrada noche del <strong>s\u00e1bado<\/strong>, <strong>19<\/strong><strong> de<\/strong><strong> agosto<\/strong>, en la explanada de la Ermita-Santuario, tendr\u00e1 lugar a las <strong>22:00<\/strong><strong>h.<\/strong> esta fascinante actividad con el fin de admirar <strong>\u201cLas <\/strong><strong>Perseidas\u201d<\/strong> o lluvia de estrellas desde este id\u00edlico paraje donde podr\u00e1 aprovechar para tomar una foto de una de las <strong>puestas <\/strong><strong>de <\/strong><strong>sol <\/strong><strong>m\u00e1s <\/strong><strong>bonitas <\/strong><strong>de <\/strong><strong>Extremadura<\/strong>. \u00a1Todo un lujo para los sentidos!\u2026<\/p>\n\n\n\n<p><strong>Inscripciones en:<\/strong> <a href=\"https:\/\/turismocoria.es\" data-type=\"URL\" data-id=\"https:\/\/turismocoria.es\" target=\"_blank\" rel=\"noreferrer noopener\"><span style=\"text-decoration: underline;\">Oficina Municipal de Turismo<\/span><\/a><\/p>\n\n\n\n<p><strong>9. <strong><u>De Fiesta en la \u201cNOCHE DE DJ\u00b4S\u201d<\/u>.<\/strong><\/strong><\/p>\n\n\n\n<p>El <strong>Campo Anexo del Municipal C\u00e9sar S\u00e1nchez<\/strong> acoger\u00e1 el <strong>s\u00e1bado<\/strong>, <strong>19 de agosto<\/strong>, a las <strong>24:00h.<\/strong>, una jovial noche de m\u00fasica y diversi\u00f3n a orillas del r\u00edo Alag\u00f3n y bajo la constelaci\u00f3n de estrellas del firmamento cauriense.<\/p>\n\n\n\n<p><strong>10. <strong><u>\u00danica e irrepetible \u201cEXPOSICI\u00d3N: CR\u00cdA CABALLAR DE LAS FUERZAS ARMADAS\u201d<\/u>.<\/strong><\/strong><\/p>\n\n\n\n<p>Desde el pasado 20 de julio y <strong>hasta el domingo<\/strong>, <strong>30 de<\/strong> <strong>agosto<\/strong>, los amantes del fascinante mundo del caballo disfrutar\u00e1n con esta <strong>exposici\u00f3n temporal <\/strong>ubicada en el <strong>Patio de Cristales <\/strong>del <strong>Ayuntamiento<\/strong> <strong>de Coria<\/strong>.<\/p>\n\n\n\n<div data-wp-interactive=\"core\/file\" class=\"wp-block-file\"><object data-wp-bind--hidden=\"!state.hasPdfPreview\"  class=\"wp-block-file__embed\" data=\"https:\/\/turismocoria.es\/turismo\/wp-content\/uploads\/2023\/07\/FOLLETO-AGOSTO-TURISTICO-CORIA-2023.pdf\" type=\"application\/pdf\" style=\"width:100%;height:600px\" aria-label=\"Incrustado de FOLLETO-AGOSTO-TURISTICO-CORIA-2023.\"><\/object><a id=\"wp-block-file--media-93245212-5817-4235-a1bd-2e641191ad93\" href=\"https:\/\/turismocoria.es\/turismo\/wp-content\/uploads\/2023\/07\/FOLLETO-AGOSTO-TURISTICO-CORIA-2023.pdf\">FOLLETO-AGOSTO-TURISTICO-CORIA-2023<\/a><a href=\"https:\/\/turismocoria.es\/turismo\/wp-content\/uploads\/2023\/07\/FOLLETO-AGOSTO-TURISTICO-CORIA-2023.pdf\" class=\"wp-block-file__button wp-element-button\" download aria-describedby=\"wp-block-file--media-93245212-5817-4235-a1bd-2e641191ad93\">Descarga<\/a><\/div>\n\n\n\n<p>En definitiva, un <strong>turismo cultural de interior<\/strong>, placentero y entretenido, cuya variada <strong>oferta cultural<\/strong>, <strong>gastron\u00f3mica<\/strong> y <strong>deportiva<\/strong> se prolongar\u00e1 en esta bella, hist\u00f3rica y milenaria localidad cauriense durante todo el <strong>per\u00edodo estival<\/strong> por medio de una m\u00e1s que interesante <strong>programaci\u00f3n tur\u00edstica<\/strong> segura, apacible y sostenible.<\/p>\n\n\n\n<figure class=\"wp-block-embed is-type-video is-provider-youtube wp-block-embed-youtube wp-embed-aspect-16-9 wp-has-aspect-ratio\"><div class=\"wp-block-embed__wrapper\">\n<div class=\"ast-oembed-container \" style=\"height: 100%;\"><iframe loading=\"lazy\" title=\"Coria: Arco\u00edris de Fiestas, Eventos y Tradiciones\u2026\" width=\"500\" height=\"281\" data-src=\"https:\/\/www.youtube.com\/embed\/syBofFwr38E?feature=oembed\" frameborder=\"0\" allow=\"accelerometer; autoplay; clipboard-write; encrypted-media; gyroscope; picture-in-picture; web-share\" referrerpolicy=\"strict-origin-when-cross-origin\" allowfullscreen src=\"data:image\/gif;base64,R0lGODlhAQABAAAAACH5BAEKAAEALAAAAAABAAEAAAICTAEAOw==\" class=\"lazyload\" data-load-mode=\"1\"><\/iframe><\/div>\n<\/div><\/figure>\n\n\n\n<p>M\u00e1s Informaci\u00f3n en:<br>Oficina Municipal de Turismo<br>Plaza de San Pedro, 1<br>Tlfno.: 927 50 80 00 Ext. 290<br>Email: <strong><span style=\"text-decoration: underline;\"><a href=\"mailto:oficinaturismo@coria.org\">oficinaturismo@coria.org<\/a><\/span><\/strong><\/p>\n<\/div>\n<\/div>\n","protected":false},"excerpt":{"rendered":"<p>Historia, patrimonio, arte, gastronom\u00eda, naturaleza y tradiciones, son algunos de los atractivos tur\u00edsticos que atesora la milenaria, se\u00f1orial y episcopal Ciudad de Coria. Rincones centenarios y tesoros secretos prodigiosamente guardados en una de las poblaciones m\u00e1s antiguas de Espa\u00f1a que, durante este vacacional mes estival, contar\u00e1 con diez imprescindibles citas para un verano de interior [&hellip;]<\/p>\n","protected":false},"author":4,"featured_media":11904,"comment_status":"closed","ping_status":"closed","sticky":false,"template":"","format":"standard","meta":{"_uag_custom_page_level_css":"","site-sidebar-layout":"default","site-content-layout":"","ast-site-content-layout":"","site-content-style":"default","site-sidebar-style":"default","ast-global-header-display":"","ast-banner-title-visibility":"","ast-main-header-display":"","ast-hfb-above-header-display":"","ast-hfb-below-header-display":"","ast-hfb-mobile-header-display":"","site-post-title":"","ast-breadcrumbs-content":"","ast-featured-img":"","footer-sml-layout":"","theme-transparent-header-meta":"","adv-header-id-meta":"","stick-header-meta":"","header-above-stick-meta":"","header-main-stick-meta":"","header-below-stick-meta":"","astra-migrate-meta-layouts":"default","ast-page-background-enabled":"default","ast-page-background-meta":{"desktop":{"background-color":"","background-image":"","background-repeat":"repeat","background-position":"center center","background-size":"auto","background-attachment":"scroll","background-type":"","background-media":"","overlay-type":"","overlay-color":"","overlay-opacity":"","overlay-gradient":""},"tablet":{"background-color":"","background-image":"","background-repeat":"repeat","background-position":"center center","background-size":"auto","background-attachment":"scroll","background-type":"","background-media":"","overlay-type":"","overlay-color":"","overlay-opacity":"","overlay-gradient":""},"mobile":{"background-color":"","background-image":"","background-repeat":"repeat","background-position":"center center","background-size":"auto","background-attachment":"scroll","background-type":"","background-media":"","overlay-type":"","overlay-color":"","overlay-opacity":"","overlay-gradient":""}},"ast-content-background-meta":{"desktop":{"background-color":"var(--ast-global-color-5)","background-image":"","background-repeat":"repeat","background-position":"center center","background-size":"auto","background-attachment":"scroll","background-type":"","background-media":"","overlay-type":"","overlay-color":"","overlay-opacity":"","overlay-gradient":""},"tablet":{"background-color":"var(--ast-global-color-5)","background-image":"","background-repeat":"repeat","background-position":"center center","background-size":"auto","background-attachment":"scroll","background-type":"","background-media":"","overlay-type":"","overlay-color":"","overlay-opacity":"","overlay-gradient":""},"mobile":{"background-color":"var(--ast-global-color-5)","background-image":"","background-repeat":"repeat","background-position":"center center","background-size":"auto","background-attachment":"scroll","background-type":"","background-media":"","overlay-type":"","overlay-color":"","overlay-opacity":"","overlay-gradient":""}},"_EventAllDay":false,"_EventTimezone":"","_EventStartDate":"","_EventEndDate":"","_EventStartDateUTC":"","_EventEndDateUTC":"","_EventShowMap":false,"_EventShowMapLink":false,"_EventURL":"","_EventCost":"","_EventCostDescription":"","_EventCurrencySymbol":"","_EventCurrencyCode":"","_EventCurrencyPosition":"","_EventDateTimeSeparator":"","_EventTimeRangeSeparator":"","_EventOrganizerID":[],"_EventVenueID":0,"_OrganizerEmail":"","_OrganizerPhone":"","_OrganizerWebsite":"","_VenueAddress":"","_VenueCity":"","_VenueCountry":"","_VenueProvince":"","_VenueZip":"","_VenuePhone":"","_VenueURL":"","_VenueStateProvince":"","_VenueLat":"","_VenueLng":"","footnotes":""},"categories":[33],"tags":[],"class_list":["post-11903","post","type-post","status-publish","format-standard","has-post-thumbnail","hentry","category-sin-categorizar"],"featured_image_src":"https:\/\/turismocoria.es\/turismo\/wp-content\/uploads\/2023\/07\/Coria-Verano-Turistico-2023-600x400.jpg","featured_image_src_square":"https:\/\/turismocoria.es\/turismo\/wp-content\/uploads\/2023\/07\/Coria-Verano-Turistico-2023-600x600.jpg","author_info":{"display_name":"Oficina Turismo","author_link":"https:\/\/turismocoria.es\/turismo\/author\/oficina\/"},"uagb_featured_image_src":{"full":["https:\/\/turismocoria.es\/turismo\/wp-content\/uploads\/2023\/07\/Coria-Verano-Turistico-2023.jpg",1238,709,false],"thumbnail":["https:\/\/turismocoria.es\/turismo\/wp-content\/uploads\/2023\/07\/Coria-Verano-Turistico-2023-150x150.jpg",150,150,true],"medium":["https:\/\/turismocoria.es\/turismo\/wp-content\/uploads\/2023\/07\/Coria-Verano-Turistico-2023-300x172.jpg",300,172,true],"medium_large":["https:\/\/turismocoria.es\/turismo\/wp-content\/uploads\/2023\/07\/Coria-Verano-Turistico-2023-768x440.jpg",768,440,true],"large":["https:\/\/turismocoria.es\/turismo\/wp-content\/uploads\/2023\/07\/Coria-Verano-Turistico-2023-1024x586.jpg",1024,586,true],"gs-tiny":["https:\/\/turismocoria.es\/turismo\/wp-content\/uploads\/2023\/07\/Coria-Verano-Turistico-2023.jpg",50,29,false],"xl":["https:\/\/turismocoria.es\/turismo\/wp-content\/uploads\/2023\/07\/Coria-Verano-Turistico-2023.jpg",1238,709,false],"xxl":["https:\/\/turismocoria.es\/turismo\/wp-content\/uploads\/2023\/07\/Coria-Verano-Turistico-2023.jpg",1238,709,false],"xxxl":["https:\/\/turismocoria.es\/turismo\/wp-content\/uploads\/2023\/07\/Coria-Verano-Turistico-2023.jpg",1238,709,false],"xxxxl":["https:\/\/turismocoria.es\/turismo\/wp-content\/uploads\/2023\/07\/Coria-Verano-Turistico-2023.jpg",1238,709,false],"xxxxxl":["https:\/\/turismocoria.es\/turismo\/wp-content\/uploads\/2023\/07\/Coria-Verano-Turistico-2023.jpg",1238,709,false],"1536x1536":["https:\/\/turismocoria.es\/turismo\/wp-content\/uploads\/2023\/07\/Coria-Verano-Turistico-2023.jpg",1238,709,false],"2048x2048":["https:\/\/turismocoria.es\/turismo\/wp-content\/uploads\/2023\/07\/Coria-Verano-Turistico-2023.jpg",1238,709,false],"ultp_layout_landscape_large":["https:\/\/turismocoria.es\/turismo\/wp-content\/uploads\/2023\/07\/Coria-Verano-Turistico-2023-1200x709.jpg",1200,709,true],"ultp_layout_landscape":["https:\/\/turismocoria.es\/turismo\/wp-content\/uploads\/2023\/07\/Coria-Verano-Turistico-2023-870x570.jpg",870,570,true],"ultp_layout_portrait":["https:\/\/turismocoria.es\/turismo\/wp-content\/uploads\/2023\/07\/Coria-Verano-Turistico-2023-600x709.jpg",600,709,true],"ultp_layout_square":["https:\/\/turismocoria.es\/turismo\/wp-content\/uploads\/2023\/07\/Coria-Verano-Turistico-2023-600x600.jpg",600,600,true],"gb-block-post-grid-landscape":["https:\/\/turismocoria.es\/turismo\/wp-content\/uploads\/2023\/07\/Coria-Verano-Turistico-2023-600x400.jpg",600,400,true],"gb-block-post-grid-square":["https:\/\/turismocoria.es\/turismo\/wp-content\/uploads\/2023\/07\/Coria-Verano-Turistico-2023-600x600.jpg",600,600,true]},"uagb_author_info":{"display_name":"Oficina Turismo","author_link":"https:\/\/turismocoria.es\/turismo\/author\/oficina\/"},"uagb_comment_info":0,"uagb_excerpt":"Historia, patrimonio, arte, gastronom\u00eda, naturaleza y tradiciones, son algunos de los atractivos tur\u00edsticos que atesora la milenaria, se\u00f1orial y episcopal Ciudad de Coria. Rincones centenarios y tesoros secretos prodigiosamente guardados en una de las poblaciones m\u00e1s antiguas de Espa\u00f1a que, durante este vacacional mes estival, contar\u00e1 con diez imprescindibles citas para un verano de interior&hellip;","_links":{"self":[{"href":"https:\/\/turismocoria.es\/turismo\/wp-json\/wp\/v2\/posts\/11903"}],"collection":[{"href":"https:\/\/turismocoria.es\/turismo\/wp-json\/wp\/v2\/posts"}],"about":[{"href":"https:\/\/turismocoria.es\/turismo\/wp-json\/wp\/v2\/types\/post"}],"author":[{"embeddable":true,"href":"https:\/\/turismocoria.es\/turismo\/wp-json\/wp\/v2\/users\/4"}],"replies":[{"embeddable":true,"href":"https:\/\/turismocoria.es\/turismo\/wp-json\/wp\/v2\/comments?post=11903"}],"version-history":[{"count":1,"href":"https:\/\/turismocoria.es\/turismo\/wp-json\/wp\/v2\/posts\/11903\/revisions"}],"predecessor-version":[{"id":11906,"href":"https:\/\/turismocoria.es\/turismo\/wp-json\/wp\/v2\/posts\/11903\/revisions\/11906"}],"wp:featuredmedia":[{"embeddable":true,"href":"https:\/\/turismocoria.es\/turismo\/wp-json\/wp\/v2\/media\/11904"}],"wp:attachment":[{"href":"https:\/\/turismocoria.es\/turismo\/wp-json\/wp\/v2\/media?parent=11903"}],"wp:term":[{"taxonomy":"category","embeddable":true,"href":"https:\/\/turismocoria.es\/turismo\/wp-json\/wp\/v2\/categories?post=11903"},{"taxonomy":"post_tag","embeddable":true,"href":"https:\/\/turismocoria.es\/turismo\/wp-json\/wp\/v2\/tags?post=11903"}],"curies":[{"name":"wp","href":"https:\/\/api.w.org\/{rel}","templated":true}]}}