{"id":11869,"date":"2023-07-19T07:41:36","date_gmt":"2023-07-19T05:41:36","guid":{"rendered":"https:\/\/turismocoria.es\/turismo\/?p=11869"},"modified":"2023-07-19T07:41:37","modified_gmt":"2023-07-19T05:41:37","slug":"turismo-activo-y-de-naturaleza-en-el-descenso-del-rio-alagon","status":"publish","type":"post","link":"https:\/\/turismocoria.es\/turismo\/turismo-activo-y-de-naturaleza-en-el-descenso-del-rio-alagon\/","title":{"rendered":"\u201cTurismo Activo y de Naturaleza en el Descenso del R\u00edo Alag\u00f3n\u201d"},"content":{"rendered":"\n<p><strong>La meta, descender en canoa o en piragua los 18,8 km. fluviales que separan el Puente de la Macarrona, en Riolobos, del Puente de Hierro, en Coria. \u00c9ste es el apasionante y refrescante reto al que podr\u00e1n enfrentarse los 650 participantes que se inscriban en esta competici\u00f3n, al objeto de disfrutar del deporte y la naturaleza en aguas del r\u00edo Alag\u00f3n, el afluente m\u00e1s largo del Tajo. \u00bfLos requisitos? Solo ser buen aficionado al pirag\u00fcismo o el canoismo, saber nadar y tener m\u00e1s de 11 a\u00f1os. Tentador, \u00bfVerdad?&#8230;<\/strong><\/p>\n\n\n\n<p>El domingo, 30 de julio, la <strong>Ciudad de Coria<\/strong> celebrar\u00e1 la XIV edici\u00f3n de esta popular cita deportiva veraniega extreme\u00f1a. Un <strong>evento de turismo activo y naturaleza<\/strong>, que se llevar\u00e1 a cabo durante este \u00faltimo fin de semana de este vacacional mes, teniendo lugar el s\u00e1bado, 29 de julio, una recepci\u00f3n en el Consistorio local, entre las 22:00 h. y las 00:00 h. con la finalidad de repartir las bolsas conmemorativas de regalo de la cita; mientras que en la matinal del d\u00eda siguiente, los participantes se concentrar\u00e1n, a partir de las 08:00 h., en el Club de Pirag\u00fcismo \u201cR\u00edo Alag\u00f3n\u201d, bajo el Puente Nuevo, desde ser\u00e1n trasladados en autob\u00fas hasta la salida de la prueba en el Puente de la Macarrona, en la vecina localidad de Riolobos, a partir de las 10:00 h., desde donde, tras una traves\u00eda estimada de 4 horas y media, para recorrer remando 18,8 km., los participantes llegar\u00e1n a la meta situada en el Puente de Hierro de Coria.<\/p>\n\n\n\n<figure class=\"wp-block-embed is-type-video is-provider-youtube wp-block-embed-youtube wp-embed-aspect-16-9 wp-has-aspect-ratio\"><div class=\"wp-block-embed__wrapper\">\n<div class=\"ast-oembed-container \" style=\"height: 100%;\"><iframe loading=\"lazy\" title=\"Descenso del R\u00edo Alag\u00f3n\" width=\"500\" height=\"281\" data-src=\"https:\/\/www.youtube.com\/embed\/b7gvyy-jKi4?feature=oembed\" frameborder=\"0\" allow=\"accelerometer; autoplay; clipboard-write; encrypted-media; gyroscope; picture-in-picture; web-share\" referrerpolicy=\"strict-origin-when-cross-origin\" allowfullscreen src=\"data:image\/gif;base64,R0lGODlhAQABAAAAACH5BAEKAAEALAAAAAABAAEAAAICTAEAOw==\" class=\"lazyload\" data-load-mode=\"1\"><\/iframe><\/div>\n<\/div><\/figure>\n\n\n\n<p>Una prueba que est\u00e1 destinada a todos los amantes y aficionados del canotaje o pirag\u00fcismo, en la que no existen grandes restricciones en la participaci\u00f3n, salvo tener m\u00e1s de 11 a\u00f1os, saber nadar y manejar una canoa o piragua\u2026 as\u00ed de f\u00e1cil. El <strong>precio de la inscripci\u00f3n<\/strong>, para las personas que no disponen de embarcaci\u00f3n propia, es de 33 euros, y para los participantes que s\u00ed cuentan con ella, de 10 euros; incluyendo la cuota para poder participar de: seguro deportivo, pulsera identificativa, bolsa conmemorativa, avituallamiento, adem\u00e1s del transporte de la embarcaci\u00f3n y del participante hasta el punto de salida del descenso.<\/p>\n\n\n\n<p>Las <strong>inscripciones de participaci\u00f3n<\/strong> solo est\u00e1n disponibles v\u00eda online en las p\u00e1ginas webs oficiales: <a href=\"http:\/\/turismocoria.es\/\"><u>http:\/\/turismocoria.es<\/u>, <\/a>finalizando el plazo para realizar las mismas el martes, 25 de julio, a las 14:00 h., hasta completar el cupo m\u00e1ximo de 650 regatistas.<\/p>\n\n\n\n<p>Por ello, si lo que realmente busca el turista es dedicar su tiempo de ocio vacacional a conocer otras gentes y otras costumbres, a disfrutar de la familia y los amigos, a practicar un turismo alternativo basado en la historia, el arte, la naturaleza o las experiencias, sin prisas y sin aglomeraciones, debe entonces acercase hasta el magn\u00edfico <strong><span style=\"text-decoration: underline;\"><a href=\"https:\/\/turismocoria.es\/turismo\/lugares-que-no-te-puedes-perder\/casco-historico\/\" data-type=\"page\" data-id=\"732\">Conjunto Monumental<\/a><\/span><\/strong> que conserva la ciudad, sin duda, una de las mejores opciones patrimoniales culturales y naturales m\u00e1s emblem\u00e1ticas de toda Extremadura en la novena ciudad m\u00e1s antigua de Espa\u00f1a, que pueden ser conocidas a trav\u00e9s de las visitas guiadas (Vidatours, 636792032) que le llevar\u00e1n a descubrir los tesoros ocultos que se exhiben en la Ciudad Antigua de Coria.<\/p>\n\n\n\n<p>Desde las volum\u00e9tricas <strong><a href=\"https:\/\/turismocoria.es\/turismo\/lugares-que-no-te-puedes-perder\/murallas-romanas\/\">Murallas Romanas<\/a><\/strong> (S. I) que lo circundan como una de las fortalezas de origen romano mejor conservadas en su conjunto de entre todas las halladas en el resto de Europa; pasando por los soberbios y se\u00f1oriales <strong><a href=\"https:\/\/turismocoria.es\/turismo\/lugares-que-no-te-puedes-perder\/castillo-de-los-duques-de-alba\/\">Castillo<\/a><\/strong> (S. XV) y <strong><a href=\"https:\/\/turismocoria.es\/turismo\/otros-rincones-por-descubrir\/palacio-de-los-duques-de-alba\/\">Palacio de los Duques de Alba<\/a><\/strong> (S. XV-XVI) como s\u00edmbolos del rancio poder nobiliario; hasta la magna <strong><a href=\"https:\/\/turismocoria.es\/turismo\/lugares-que-no-te-puedes-perder\/catedral\/\">Catedral de Santa Mar\u00eda de la Asunci\u00f3n<\/a><\/strong> (S. XV-XVIII) joya del g\u00f3tico-plateresco extreme\u00f1o en la que se custodia esa misteriosa reliquia universal del <strong><a href=\"https:\/\/turismocoria.es\/turismo\/historias-para-toda-la-familia\/descubre-el-mantel-sagrado-de-coria\/\">Sagrado Mantel de la \u00daltima Cena<\/a><\/strong>; adem\u00e1s del<a href=\"https:\/\/turismocoria.es\/turismo\/otros-rincones-por-descubrir\/palacio-episcopal\/\"> <strong>Palacio Episcopal<\/strong><\/a><strong> <\/strong>(S. XVII), la <strong><a href=\"https:\/\/turismocoria.es\/turismo\/otros-rincones-por-descubrir\/iglesia-santiago-apostol\/\">Iglesia de Santiago Ap\u00f3stol<\/a><\/strong> (S. XVI-XVIII), el <strong><a href=\"https:\/\/turismocoria.es\/turismo\/lugares-que-no-te-puedes-perder\/convento-de-la-madre-de-dios\/\">Convento de la Madre de Dios<\/a><\/strong> (S. XVI-XVII), el <strong><a href=\"https:\/\/turismocoria.es\/turismo\/otros-rincones-por-descubrir\/hospital-san-nicolas-de-bari\/\">Hospital de San Nicol\u00e1s de Bar<\/a>i <\/strong>(S. XVI-XIX), el <strong><a href=\"https:\/\/turismocoria.es\/turismo\/otros-rincones-por-descubrir\/colegio-seminario-conciliar\/\">Colegio-Seminario Mayor Conciliar<\/a> <\/strong>(S. XVII-XIX), las <strong><a href=\"https:\/\/turismocoria.es\/turismo\/otros-rincones-por-descubrir\/carcel-real\/\">C\u00e1rceles Real<\/a><\/strong> (S. XVII), convertida en Museo de Historia, Arqueolog\u00eda y Etnograf\u00eda, y <strong><a href=\"https:\/\/turismocoria.es\/turismo\/otros-rincones-por-descubrir\/carcel-eclesiastica\/\">Eclesi\u00e1stica<\/a><\/strong> (S. XVIII), el <strong><a href=\"https:\/\/turismocoria.es\/turismo\/lugares-que-no-te-puedes-perder\/santuario-de-la-virgen-de-argeme\/\">Santuario de Nuestra Se\u00f1ora Virgen de Argeme<\/a><\/strong> (S. XVII-XVIII) a extramuros; o los <strong><a href=\"https:\/\/turismocoria.es\/turismo\/otros-rincones-por-descubrir\/puente-de-piedra\/\">Puentes de Piedra<\/a><\/strong> (S. XVI) y <strong><a href=\"https:\/\/turismocoria.es\/turismo\/otros-rincones-por-descubrir\/puente-de-hierro\/\">de Hierro<\/a><\/strong> (S. XX), entre otros interesantes rincones por descubrir.<\/p>\n\n\n\n<figure class=\"wp-block-embed is-type-video is-provider-youtube wp-block-embed-youtube wp-embed-aspect-16-9 wp-has-aspect-ratio\"><div class=\"wp-block-embed__wrapper\">\n<div class=\"ast-oembed-container \" style=\"height: 100%;\"><iframe loading=\"lazy\" title=\"Coria \u201cConjunto Monumental\u201d, destino tur\u00edstico del noroeste de Extremadura\" width=\"500\" height=\"281\" data-src=\"https:\/\/www.youtube.com\/embed\/M6VniblQWMo?feature=oembed\" frameborder=\"0\" allow=\"accelerometer; autoplay; clipboard-write; encrypted-media; gyroscope; picture-in-picture; web-share\" referrerpolicy=\"strict-origin-when-cross-origin\" allowfullscreen src=\"data:image\/gif;base64,R0lGODlhAQABAAAAACH5BAEKAAEALAAAAAABAAEAAAICTAEAOw==\" class=\"lazyload\" data-load-mode=\"1\"><\/iframe><\/div>\n<\/div><\/figure>\n\n\n\n<p>Un turismo cultural de interior, placentero y entretenido, cuya variada <strong>oferta cultural<\/strong>, <strong>gastron\u00f3mica<\/strong> y <strong>deportiva<\/strong> se prolongar\u00e1 en esta bella, hist\u00f3rica y milenaria localidad cauriense durante todo el <strong>per\u00edodo estival<\/strong> de los meses de julio, agosto y septiembre, a trav\u00e9s de una m\u00e1s que interesante programaci\u00f3n tur\u00edstica adaptada a la situaci\u00f3n actual que vivimos, segura, apacible y sostenible.<\/p>\n\n\n\n<figure class=\"wp-block-embed is-type-video is-provider-youtube wp-block-embed-youtube wp-embed-aspect-16-9 wp-has-aspect-ratio\"><div class=\"wp-block-embed__wrapper\">\n<div class=\"ast-oembed-container \" style=\"height: 100%;\"><iframe loading=\"lazy\" title=\"Coria: Arco\u00edris de Fiestas, Eventos y Tradiciones\u2026\" width=\"500\" height=\"281\" data-src=\"https:\/\/www.youtube.com\/embed\/syBofFwr38E?feature=oembed\" frameborder=\"0\" allow=\"accelerometer; autoplay; clipboard-write; encrypted-media; gyroscope; picture-in-picture; web-share\" referrerpolicy=\"strict-origin-when-cross-origin\" allowfullscreen src=\"data:image\/gif;base64,R0lGODlhAQABAAAAACH5BAEKAAEALAAAAAABAAEAAAICTAEAOw==\" class=\"lazyload\" data-load-mode=\"1\"><\/iframe><\/div>\n<\/div><\/figure>\n\n\n\n<p>En este sentido, desde el Consistorio cauriense se hace un llamamiento animando tanto al p\u00fablico local como al for\u00e1neo para que visiten la ciudad y vivan, en primera persona, este gran evento deportivo, del que esperamos sea del agrado de todos, con el prop\u00f3sito de que disfrutemos de un gran fin de semana tur\u00edstico, al objeto de que la Ciudad de Coria y nuestro <strong><span style=\"text-decoration: underline;\"><a href=\"https:\/\/turismocoria.es\/turismo\/deporte-activo-de-salud-y-vida\/desciende-en-canoa-rio-alagon\/\" data-type=\"page\" data-id=\"590\">Descenso del R\u00edo Alag\u00f3n<\/a><\/span><\/strong> suenen en todos los rincones de la geograf\u00eda extreme\u00f1a, espa\u00f1ola y del vecino pa\u00eds de Portugal.<\/p>\n\n\n\n<p>\u00a1Atenci\u00f3n!, suena la bocina, empieza la diversi\u00f3n&#8230;<\/p>\n\n\n\n<p>M\u00e1s Informaci\u00f3n en:<br>Oficina Municipal de Turismo<br>Plaza de San Pedro, 1<br>Tlfno.: 927 50 80 00 Ext. 290<br>Email: <strong><span style=\"text-decoration: underline;\"><a href=\"mailto:oficinaturismo@coria.org\">oficinaturismo@coria.org<\/a><\/span><\/strong><\/p>\n","protected":false},"excerpt":{"rendered":"<p>La meta, descender en canoa o en piragua los 18,8 km. fluviales que separan el Puente de la Macarrona, en Riolobos, del Puente de Hierro, en Coria. \u00c9ste es el apasionante y refrescante reto al que podr\u00e1n enfrentarse los 650 participantes que se inscriban en esta competici\u00f3n, al objeto de disfrutar del deporte y la [&hellip;]<\/p>\n","protected":false},"author":4,"featured_media":11870,"comment_status":"closed","ping_status":"closed","sticky":false,"template":"","format":"standard","meta":{"_uag_custom_page_level_css":"","site-sidebar-layout":"default","site-content-layout":"","ast-site-content-layout":"","site-content-style":"default","site-sidebar-style":"default","ast-global-header-display":"","ast-banner-title-visibility":"","ast-main-header-display":"","ast-hfb-above-header-display":"","ast-hfb-below-header-display":"","ast-hfb-mobile-header-display":"","site-post-title":"","ast-breadcrumbs-content":"","ast-featured-img":"","footer-sml-layout":"","theme-transparent-header-meta":"","adv-header-id-meta":"","stick-header-meta":"","header-above-stick-meta":"","header-main-stick-meta":"","header-below-stick-meta":"","astra-migrate-meta-layouts":"default","ast-page-background-enabled":"default","ast-page-background-meta":{"desktop":{"background-color":"","background-image":"","background-repeat":"repeat","background-position":"center center","background-size":"auto","background-attachment":"scroll","background-type":"","background-media":"","overlay-type":"","overlay-color":"","overlay-opacity":"","overlay-gradient":""},"tablet":{"background-color":"","background-image":"","background-repeat":"repeat","background-position":"center center","background-size":"auto","background-attachment":"scroll","background-type":"","background-media":"","overlay-type":"","overlay-color":"","overlay-opacity":"","overlay-gradient":""},"mobile":{"background-color":"","background-image":"","background-repeat":"repeat","background-position":"center center","background-size":"auto","background-attachment":"scroll","background-type":"","background-media":"","overlay-type":"","overlay-color":"","overlay-opacity":"","overlay-gradient":""}},"ast-content-background-meta":{"desktop":{"background-color":"var(--ast-global-color-5)","background-image":"","background-repeat":"repeat","background-position":"center center","background-size":"auto","background-attachment":"scroll","background-type":"","background-media":"","overlay-type":"","overlay-color":"","overlay-opacity":"","overlay-gradient":""},"tablet":{"background-color":"var(--ast-global-color-5)","background-image":"","background-repeat":"repeat","background-position":"center center","background-size":"auto","background-attachment":"scroll","background-type":"","background-media":"","overlay-type":"","overlay-color":"","overlay-opacity":"","overlay-gradient":""},"mobile":{"background-color":"var(--ast-global-color-5)","background-image":"","background-repeat":"repeat","background-position":"center center","background-size":"auto","background-attachment":"scroll","background-type":"","background-media":"","overlay-type":"","overlay-color":"","overlay-opacity":"","overlay-gradient":""}},"_EventAllDay":false,"_EventTimezone":"","_EventStartDate":"","_EventEndDate":"","_EventStartDateUTC":"","_EventEndDateUTC":"","_EventShowMap":false,"_EventShowMapLink":false,"_EventURL":"","_EventCost":"","_EventCostDescription":"","_EventCurrencySymbol":"","_EventCurrencyCode":"","_EventCurrencyPosition":"","_EventDateTimeSeparator":"","_EventTimeRangeSeparator":"","_EventOrganizerID":[],"_EventVenueID":0,"_OrganizerEmail":"","_OrganizerPhone":"","_OrganizerWebsite":"","_VenueAddress":"","_VenueCity":"","_VenueCountry":"","_VenueProvince":"","_VenueZip":"","_VenuePhone":"","_VenueURL":"","_VenueStateProvince":"","_VenueLat":"","_VenueLng":"","footnotes":""},"categories":[33],"tags":[],"class_list":["post-11869","post","type-post","status-publish","format-standard","has-post-thumbnail","hentry","category-sin-categorizar"],"featured_image_src":"https:\/\/turismocoria.es\/turismo\/wp-content\/uploads\/2023\/07\/Turismo-Activo-y-Naturaleza-Descenso-Rio-Alagon-2023-600x400.jpg","featured_image_src_square":"https:\/\/turismocoria.es\/turismo\/wp-content\/uploads\/2023\/07\/Turismo-Activo-y-Naturaleza-Descenso-Rio-Alagon-2023-600x600.jpg","author_info":{"display_name":"Oficina Turismo","author_link":"https:\/\/turismocoria.es\/turismo\/author\/oficina\/"},"uagb_featured_image_src":{"full":["https:\/\/turismocoria.es\/turismo\/wp-content\/uploads\/2023\/07\/Turismo-Activo-y-Naturaleza-Descenso-Rio-Alagon-2023.jpg",1134,756,false],"thumbnail":["https:\/\/turismocoria.es\/turismo\/wp-content\/uploads\/2023\/07\/Turismo-Activo-y-Naturaleza-Descenso-Rio-Alagon-2023-150x150.jpg",150,150,true],"medium":["https:\/\/turismocoria.es\/turismo\/wp-content\/uploads\/2023\/07\/Turismo-Activo-y-Naturaleza-Descenso-Rio-Alagon-2023-300x200.jpg",300,200,true],"medium_large":["https:\/\/turismocoria.es\/turismo\/wp-content\/uploads\/2023\/07\/Turismo-Activo-y-Naturaleza-Descenso-Rio-Alagon-2023-768x512.jpg",768,512,true],"large":["https:\/\/turismocoria.es\/turismo\/wp-content\/uploads\/2023\/07\/Turismo-Activo-y-Naturaleza-Descenso-Rio-Alagon-2023-1024x683.jpg",1024,683,true],"gs-tiny":["https:\/\/turismocoria.es\/turismo\/wp-content\/uploads\/2023\/07\/Turismo-Activo-y-Naturaleza-Descenso-Rio-Alagon-2023.jpg",50,33,false],"xl":["https:\/\/turismocoria.es\/turismo\/wp-content\/uploads\/2023\/07\/Turismo-Activo-y-Naturaleza-Descenso-Rio-Alagon-2023.jpg",1134,756,false],"xxl":["https:\/\/turismocoria.es\/turismo\/wp-content\/uploads\/2023\/07\/Turismo-Activo-y-Naturaleza-Descenso-Rio-Alagon-2023.jpg",1134,756,false],"xxxl":["https:\/\/turismocoria.es\/turismo\/wp-content\/uploads\/2023\/07\/Turismo-Activo-y-Naturaleza-Descenso-Rio-Alagon-2023.jpg",1134,756,false],"xxxxl":["https:\/\/turismocoria.es\/turismo\/wp-content\/uploads\/2023\/07\/Turismo-Activo-y-Naturaleza-Descenso-Rio-Alagon-2023.jpg",1134,756,false],"xxxxxl":["https:\/\/turismocoria.es\/turismo\/wp-content\/uploads\/2023\/07\/Turismo-Activo-y-Naturaleza-Descenso-Rio-Alagon-2023.jpg",1134,756,false],"1536x1536":["https:\/\/turismocoria.es\/turismo\/wp-content\/uploads\/2023\/07\/Turismo-Activo-y-Naturaleza-Descenso-Rio-Alagon-2023.jpg",1134,756,false],"2048x2048":["https:\/\/turismocoria.es\/turismo\/wp-content\/uploads\/2023\/07\/Turismo-Activo-y-Naturaleza-Descenso-Rio-Alagon-2023.jpg",1134,756,false],"ultp_layout_landscape_large":["https:\/\/turismocoria.es\/turismo\/wp-content\/uploads\/2023\/07\/Turismo-Activo-y-Naturaleza-Descenso-Rio-Alagon-2023.jpg",1134,756,false],"ultp_layout_landscape":["https:\/\/turismocoria.es\/turismo\/wp-content\/uploads\/2023\/07\/Turismo-Activo-y-Naturaleza-Descenso-Rio-Alagon-2023-870x570.jpg",870,570,true],"ultp_layout_portrait":["https:\/\/turismocoria.es\/turismo\/wp-content\/uploads\/2023\/07\/Turismo-Activo-y-Naturaleza-Descenso-Rio-Alagon-2023-600x756.jpg",600,756,true],"ultp_layout_square":["https:\/\/turismocoria.es\/turismo\/wp-content\/uploads\/2023\/07\/Turismo-Activo-y-Naturaleza-Descenso-Rio-Alagon-2023-600x600.jpg",600,600,true],"gb-block-post-grid-landscape":["https:\/\/turismocoria.es\/turismo\/wp-content\/uploads\/2023\/07\/Turismo-Activo-y-Naturaleza-Descenso-Rio-Alagon-2023-600x400.jpg",600,400,true],"gb-block-post-grid-square":["https:\/\/turismocoria.es\/turismo\/wp-content\/uploads\/2023\/07\/Turismo-Activo-y-Naturaleza-Descenso-Rio-Alagon-2023-600x600.jpg",600,600,true]},"uagb_author_info":{"display_name":"Oficina Turismo","author_link":"https:\/\/turismocoria.es\/turismo\/author\/oficina\/"},"uagb_comment_info":0,"uagb_excerpt":"La meta, descender en canoa o en piragua los 18,8 km. fluviales que separan el Puente de la Macarrona, en Riolobos, del Puente de Hierro, en Coria. \u00c9ste es el apasionante y refrescante reto al que podr\u00e1n enfrentarse los 650 participantes que se inscriban en esta competici\u00f3n, al objeto de disfrutar del deporte y la&hellip;","_links":{"self":[{"href":"https:\/\/turismocoria.es\/turismo\/wp-json\/wp\/v2\/posts\/11869"}],"collection":[{"href":"https:\/\/turismocoria.es\/turismo\/wp-json\/wp\/v2\/posts"}],"about":[{"href":"https:\/\/turismocoria.es\/turismo\/wp-json\/wp\/v2\/types\/post"}],"author":[{"embeddable":true,"href":"https:\/\/turismocoria.es\/turismo\/wp-json\/wp\/v2\/users\/4"}],"replies":[{"embeddable":true,"href":"https:\/\/turismocoria.es\/turismo\/wp-json\/wp\/v2\/comments?post=11869"}],"version-history":[{"count":2,"href":"https:\/\/turismocoria.es\/turismo\/wp-json\/wp\/v2\/posts\/11869\/revisions"}],"predecessor-version":[{"id":12014,"href":"https:\/\/turismocoria.es\/turismo\/wp-json\/wp\/v2\/posts\/11869\/revisions\/12014"}],"wp:featuredmedia":[{"embeddable":true,"href":"https:\/\/turismocoria.es\/turismo\/wp-json\/wp\/v2\/media\/11870"}],"wp:attachment":[{"href":"https:\/\/turismocoria.es\/turismo\/wp-json\/wp\/v2\/media?parent=11869"}],"wp:term":[{"taxonomy":"category","embeddable":true,"href":"https:\/\/turismocoria.es\/turismo\/wp-json\/wp\/v2\/categories?post=11869"},{"taxonomy":"post_tag","embeddable":true,"href":"https:\/\/turismocoria.es\/turismo\/wp-json\/wp\/v2\/tags?post=11869"}],"curies":[{"name":"wp","href":"https:\/\/api.w.org\/{rel}","templated":true}]}}