{"id":11833,"date":"2023-07-06T12:10:20","date_gmt":"2023-07-06T10:10:20","guid":{"rendered":"https:\/\/turismocoria.es\/turismo\/?p=11833"},"modified":"2023-07-06T12:13:22","modified_gmt":"2023-07-06T10:13:22","slug":"11833","status":"publish","type":"post","link":"https:\/\/turismocoria.es\/turismo\/11833\/","title":{"rendered":"\u201cArranca el IX Festival Internacional de Teatro Coria Si\u00e9ntela!\u201d"},"content":{"rendered":"\n<p><strong>El Festival Internacional de Teatro Coria Si\u00e9ntela!, abre nuevamente el tel\u00f3n de este magn\u00edfico espect\u00e1culo cuyo escenario cobra vida con la puesta en escena de cada una de las representaciones estivales de teatro al aire libre en ese marco incomparable que es la puerta principal de la seo cauriense donde, como en cada edici\u00f3n, los amantes de la far\u00e1ndula y las artes esc\u00e9nicas se dan cita para disfrutar en las veraniegas noches de mediados del mes de julio en pleno coraz\u00f3n del Casco Hist\u00f3rico de Coria.<\/strong><\/p>\n\n\n\n<p>Un evento cultural y tur\u00edstico dentro de la milenaria e hist\u00f3rica <strong><span style=\"text-decoration: underline;\"><a href=\"https:\/\/turismocoria.es\/turismo\/ciudad-de-coria\/\" data-type=\"page\" data-id=\"1061\">Ciudad de Coria<\/a><\/span><\/strong>, que naci\u00f3 con \u00e9xito y vocaci\u00f3n de permanencia en una localidad con ra\u00edces dram\u00e1ticas que sigue apostando por la apuesta en valor y promoci\u00f3n de las compa\u00f1\u00edas consagradas existentes dentro y fuera de la regi\u00f3n de esta bella rama del arte que se desarrolla en ese insuperable entorno arquitect\u00f3nico como es la portada plateresca del <strong>atrio del Perd\u00f3n<\/strong> de la <strong><span style=\"text-decoration: underline;\"><a href=\"https:\/\/turismocoria.es\/turismo\/lugares-que-no-te-puedes-perder\/catedral\/\" data-type=\"page\" data-id=\"488\">Santa Iglesia Catedral de Santa Mar\u00eda de la Asunci\u00f3n<\/a><\/span> (S.XVII-XVIII)<\/strong>.<\/p>\n\n\n\n<p>Una m\u00e1s que interesante <strong>programaci\u00f3n<\/strong> que, en la edici\u00f3n de este a\u00f1o, se ha superado con creces la selecci\u00f3n de las obras contratadas, al objeto de que los espectadores vivan siete intensas noches repletas de sensaciones y experiencias \u00fanicas, seg\u00fan se extrae del cartel dise\u00f1ado dentro del <strong>Festival <\/strong><strong>Internacional <\/strong><strong>de <\/strong><strong>Teatro<\/strong><strong>\u201c Coria <\/strong><strong>Si\u00e9ntela\u201d<\/strong> para su representaci\u00f3n <strong>del <\/strong><strong>13 <\/strong><strong>al <\/strong><strong>18 <\/strong><strong>de <\/strong><strong>julio<\/strong> <strong>de <\/strong><strong>2023<\/strong>.<\/p>\n\n\n\n<p>Unas obras teatrales que se representar\u00e1n en la plateresca portada del Perd\u00f3n de la Catedral cauriense a partir de las 23:00 h., cuya <strong>venta <\/strong><strong>de <\/strong><strong>entradas <\/strong><strong>anticipadas<\/strong> se pueden adquirir en la plataforma: <a href=\"http:\/\/www.giglon.com\/\"><u><strong>www.giglon.com<\/strong><\/u>, <\/a>con unos precios de 10 \u20ac, en cuanto a las entradas individuales, y de 50 \u20ac, los abonos, disponi\u00e9ndose de butacas reservadas para personas con movilidad reducida.<\/p>\n\n\n\n<p>Por ello, si lo que realmente busca el turista es dedicar su tiempo de ocio vacacional a conocer otras gentes y otras costumbres, a disfrutar de la familia y los amigos, a practicar un turismo alternativo basado en la historia, el arte, la naturaleza o las experiencias, sin prisas y sin aglomeraciones, debe entonces acercase hasta el magn\u00edfico <strong><span style=\"text-decoration: underline;\"><a href=\"https:\/\/turismocoria.es\/turismo\/lugares-que-no-te-puedes-perder\/casco-historico\/\" data-type=\"page\" data-id=\"732\">Conjunto Monumental<\/a><\/span> <\/strong>que conserva la ciudad, sin duda, una de las mejores opciones patrimoniales culturales y naturales m\u00e1s emblem\u00e1ticas de toda Extremadura en la novena ciudad m\u00e1s antigua de Espa\u00f1a, que pueden ser conocidas a trav\u00e9s de las visitas guiadas (Vidatours, 636792032) que le llevar\u00e1n a descubrir los tesoros ocultos que se exhiben en la Ciudad Antigua de Coria.<\/p>\n\n\n\n<p>Desde las volum\u00e9tricas <strong><span style=\"text-decoration: underline;\"><a href=\"https:\/\/turismocoria.es\/turismo\/lugares-que-no-te-puedes-perder\/murallas-romanas\/\" data-type=\"page\" data-id=\"497\">Murallas Romanas<\/a><\/span><\/strong> (S. I) que lo circundan como una de las fortalezas de origen romano mejor conservadas en su conjunto de entre todas las halladas en el resto de Europa; pasando por los soberbios y se\u00f1oriales <strong><span style=\"text-decoration: underline;\"><a href=\"https:\/\/turismocoria.es\/turismo\/lugares-que-no-te-puedes-perder\/castillo-de-los-duques-de-alba\/\" data-type=\"page\" data-id=\"226\">Castillo<\/a><\/span><\/strong> (S. XV) y <strong><span style=\"text-decoration: underline;\"><a href=\"https:\/\/turismocoria.es\/turismo\/otros-rincones-por-descubrir\/palacio-de-los-duques-de-alba\/\" data-type=\"page\" data-id=\"509\">Palacio de los Duques de Alba<\/a><\/span><\/strong> (S. XV-XVI) como s\u00edmbolos del rancio poder nobiliario; hasta la magna <strong><span style=\"text-decoration: underline;\"><a href=\"https:\/\/turismocoria.es\/turismo\/lugares-que-no-te-puedes-perder\/catedral\/\" data-type=\"page\" data-id=\"488\">Catedral de Santa Mar\u00eda de la Asunci\u00f3n<\/a><\/span><\/strong> (S. XV-XVIII) joya del g\u00f3tico-plateresco extreme\u00f1o en la que se custodia esa misteriosa reliquia universal del <strong><span style=\"text-decoration: underline;\"><a href=\"https:\/\/turismocoria.es\/turismo\/historias-para-toda-la-familia\/descubre-el-mantel-sagrado-de-coria\/\" data-type=\"page\" data-id=\"550\">Sagrado Mantel de la \u00daltima Cena<\/a><\/span><\/strong>; adem\u00e1s del<span style=\"text-decoration: underline;\"><a href=\"https:\/\/turismocoria.es\/turismo\/otros-rincones-por-descubrir\/palacio-episcopal\/\" data-type=\"page\" data-id=\"511\"> <strong>Palacio Episcopal<\/strong><\/a><\/span><strong> <\/strong>(S. XVII), la <strong><span style=\"text-decoration: underline;\"><a href=\"https:\/\/turismocoria.es\/turismo\/otros-rincones-por-descubrir\/iglesia-santiago-apostol\/\" data-type=\"page\" data-id=\"514\">Iglesia de Santiago Ap\u00f3stol<\/a><\/span><\/strong> (S. XVI-XVIII), el <strong><span style=\"text-decoration: underline;\"><a href=\"https:\/\/turismocoria.es\/turismo\/lugares-que-no-te-puedes-perder\/convento-de-la-madre-de-dios\/\" data-type=\"page\" data-id=\"499\">Convento de la Madre de Dios<\/a><\/span><\/strong> (S. XVI-XVII), el <strong><span style=\"text-decoration: underline;\"><a href=\"https:\/\/turismocoria.es\/turismo\/otros-rincones-por-descubrir\/hospital-san-nicolas-de-bari\/\" data-type=\"page\" data-id=\"521\">Hospital de San Nicol\u00e1s de Bar<\/a><\/span>i <\/strong>(S. XVI-XIX), el <strong><span style=\"text-decoration: underline;\"><a href=\"https:\/\/turismocoria.es\/turismo\/otros-rincones-por-descubrir\/colegio-seminario-conciliar\/\" data-type=\"page\" data-id=\"744\">Colegio-Seminario Mayor Conciliar<\/a><\/span> <\/strong>(S. XVII-XIX), las <strong><span style=\"text-decoration: underline;\"><a href=\"https:\/\/turismocoria.es\/turismo\/otros-rincones-por-descubrir\/carcel-real\/\" data-type=\"page\" data-id=\"2958\">C\u00e1rceles Real<\/a><\/span><\/strong> (S. XVII), convertida en Museo de Historia, Arqueolog\u00eda y Etnograf\u00eda, y <strong><span style=\"text-decoration: underline;\"><a href=\"https:\/\/turismocoria.es\/turismo\/otros-rincones-por-descubrir\/carcel-eclesiastica\/\" data-type=\"page\" data-id=\"517\">Eclesi\u00e1stica<\/a><\/span><\/strong> (S. XVIII), el <strong><span style=\"text-decoration: underline;\"><a href=\"https:\/\/turismocoria.es\/turismo\/lugares-que-no-te-puedes-perder\/santuario-de-la-virgen-de-argeme\/\" data-type=\"page\" data-id=\"505\">Santuario de Nuestra Se\u00f1ora Virgen de Argeme<\/a><\/span><\/strong> (S. XVII-XVIII) a extramuros; o los <strong><span style=\"text-decoration: underline;\"><a href=\"https:\/\/turismocoria.es\/turismo\/otros-rincones-por-descubrir\/puente-de-piedra\/\" data-type=\"page\" data-id=\"529\">Puentes de Piedra<\/a><\/span><\/strong> (S. XVI) y <strong><span style=\"text-decoration: underline;\"><a href=\"https:\/\/turismocoria.es\/turismo\/otros-rincones-por-descubrir\/puente-de-hierro\/\" data-type=\"page\" data-id=\"531\">de Hierro<\/a><\/span><\/strong> (S. XX), entre otros interesantes rincones por descubrir.<\/p>\n\n\n\n<figure class=\"wp-block-embed is-type-video is-provider-youtube wp-block-embed-youtube wp-embed-aspect-16-9 wp-has-aspect-ratio\"><div class=\"wp-block-embed__wrapper\">\n<div class=\"ast-oembed-container \" style=\"height: 100%;\"><iframe loading=\"lazy\" title=\"Coria \u201cConjunto Monumental\u201d, destino tur\u00edstico del noroeste de Extremadura\" width=\"500\" height=\"281\" data-src=\"https:\/\/www.youtube.com\/embed\/M6VniblQWMo?feature=oembed\" frameborder=\"0\" allow=\"accelerometer; autoplay; clipboard-write; encrypted-media; gyroscope; picture-in-picture; web-share\" referrerpolicy=\"strict-origin-when-cross-origin\" allowfullscreen src=\"data:image\/gif;base64,R0lGODlhAQABAAAAACH5BAEKAAEALAAAAAABAAEAAAICTAEAOw==\" class=\"lazyload\" data-load-mode=\"1\"><\/iframe><\/div>\n<\/div><\/figure>\n\n\n\n<p>Grandes y soberbios monumentos conservados entre un entramado de calles que enamorar\u00e1n al turista, cuyo <strong>legado cultural y espiritual<\/strong> se exhiben en las colecciones conservadas en los <strong><span style=\"text-decoration: underline;\"><a href=\"https:\/\/turismocoria.es\/turismo\/lugares-que-no-te-puedes-perder\/museo-catedralicio\/\" data-type=\"page\" data-id=\"501\">museos Catedralicio<\/a><\/span><\/strong> y <strong><span style=\"text-decoration: underline;\"><a href=\"https:\/\/turismocoria.es\/turismo\/lugares-que-no-te-puedes-perder\/museo-de-la-carcel-real\/\" data-type=\"page\" data-id=\"503\">de la C\u00e1rcel Real<\/a><\/span><\/strong> de la tambi\u00e9n ciudad episcopal que fue, en su tiempo, el punto final de una de las peregrinaciones m\u00e1s importantes y conocidas de toda la pen\u00ednsula Ib\u00e9rica. Devoci\u00f3n, cultura y turismo en torno a las <strong>Santas Reliquias<\/strong> conservadas en la seo cauriense, convertidas en verdaderos tesoros sacros para el gozo y fervor de los fieles. Un rico legado de piezas y alhajas entre las que destacan una <strong>Santa Espina<\/strong> de la Corona, junto a un <em><u><strong>Lignum Crucis <\/strong><\/u><\/em>o fragmento de la Cruz de Jesucristo, adem\u00e1s del citado y excepcional <strong><span style=\"text-decoration: underline;\"><a href=\"https:\/\/turismocoria.es\/turismo\/el-sagrado-mantel-de-la-ultima-cena\/\" data-type=\"page\" data-id=\"1176\">Sagrado Mantel de la \u00daltima Cena<\/a><\/span><\/strong>, como reliquia universal de la cristiandad.<\/p>\n\n\n\n<p>Un turismo cultural de interior, placentero y entretenido, cuya variada <strong>oferta cultural<\/strong>, <strong>gastron\u00f3mica<\/strong> y <strong>deportiva<\/strong>s e prolongar\u00e1 en esta bella, hist\u00f3rica y milenaria localidad cauriense durante todo el <strong>per\u00edodo estival<\/strong> de los meses de julio, agosto y septiembre, a trav\u00e9s de una m\u00e1s que interesante programaci\u00f3n tur\u00edstica adaptada a la situaci\u00f3n actual que vivimos, segura, apacible y sostenible.<\/p>\n\n\n\n<figure class=\"wp-block-embed is-type-video is-provider-youtube wp-block-embed-youtube wp-embed-aspect-16-9 wp-has-aspect-ratio\"><div class=\"wp-block-embed__wrapper\">\n<div class=\"ast-oembed-container \" style=\"height: 100%;\"><iframe loading=\"lazy\" title=\"Coria: Arco\u00edris de Fiestas, Eventos y Tradiciones\u2026\" width=\"500\" height=\"281\" data-src=\"https:\/\/www.youtube.com\/embed\/syBofFwr38E?feature=oembed\" frameborder=\"0\" allow=\"accelerometer; autoplay; clipboard-write; encrypted-media; gyroscope; picture-in-picture; web-share\" referrerpolicy=\"strict-origin-when-cross-origin\" allowfullscreen src=\"data:image\/gif;base64,R0lGODlhAQABAAAAACH5BAEKAAEALAAAAAABAAEAAAICTAEAOw==\" class=\"lazyload\" data-load-mode=\"1\"><\/iframe><\/div>\n<\/div><\/figure>\n\n\n\n<p>En este sentido, desde el Consistorio cauriense se hace un llamamiento animando tanto al p\u00fablico local como al for\u00e1neo para que visiten la ciudad y vivan, en primera persona, este gran festival, del que esperemos sea del agrado de todos, con el fin de que disfrutemos de una gran semana cultural y tur\u00edstica, al objeto de que la Ciudad de Coria y nuestro Festival Internacional de Teatro suenen en todos los rincones de la geograf\u00eda extreme\u00f1a, espa\u00f1ola y del vecino pa\u00eds de Portugal.<\/p>\n\n\n\n<p>\u00a1Atenci\u00f3n!, se apagan las luces, empieza el espect\u00e1culo&#8230;<\/p>\n\n\n\n<div class=\"wp-block-media-text alignwide is-stacked-on-mobile\"><figure class=\"wp-block-media-text__media\"><a href=\"https:\/\/turismocoria.es\/turismo\/wp-content\/uploads\/2023\/07\/CARTEL-FESTIVAL-TEATRO-CORIA-SIENTELA-2023-PROMO.jpg\" target=\"_blank\" rel=\"noreferrer noopener\"><img loading=\"lazy\" decoding=\"async\" width=\"724\" height=\"1024\" data-src=\"https:\/\/turismocoria.es\/turismo\/wp-content\/uploads\/2023\/07\/CARTEL-FESTIVAL-TEATRO-CORIA-SIENTELA-2023-PROMO-724x1024.jpg\" alt=\"\" class=\"wp-image-11834 size-full lazyload\" data-srcset=\"https:\/\/turismocoria.es\/turismo\/wp-content\/uploads\/2023\/07\/CARTEL-FESTIVAL-TEATRO-CORIA-SIENTELA-2023-PROMO-724x1024.jpg 724w, https:\/\/turismocoria.es\/turismo\/wp-content\/uploads\/2023\/07\/CARTEL-FESTIVAL-TEATRO-CORIA-SIENTELA-2023-PROMO-212x300.jpg 212w, https:\/\/turismocoria.es\/turismo\/wp-content\/uploads\/2023\/07\/CARTEL-FESTIVAL-TEATRO-CORIA-SIENTELA-2023-PROMO-768x1086.jpg 768w, https:\/\/turismocoria.es\/turismo\/wp-content\/uploads\/2023\/07\/CARTEL-FESTIVAL-TEATRO-CORIA-SIENTELA-2023-PROMO.jpg 1044w\" data-sizes=\"(max-width: 724px) 100vw, 724px\" src=\"data:image\/gif;base64,R0lGODlhAQABAAAAACH5BAEKAAEALAAAAAABAAEAAAICTAEAOw==\" style=\"--smush-placeholder-width: 724px; --smush-placeholder-aspect-ratio: 724\/1024;\" \/><noscript><img loading=\"lazy\" decoding=\"async\" width=\"724\" height=\"1024\" src=\"https:\/\/turismocoria.es\/turismo\/wp-content\/uploads\/2023\/07\/CARTEL-FESTIVAL-TEATRO-CORIA-SIENTELA-2023-PROMO-724x1024.jpg\" alt=\"\" class=\"wp-image-11834 size-full\" srcset=\"https:\/\/turismocoria.es\/turismo\/wp-content\/uploads\/2023\/07\/CARTEL-FESTIVAL-TEATRO-CORIA-SIENTELA-2023-PROMO-724x1024.jpg 724w, https:\/\/turismocoria.es\/turismo\/wp-content\/uploads\/2023\/07\/CARTEL-FESTIVAL-TEATRO-CORIA-SIENTELA-2023-PROMO-212x300.jpg 212w, https:\/\/turismocoria.es\/turismo\/wp-content\/uploads\/2023\/07\/CARTEL-FESTIVAL-TEATRO-CORIA-SIENTELA-2023-PROMO-768x1086.jpg 768w, https:\/\/turismocoria.es\/turismo\/wp-content\/uploads\/2023\/07\/CARTEL-FESTIVAL-TEATRO-CORIA-SIENTELA-2023-PROMO.jpg 1044w\" sizes=\"(max-width: 724px) 100vw, 724px\" \/><\/noscript><\/a><\/figure><div class=\"wp-block-media-text__content\">\n<p class=\"has-text-align-center\"><strong>PROGRAMACI\u00d3N FESTIVAL INTERNACIONAL DE TEATRO \u201cCORIA SI\u00c9NTELA\u201d<\/strong><\/p>\n\n\n\n<p class=\"has-text-align-center\"><strong>Del <\/strong><strong>13 <\/strong><strong>al <\/strong><strong>18 <\/strong><strong>de Julio <\/strong><strong>de <\/strong><strong>2023<\/strong><\/p>\n\n\n\n<p class=\"has-text-align-center\"><strong>Jueves,<\/strong><strong>13 <\/strong><strong>de<\/strong> <strong>Julio <\/strong><strong>de <\/strong><strong>2023<\/strong><\/p>\n\n\n\n<p class=\"has-text-align-center\">Obra Inaugural: <strong>\u201cJERUSALEM\u201d<\/strong>, 23:00 h. (Compa\u00f1\u00eda Teatro del Noct\u00e1mbulo)<\/p>\n\n\n\n<p class=\"has-text-align-center\"><strong>Viernes, 14 de Julio de 2023<\/strong><\/p>\n\n\n\n<p class=\"has-text-align-center\">Obra: <strong>\u201cLOS <\/strong><strong>MOSQU3TEROS\u201d<\/strong>, 23:00 h. (Compa\u00f1\u00edas Marmore y ESTE-Esta\u00e7ao Teatral)<\/p>\n\n\n\n<p class=\"has-text-align-center\"><strong>S\u00e1bado, 15 de Julio de 2023<\/strong><\/p>\n\n\n\n<p class=\"has-text-align-center\">Obra: <strong>\u201cHIPATIA <\/strong><strong>DE <\/strong><strong>ALEJANDR\u00cdA\u201d<\/strong>, 23:00 h. (Compa\u00f1\u00eda Amarillo Producciones)<\/p>\n\n\n\n<p class=\"has-text-align-center\"><strong>Domingo, 16 de Julio de 2023<\/strong><\/p>\n\n\n\n<p class=\"has-text-align-center\">Obra: <strong>\u201cMAESTRISSIMO\u201d<\/strong>, 23:00 h. (Compa\u00f1\u00eda Yllana)<\/p>\n\n\n\n<p class=\"has-text-align-center\"><strong>Lunes, 17 de Julio de 2023<\/strong><\/p>\n\n\n\n<p class=\"has-text-align-center\">Obra: <strong>\u201cBINGUERAS\u201d<\/strong>, 23:00 h. (Compa\u00f1\u00eda Las Ni\u00f1as de C\u00e1diz)<\/p>\n\n\n\n<p class=\"has-text-align-center\"><strong>Martes, 18 de Julio de 2023<\/strong><\/p>\n\n\n\n<p class=\"has-text-align-center\">Obra Clausura: <strong>\u201cEL <\/strong><strong>VIAJE <\/strong><strong>DEL <\/strong><strong>MONSTRUO <\/strong><strong>FIERO\u201d<\/strong>, 23:00 h. de <strong>Rafael <\/strong><strong>\u00c1lvarez <\/strong><strong>\u201cEl<\/strong><strong>Brujo\u201d<\/strong><\/p>\n<\/div><\/div>\n\n\n\n<p>M\u00e1s Informaci\u00f3n en:<br>Oficina Municipal de Turismo<br>Plaza de San Pedro, 1<br>Tlfno.: 927 50 80 00 Ext. 290<br>Email: <strong><span style=\"text-decoration: underline;\"><a href=\"mailto:oficinaturismo@coria.org\">oficinaturismo@coria.org<\/a><\/span><\/strong><\/p>\n","protected":false},"excerpt":{"rendered":"<p>El Festival Internacional de Teatro Coria Si\u00e9ntela!, abre nuevamente el tel\u00f3n de este magn\u00edfico espect\u00e1culo cuyo escenario cobra vida con la puesta en escena de cada una de las representaciones estivales de teatro al aire libre en ese marco incomparable que es la puerta principal de la seo cauriense donde, como en cada edici\u00f3n, los [&hellip;]<\/p>\n","protected":false},"author":4,"featured_media":11835,"comment_status":"closed","ping_status":"closed","sticky":false,"template":"","format":"standard","meta":{"_uag_custom_page_level_css":"","site-sidebar-layout":"default","site-content-layout":"","ast-site-content-layout":"","site-content-style":"default","site-sidebar-style":"default","ast-global-header-display":"","ast-banner-title-visibility":"","ast-main-header-display":"","ast-hfb-above-header-display":"","ast-hfb-below-header-display":"","ast-hfb-mobile-header-display":"","site-post-title":"","ast-breadcrumbs-content":"","ast-featured-img":"","footer-sml-layout":"","theme-transparent-header-meta":"","adv-header-id-meta":"","stick-header-meta":"","header-above-stick-meta":"","header-main-stick-meta":"","header-below-stick-meta":"","astra-migrate-meta-layouts":"default","ast-page-background-enabled":"default","ast-page-background-meta":{"desktop":{"background-color":"","background-image":"","background-repeat":"repeat","background-position":"center center","background-size":"auto","background-attachment":"scroll","background-type":"","background-media":"","overlay-type":"","overlay-color":"","overlay-opacity":"","overlay-gradient":""},"tablet":{"background-color":"","background-image":"","background-repeat":"repeat","background-position":"center center","background-size":"auto","background-attachment":"scroll","background-type":"","background-media":"","overlay-type":"","overlay-color":"","overlay-opacity":"","overlay-gradient":""},"mobile":{"background-color":"","background-image":"","background-repeat":"repeat","background-position":"center center","background-size":"auto","background-attachment":"scroll","background-type":"","background-media":"","overlay-type":"","overlay-color":"","overlay-opacity":"","overlay-gradient":""}},"ast-content-background-meta":{"desktop":{"background-color":"var(--ast-global-color-5)","background-image":"","background-repeat":"repeat","background-position":"center center","background-size":"auto","background-attachment":"scroll","background-type":"","background-media":"","overlay-type":"","overlay-color":"","overlay-opacity":"","overlay-gradient":""},"tablet":{"background-color":"var(--ast-global-color-5)","background-image":"","background-repeat":"repeat","background-position":"center center","background-size":"auto","background-attachment":"scroll","background-type":"","background-media":"","overlay-type":"","overlay-color":"","overlay-opacity":"","overlay-gradient":""},"mobile":{"background-color":"var(--ast-global-color-5)","background-image":"","background-repeat":"repeat","background-position":"center center","background-size":"auto","background-attachment":"scroll","background-type":"","background-media":"","overlay-type":"","overlay-color":"","overlay-opacity":"","overlay-gradient":""}},"_EventAllDay":false,"_EventTimezone":"","_EventStartDate":"","_EventEndDate":"","_EventStartDateUTC":"","_EventEndDateUTC":"","_EventShowMap":false,"_EventShowMapLink":false,"_EventURL":"","_EventCost":"","_EventCostDescription":"","_EventCurrencySymbol":"","_EventCurrencyCode":"","_EventCurrencyPosition":"","_EventDateTimeSeparator":"","_EventTimeRangeSeparator":"","_EventOrganizerID":[],"_EventVenueID":0,"_OrganizerEmail":"","_OrganizerPhone":"","_OrganizerWebsite":"","_VenueAddress":"","_VenueCity":"","_VenueCountry":"","_VenueProvince":"","_VenueZip":"","_VenuePhone":"","_VenueURL":"","_VenueStateProvince":"","_VenueLat":"","_VenueLng":"","footnotes":""},"categories":[33],"tags":[],"class_list":["post-11833","post","type-post","status-publish","format-standard","has-post-thumbnail","hentry","category-sin-categorizar"],"featured_image_src":"https:\/\/turismocoria.es\/turismo\/wp-content\/uploads\/2023\/07\/CORIA-PROMO-FESTIVAL-TEATRO-CORIA-2023-600x400.jpg","featured_image_src_square":"https:\/\/turismocoria.es\/turismo\/wp-content\/uploads\/2023\/07\/CORIA-PROMO-FESTIVAL-TEATRO-CORIA-2023-600x600.jpg","author_info":{"display_name":"Oficina Turismo","author_link":"https:\/\/turismocoria.es\/turismo\/author\/oficina\/"},"uagb_featured_image_src":{"full":["https:\/\/turismocoria.es\/turismo\/wp-content\/uploads\/2023\/07\/CORIA-PROMO-FESTIVAL-TEATRO-CORIA-2023-scaled.jpg",2560,1439,false],"thumbnail":["https:\/\/turismocoria.es\/turismo\/wp-content\/uploads\/2023\/07\/CORIA-PROMO-FESTIVAL-TEATRO-CORIA-2023-150x150.jpg",150,150,true],"medium":["https:\/\/turismocoria.es\/turismo\/wp-content\/uploads\/2023\/07\/CORIA-PROMO-FESTIVAL-TEATRO-CORIA-2023-300x169.jpg",300,169,true],"medium_large":["https:\/\/turismocoria.es\/turismo\/wp-content\/uploads\/2023\/07\/CORIA-PROMO-FESTIVAL-TEATRO-CORIA-2023-768x432.jpg",768,432,true],"large":["https:\/\/turismocoria.es\/turismo\/wp-content\/uploads\/2023\/07\/CORIA-PROMO-FESTIVAL-TEATRO-CORIA-2023-1024x576.jpg",1024,576,true],"gs-tiny":["https:\/\/turismocoria.es\/turismo\/wp-content\/uploads\/2023\/07\/CORIA-PROMO-FESTIVAL-TEATRO-CORIA-2023-scaled.jpg",50,28,false],"xl":["https:\/\/turismocoria.es\/turismo\/wp-content\/uploads\/2023\/07\/CORIA-PROMO-FESTIVAL-TEATRO-CORIA-2023-1600x900.jpg",1600,900,true],"xxl":["https:\/\/turismocoria.es\/turismo\/wp-content\/uploads\/2023\/07\/CORIA-PROMO-FESTIVAL-TEATRO-CORIA-2023-2200x1237.jpg",2200,1237,true],"xxxl":["https:\/\/turismocoria.es\/turismo\/wp-content\/uploads\/2023\/07\/CORIA-PROMO-FESTIVAL-TEATRO-CORIA-2023-scaled.jpg",2560,1439,false],"xxxxl":["https:\/\/turismocoria.es\/turismo\/wp-content\/uploads\/2023\/07\/CORIA-PROMO-FESTIVAL-TEATRO-CORIA-2023-scaled.jpg",2560,1439,false],"xxxxxl":["https:\/\/turismocoria.es\/turismo\/wp-content\/uploads\/2023\/07\/CORIA-PROMO-FESTIVAL-TEATRO-CORIA-2023-scaled.jpg",2560,1439,false],"1536x1536":["https:\/\/turismocoria.es\/turismo\/wp-content\/uploads\/2023\/07\/CORIA-PROMO-FESTIVAL-TEATRO-CORIA-2023-1536x864.jpg",1536,864,true],"2048x2048":["https:\/\/turismocoria.es\/turismo\/wp-content\/uploads\/2023\/07\/CORIA-PROMO-FESTIVAL-TEATRO-CORIA-2023-2048x1152.jpg",2048,1152,true],"ultp_layout_landscape_large":["https:\/\/turismocoria.es\/turismo\/wp-content\/uploads\/2023\/07\/CORIA-PROMO-FESTIVAL-TEATRO-CORIA-2023-1200x800.jpg",1200,800,true],"ultp_layout_landscape":["https:\/\/turismocoria.es\/turismo\/wp-content\/uploads\/2023\/07\/CORIA-PROMO-FESTIVAL-TEATRO-CORIA-2023-870x570.jpg",870,570,true],"ultp_layout_portrait":["https:\/\/turismocoria.es\/turismo\/wp-content\/uploads\/2023\/07\/CORIA-PROMO-FESTIVAL-TEATRO-CORIA-2023-600x900.jpg",600,900,true],"ultp_layout_square":["https:\/\/turismocoria.es\/turismo\/wp-content\/uploads\/2023\/07\/CORIA-PROMO-FESTIVAL-TEATRO-CORIA-2023-600x600.jpg",600,600,true],"gb-block-post-grid-landscape":["https:\/\/turismocoria.es\/turismo\/wp-content\/uploads\/2023\/07\/CORIA-PROMO-FESTIVAL-TEATRO-CORIA-2023-600x400.jpg",600,400,true],"gb-block-post-grid-square":["https:\/\/turismocoria.es\/turismo\/wp-content\/uploads\/2023\/07\/CORIA-PROMO-FESTIVAL-TEATRO-CORIA-2023-600x600.jpg",600,600,true]},"uagb_author_info":{"display_name":"Oficina Turismo","author_link":"https:\/\/turismocoria.es\/turismo\/author\/oficina\/"},"uagb_comment_info":0,"uagb_excerpt":"El Festival Internacional de Teatro Coria Si\u00e9ntela!, abre nuevamente el tel\u00f3n de este magn\u00edfico espect\u00e1culo cuyo escenario cobra vida con la puesta en escena de cada una de las representaciones estivales de teatro al aire libre en ese marco incomparable que es la puerta principal de la seo cauriense donde, como en cada edici\u00f3n, los&hellip;","_links":{"self":[{"href":"https:\/\/turismocoria.es\/turismo\/wp-json\/wp\/v2\/posts\/11833"}],"collection":[{"href":"https:\/\/turismocoria.es\/turismo\/wp-json\/wp\/v2\/posts"}],"about":[{"href":"https:\/\/turismocoria.es\/turismo\/wp-json\/wp\/v2\/types\/post"}],"author":[{"embeddable":true,"href":"https:\/\/turismocoria.es\/turismo\/wp-json\/wp\/v2\/users\/4"}],"replies":[{"embeddable":true,"href":"https:\/\/turismocoria.es\/turismo\/wp-json\/wp\/v2\/comments?post=11833"}],"version-history":[{"count":5,"href":"https:\/\/turismocoria.es\/turismo\/wp-json\/wp\/v2\/posts\/11833\/revisions"}],"predecessor-version":[{"id":11843,"href":"https:\/\/turismocoria.es\/turismo\/wp-json\/wp\/v2\/posts\/11833\/revisions\/11843"}],"wp:featuredmedia":[{"embeddable":true,"href":"https:\/\/turismocoria.es\/turismo\/wp-json\/wp\/v2\/media\/11835"}],"wp:attachment":[{"href":"https:\/\/turismocoria.es\/turismo\/wp-json\/wp\/v2\/media?parent=11833"}],"wp:term":[{"taxonomy":"category","embeddable":true,"href":"https:\/\/turismocoria.es\/turismo\/wp-json\/wp\/v2\/categories?post=11833"},{"taxonomy":"post_tag","embeddable":true,"href":"https:\/\/turismocoria.es\/turismo\/wp-json\/wp\/v2\/tags?post=11833"}],"curies":[{"name":"wp","href":"https:\/\/api.w.org\/{rel}","templated":true}]}}