{"id":11828,"date":"2023-06-30T12:34:36","date_gmt":"2023-06-30T10:34:36","guid":{"rendered":"https:\/\/turismocoria.es\/turismo\/?p=11828"},"modified":"2023-06-30T12:34:38","modified_gmt":"2023-06-30T10:34:38","slug":"tus-vacaciones-de-verano-en-coria","status":"publish","type":"post","link":"https:\/\/turismocoria.es\/turismo\/tus-vacaciones-de-verano-en-coria\/","title":{"rendered":"Tus Vacaciones de Verano en Coria"},"content":{"rendered":"\n<p><strong>Enclave hist\u00f3rico y monumental, la Ciudad de Coria es uno de los destinos tur\u00edsticos de mayor encanto de toda Extremadura. Una urbe que, alzada sobre los antiguos vestigios de la <em>Caura<\/em> celta vettona, la <em>Caurium<\/em> hispanorromana y visigoda, la <em>Q\u00fcriya<\/em> musulmana y la <em>Coria<\/em> cristiana, se ha convertido en testigo silencioso de su dilatada historia milenaria, lo que la convierten en una de las poblaciones m\u00e1s longevas de Espa\u00f1a.<\/strong><\/p>\n\n\n\n<p>No importa la \u00e9poca, pues esta localidad es espectacular durante todo el a\u00f1o y un verdadero para\u00edso para los sentidos; por lo que un relajado paseo por su coqueto <strong><a href=\"https:\/\/turismocoria.es\/turismo\/lugares-que-no-te-puedes-perder\/casco-historico\/\" data-type=\"page\" data-id=\"732\"><span style=\"text-decoration: underline;\">Casco Hist\u00f3rico<\/span><\/a><\/strong>, o por sus sugestivos entornos naturales que circundan a uno y otro lado de las orillas del r\u00edo Alag\u00f3n, les descubrir\u00e1 muchos de los atractivos tesoros que celosamente conserva este m\u00e1gico escenario convertido en centro de destino tur\u00edstico derivado de su rico y longevo <strong>Patrimonio Hist\u00f3rico-Art\u00edstico<\/strong>, <strong>Cultural<\/strong> y <strong>Natural<\/strong> heredado durante siglos, lo que la convierten en el noveno n\u00facleo m\u00e1s antiguo y de extraordinario embrujo de toda Espa\u00f1a.<\/p>\n\n\n\n<p>Una forma de vivir unas intensas vacaciones llenas de sensaciones y experiencias \u00fanicas, que se dejar\u00e1n sentir y experimentar gracias a la amplia <strong>programaci\u00f3n<\/strong> dise\u00f1ada para esta estaci\u00f3n estival a trav\u00e9s de un nutrido n\u00famero de <strong>actividades <\/strong><strong>culturales, <\/strong><strong>deportivas, <\/strong><strong>naturales<\/strong> y <strong>gastron\u00f3micas<\/strong>, entre otras, con el fin de dinamizar el sector tur\u00edstico del municipio garantizando as\u00ed con ello la diversificaci\u00f3n y el apoyo al medio rural junto a la propia Ciudad de Coria.<\/p>\n\n\n\n<figure class=\"wp-block-embed is-type-video is-provider-youtube wp-block-embed-youtube wp-embed-aspect-16-9 wp-has-aspect-ratio\"><div class=\"wp-block-embed__wrapper\">\n<div class=\"ast-oembed-container \" style=\"height: 100%;\"><iframe loading=\"lazy\" title=\"Coria: Arco\u00edris de Fiestas, Eventos y Tradiciones\u2026\" width=\"500\" height=\"281\" data-src=\"https:\/\/www.youtube.com\/embed\/syBofFwr38E?feature=oembed\" frameborder=\"0\" allow=\"accelerometer; autoplay; clipboard-write; encrypted-media; gyroscope; picture-in-picture; web-share\" referrerpolicy=\"strict-origin-when-cross-origin\" allowfullscreen src=\"data:image\/gif;base64,R0lGODlhAQABAAAAACH5BAEKAAEALAAAAAABAAEAAAICTAEAOw==\" class=\"lazyload\" data-load-mode=\"1\"><\/iframe><\/div>\n<\/div><\/figure>\n\n\n\n<p>Valores patrimoniales que est\u00e1n presentes, con gran autenticidad, en nuestra admirada y legendaria <strong>ciudad <\/strong><strong>antigua<\/strong>, otrora sede del marquesado de Alba y curia a\u00fan de uno de los Obispados m\u00e1s primitivos de este pa\u00eds, bajo cuyo reposado silencio emergen los recuerdos de su florida antig\u00fcedad descritos en las cicatrices de las piedras de los vetustos monumentos que hoy restan de tan ilustre pasado glorioso, como una muestra m\u00e1s de la historia de Extremadura, desde su nacimiento en \u00e9poca celta, pasando por su esplendor dentro del per\u00edodo romano y visigodo, hasta ser pieza codiciada como plaza estrat\u00e9gica de defensa fronteriza en el medievo por \u00e1rabes y cristianos durante los a\u00f1os de la Reconquista.<\/p>\n\n\n\n<p>F\u00e9rtil y Noble Tierra de la Alta Extremadura, en la que las sucesivas etapas cronol\u00f3gicas de la longeva historia cauriense han quedado en parte atestiguadas por el magn\u00edfico <strong><span style=\"text-decoration: underline;\"><a href=\"https:\/\/turismocoria.es\/turismo\/lugares-que-no-te-puedes-perder\/casco-historico\/\" data-type=\"page\" data-id=\"732\">Conjunto Monumental<\/a><\/span><\/strong> que conserva la ciudad. Desde las volum\u00e9tricas<span style=\"text-decoration: underline;\"><a href=\"https:\/\/turismocoria.es\/turismo\/lugares-que-no-te-puedes-perder\/murallas-romanas\/\" data-type=\"page\" data-id=\"497\"> <strong>Murallas Romanas<\/strong><\/a><\/span><strong> (s.I)<\/strong>que circundan el Casco Hist\u00f3rico constituy\u00e9ndose como una de las fortalezas de origen romano mejor conservadas en su conjunto de entre todas las halladas en el resto de Europa; pasando por los soberbios y se\u00f1oriales <strong><span style=\"text-decoration: underline;\"><a href=\"https:\/\/turismocoria.es\/turismo\/lugares-que-no-te-puedes-perder\/castillo-de-los-duques-de-alba\/\" data-type=\"page\" data-id=\"226\">Castillo<\/a><\/span><\/strong> (<strong>s.XV)<\/strong> y <strong><span style=\"text-decoration: underline;\"><a href=\"https:\/\/turismocoria.es\/turismo\/otros-rincones-por-descubrir\/palacio-de-los-duques-de-alba\/\" data-type=\"page\" data-id=\"509\">Palacio de los Duques de Alba<\/a><\/span> (s.XVI)<\/strong>como s\u00edmbolos del rancio poder nobiliario; hasta la magna <strong><span style=\"text-decoration: underline;\"><a href=\"https:\/\/turismocoria.es\/turismo\/lugares-que-no-te-puedes-perder\/catedral\/\" data-type=\"page\" data-id=\"488\">Catedral de Santa Mar\u00eda de la Asunci\u00f3n<\/a><\/span> (s.XV-XVIII)<\/strong>, joya del g\u00f3tico-plateresco extreme\u00f1o; adem\u00e1s del <strong><span style=\"text-decoration: underline;\"><a href=\"https:\/\/turismocoria.es\/turismo\/otros-rincones-por-descubrir\/palacio-episcopal\/\" data-type=\"page\" data-id=\"511\">Palacio Episcopal<\/a><\/span> (s.XVII)<\/strong>, la <strong><span style=\"text-decoration: underline;\"><a href=\"https:\/\/turismocoria.es\/turismo\/otros-rincones-por-descubrir\/iglesia-santiago-apostol\/\" data-type=\"page\" data-id=\"514\">Iglesia de Santiago Ap\u00f3stol <\/a><\/span>(s.XVI-XVIII)<\/strong>, el <strong><span style=\"text-decoration: underline;\"><a href=\"https:\/\/turismocoria.es\/turismo\/lugares-que-no-te-puedes-perder\/convento-de-la-madre-de-dios\/\" data-type=\"page\" data-id=\"499\">Convento de la Madre de Dios<\/a><\/span> (s.XVI-XVII)<\/strong>, el <strong><span style=\"text-decoration: underline;\"><a href=\"https:\/\/turismocoria.es\/turismo\/otros-rincones-por-descubrir\/hospital-san-nicolas-de-bari\/\" data-type=\"page\" data-id=\"521\">Hospital de San Nicol\u00e1s de Bari<\/a><\/span> (s.XVI-XIX)<\/strong>, el <strong><span style=\"text-decoration: underline;\"><a href=\"https:\/\/turismocoria.es\/turismo\/otros-rincones-por-descubrir\/colegio-seminario-conciliar\/\" data-type=\"page\" data-id=\"744\">Colegio Seminario Menor Conciliar<\/a><\/span> (s.XVI-XIX)<\/strong>, las <strong><span style=\"text-decoration: underline;\"><a href=\"https:\/\/turismocoria.es\/turismo\/otros-rincones-por-descubrir\/carcel-real\/\" data-type=\"page\" data-id=\"2958\">C\u00e1rceles Real<\/a><\/span> (s.XVII)<\/strong>, convertida en Museo de Historia, Arqueolog\u00eda y Etnograf\u00eda, y <strong><span style=\"text-decoration: underline;\"><a href=\"https:\/\/turismocoria.es\/turismo\/otros-rincones-por-descubrir\/carcel-eclesiastica\/\" data-type=\"page\" data-id=\"517\">Eclesi\u00e1stica<\/a><\/span> (s.XVIII)<\/strong>, o los <strong><span style=\"text-decoration: underline;\"><a href=\"https:\/\/turismocoria.es\/turismo\/otros-rincones-por-descubrir\/puente-de-piedra\/\" data-type=\"page\" data-id=\"529\">Puentes de Piedra<\/a><\/span> (s.XVI)<\/strong>y <strong><span style=\"text-decoration: underline;\"><a href=\"https:\/\/turismocoria.es\/turismo\/otros-rincones-por-descubrir\/puente-de-hierro\/\" data-type=\"page\" data-id=\"531\">de Hierro<\/a><\/span> (s.XX)<\/strong>, entre otros interesantes rincones por descubrir.<\/p>\n\n\n\n<figure class=\"wp-block-embed is-type-video is-provider-youtube wp-block-embed-youtube wp-embed-aspect-16-9 wp-has-aspect-ratio\"><div class=\"wp-block-embed__wrapper\">\n<div class=\"ast-oembed-container \" style=\"height: 100%;\"><iframe loading=\"lazy\" title=\"Coria \u201cConjunto Monumental\u201d, destino tur\u00edstico del noroeste de Extremadura\" width=\"500\" height=\"281\" data-src=\"https:\/\/www.youtube.com\/embed\/M6VniblQWMo?feature=oembed\" frameborder=\"0\" allow=\"accelerometer; autoplay; clipboard-write; encrypted-media; gyroscope; picture-in-picture; web-share\" referrerpolicy=\"strict-origin-when-cross-origin\" allowfullscreen src=\"data:image\/gif;base64,R0lGODlhAQABAAAAACH5BAEKAAEALAAAAAABAAEAAAICTAEAOw==\" class=\"lazyload\" data-load-mode=\"1\"><\/iframe><\/div>\n<\/div><\/figure>\n\n\n\n<p>Grandes y soberbios monumentos conservados entre un entramado de calles que enamorar\u00e1n al turista, cuyo <strong>legado cultural y espiritual<\/strong> se exhiben en las colecciones conservadas en los <span style=\"text-decoration: underline;\"><a href=\"https:\/\/turismocoria.es\/turismo\/lugares-que-no-te-puedes-perder\/museo-catedralicio\/\" data-type=\"page\" data-id=\"501\"><strong>museos Catedralicio<\/strong> <\/a><\/span>y <strong><span style=\"text-decoration: underline;\"><a href=\"https:\/\/turismocoria.es\/turismo\/lugares-que-no-te-puedes-perder\/museo-de-la-carcel-real\/\" data-type=\"page\" data-id=\"503\">de la C\u00e1rcel Real<\/a><\/span><\/strong> de la tambi\u00e9n ciudad episcopal que fue, en su tiempo, el punto final <\/p>\n\n\n\n<p>de una de las peregrinaciones m\u00e1s importantes y conocidas de toda la pen\u00ednsula Ib\u00e9rica. Devoci\u00f3n, cultura y turismo en torno a las <strong>Santas Reliquias<\/strong> conservadas en la seo cauriense, convertidas en verdaderos tesoros sacros para el gozo y fervor de los fieles. Un rico legado de piezas y alhajas entre las que destacan una <strong>Santa Espina<\/strong> de la Corona, junto a un <em><u><strong>Lignum Crucis <\/strong><\/u><\/em>o fragmento de la Cruz de Jesucristo, adem\u00e1s del citado y excepcional <strong><span style=\"text-decoration: underline;\"><a href=\"https:\/\/turismocoria.es\/turismo\/el-sagrado-mantel-de-la-ultima-cena\/\" data-type=\"page\" data-id=\"1176\">Sagrado Mantel de la \u00daltima Cena<\/a><\/span><\/strong>, como reliquia universal de la cristiandad.<\/p>\n\n\n\n<p>Y, junto las milenarias huellas de la historia del pasado cauriense celosamente atesorado, el turista, adem\u00e1s de participar y sentir de la variada y fecunda <strong>oferta de actividades<\/strong> adem\u00e1s de poder disfrutar de la diversificada <strong>oferta hostelera<\/strong> y <strong>comercial<\/strong> que, a buen seguro, cubrir\u00e1n todas las necesidades y los gustos de aquellos viajeros que visiten este centenario destino tur\u00edstico cargado de encanto, seguro y tranquilo, convertido en una de las mejores opciones para su tiempo de ocio libre en una de las estaciones privilegiadas para viajar como es el verano.<\/p>\n\n\n\n<figure class=\"wp-block-embed is-type-video is-provider-youtube wp-block-embed-youtube wp-embed-aspect-16-9 wp-has-aspect-ratio\"><div class=\"wp-block-embed__wrapper\">\n<div class=\"ast-oembed-container \" style=\"height: 100%;\"><iframe loading=\"lazy\" title=\"Coria, una ciudad para sentirla!\" width=\"500\" height=\"281\" data-src=\"https:\/\/www.youtube.com\/embed\/_LlVD2Y1AmI?feature=oembed\" frameborder=\"0\" allow=\"accelerometer; autoplay; clipboard-write; encrypted-media; gyroscope; picture-in-picture; web-share\" referrerpolicy=\"strict-origin-when-cross-origin\" allowfullscreen src=\"data:image\/gif;base64,R0lGODlhAQABAAAAACH5BAEKAAEALAAAAAABAAEAAAICTAEAOw==\" class=\"lazyload\" data-load-mode=\"1\"><\/iframe><\/div>\n<\/div><\/figure>\n\n\n\n<p>M\u00e1s Informaci\u00f3n en:<br>Oficina Municipal de Turismo<br>Plaza de San Pedro, 1<br>Tlfno.: 927 50 80 00 Ext. 290<br>Email: <strong><span style=\"text-decoration: underline;\"><a href=\"mailto:oficinaturismo@coria.org\">oficinaturismo@coria.org<\/a><\/span><\/strong><\/p>\n","protected":false},"excerpt":{"rendered":"<p>Enclave hist\u00f3rico y monumental, la Ciudad de Coria es uno de los destinos tur\u00edsticos de mayor encanto de toda Extremadura. Una urbe que, alzada sobre los antiguos vestigios de la Caura celta vettona, la Caurium hispanorromana y visigoda, la Q\u00fcriya musulmana y la Coria cristiana, se ha convertido en testigo silencioso de su dilatada historia [&hellip;]<\/p>\n","protected":false},"author":4,"featured_media":11829,"comment_status":"closed","ping_status":"closed","sticky":false,"template":"","format":"standard","meta":{"_uag_custom_page_level_css":"","site-sidebar-layout":"default","site-content-layout":"","ast-site-content-layout":"","site-content-style":"default","site-sidebar-style":"default","ast-global-header-display":"","ast-banner-title-visibility":"","ast-main-header-display":"","ast-hfb-above-header-display":"","ast-hfb-below-header-display":"","ast-hfb-mobile-header-display":"","site-post-title":"","ast-breadcrumbs-content":"","ast-featured-img":"","footer-sml-layout":"","theme-transparent-header-meta":"","adv-header-id-meta":"","stick-header-meta":"","header-above-stick-meta":"","header-main-stick-meta":"","header-below-stick-meta":"","astra-migrate-meta-layouts":"default","ast-page-background-enabled":"default","ast-page-background-meta":{"desktop":{"background-color":"","background-image":"","background-repeat":"repeat","background-position":"center center","background-size":"auto","background-attachment":"scroll","background-type":"","background-media":"","overlay-type":"","overlay-color":"","overlay-opacity":"","overlay-gradient":""},"tablet":{"background-color":"","background-image":"","background-repeat":"repeat","background-position":"center center","background-size":"auto","background-attachment":"scroll","background-type":"","background-media":"","overlay-type":"","overlay-color":"","overlay-opacity":"","overlay-gradient":""},"mobile":{"background-color":"","background-image":"","background-repeat":"repeat","background-position":"center center","background-size":"auto","background-attachment":"scroll","background-type":"","background-media":"","overlay-type":"","overlay-color":"","overlay-opacity":"","overlay-gradient":""}},"ast-content-background-meta":{"desktop":{"background-color":"var(--ast-global-color-5)","background-image":"","background-repeat":"repeat","background-position":"center center","background-size":"auto","background-attachment":"scroll","background-type":"","background-media":"","overlay-type":"","overlay-color":"","overlay-opacity":"","overlay-gradient":""},"tablet":{"background-color":"var(--ast-global-color-5)","background-image":"","background-repeat":"repeat","background-position":"center center","background-size":"auto","background-attachment":"scroll","background-type":"","background-media":"","overlay-type":"","overlay-color":"","overlay-opacity":"","overlay-gradient":""},"mobile":{"background-color":"var(--ast-global-color-5)","background-image":"","background-repeat":"repeat","background-position":"center center","background-size":"auto","background-attachment":"scroll","background-type":"","background-media":"","overlay-type":"","overlay-color":"","overlay-opacity":"","overlay-gradient":""}},"_EventAllDay":false,"_EventTimezone":"","_EventStartDate":"","_EventEndDate":"","_EventStartDateUTC":"","_EventEndDateUTC":"","_EventShowMap":false,"_EventShowMapLink":false,"_EventURL":"","_EventCost":"","_EventCostDescription":"","_EventCurrencySymbol":"","_EventCurrencyCode":"","_EventCurrencyPosition":"","_EventDateTimeSeparator":"","_EventTimeRangeSeparator":"","_EventOrganizerID":[],"_EventVenueID":0,"_OrganizerEmail":"","_OrganizerPhone":"","_OrganizerWebsite":"","_VenueAddress":"","_VenueCity":"","_VenueCountry":"","_VenueProvince":"","_VenueZip":"","_VenuePhone":"","_VenueURL":"","_VenueStateProvince":"","_VenueLat":"","_VenueLng":"","footnotes":""},"categories":[33],"tags":[],"class_list":["post-11828","post","type-post","status-publish","format-standard","has-post-thumbnail","hentry","category-sin-categorizar"],"featured_image_src":"https:\/\/turismocoria.es\/turismo\/wp-content\/uploads\/2023\/06\/Coria-Vacaciones-Verano-600x400.jpg","featured_image_src_square":"https:\/\/turismocoria.es\/turismo\/wp-content\/uploads\/2023\/06\/Coria-Vacaciones-Verano-600x600.jpg","author_info":{"display_name":"Oficina Turismo","author_link":"https:\/\/turismocoria.es\/turismo\/author\/oficina\/"},"uagb_featured_image_src":{"full":["https:\/\/turismocoria.es\/turismo\/wp-content\/uploads\/2023\/06\/Coria-Vacaciones-Verano.jpg",1024,698,false],"thumbnail":["https:\/\/turismocoria.es\/turismo\/wp-content\/uploads\/2023\/06\/Coria-Vacaciones-Verano-150x150.jpg",150,150,true],"medium":["https:\/\/turismocoria.es\/turismo\/wp-content\/uploads\/2023\/06\/Coria-Vacaciones-Verano-300x204.jpg",300,204,true],"medium_large":["https:\/\/turismocoria.es\/turismo\/wp-content\/uploads\/2023\/06\/Coria-Vacaciones-Verano-768x524.jpg",768,524,true],"large":["https:\/\/turismocoria.es\/turismo\/wp-content\/uploads\/2023\/06\/Coria-Vacaciones-Verano.jpg",1024,698,false],"gs-tiny":["https:\/\/turismocoria.es\/turismo\/wp-content\/uploads\/2023\/06\/Coria-Vacaciones-Verano.jpg",50,34,false],"xl":["https:\/\/turismocoria.es\/turismo\/wp-content\/uploads\/2023\/06\/Coria-Vacaciones-Verano.jpg",1024,698,false],"xxl":["https:\/\/turismocoria.es\/turismo\/wp-content\/uploads\/2023\/06\/Coria-Vacaciones-Verano.jpg",1024,698,false],"xxxl":["https:\/\/turismocoria.es\/turismo\/wp-content\/uploads\/2023\/06\/Coria-Vacaciones-Verano.jpg",1024,698,false],"xxxxl":["https:\/\/turismocoria.es\/turismo\/wp-content\/uploads\/2023\/06\/Coria-Vacaciones-Verano.jpg",1024,698,false],"xxxxxl":["https:\/\/turismocoria.es\/turismo\/wp-content\/uploads\/2023\/06\/Coria-Vacaciones-Verano.jpg",1024,698,false],"1536x1536":["https:\/\/turismocoria.es\/turismo\/wp-content\/uploads\/2023\/06\/Coria-Vacaciones-Verano.jpg",1024,698,false],"2048x2048":["https:\/\/turismocoria.es\/turismo\/wp-content\/uploads\/2023\/06\/Coria-Vacaciones-Verano.jpg",1024,698,false],"ultp_layout_landscape_large":["https:\/\/turismocoria.es\/turismo\/wp-content\/uploads\/2023\/06\/Coria-Vacaciones-Verano.jpg",1024,698,false],"ultp_layout_landscape":["https:\/\/turismocoria.es\/turismo\/wp-content\/uploads\/2023\/06\/Coria-Vacaciones-Verano-870x570.jpg",870,570,true],"ultp_layout_portrait":["https:\/\/turismocoria.es\/turismo\/wp-content\/uploads\/2023\/06\/Coria-Vacaciones-Verano-600x698.jpg",600,698,true],"ultp_layout_square":["https:\/\/turismocoria.es\/turismo\/wp-content\/uploads\/2023\/06\/Coria-Vacaciones-Verano-600x600.jpg",600,600,true],"gb-block-post-grid-landscape":["https:\/\/turismocoria.es\/turismo\/wp-content\/uploads\/2023\/06\/Coria-Vacaciones-Verano-600x400.jpg",600,400,true],"gb-block-post-grid-square":["https:\/\/turismocoria.es\/turismo\/wp-content\/uploads\/2023\/06\/Coria-Vacaciones-Verano-600x600.jpg",600,600,true]},"uagb_author_info":{"display_name":"Oficina Turismo","author_link":"https:\/\/turismocoria.es\/turismo\/author\/oficina\/"},"uagb_comment_info":0,"uagb_excerpt":"Enclave hist\u00f3rico y monumental, la Ciudad de Coria es uno de los destinos tur\u00edsticos de mayor encanto de toda Extremadura. Una urbe que, alzada sobre los antiguos vestigios de la Caura celta vettona, la Caurium hispanorromana y visigoda, la Q\u00fcriya musulmana y la Coria cristiana, se ha convertido en testigo silencioso de su dilatada historia&hellip;","_links":{"self":[{"href":"https:\/\/turismocoria.es\/turismo\/wp-json\/wp\/v2\/posts\/11828"}],"collection":[{"href":"https:\/\/turismocoria.es\/turismo\/wp-json\/wp\/v2\/posts"}],"about":[{"href":"https:\/\/turismocoria.es\/turismo\/wp-json\/wp\/v2\/types\/post"}],"author":[{"embeddable":true,"href":"https:\/\/turismocoria.es\/turismo\/wp-json\/wp\/v2\/users\/4"}],"replies":[{"embeddable":true,"href":"https:\/\/turismocoria.es\/turismo\/wp-json\/wp\/v2\/comments?post=11828"}],"version-history":[{"count":1,"href":"https:\/\/turismocoria.es\/turismo\/wp-json\/wp\/v2\/posts\/11828\/revisions"}],"predecessor-version":[{"id":11830,"href":"https:\/\/turismocoria.es\/turismo\/wp-json\/wp\/v2\/posts\/11828\/revisions\/11830"}],"wp:featuredmedia":[{"embeddable":true,"href":"https:\/\/turismocoria.es\/turismo\/wp-json\/wp\/v2\/media\/11829"}],"wp:attachment":[{"href":"https:\/\/turismocoria.es\/turismo\/wp-json\/wp\/v2\/media?parent=11828"}],"wp:term":[{"taxonomy":"category","embeddable":true,"href":"https:\/\/turismocoria.es\/turismo\/wp-json\/wp\/v2\/categories?post=11828"},{"taxonomy":"post_tag","embeddable":true,"href":"https:\/\/turismocoria.es\/turismo\/wp-json\/wp\/v2\/tags?post=11828"}],"curies":[{"name":"wp","href":"https:\/\/api.w.org\/{rel}","templated":true}]}}