{"id":11816,"date":"2023-06-11T22:00:00","date_gmt":"2023-06-11T20:00:00","guid":{"rendered":"https:\/\/turismocoria.es\/turismo\/?p=11816"},"modified":"2023-06-09T14:04:57","modified_gmt":"2023-06-09T12:04:57","slug":"programa-de-las-fiestas-de-san-juan-2023","status":"publish","type":"post","link":"https:\/\/turismocoria.es\/turismo\/programa-de-las-fiestas-de-san-juan-2023\/","title":{"rendered":"PROGRAMA DE LAS FIESTAS DE SAN JUAN 2023"},"content":{"rendered":"\n<p>En este documento podr\u00e1s descubrir toda la programaci\u00f3n cultural y taurina para nuestras esperadas Fiestas de San Juan 2023. Podr\u00e1s disfrutar de cada momento \u00fanico e inigualable de nuestras tradiciones, cultura y patrimonio, unidas de la mano de un s\u00f3lo protagonista: El toro. <\/p>\n\n\n\n<p>Os deseamos unas Felices Fiestas y no olvid\u00e9is tomar las precauciones oportunas con el Astado, las podr\u00e9is tener disponibles tanto en el programa, en el libro y en toda la se\u00f1al\u00edtica de las Fiestas que dan acceso al Casco Amurallado. \u00a1Que Viva San Juan 2023!<\/p>\n\n\n\n<p><\/p>\n\n\n\n<p><\/p>\n\n\n\n<div data-wp-interactive=\"core\/file\" class=\"wp-block-file\"><object data-wp-bind--hidden=\"!state.hasPdfPreview\"  class=\"wp-block-file__embed\" data=\"https:\/\/turismocoria.es\/turismo\/wp-content\/uploads\/2023\/06\/programa-mano-sanjuan-23.pdf\" type=\"application\/pdf\" style=\"width:100%;height:600px\" aria-label=\"Incrustado de programa-mano-sanjuan-23.\"><\/object><a id=\"wp-block-file--media-30dfb570-c25b-40b6-b658-912f81d4b2ad\" href=\"https:\/\/turismocoria.es\/turismo\/wp-content\/uploads\/2023\/06\/programa-mano-sanjuan-23.pdf\">programa-mano-sanjuan-23<\/a><a href=\"https:\/\/turismocoria.es\/turismo\/wp-content\/uploads\/2023\/06\/programa-mano-sanjuan-23.pdf\" class=\"wp-block-file__button wp-element-button\" download aria-describedby=\"wp-block-file--media-30dfb570-c25b-40b6-b658-912f81d4b2ad\">Descarga<\/a><\/div>\n","protected":false},"excerpt":{"rendered":"<p>En este documento podr\u00e1s descubrir toda la programaci\u00f3n cultural y taurina para nuestras esperadas Fiestas de San Juan 2023. Podr\u00e1s disfrutar de cada momento \u00fanico e inigualable de nuestras tradiciones, cultura y patrimonio, unidas de la mano de un s\u00f3lo protagonista: El toro. Os deseamos unas Felices Fiestas y no olvid\u00e9is tomar las precauciones oportunas [&hellip;]<\/p>\n","protected":false},"author":4,"featured_media":0,"comment_status":"closed","ping_status":"closed","sticky":false,"template":"","format":"standard","meta":{"_uag_custom_page_level_css":"","site-sidebar-layout":"default","site-content-layout":"","ast-site-content-layout":"","site-content-style":"default","site-sidebar-style":"default","ast-global-header-display":"","ast-banner-title-visibility":"","ast-main-header-display":"","ast-hfb-above-header-display":"","ast-hfb-below-header-display":"","ast-hfb-mobile-header-display":"","site-post-title":"","ast-breadcrumbs-content":"","ast-featured-img":"","footer-sml-layout":"","theme-transparent-header-meta":"","adv-header-id-meta":"","stick-header-meta":"","header-above-stick-meta":"","header-main-stick-meta":"","header-below-stick-meta":"","astra-migrate-meta-layouts":"default","ast-page-background-enabled":"default","ast-page-background-meta":{"desktop":{"background-color":"","background-image":"","background-repeat":"repeat","background-position":"center center","background-size":"auto","background-attachment":"scroll","background-type":"","background-media":"","overlay-type":"","overlay-color":"","overlay-opacity":"","overlay-gradient":""},"tablet":{"background-color":"","background-image":"","background-repeat":"repeat","background-position":"center center","background-size":"auto","background-attachment":"scroll","background-type":"","background-media":"","overlay-type":"","overlay-color":"","overlay-opacity":"","overlay-gradient":""},"mobile":{"background-color":"","background-image":"","background-repeat":"repeat","background-position":"center center","background-size":"auto","background-attachment":"scroll","background-type":"","background-media":"","overlay-type":"","overlay-color":"","overlay-opacity":"","overlay-gradient":""}},"ast-content-background-meta":{"desktop":{"background-color":"var(--ast-global-color-5)","background-image":"","background-repeat":"repeat","background-position":"center center","background-size":"auto","background-attachment":"scroll","background-type":"","background-media":"","overlay-type":"","overlay-color":"","overlay-opacity":"","overlay-gradient":""},"tablet":{"background-color":"var(--ast-global-color-5)","background-image":"","background-repeat":"repeat","background-position":"center center","background-size":"auto","background-attachment":"scroll","background-type":"","background-media":"","overlay-type":"","overlay-color":"","overlay-opacity":"","overlay-gradient":""},"mobile":{"background-color":"var(--ast-global-color-5)","background-image":"","background-repeat":"repeat","background-position":"center center","background-size":"auto","background-attachment":"scroll","background-type":"","background-media":"","overlay-type":"","overlay-color":"","overlay-opacity":"","overlay-gradient":""}},"_EventAllDay":false,"_EventTimezone":"","_EventStartDate":"","_EventEndDate":"","_EventStartDateUTC":"","_EventEndDateUTC":"","_EventShowMap":false,"_EventShowMapLink":false,"_EventURL":"","_EventCost":"","_EventCostDescription":"","_EventCurrencySymbol":"","_EventCurrencyCode":"","_EventCurrencyPosition":"","_EventDateTimeSeparator":"","_EventTimeRangeSeparator":"","_EventOrganizerID":[],"_EventVenueID":0,"_OrganizerEmail":"","_OrganizerPhone":"","_OrganizerWebsite":"","_VenueAddress":"","_VenueCity":"","_VenueCountry":"","_VenueProvince":"","_VenueZip":"","_VenuePhone":"","_VenueURL":"","_VenueStateProvince":"","_VenueLat":"","_VenueLng":"","footnotes":""},"categories":[33],"tags":[],"class_list":["post-11816","post","type-post","status-publish","format-standard","hentry","category-sin-categorizar"],"featured_image_src":null,"featured_image_src_square":null,"author_info":{"display_name":"Oficina Turismo","author_link":"https:\/\/turismocoria.es\/turismo\/author\/oficina\/"},"uagb_featured_image_src":{"full":false,"thumbnail":false,"medium":false,"medium_large":false,"large":false,"gs-tiny":false,"xl":false,"xxl":false,"xxxl":false,"xxxxl":false,"xxxxxl":false,"1536x1536":false,"2048x2048":false,"ultp_layout_landscape_large":false,"ultp_layout_landscape":false,"ultp_layout_portrait":false,"ultp_layout_square":false,"gb-block-post-grid-landscape":false,"gb-block-post-grid-square":false},"uagb_author_info":{"display_name":"Oficina Turismo","author_link":"https:\/\/turismocoria.es\/turismo\/author\/oficina\/"},"uagb_comment_info":0,"uagb_excerpt":"En este documento podr\u00e1s descubrir toda la programaci\u00f3n cultural y taurina para nuestras esperadas Fiestas de San Juan 2023. Podr\u00e1s disfrutar de cada momento \u00fanico e inigualable de nuestras tradiciones, cultura y patrimonio, unidas de la mano de un s\u00f3lo protagonista: El toro. Os deseamos unas Felices Fiestas y no olvid\u00e9is tomar las precauciones oportunas&hellip;","_links":{"self":[{"href":"https:\/\/turismocoria.es\/turismo\/wp-json\/wp\/v2\/posts\/11816"}],"collection":[{"href":"https:\/\/turismocoria.es\/turismo\/wp-json\/wp\/v2\/posts"}],"about":[{"href":"https:\/\/turismocoria.es\/turismo\/wp-json\/wp\/v2\/types\/post"}],"author":[{"embeddable":true,"href":"https:\/\/turismocoria.es\/turismo\/wp-json\/wp\/v2\/users\/4"}],"replies":[{"embeddable":true,"href":"https:\/\/turismocoria.es\/turismo\/wp-json\/wp\/v2\/comments?post=11816"}],"version-history":[{"count":2,"href":"https:\/\/turismocoria.es\/turismo\/wp-json\/wp\/v2\/posts\/11816\/revisions"}],"predecessor-version":[{"id":11820,"href":"https:\/\/turismocoria.es\/turismo\/wp-json\/wp\/v2\/posts\/11816\/revisions\/11820"}],"wp:attachment":[{"href":"https:\/\/turismocoria.es\/turismo\/wp-json\/wp\/v2\/media?parent=11816"}],"wp:term":[{"taxonomy":"category","embeddable":true,"href":"https:\/\/turismocoria.es\/turismo\/wp-json\/wp\/v2\/categories?post=11816"},{"taxonomy":"post_tag","embeddable":true,"href":"https:\/\/turismocoria.es\/turismo\/wp-json\/wp\/v2\/tags?post=11816"}],"curies":[{"name":"wp","href":"https:\/\/api.w.org\/{rel}","templated":true}]}}