{"id":11730,"date":"2023-05-09T10:44:26","date_gmt":"2023-05-09T08:44:26","guid":{"rendered":"https:\/\/turismocoria.es\/turismo\/?p=11730"},"modified":"2023-05-09T10:44:28","modified_gmt":"2023-05-09T08:44:28","slug":"la-ciudad-de-coria-se-viste-de-gala-para-homenajear-a-su-patrona","status":"publish","type":"post","link":"https:\/\/turismocoria.es\/turismo\/la-ciudad-de-coria-se-viste-de-gala-para-homenajear-a-su-patrona\/","title":{"rendered":"La Ciudad de Coria se Viste de Gala para Homenajear a su Patrona"},"content":{"rendered":"\n<p><strong>Una cita de homenaje anual dedicada a la Patrona de la Di\u00f3cesis, que el pueblo cauriense no desea dejar pasar inadvertida, de una de las ciudades con m\u00e1s Historia de Extremadura descrita por cada uno de los rincones de su coqueto Casco Hist\u00f3rico.<\/strong><\/p>\n\n\n\n<p>De esta suerte, el pasado jueves, 4 de mayo, el repique de campanas desde la empinada torre catedralicia nos rememoraba la anual Bajada de la <strong><span style=\"text-decoration: underline;\"><a href=\"https:\/\/turismocoria.es\/turismo\/lugares-que-no-te-puedes-perder\/santuario-de-la-virgen-de-argeme\/\" data-type=\"page\" data-id=\"505\">Virgen de Argeme<\/a><\/span><\/strong> desde su <span style=\"text-decoration: underline;\"><strong><a href=\"https:\/\/turismocoria.es\/turismo\/otras-festividades-donde-divertirse\/festividad-de-la-virgen-de-argeme\/\" data-type=\"page\" data-id=\"862\">Santuario<\/a><\/strong><\/span>, ubicado en la antigua Dehesa de Malpartida, hasta la <strong><span style=\"text-decoration: underline;\"><a href=\"https:\/\/turismocoria.es\/turismo\/lugares-que-no-te-puedes-perder\/catedral\/\" data-type=\"page\" data-id=\"488\">Catedral de Santa Mar\u00eda de la Asunci\u00f3n<\/a><\/span><\/strong>.<\/p>\n\n\n\n<p>Dos semanas de tiempo, en las que la Virgen de Argeme preside el altar mayor de la catedral cauriense con innumerables actos que se llevan a cabo en honor a la Patrona de Coria y su Di\u00f3cesis, que tienen su culmen con la denominada <strong>Salve de las Luces<\/strong>, adem\u00e1s de la <strong>Misa Pontifical<\/strong> y <strong>Procesi\u00f3n Mayor<\/strong> por las avenidas y calles de la Ciudad de Coria, m\u00e1s la subida de retorno y tradicional <strong>Romer\u00eda<\/strong> que se lleva a cabo en los encinares y arboledas que pueblan las inmediaciones del citado santuario mariano, coincidiendo con las fiestas patronales de la pedan\u00eda de Puebla de Argeme.<\/p>\n\n\n\n<p>En definitiva, unos atractivos d\u00edas en los que poder disfrutar de la naturaleza, la gastronom\u00eda y la amabilidad hospitalaria de los caurienses que, a buen seguro, seguir\u00e1n deleitando en un futuro cada vez m\u00e1s cercano la mirada de cuantos viajeros se acerquen hasta la nobiliaria y episcopal <strong><span style=\"text-decoration: underline;\"><a href=\"https:\/\/turismocoria.es\/turismo\/ciudad-de-coria\/\" data-type=\"page\" data-id=\"1061\">Ciudad de Coria<\/a><\/span><\/strong>, convertida en centro de destino tur\u00edstico derivado de su rico y longevo Patrimonio Hist\u00f3rico- Art\u00edstico, Cultural y Natural heredado durante siglos, lo que la convierten en una de las <strong>poblaciones m\u00e1s antiguas de toda Espa\u00f1a<\/strong>.<\/p>\n\n\n\n<p>Una urbe que se muestra espectacular a lo largo de todo el a\u00f1o, pero que en primavera el paisaje agreste de las ricas tierras de labor se representa en su estado m\u00e1s puro ofreciendo los matices tostados de las roturaciones que se preparan para las siembras que contrastan con las tonalidades esmeraldas de los campos adehesados, junto con los irrepetibles bosques verduscos de ribera que pueblan los m\u00e1rgenes del r\u00edo Alag\u00f3n, cuya orograf\u00eda y color hacen de su recorrido un oasis de peque\u00f1as \u201cislas\u201d en pleno coraz\u00f3n del valle que lleva su nombre.<\/p>\n\n\n\n<p>Un verdadero arco-iris a la espera de ser descubierto por los amantes de la Naturaleza, a trav\u00e9s de las <strong>rutas  o itinerarios<\/strong> <strong>tur\u00edsticos naturales <\/strong>que radialmente parten de la Ciudad de Coria para ser transitados acompa\u00f1ados de la familia o los amigos bien a pie, a caballo o en mountain-bike, caso de la Ruta de la V\u00eda Dalmacia, de Peregrinaci\u00f3n al Santuario de Ntra. Sra. Virgen de Argeme, de los Poblados I de Puebla de Argeme y II de Rinc\u00f3n del Obispo, de la Dehesa Boyal de M\u00ednguez y de los Canales o antiguo Camino de Casas de Don G\u00f3mez.<\/p>\n\n\n\n<p>Adem\u00e1s, un relajado paseo por el evocador <strong><span style=\"text-decoration: underline;\"><a href=\"https:\/\/turismocoria.es\/turismo\/lugares-que-no-te-puedes-perder\/casco-historico\/\" data-type=\"page\" data-id=\"732\">Casco Hist\u00f3rico de Coria<\/a><\/span><\/strong> les descubrir\u00e1 muchos de los atractivos tesoros que celosamente conserva a\u00fan este m\u00e1gico escenario. Patrimonio hist\u00f3rico- art\u00edstico que est\u00e1 presente, con gran autenticidad, en nuestra admirada y legendaria ciudad antigua, bajo cuyo reposado silencio emergen los recuerdos de su florida antig\u00fcedad descritos en las cicatrices de las piedras de los vetustos monumentos de una villa fraguada por los distintos pueblos que se asentaron por estas ricas tierras de vega: vettones, romanos, visigodos, \u00e1rabes, jud\u00edos y cristianos.<\/p>\n\n\n\n<p>estigios de la otrora sede del marquesado de Alba y curia a\u00fan de uno de los Obispados m\u00e1s antiguos de este pa\u00eds, cuyas sucesivas etapas cronol\u00f3gicas de la longeva historia cauriense han quedado en parte atestiguadas por el magn\u00edfico <strong><span style=\"text-decoration: underline;\"><a href=\"https:\/\/turismocoria.es\/turismo\/lugares-que-no-te-puedes-perder\/casco-historico\/\" data-type=\"page\" data-id=\"732\">Conjunto Monumental<\/a><\/span><\/strong> que conserva la ciudad. Desde las volum\u00e9tricas <strong><span style=\"text-decoration: underline;\"><a href=\"https:\/\/turismocoria.es\/turismo\/lugares-que-no-te-puedes-perder\/murallas-romanas\/\" data-type=\"page\" data-id=\"497\">Murallas Romanas<\/a><\/span><\/strong>(S. I) que lo circundan como una de las fortalezas de origen romano mejor conservadas en su conjunto de entre todas las halladas en el resto de Europa; pasando por los soberbios y se\u00f1oriales <strong><span style=\"text-decoration: underline;\"><a href=\"https:\/\/turismocoria.es\/turismo\/lugares-que-no-te-puedes-perder\/castillo-de-los-duques-de-alba\/\" data-type=\"page\" data-id=\"226\">Castillo<\/a><\/span><\/strong>(S. XV) y <strong><span style=\"text-decoration: underline;\"><a href=\"https:\/\/turismocoria.es\/turismo\/otros-rincones-por-descubrir\/palacio-de-los-duques-de-alba\/\" data-type=\"page\" data-id=\"509\">Palacio de los Duques de Alba<\/a><\/span><\/strong>(S. XV-XVI) como s\u00edmbolos del rancio poder nobiliario; hasta la magna <strong><span style=\"text-decoration: underline;\"><a href=\"https:\/\/turismocoria.es\/turismo\/lugares-que-no-te-puedes-perder\/catedral\/\" data-type=\"page\" data-id=\"488\">Catedral de Santa Mar\u00eda de la Asunci\u00f3n<\/a><\/span><\/strong>(S. XV-XVIII) joya del g\u00f3tico-plateresco extreme\u00f1o en la que se custodia esa misteriosa reliquia universal del <strong><span style=\"text-decoration: underline;\"><a href=\"https:\/\/turismocoria.es\/turismo\/el-sagrado-mantel-de-la-ultima-cena\/\" data-type=\"page\" data-id=\"1176\">Sagrado Mantel de la \u00daltima Cena<\/a><\/span><\/strong>; adem\u00e1s del <strong><span style=\"text-decoration: underline;\"><a href=\"https:\/\/turismocoria.es\/turismo\/otros-rincones-por-descubrir\/palacio-episcopal\/\" data-type=\"page\" data-id=\"511\">Palacio Episcopal<\/a><\/span><\/strong>(S. XVII), la <strong><span style=\"text-decoration: underline;\"><a href=\"https:\/\/turismocoria.es\/turismo\/otros-rincones-por-descubrir\/iglesia-santiago-apostol\/\" data-type=\"page\" data-id=\"514\">Iglesia de Santiago Ap\u00f3stol<\/a><\/span><\/strong>(S. XVI-XVIII), el <strong><span style=\"text-decoration: underline;\"><a href=\"https:\/\/turismocoria.es\/turismo\/lugares-que-no-te-puedes-perder\/convento-de-la-madre-de-dios\/\" data-type=\"page\" data-id=\"499\">Convento de la Madre de Dios<\/a><\/span><\/strong>(S. XVI-XVII), el <strong><span style=\"text-decoration: underline;\"><a href=\"https:\/\/turismocoria.es\/turismo\/otros-rincones-por-descubrir\/hospital-san-nicolas-de-bari\/\" data-type=\"page\" data-id=\"521\">Hospital de San Nicol\u00e1s de Bari<\/a><\/span><\/strong>(S. XVI-XIX), el <strong><span style=\"text-decoration: underline;\"><a href=\"https:\/\/turismocoria.es\/turismo\/otros-rincones-por-descubrir\/colegio-seminario-conciliar\/\" data-type=\"page\" data-id=\"744\">Colegio-Seminario Mayor Conciliar<\/a><\/span><\/strong>(S. XVII-XIX), las <strong><span style=\"text-decoration: underline;\"><a href=\"https:\/\/turismocoria.es\/turismo\/otros-rincones-por-descubrir\/carcel-real\/\" data-type=\"page\" data-id=\"2958\">C\u00e1rceles Real<\/a><\/span><\/strong>(S. XVII), convertida en Museo de Historia, Arqueolog\u00eda y Etnograf\u00eda, y <strong><span style=\"text-decoration: underline;\"><a href=\"https:\/\/turismocoria.es\/turismo\/otros-rincones-por-descubrir\/carcel-eclesiastica\/\" data-type=\"page\" data-id=\"517\">Eclesi\u00e1stica<\/a><\/span><\/strong>(S. XVIII), el <strong><span style=\"text-decoration: underline;\"><a href=\"https:\/\/turismocoria.es\/turismo\/lugares-que-no-te-puedes-perder\/santuario-de-la-virgen-de-argeme\/\" data-type=\"page\" data-id=\"505\">Santuario de Nuestra Se\u00f1ora Virgen de Argeme<\/a><\/span><\/strong>(S. XVII-XVIII) a extramuros; o los <strong><span style=\"text-decoration: underline;\"><a href=\"https:\/\/turismocoria.es\/turismo\/otros-rincones-por-descubrir\/puente-de-piedra\/\" data-type=\"page\" data-id=\"529\">Puentes de Piedra<\/a><\/span><\/strong>(S. XVI) y <strong><span style=\"text-decoration: underline;\"><a href=\"https:\/\/turismocoria.es\/turismo\/otros-rincones-por-descubrir\/puente-de-hierro\/\" data-type=\"page\" data-id=\"531\">de Hierro<\/a><\/span><\/strong>(S. XX), entre otros interesantes rincones por descubrir.<\/p>\n\n\n\n<figure class=\"wp-block-embed is-type-video is-provider-youtube wp-block-embed-youtube wp-embed-aspect-16-9 wp-has-aspect-ratio\"><div class=\"wp-block-embed__wrapper\">\n<div class=\"ast-oembed-container \" style=\"height: 100%;\"><iframe loading=\"lazy\" title=\"Coria \u201cConjunto Monumental\u201d, destino tur\u00edstico del noroeste de Extremadura\" width=\"500\" height=\"281\" data-src=\"https:\/\/www.youtube.com\/embed\/M6VniblQWMo?feature=oembed\" frameborder=\"0\" allow=\"accelerometer; autoplay; clipboard-write; encrypted-media; gyroscope; picture-in-picture; web-share\" referrerpolicy=\"strict-origin-when-cross-origin\" allowfullscreen src=\"data:image\/gif;base64,R0lGODlhAQABAAAAACH5BAEKAAEALAAAAAABAAEAAAICTAEAOw==\" class=\"lazyload\" data-load-mode=\"1\"><\/iframe><\/div>\n<\/div><\/figure>\n\n\n\n<p>Grandes y soberbios monumentos conservados entre un entramado de calles que enamorar\u00e1n al turista, cuyo <strong>legado cultural y espiritual<\/strong> se exhiben en las colecciones conservadas en los <strong><span style=\"text-decoration: underline;\"><a href=\"https:\/\/turismocoria.es\/turismo\/lugares-que-no-te-puedes-perder\/museo-catedralicio\/\" data-type=\"page\" data-id=\"501\">museos Catedralicio<\/a><\/span><\/strong> y <strong><span style=\"text-decoration: underline;\"><a href=\"https:\/\/turismocoria.es\/turismo\/lugares-que-no-te-puedes-perder\/museo-de-la-carcel-real\/\" data-type=\"page\" data-id=\"503\">de la C\u00e1rcel Real<\/a><\/span> <\/strong>de la tambi\u00e9n ciudad episcopal que fue, en su tiempo, el punto final de una de las peregrinaciones m\u00e1s importantes y conocidas de toda la pen\u00ednsula Ib\u00e9rica. Devoci\u00f3n, cultura y turismo en torno a las <strong>Santas Reliquias<\/strong> conservadas en la seo cauriense, convertidas en verdaderos tesoros sacros para el gozo y fervor de los fieles. Un rico legado de piezas y alhajas entre las que destacan una <strong>Santa Espina<\/strong> de la Corona, junto a un <em><u><strong>Lignum Crucis<\/strong><\/u><\/em> o fragmento de la Cruz de Jesucristo, adem\u00e1s del citado y excepcional <strong><span style=\"text-decoration: underline;\"><a href=\"https:\/\/turismocoria.es\/turismo\/historias-para-toda-la-familia\/descubre-el-mantel-sagrado-de-coria\/\" data-type=\"page\" data-id=\"550\">Sagrado Mantel de la \u00daltima Cena<\/a><\/span><\/strong>, como reliquia universal de la cristiandad.<\/p>\n\n\n\n<figure class=\"wp-block-embed is-type-video is-provider-youtube wp-block-embed-youtube wp-embed-aspect-16-9 wp-has-aspect-ratio\"><div class=\"wp-block-embed__wrapper\">\n<div class=\"ast-oembed-container \" style=\"height: 100%;\"><iframe loading=\"lazy\" title=\"El Sagrado Mantel de Coria: Cultura, Devoci\u00f3n y Turismo - Reliquia Universal de la Cristiandad\" width=\"500\" height=\"281\" data-src=\"https:\/\/www.youtube.com\/embed\/qBfoZ48Qe9Q?feature=oembed\" frameborder=\"0\" allow=\"accelerometer; autoplay; clipboard-write; encrypted-media; gyroscope; picture-in-picture; web-share\" referrerpolicy=\"strict-origin-when-cross-origin\" allowfullscreen src=\"data:image\/gif;base64,R0lGODlhAQABAAAAACH5BAEKAAEALAAAAAABAAEAAAICTAEAOw==\" class=\"lazyload\" data-load-mode=\"1\"><\/iframe><\/div>\n<\/div><\/figure>\n\n\n\n<p>Y, junto las milenarias huellas de la historia del pasado cauriense celosamente atesorado, el turista podr\u00e1 sentir y disfrutar, tambi\u00e9n, de la diversificada <strong>oferta gastron\u00f3mica<\/strong>, <strong>cultural<\/strong>, <strong>deportiva<\/strong>, <strong>folcl\u00f3rica<\/strong> y <strong>festiva<\/strong> que, unida a la diferenciada <strong>oferta hostelera<\/strong> y <strong>comercial<\/strong>, a buen seguro cubrir\u00e1n todas las necesidades y los gustos de aquellos viajeros que visiten este centenario destino tur\u00edstico cargado de encanto, seguro y tranquilo, convertido en una de las mejores opciones para su tiempo de ocio libre en el que deleitarse en plenitud, sin urgencias de tiempo, del rico legado Patrimonial Cultural y Natural heredado desde siglos pret\u00e9ritos en una de las estaciones privilegiadas para viajar como es la primavera.<\/p>\n\n\n\n<figure class=\"wp-block-embed is-type-video is-provider-youtube wp-block-embed-youtube wp-embed-aspect-16-9 wp-has-aspect-ratio\"><div class=\"wp-block-embed__wrapper\">\n<div class=\"ast-oembed-container \" style=\"height: 100%;\"><iframe loading=\"lazy\" title=\"Coria: Arco\u00edris de Fiestas, Eventos y Tradiciones\u2026\" width=\"500\" height=\"281\" data-src=\"https:\/\/www.youtube.com\/embed\/syBofFwr38E?feature=oembed\" frameborder=\"0\" allow=\"accelerometer; autoplay; clipboard-write; encrypted-media; gyroscope; picture-in-picture; web-share\" referrerpolicy=\"strict-origin-when-cross-origin\" allowfullscreen src=\"data:image\/gif;base64,R0lGODlhAQABAAAAACH5BAEKAAEALAAAAAABAAEAAAICTAEAOw==\" class=\"lazyload\" data-load-mode=\"1\"><\/iframe><\/div>\n<\/div><\/figure>\n\n\n\n<p>M\u00e1s Informaci\u00f3n en:<br>Oficina Municipal de Turismo<br>Plaza de San Pedro, 1<br>Tlfno.: 927 50 80 00 Ext. 290<br>Email: <strong><span style=\"text-decoration: underline;\"><a href=\"mailto:oficinaturismo@coria.org\">oficinaturismo@coria.org<\/a><\/span><\/strong><\/p>\n","protected":false},"excerpt":{"rendered":"<p>Una cita de homenaje anual dedicada a la Patrona de la Di\u00f3cesis, que el pueblo cauriense no desea dejar pasar inadvertida, de una de las ciudades con m\u00e1s Historia de Extremadura descrita por cada uno de los rincones de su coqueto Casco Hist\u00f3rico. De esta suerte, el pasado jueves, 4 de mayo, el repique de [&hellip;]<\/p>\n","protected":false},"author":4,"featured_media":11731,"comment_status":"closed","ping_status":"closed","sticky":false,"template":"","format":"standard","meta":{"_uag_custom_page_level_css":"","site-sidebar-layout":"default","site-content-layout":"","ast-site-content-layout":"","site-content-style":"default","site-sidebar-style":"default","ast-global-header-display":"","ast-banner-title-visibility":"","ast-main-header-display":"","ast-hfb-above-header-display":"","ast-hfb-below-header-display":"","ast-hfb-mobile-header-display":"","site-post-title":"","ast-breadcrumbs-content":"","ast-featured-img":"","footer-sml-layout":"","theme-transparent-header-meta":"","adv-header-id-meta":"","stick-header-meta":"","header-above-stick-meta":"","header-main-stick-meta":"","header-below-stick-meta":"","astra-migrate-meta-layouts":"default","ast-page-background-enabled":"default","ast-page-background-meta":{"desktop":{"background-color":"","background-image":"","background-repeat":"repeat","background-position":"center center","background-size":"auto","background-attachment":"scroll","background-type":"","background-media":"","overlay-type":"","overlay-color":"","overlay-opacity":"","overlay-gradient":""},"tablet":{"background-color":"","background-image":"","background-repeat":"repeat","background-position":"center center","background-size":"auto","background-attachment":"scroll","background-type":"","background-media":"","overlay-type":"","overlay-color":"","overlay-opacity":"","overlay-gradient":""},"mobile":{"background-color":"","background-image":"","background-repeat":"repeat","background-position":"center center","background-size":"auto","background-attachment":"scroll","background-type":"","background-media":"","overlay-type":"","overlay-color":"","overlay-opacity":"","overlay-gradient":""}},"ast-content-background-meta":{"desktop":{"background-color":"var(--ast-global-color-5)","background-image":"","background-repeat":"repeat","background-position":"center center","background-size":"auto","background-attachment":"scroll","background-type":"","background-media":"","overlay-type":"","overlay-color":"","overlay-opacity":"","overlay-gradient":""},"tablet":{"background-color":"var(--ast-global-color-5)","background-image":"","background-repeat":"repeat","background-position":"center center","background-size":"auto","background-attachment":"scroll","background-type":"","background-media":"","overlay-type":"","overlay-color":"","overlay-opacity":"","overlay-gradient":""},"mobile":{"background-color":"var(--ast-global-color-5)","background-image":"","background-repeat":"repeat","background-position":"center center","background-size":"auto","background-attachment":"scroll","background-type":"","background-media":"","overlay-type":"","overlay-color":"","overlay-opacity":"","overlay-gradient":""}},"_EventAllDay":false,"_EventTimezone":"","_EventStartDate":"","_EventEndDate":"","_EventStartDateUTC":"","_EventEndDateUTC":"","_EventShowMap":false,"_EventShowMapLink":false,"_EventURL":"","_EventCost":"","_EventCostDescription":"","_EventCurrencySymbol":"","_EventCurrencyCode":"","_EventCurrencyPosition":"","_EventDateTimeSeparator":"","_EventTimeRangeSeparator":"","_EventOrganizerID":[],"_EventVenueID":0,"_OrganizerEmail":"","_OrganizerPhone":"","_OrganizerWebsite":"","_VenueAddress":"","_VenueCity":"","_VenueCountry":"","_VenueProvince":"","_VenueZip":"","_VenuePhone":"","_VenueURL":"","_VenueStateProvince":"","_VenueLat":"","_VenueLng":"","footnotes":""},"categories":[33],"tags":[],"class_list":["post-11730","post","type-post","status-publish","format-standard","has-post-thumbnail","hentry","category-sin-categorizar"],"featured_image_src":"https:\/\/turismocoria.es\/turismo\/wp-content\/uploads\/2023\/05\/Coria-y-su-Patrona-1-600x400.jpg","featured_image_src_square":"https:\/\/turismocoria.es\/turismo\/wp-content\/uploads\/2023\/05\/Coria-y-su-Patrona-1-600x600.jpg","author_info":{"display_name":"Oficina Turismo","author_link":"https:\/\/turismocoria.es\/turismo\/author\/oficina\/"},"uagb_featured_image_src":{"full":["https:\/\/turismocoria.es\/turismo\/wp-content\/uploads\/2023\/05\/Coria-y-su-Patrona-1.jpg",1200,800,false],"thumbnail":["https:\/\/turismocoria.es\/turismo\/wp-content\/uploads\/2023\/05\/Coria-y-su-Patrona-1-150x150.jpg",150,150,true],"medium":["https:\/\/turismocoria.es\/turismo\/wp-content\/uploads\/2023\/05\/Coria-y-su-Patrona-1-300x200.jpg",300,200,true],"medium_large":["https:\/\/turismocoria.es\/turismo\/wp-content\/uploads\/2023\/05\/Coria-y-su-Patrona-1-768x512.jpg",768,512,true],"large":["https:\/\/turismocoria.es\/turismo\/wp-content\/uploads\/2023\/05\/Coria-y-su-Patrona-1-1024x683.jpg",1024,683,true],"gs-tiny":["https:\/\/turismocoria.es\/turismo\/wp-content\/uploads\/2023\/05\/Coria-y-su-Patrona-1.jpg",50,33,false],"xl":["https:\/\/turismocoria.es\/turismo\/wp-content\/uploads\/2023\/05\/Coria-y-su-Patrona-1.jpg",1200,800,false],"xxl":["https:\/\/turismocoria.es\/turismo\/wp-content\/uploads\/2023\/05\/Coria-y-su-Patrona-1.jpg",1200,800,false],"xxxl":["https:\/\/turismocoria.es\/turismo\/wp-content\/uploads\/2023\/05\/Coria-y-su-Patrona-1.jpg",1200,800,false],"xxxxl":["https:\/\/turismocoria.es\/turismo\/wp-content\/uploads\/2023\/05\/Coria-y-su-Patrona-1.jpg",1200,800,false],"xxxxxl":["https:\/\/turismocoria.es\/turismo\/wp-content\/uploads\/2023\/05\/Coria-y-su-Patrona-1.jpg",1200,800,false],"1536x1536":["https:\/\/turismocoria.es\/turismo\/wp-content\/uploads\/2023\/05\/Coria-y-su-Patrona-1.jpg",1200,800,false],"2048x2048":["https:\/\/turismocoria.es\/turismo\/wp-content\/uploads\/2023\/05\/Coria-y-su-Patrona-1.jpg",1200,800,false],"ultp_layout_landscape_large":["https:\/\/turismocoria.es\/turismo\/wp-content\/uploads\/2023\/05\/Coria-y-su-Patrona-1.jpg",1200,800,false],"ultp_layout_landscape":["https:\/\/turismocoria.es\/turismo\/wp-content\/uploads\/2023\/05\/Coria-y-su-Patrona-1-870x570.jpg",870,570,true],"ultp_layout_portrait":["https:\/\/turismocoria.es\/turismo\/wp-content\/uploads\/2023\/05\/Coria-y-su-Patrona-1-600x800.jpg",600,800,true],"ultp_layout_square":["https:\/\/turismocoria.es\/turismo\/wp-content\/uploads\/2023\/05\/Coria-y-su-Patrona-1-600x600.jpg",600,600,true],"gb-block-post-grid-landscape":["https:\/\/turismocoria.es\/turismo\/wp-content\/uploads\/2023\/05\/Coria-y-su-Patrona-1-600x400.jpg",600,400,true],"gb-block-post-grid-square":["https:\/\/turismocoria.es\/turismo\/wp-content\/uploads\/2023\/05\/Coria-y-su-Patrona-1-600x600.jpg",600,600,true]},"uagb_author_info":{"display_name":"Oficina Turismo","author_link":"https:\/\/turismocoria.es\/turismo\/author\/oficina\/"},"uagb_comment_info":0,"uagb_excerpt":"Una cita de homenaje anual dedicada a la Patrona de la Di\u00f3cesis, que el pueblo cauriense no desea dejar pasar inadvertida, de una de las ciudades con m\u00e1s Historia de Extremadura descrita por cada uno de los rincones de su coqueto Casco Hist\u00f3rico. De esta suerte, el pasado jueves, 4 de mayo, el repique de&hellip;","_links":{"self":[{"href":"https:\/\/turismocoria.es\/turismo\/wp-json\/wp\/v2\/posts\/11730"}],"collection":[{"href":"https:\/\/turismocoria.es\/turismo\/wp-json\/wp\/v2\/posts"}],"about":[{"href":"https:\/\/turismocoria.es\/turismo\/wp-json\/wp\/v2\/types\/post"}],"author":[{"embeddable":true,"href":"https:\/\/turismocoria.es\/turismo\/wp-json\/wp\/v2\/users\/4"}],"replies":[{"embeddable":true,"href":"https:\/\/turismocoria.es\/turismo\/wp-json\/wp\/v2\/comments?post=11730"}],"version-history":[{"count":1,"href":"https:\/\/turismocoria.es\/turismo\/wp-json\/wp\/v2\/posts\/11730\/revisions"}],"predecessor-version":[{"id":11732,"href":"https:\/\/turismocoria.es\/turismo\/wp-json\/wp\/v2\/posts\/11730\/revisions\/11732"}],"wp:featuredmedia":[{"embeddable":true,"href":"https:\/\/turismocoria.es\/turismo\/wp-json\/wp\/v2\/media\/11731"}],"wp:attachment":[{"href":"https:\/\/turismocoria.es\/turismo\/wp-json\/wp\/v2\/media?parent=11730"}],"wp:term":[{"taxonomy":"category","embeddable":true,"href":"https:\/\/turismocoria.es\/turismo\/wp-json\/wp\/v2\/categories?post=11730"},{"taxonomy":"post_tag","embeddable":true,"href":"https:\/\/turismocoria.es\/turismo\/wp-json\/wp\/v2\/tags?post=11730"}],"curies":[{"name":"wp","href":"https:\/\/api.w.org\/{rel}","templated":true}]}}