{"id":11618,"date":"2023-03-08T06:46:09","date_gmt":"2023-03-08T05:46:09","guid":{"rendered":"https:\/\/turismocoria.es\/turismo\/?p=11618"},"modified":"2023-03-08T06:48:35","modified_gmt":"2023-03-08T05:48:35","slug":"arte-cultura-gastronomia-y-turismo-se-dan-cita-en-la-fitcoria-2023","status":"publish","type":"post","link":"https:\/\/turismocoria.es\/turismo\/arte-cultura-gastronomia-y-turismo-se-dan-cita-en-la-fitcoria-2023\/","title":{"rendered":"Arte, Cultura, Gastronom\u00eda y Turismo se dan cita en la FITCORIA 2023"},"content":{"rendered":"\n<p><strong>Una cita ineludible para los profesionales, los empresarios y los aficionados al Mundo del Toro y de la Tauromaquia dentro de la Feria Internacional del Toro de la Ciudad de Coria del 10 al 12 de marzo de 2023.<\/strong><\/p>\n\n\n\n<p>Si lo que busca el aficionado al mundo del toro es dedicar su tiempo de ocio a conocer otras costumbres taurinas y otras gentes, a disfrutar de la familia y los amigos practicando un <strong>turismo taurino<\/strong> basado en la historia, la cultura, el arte, la naturaleza o las tradiciones m\u00e1s enraizadas, debe entonces acercarse hasta la milenaria <strong><span style=\"text-decoration: underline;\"><a href=\"https:\/\/turismocoria.es\/turismo\/ciudad-de-coria\/\" data-type=\"page\" data-id=\"1061\">Ciudad de Coria<\/a><\/span><\/strong>.<\/p>\n\n\n\n<p>Una urbe, anta\u00f1o antigua sede del marquesado de Alba, episcopal y nobiliaria, convertida hoy en centro de destino tur\u00edstico derivado de su rico y longevo patrimonio hist\u00f3rico-art\u00edstico, cultural y natural heredado durante siglos, lo que la convierten en una de las <strong>poblaciones m\u00e1s antigua<\/strong> <strong>de toda<\/strong> <strong>Espa\u00f1a<\/strong>.<\/p>\n\n\n\n<p>Y es que la Ciudad de Coria es una de esas afortunadas poblaciones espa\u00f1olas que, enclavada en la f\u00e9rtil Extremadura, posee una de las <strong>tradiciones taurinas<\/strong> heredadas m\u00e1s ancestrales de toda la pen\u00ednsula ib\u00e9rica, en la que todo un pueblo, el cauriense, ha hecho al <strong>toro protagonista<\/strong> de sus centenarias y hospitalarias <strong><span style=\"text-decoration: underline;\"><a href=\"https:\/\/turismocoria.es\/turismo\/fiestas-y-eventos-para-disfrutar\/fiestas-san-juan\/\" data-type=\"page\" data-id=\"568\">Fiestas de San Juan<\/a><\/span><\/strong>, distinguidas y reconocidas dentro del orbe taurino con <strong>sello propio<\/strong>, <strong>aut\u00e9ntico y genuino<\/strong>.<\/p>\n\n\n\n<p>La <strong>Catedral del Toro en Extremadura<\/strong>, cuya experiencia de descubrir y conocer esa encantadora sensaci\u00f3n de contacto directo con el buen ambiente taurino, puede ser tambi\u00e9n vivida a trav\u00e9s de su importante <strong><span style=\"text-decoration: underline;\"><a href=\"https:\/\/turismocoria.es\/turismo\/fiestas-y-eventos-para-disfrutar\/fitcoria\/\" data-type=\"page\" data-id=\"570\">Feria Internacional del Toro<\/a><\/span><\/strong> que, <strong>del 10 al 12 de marzo de 2023<\/strong>, abrir\u00e1 sus puertas a todos los profesionales, empresarios y aficionados al Mundo del Toro y la Tauromaquia.<\/p>\n\n\n\n<figure class=\"wp-block-embed is-type-video is-provider-youtube wp-block-embed-youtube wp-embed-aspect-16-9 wp-has-aspect-ratio\"><div class=\"wp-block-embed__wrapper\">\n<div class=\"ast-oembed-container \" style=\"height: 100%;\"><iframe loading=\"lazy\" title=\"FITCORIA 2020: Arte, Cultura, Gastronom\u00eda y Turismo\" width=\"500\" height=\"281\" data-src=\"https:\/\/www.youtube.com\/embed\/KT0YeSxs6tM?feature=oembed\" frameborder=\"0\" allow=\"accelerometer; autoplay; clipboard-write; encrypted-media; gyroscope; picture-in-picture; web-share\" referrerpolicy=\"strict-origin-when-cross-origin\" allowfullscreen src=\"data:image\/gif;base64,R0lGODlhAQABAAAAACH5BAEKAAEALAAAAAABAAEAAAICTAEAOw==\" class=\"lazyload\" data-load-mode=\"1\"><\/iframe><\/div>\n<\/div><\/figure>\n\n\n\n<p>Una<strong><a href=\"https:\/\/turismocoria.es\/turismo\/fiestas-y-eventos-para-disfrutar\/fitcoria\/\" data-type=\"page\" data-id=\"570\"> <\/a><span style=\"text-decoration: underline;\"><a href=\"https:\/\/turismocoria.es\/turismo\/fiestas-y-eventos-para-disfrutar\/fitcoria\/\" data-type=\"page\" data-id=\"570\">FitCoria<\/a><\/span><\/strong> que, como evento cultural, social, econ\u00f3mico y tur\u00edstico que es, persigue la <strong>defensa<\/strong>, <strong>promoci\u00f3n<\/strong> y <strong>dignificaci\u00f3n del toro de lidia <\/strong>y, por lo tanto, de la Fiesta Nacional como <strong>Patrimonio Cultural Inmaterial de Espa\u00f1a<\/strong>.<\/p>\n\n\n\n<p>Una <strong>actividad empresarial<\/strong>, que promulga los <strong>valores culturales  y art\u00edsticos <\/strong>en los que se asienta la base de la Tauromaquia, a la vez que se constituye en un consolidado <strong>yacimiento de empleo<\/strong> e importante <strong>fuente de ingresos econ\u00f3micos<\/strong>, con un m\u00e1s que significativo <strong>valor social<\/strong> derivado de la riqueza de las relaciones humano-festivas que se producen dentro de la Tauromaquia en sus distintas manifestaciones, adem\u00e1s de por su alta dinamizaci\u00f3n del sector tur\u00edstico a trav\u00e9s del desarrollo del <strong>turismo taurino<\/strong> que a su vez garantiza la diversificaci\u00f3n del medio rural.<\/p>\n\n\n\n<p>Una forma de vivir tres intensos d\u00edas llenos de sensaciones y experiencias \u00fanicas, que se dejar\u00e1n sentir gracias a su amplia <strong>programaci\u00f3n<\/strong> dise\u00f1ada basada principalmente en <strong>espect\u00e1culos taurinos<\/strong>, <strong>musicales<\/strong>, <strong>enogastron\u00f3micos<\/strong>, <strong>conferencias<\/strong>, <strong>exposiciones<\/strong> y <strong>desfiles de modas<\/strong>, entre otros, en cuyo festival taurino con picadores programado estar\u00e1n presentes algunas de las principales figuras del escalaf\u00f3n taurino del pa\u00eds.<\/p>\n\n\n\n<p>Una feria, en la que los amantes a la <strong>buena cocina<\/strong> y el <strong>tapeo <\/strong>podr\u00e1n tambi\u00e9n participar, dentro de su II edici\u00f3n, en el pionero y original<span style=\"text-decoration: underline;\"><strong><a rel=\"noreferrer noopener\" href=\"https:\/\/turismocoria.es\/turismo\/wp-content\/uploads\/2023\/03\/FOLLETO-TAUROTAPAS-2023.pdf\" target=\"_blank\"> III Concurso Gastron\u00f3mico \u201cTauro Tapas FitCoria 2023\u201d<\/a><\/strong><\/span><strong> <\/strong>que naci\u00f3 con el objetivo principal de fomentar, conservar, promocionar y ensalzar la cultura taurina a trav\u00e9s de la <strong>puesta envalor<\/strong> de la <strong>carne ib\u00e9rica del toro de lidia <\/strong>mediante el dise\u00f1o y creaci\u00f3n de excelentes tapas taurinas elaboradas en los fogones de los principales establecimientos hosteleros de la Ciudad de Coria, <strong>del 4 al 5 y del 11 al 12 de marzo de2023<\/strong>.<\/p>\n\n\n\n<p>Una forma tur\u00edstica m\u00e1s de poder visitar y conocer, a la par, el magn\u00edfico <strong><span style=\"text-decoration: underline;\"><a href=\"https:\/\/turismocoria.es\/turismo\/lugares-que-no-te-puedes-perder\/casco-historico\/\" data-type=\"page\" data-id=\"732\">Conjunto Monumental<\/a><\/span><\/strong> atesorado durante siglos dentro del coqueto <strong><span style=\"text-decoration: underline;\"><a href=\"https:\/\/turismocoria.es\/turismo\/ciudad-de-coria\/\" data-type=\"page\" data-id=\"1061\">Casco Hist\u00f3rico de Coria<\/a><\/span><\/strong>, en el que descubrir muchos de los atractivos tesoros que celosamente sigue conservando este m\u00e1gico escenario, bajo cuyo silencio emergen los recuerdos de su florida antig\u00fcedad descritos en las cicatrices de las piedras de los vetustos monumentos de una villa que a\u00fan sigue manteniendo el legendario aroma taurino que la ha hecho mundialmente conocida, al erigirse los toros en due\u00f1os, amos y se\u00f1ores por las calles y plazas de su ciudad antigua.<\/p>\n\n\n\n<figure class=\"wp-block-embed is-type-video is-provider-youtube wp-block-embed-youtube wp-embed-aspect-16-9 wp-has-aspect-ratio\"><div class=\"wp-block-embed__wrapper\">\n<div class=\"ast-oembed-container \" style=\"height: 100%;\"><iframe loading=\"lazy\" title=\"Coria \u201cConjunto Monumental\u201d, destino tur\u00edstico del noroeste de Extremadura\" width=\"500\" height=\"281\" data-src=\"https:\/\/www.youtube.com\/embed\/M6VniblQWMo?feature=oembed\" frameborder=\"0\" allow=\"accelerometer; autoplay; clipboard-write; encrypted-media; gyroscope; picture-in-picture; web-share\" referrerpolicy=\"strict-origin-when-cross-origin\" allowfullscreen src=\"data:image\/gif;base64,R0lGODlhAQABAAAAACH5BAEKAAEALAAAAAABAAEAAAICTAEAOw==\" class=\"lazyload\" data-load-mode=\"1\"><\/iframe><\/div>\n<\/div><\/figure>\n\n\n\n<p>En definitiva, una hist\u00f3rica y taurina ciudad, que les aguarda pacientemente con sus brazos abiertos, al objeto de que puedan disfrutar en plenitud de nuestras amables gentes, de nuestras enraizadas costumbres y tradiciones, y de nuestro rico legado patrimonial cultural y natural milenariamente heredado, cuyas huellas se tercian rom\u00e1nticas al atardecer\u2026 como esos atardeceres de perfiles y siluetas del toro de lidia que sale a nuestro encuentro para recordarnos lo que ha hecho, a la Ciudad de Coria, famosa en el mundo entero: Los Toros de San Juan, ahora igualmente dignificados a trav\u00e9s de la FITCORIA.<\/p>\n\n\n\n<figure class=\"wp-block-embed is-type-video is-provider-youtube wp-block-embed-youtube wp-embed-aspect-16-9 wp-has-aspect-ratio\"><div class=\"wp-block-embed__wrapper\">\n<div class=\"ast-oembed-container \" style=\"height: 100%;\"><iframe loading=\"lazy\" title=\"Coria: Arco\u00edris de Fiestas, Eventos y Tradiciones\u2026\" width=\"500\" height=\"281\" data-src=\"https:\/\/www.youtube.com\/embed\/syBofFwr38E?feature=oembed\" frameborder=\"0\" allow=\"accelerometer; autoplay; clipboard-write; encrypted-media; gyroscope; picture-in-picture; web-share\" referrerpolicy=\"strict-origin-when-cross-origin\" allowfullscreen src=\"data:image\/gif;base64,R0lGODlhAQABAAAAACH5BAEKAAEALAAAAAABAAEAAAICTAEAOw==\" class=\"lazyload\" data-load-mode=\"1\"><\/iframe><\/div>\n<\/div><\/figure>\n\n\n\n<div class=\"wp-block-columns is-layout-flex wp-container-core-columns-is-layout-1 wp-block-columns-is-layout-flex\">\n<div class=\"wp-block-column is-layout-flow wp-block-column-is-layout-flow\">\n<div data-wp-interactive=\"core\/file\" class=\"wp-block-file\"><object data-wp-bind--hidden=\"!state.hasPdfPreview\"  class=\"wp-block-file__embed\" data=\"https:\/\/turismocoria.es\/turismo\/wp-content\/uploads\/2023\/03\/FOLLETO-TAUROTAPAS-2023.pdf\" type=\"application\/pdf\" style=\"width:100%;height:600px\" aria-label=\"Incrustado de FOLLETO TAUROTAPAS 2023.\"><\/object><a id=\"wp-block-file--media-e6ddfe8a-6c9f-469f-8142-b028c92b666b\" href=\"https:\/\/turismocoria.es\/turismo\/wp-content\/uploads\/2023\/03\/FOLLETO-TAUROTAPAS-2023.pdf\">FOLLETO TAUROTAPAS 2023<\/a><a href=\"https:\/\/turismocoria.es\/turismo\/wp-content\/uploads\/2023\/03\/FOLLETO-TAUROTAPAS-2023.pdf\" class=\"wp-block-file__button wp-element-button\" download aria-describedby=\"wp-block-file--media-e6ddfe8a-6c9f-469f-8142-b028c92b666b\">Descarga<\/a><\/div>\n<\/div>\n\n\n\n<div class=\"wp-block-column is-layout-flow wp-block-column-is-layout-flow\">\n<div data-wp-interactive=\"core\/file\" class=\"wp-block-file\"><object data-wp-bind--hidden=\"!state.hasPdfPreview\"  class=\"wp-block-file__embed\" data=\"https:\/\/turismocoria.es\/turismo\/wp-content\/uploads\/2023\/03\/TRIPTICO-VII-FITCORIA-2023.pdf\" type=\"application\/pdf\" style=\"width:100%;height:600px\" aria-label=\"Incrustado de TRIPTICO-VII-FITCORIA-2023.\"><\/object><a id=\"wp-block-file--media-ef5a21f9-3b79-4863-b3a0-03d7dbc4837b\" href=\"https:\/\/turismocoria.es\/turismo\/wp-content\/uploads\/2023\/03\/TRIPTICO-VII-FITCORIA-2023.pdf\">TRIPTICO-VII-FITCORIA-2023<\/a><a href=\"https:\/\/turismocoria.es\/turismo\/wp-content\/uploads\/2023\/03\/TRIPTICO-VII-FITCORIA-2023.pdf\" class=\"wp-block-file__button wp-element-button\" download aria-describedby=\"wp-block-file--media-ef5a21f9-3b79-4863-b3a0-03d7dbc4837b\">Descarga<\/a><\/div>\n<\/div>\n<\/div>\n\n\n\n<p><strong>M\u00e1s Informaci\u00f3n en:<br>Oficina Municipal de Turismo<\/strong><br>Plaza de San Pedro, 1, 10800 Coria (C\u00e1ceres)<br>Tlfno.: 927 50 80 00 Ext. 290 \u2013 Email: <a href=\"mailto:oficinaturismo@coria.org\">oficinaturismo@coria.org<\/a><br>Url: <a href=\"http:\/\/www.turismocoria.es\/fit\">www.turismocoria.es\/fit<\/a><\/p>\n","protected":false},"excerpt":{"rendered":"<p>Una cita ineludible para los profesionales, los empresarios y los aficionados al Mundo del Toro y de la Tauromaquia dentro de la Feria Internacional del Toro de la Ciudad de Coria del 10 al 12 de marzo de 2023. Si lo que busca el aficionado al mundo del toro es dedicar su tiempo de ocio [&hellip;]<\/p>\n","protected":false},"author":4,"featured_media":11619,"comment_status":"closed","ping_status":"closed","sticky":false,"template":"","format":"standard","meta":{"_uag_custom_page_level_css":"","site-sidebar-layout":"default","site-content-layout":"","ast-site-content-layout":"","site-content-style":"default","site-sidebar-style":"default","ast-global-header-display":"","ast-banner-title-visibility":"","ast-main-header-display":"","ast-hfb-above-header-display":"","ast-hfb-below-header-display":"","ast-hfb-mobile-header-display":"","site-post-title":"","ast-breadcrumbs-content":"","ast-featured-img":"","footer-sml-layout":"","theme-transparent-header-meta":"","adv-header-id-meta":"","stick-header-meta":"","header-above-stick-meta":"","header-main-stick-meta":"","header-below-stick-meta":"","astra-migrate-meta-layouts":"default","ast-page-background-enabled":"default","ast-page-background-meta":{"desktop":{"background-color":"","background-image":"","background-repeat":"repeat","background-position":"center center","background-size":"auto","background-attachment":"scroll","background-type":"","background-media":"","overlay-type":"","overlay-color":"","overlay-opacity":"","overlay-gradient":""},"tablet":{"background-color":"","background-image":"","background-repeat":"repeat","background-position":"center center","background-size":"auto","background-attachment":"scroll","background-type":"","background-media":"","overlay-type":"","overlay-color":"","overlay-opacity":"","overlay-gradient":""},"mobile":{"background-color":"","background-image":"","background-repeat":"repeat","background-position":"center center","background-size":"auto","background-attachment":"scroll","background-type":"","background-media":"","overlay-type":"","overlay-color":"","overlay-opacity":"","overlay-gradient":""}},"ast-content-background-meta":{"desktop":{"background-color":"var(--ast-global-color-5)","background-image":"","background-repeat":"repeat","background-position":"center center","background-size":"auto","background-attachment":"scroll","background-type":"","background-media":"","overlay-type":"","overlay-color":"","overlay-opacity":"","overlay-gradient":""},"tablet":{"background-color":"var(--ast-global-color-5)","background-image":"","background-repeat":"repeat","background-position":"center center","background-size":"auto","background-attachment":"scroll","background-type":"","background-media":"","overlay-type":"","overlay-color":"","overlay-opacity":"","overlay-gradient":""},"mobile":{"background-color":"var(--ast-global-color-5)","background-image":"","background-repeat":"repeat","background-position":"center center","background-size":"auto","background-attachment":"scroll","background-type":"","background-media":"","overlay-type":"","overlay-color":"","overlay-opacity":"","overlay-gradient":""}},"_EventAllDay":false,"_EventTimezone":"","_EventStartDate":"","_EventEndDate":"","_EventStartDateUTC":"","_EventEndDateUTC":"","_EventShowMap":false,"_EventShowMapLink":false,"_EventURL":"","_EventCost":"","_EventCostDescription":"","_EventCurrencySymbol":"","_EventCurrencyCode":"","_EventCurrencyPosition":"","_EventDateTimeSeparator":"","_EventTimeRangeSeparator":"","_EventOrganizerID":[],"_EventVenueID":0,"_OrganizerEmail":"","_OrganizerPhone":"","_OrganizerWebsite":"","_VenueAddress":"","_VenueCity":"","_VenueCountry":"","_VenueProvince":"","_VenueZip":"","_VenuePhone":"","_VenueURL":"","_VenueStateProvince":"","_VenueLat":"","_VenueLng":"","footnotes":""},"categories":[33],"tags":[],"class_list":["post-11618","post","type-post","status-publish","format-standard","has-post-thumbnail","hentry","category-sin-categorizar"],"featured_image_src":"https:\/\/turismocoria.es\/turismo\/wp-content\/uploads\/2023\/03\/FITCORIA2023-600x400.jpg","featured_image_src_square":"https:\/\/turismocoria.es\/turismo\/wp-content\/uploads\/2023\/03\/FITCORIA2023-600x600.jpg","author_info":{"display_name":"Oficina Turismo","author_link":"https:\/\/turismocoria.es\/turismo\/author\/oficina\/"},"uagb_featured_image_src":{"full":["https:\/\/turismocoria.es\/turismo\/wp-content\/uploads\/2023\/03\/FITCORIA2023.jpg",1986,1181,false],"thumbnail":["https:\/\/turismocoria.es\/turismo\/wp-content\/uploads\/2023\/03\/FITCORIA2023-150x150.jpg",150,150,true],"medium":["https:\/\/turismocoria.es\/turismo\/wp-content\/uploads\/2023\/03\/FITCORIA2023-300x178.jpg",300,178,true],"medium_large":["https:\/\/turismocoria.es\/turismo\/wp-content\/uploads\/2023\/03\/FITCORIA2023-768x457.jpg",768,457,true],"large":["https:\/\/turismocoria.es\/turismo\/wp-content\/uploads\/2023\/03\/FITCORIA2023-1024x609.jpg",1024,609,true],"gs-tiny":["https:\/\/turismocoria.es\/turismo\/wp-content\/uploads\/2023\/03\/FITCORIA2023.jpg",50,30,false],"xl":["https:\/\/turismocoria.es\/turismo\/wp-content\/uploads\/2023\/03\/FITCORIA2023-1600x951.jpg",1600,951,true],"xxl":["https:\/\/turismocoria.es\/turismo\/wp-content\/uploads\/2023\/03\/FITCORIA2023.jpg",1986,1181,false],"xxxl":["https:\/\/turismocoria.es\/turismo\/wp-content\/uploads\/2023\/03\/FITCORIA2023.jpg",1986,1181,false],"xxxxl":["https:\/\/turismocoria.es\/turismo\/wp-content\/uploads\/2023\/03\/FITCORIA2023.jpg",1986,1181,false],"xxxxxl":["https:\/\/turismocoria.es\/turismo\/wp-content\/uploads\/2023\/03\/FITCORIA2023.jpg",1986,1181,false],"1536x1536":["https:\/\/turismocoria.es\/turismo\/wp-content\/uploads\/2023\/03\/FITCORIA2023-1536x913.jpg",1536,913,true],"2048x2048":["https:\/\/turismocoria.es\/turismo\/wp-content\/uploads\/2023\/03\/FITCORIA2023.jpg",1986,1181,false],"ultp_layout_landscape_large":["https:\/\/turismocoria.es\/turismo\/wp-content\/uploads\/2023\/03\/FITCORIA2023-1200x800.jpg",1200,800,true],"ultp_layout_landscape":["https:\/\/turismocoria.es\/turismo\/wp-content\/uploads\/2023\/03\/FITCORIA2023-870x570.jpg",870,570,true],"ultp_layout_portrait":["https:\/\/turismocoria.es\/turismo\/wp-content\/uploads\/2023\/03\/FITCORIA2023-600x900.jpg",600,900,true],"ultp_layout_square":["https:\/\/turismocoria.es\/turismo\/wp-content\/uploads\/2023\/03\/FITCORIA2023-600x600.jpg",600,600,true],"gb-block-post-grid-landscape":["https:\/\/turismocoria.es\/turismo\/wp-content\/uploads\/2023\/03\/FITCORIA2023-600x400.jpg",600,400,true],"gb-block-post-grid-square":["https:\/\/turismocoria.es\/turismo\/wp-content\/uploads\/2023\/03\/FITCORIA2023-600x600.jpg",600,600,true]},"uagb_author_info":{"display_name":"Oficina Turismo","author_link":"https:\/\/turismocoria.es\/turismo\/author\/oficina\/"},"uagb_comment_info":0,"uagb_excerpt":"Una cita ineludible para los profesionales, los empresarios y los aficionados al Mundo del Toro y de la Tauromaquia dentro de la Feria Internacional del Toro de la Ciudad de Coria del 10 al 12 de marzo de 2023. Si lo que busca el aficionado al mundo del toro es dedicar su tiempo de ocio&hellip;","_links":{"self":[{"href":"https:\/\/turismocoria.es\/turismo\/wp-json\/wp\/v2\/posts\/11618"}],"collection":[{"href":"https:\/\/turismocoria.es\/turismo\/wp-json\/wp\/v2\/posts"}],"about":[{"href":"https:\/\/turismocoria.es\/turismo\/wp-json\/wp\/v2\/types\/post"}],"author":[{"embeddable":true,"href":"https:\/\/turismocoria.es\/turismo\/wp-json\/wp\/v2\/users\/4"}],"replies":[{"embeddable":true,"href":"https:\/\/turismocoria.es\/turismo\/wp-json\/wp\/v2\/comments?post=11618"}],"version-history":[{"count":2,"href":"https:\/\/turismocoria.es\/turismo\/wp-json\/wp\/v2\/posts\/11618\/revisions"}],"predecessor-version":[{"id":11627,"href":"https:\/\/turismocoria.es\/turismo\/wp-json\/wp\/v2\/posts\/11618\/revisions\/11627"}],"wp:featuredmedia":[{"embeddable":true,"href":"https:\/\/turismocoria.es\/turismo\/wp-json\/wp\/v2\/media\/11619"}],"wp:attachment":[{"href":"https:\/\/turismocoria.es\/turismo\/wp-json\/wp\/v2\/media?parent=11618"}],"wp:term":[{"taxonomy":"category","embeddable":true,"href":"https:\/\/turismocoria.es\/turismo\/wp-json\/wp\/v2\/categories?post=11618"},{"taxonomy":"post_tag","embeddable":true,"href":"https:\/\/turismocoria.es\/turismo\/wp-json\/wp\/v2\/tags?post=11618"}],"curies":[{"name":"wp","href":"https:\/\/api.w.org\/{rel}","templated":true}]}}