{"id":11549,"date":"2023-02-23T10:49:01","date_gmt":"2023-02-23T09:49:01","guid":{"rendered":"https:\/\/turismocoria.es\/turismo\/?p=11549"},"modified":"2023-02-23T10:49:03","modified_gmt":"2023-02-23T09:49:03","slug":"siente-el-duatlon-en-la-ciudad-de-coria","status":"publish","type":"post","link":"https:\/\/turismocoria.es\/turismo\/siente-el-duatlon-en-la-ciudad-de-coria\/","title":{"rendered":"Siente el Duatl\u00f3n en la Ciudad de Coria"},"content":{"rendered":"\n<p><strong>Otra deportiva manera de descubrir la Ciudad de Coria y su historia es a trav\u00e9s de la bicicleta de carreras dentro del IV Duatl\u00f3n Sprint \u201cDiego Paredes\u201d que tendr\u00e1 lugar el pr\u00f3ximo domingo, 5 de marzo.<\/strong><\/p>\n\n\n\n<p>La Ciudad de Coria vuelve a acoger con fuerzas renovadas dentro del calendario deportivo de la Federaci\u00f3n Extreme\u00f1a de Duatl\u00f3n la organizaci\u00f3n del <strong>IV Duatl\u00f3n Sprint<\/strong> dentro del <strong>Circuito Extreme\u00f1o de Triatl\u00f3n y Duatl\u00f3n<\/strong> incluido dentro del Campeonato de Extremadura Contrarreloj por Equipos.<\/p>\n\n\n\n<div class=\"wp-block-media-text alignwide is-stacked-on-mobile\" style=\"grid-template-columns:46% auto\"><figure class=\"wp-block-media-text__media\"><a href=\"https:\/\/turismocoria.es\/turismo\/wp-content\/uploads\/2023\/02\/Cartel-IV-Duatlon-Sprint-2023-scaled.jpg\"><img loading=\"lazy\" decoding=\"async\" width=\"1024\" height=\"576\" data-src=\"https:\/\/turismocoria.es\/turismo\/wp-content\/uploads\/2023\/02\/Cartel-IV-Duatlon-Sprint-2023-1024x576.jpg\" alt=\"\" class=\"wp-image-11550 size-full lazyload\" data-srcset=\"https:\/\/turismocoria.es\/turismo\/wp-content\/uploads\/2023\/02\/Cartel-IV-Duatlon-Sprint-2023-1024x576.jpg 1024w, https:\/\/turismocoria.es\/turismo\/wp-content\/uploads\/2023\/02\/Cartel-IV-Duatlon-Sprint-2023-300x169.jpg 300w, https:\/\/turismocoria.es\/turismo\/wp-content\/uploads\/2023\/02\/Cartel-IV-Duatlon-Sprint-2023-768x432.jpg 768w, https:\/\/turismocoria.es\/turismo\/wp-content\/uploads\/2023\/02\/Cartel-IV-Duatlon-Sprint-2023-1536x864.jpg 1536w, https:\/\/turismocoria.es\/turismo\/wp-content\/uploads\/2023\/02\/Cartel-IV-Duatlon-Sprint-2023-2048x1152.jpg 2048w, https:\/\/turismocoria.es\/turismo\/wp-content\/uploads\/2023\/02\/Cartel-IV-Duatlon-Sprint-2023-1600x900.jpg 1600w\" data-sizes=\"(max-width: 1024px) 100vw, 1024px\" src=\"data:image\/gif;base64,R0lGODlhAQABAAAAACH5BAEKAAEALAAAAAABAAEAAAICTAEAOw==\" style=\"--smush-placeholder-width: 1024px; --smush-placeholder-aspect-ratio: 1024\/576;\" \/><noscript><img loading=\"lazy\" decoding=\"async\" width=\"1024\" height=\"576\" src=\"https:\/\/turismocoria.es\/turismo\/wp-content\/uploads\/2023\/02\/Cartel-IV-Duatlon-Sprint-2023-1024x576.jpg\" alt=\"\" class=\"wp-image-11550 size-full\" srcset=\"https:\/\/turismocoria.es\/turismo\/wp-content\/uploads\/2023\/02\/Cartel-IV-Duatlon-Sprint-2023-1024x576.jpg 1024w, https:\/\/turismocoria.es\/turismo\/wp-content\/uploads\/2023\/02\/Cartel-IV-Duatlon-Sprint-2023-300x169.jpg 300w, https:\/\/turismocoria.es\/turismo\/wp-content\/uploads\/2023\/02\/Cartel-IV-Duatlon-Sprint-2023-768x432.jpg 768w, https:\/\/turismocoria.es\/turismo\/wp-content\/uploads\/2023\/02\/Cartel-IV-Duatlon-Sprint-2023-1536x864.jpg 1536w, https:\/\/turismocoria.es\/turismo\/wp-content\/uploads\/2023\/02\/Cartel-IV-Duatlon-Sprint-2023-2048x1152.jpg 2048w, https:\/\/turismocoria.es\/turismo\/wp-content\/uploads\/2023\/02\/Cartel-IV-Duatlon-Sprint-2023-1600x900.jpg 1600w\" sizes=\"(max-width: 1024px) 100vw, 1024px\" \/><\/noscript><\/a><\/figure><div class=\"wp-block-media-text__content\">\n<p>Una edici\u00f3n, en la que los amantes de las dos ruedas de radios tendr\u00e1n la oportunidad de descubrir y conocer la milenaria historia de la Ciudad de Coria descrita en su centenario Conjunto Monumental, mediante su participaci\u00f3n activa o simplemente como turistas de esta prueba deportiva que se iniciar\u00e1 a las 11:30 horas desde la plazuela del Mentidero ubicada en pleno coraz\u00f3n urbano cauriense.<\/p>\n\n\n\n<p>Una modalidad sprint, de car\u00e1cter competitivo, que se desarrollar\u00e1 por las principales avenidas de la Ciudad de Coria y sus v\u00edas de acceso colindantes, constando la prueba de carrera a pie de 4,5 km. y 3 km., respectivamente, y de 20,4 km. en el apartado de ciclismo.<\/p>\n<\/div><\/div>\n\n\n\n<div style=\"height:30px\" aria-hidden=\"true\" class=\"wp-block-spacer\"><\/div>\n\n\n\n<p>Una oportunidad m\u00e1s para conocer tambi\u00e9n el coqueto <strong><span style=\"text-decoration: underline;\"><a href=\"https:\/\/turismocoria.es\/turismo\/lugares-que-no-te-puedes-perder\/casco-historico\/\" data-type=\"page\" data-id=\"732\">Casco Hist\u00f3rico<\/a><\/span><\/strong> de la nobiliaria y episcopal <strong><span style=\"text-decoration: underline;\"><a href=\"https:\/\/turismocoria.es\/turismo\/ciudad-de-coria\/\" data-type=\"page\" data-id=\"1061\">Ciudad de Coria<\/a><\/span><\/strong>, convertida en centro de destino tur\u00edstico derivado de su rico y longevo Patrimonio Hist\u00f3rico-Art\u00edstico, Cultural y Natural heredado durante siglos, lo que la convierten en una de las <strong>poblaciones m\u00e1s antigua de toda Espa\u00f1a<\/strong>.<\/p>\n\n\n\n<figure class=\"wp-block-embed is-type-video is-provider-youtube wp-block-embed-youtube wp-embed-aspect-16-9 wp-has-aspect-ratio\"><div class=\"wp-block-embed__wrapper\">\n<div class=\"ast-oembed-container \" style=\"height: 100%;\"><iframe loading=\"lazy\" title=\"Coria: Arco\u00edris de Fiestas, Eventos y Tradiciones\u2026\" width=\"500\" height=\"281\" data-src=\"https:\/\/www.youtube.com\/embed\/syBofFwr38E?feature=oembed\" frameborder=\"0\" allow=\"accelerometer; autoplay; clipboard-write; encrypted-media; gyroscope; picture-in-picture; web-share\" referrerpolicy=\"strict-origin-when-cross-origin\" allowfullscreen src=\"data:image\/gif;base64,R0lGODlhAQABAAAAACH5BAEKAAEALAAAAAABAAEAAAICTAEAOw==\" class=\"lazyload\" data-load-mode=\"1\"><\/iframe><\/div>\n<\/div><\/figure>\n\n\n\n<p>Vestigios todos ellos, cuyas sucesivas etapas cronol\u00f3gicas de la milenaria historia cauriense han quedado en parte atestiguadas por el magn\u00edfico <strong><span style=\"text-decoration: underline;\"><a href=\"https:\/\/turismocoria.es\/turismo\/lugares-que-no-te-puedes-perder\/casco-historico\/\" data-type=\"page\" data-id=\"732\">Conjunto Monumental<\/a><\/span><\/strong> que conserva la ciudad. Desde las imponentes <strong><span style=\"text-decoration: underline;\"><a href=\"https:\/\/turismocoria.es\/turismo\/lugares-que-no-te-puedes-perder\/murallas-romanas\/\" data-type=\"page\" data-id=\"497\">Murallas Romanas<\/a><\/span><\/strong> (S. I) que lo circundan como una de las fortalezas de origen romano mejor conservadas en su conjunto de entre todas las halladas en el resto de Europa; pasando por los soberbios y se\u00f1oriales <strong><span style=\"text-decoration: underline;\"><a href=\"https:\/\/turismocoria.es\/turismo\/lugares-que-no-te-puedes-perder\/castillo-de-los-duques-de-alba\/\" data-type=\"page\" data-id=\"226\">Castillo<\/a><\/span><\/strong> (S. XV) y <strong><span style=\"text-decoration: underline;\"><a href=\"https:\/\/turismocoria.es\/turismo\/otros-rincones-por-descubrir\/palacio-de-los-duques-de-alba\/\" data-type=\"page\" data-id=\"509\">Palacio de los Duques de Alba<\/a><\/span> <\/strong>(S. XV-XVI) como s\u00edmbolos del rancio poder nobiliario; hasta la magna <strong><span style=\"text-decoration: underline;\"><a href=\"https:\/\/turismocoria.es\/turismo\/lugares-que-no-te-puedes-perder\/catedral\/\" data-type=\"page\" data-id=\"488\">Catedral de Santa Mar\u00eda de la Asunci\u00f3n<\/a><\/span><\/strong> (S. XV-<\/p>\n\n\n\n<p>XVIII) joya del g\u00f3tico-plateresco extreme\u00f1o en la que se custodia esa misteriosa reliquia universal del <strong><span style=\"text-decoration: underline;\"><a href=\"https:\/\/turismocoria.es\/turismo\/historias-para-toda-la-familia\/descubre-el-mantel-sagrado-de-coria\/\" data-type=\"page\" data-id=\"550\">Sagrado Mantel de la \u00daltima Cena<\/a><\/span><\/strong>; adem\u00e1s del <strong><span style=\"text-decoration: underline;\"><a href=\"https:\/\/turismocoria.es\/turismo\/otros-rincones-por-descubrir\/palacio-episcopal\/\" data-type=\"page\" data-id=\"511\">Palacio Episcopal<\/a><\/span><\/strong> (S. XVII), la <strong><span style=\"text-decoration: underline;\"><a href=\"https:\/\/turismocoria.es\/turismo\/otros-rincones-por-descubrir\/iglesia-santiago-apostol\/\" data-type=\"page\" data-id=\"514\">Iglesia de Santiago Ap\u00f3stol<\/a><\/span><\/strong> (S. XVI-XVIII), el <strong><span style=\"text-decoration: underline;\"><a href=\"https:\/\/turismocoria.es\/turismo\/lugares-que-no-te-puedes-perder\/convento-de-la-madre-de-dios\/\" data-type=\"page\" data-id=\"499\">Convento de la Madre de Dios<\/a><\/span> <\/strong>(S. XVI-XVII), el <strong><span style=\"text-decoration: underline;\"><a href=\"https:\/\/turismocoria.es\/turismo\/otros-rincones-por-descubrir\/hospital-san-nicolas-de-bari\/\" data-type=\"page\" data-id=\"521\">Hospital de San Nicol\u00e1s de Bari<\/a><\/span> <\/strong>(S. XVI-XIX), el <strong><span style=\"text-decoration: underline;\"><a href=\"https:\/\/turismocoria.es\/turismo\/otros-rincones-por-descubrir\/colegio-seminario-conciliar\/\" data-type=\"page\" data-id=\"744\">Colegio-Seminario Mayor Conciliar<\/a><\/span> <\/strong>(S. XVII-XIX), las <strong><span style=\"text-decoration: underline;\"><a href=\"https:\/\/turismocoria.es\/turismo\/otros-rincones-por-descubrir\/carcel-real\/\" data-type=\"page\" data-id=\"2958\">C\u00e1rceles Real<\/a><\/span><\/strong> (S. XVII), convertida en Museo de Historia, Arqueolog\u00eda y Etnograf\u00eda, y <strong><span style=\"text-decoration: underline;\"><a href=\"https:\/\/turismocoria.es\/turismo\/otros-rincones-por-descubrir\/carcel-eclesiastica\/\" data-type=\"page\" data-id=\"517\">Eclesi\u00e1stica<\/a><\/span><\/strong> (S. XVIII), el <strong><a href=\"https:\/\/turismocoria.es\/turismo\/lugares-que-no-te-puedes-perder\/santuario-de-la-virgen-de-argeme\/\" data-type=\"page\" data-id=\"505\"><span style=\"text-decoration: underline;\">Santuario de Nuestra Se\u00f1ora Virgen de Argeme<\/span><\/a><\/strong> (S. XVII-XVIII) a extramuros; o los <strong><span style=\"text-decoration: underline;\"><a href=\"https:\/\/turismocoria.es\/turismo\/otros-rincones-por-descubrir\/puente-de-piedra\/\" data-type=\"page\" data-id=\"529\">Puentes de Piedra<\/a><\/span><\/strong> (S. XVI) y <strong><span style=\"text-decoration: underline;\"><a href=\"https:\/\/turismocoria.es\/turismo\/otros-rincones-por-descubrir\/puente-de-hierro\/\" data-type=\"page\" data-id=\"531\">de Hierro<\/a><\/span><\/strong> (S. XX), entre otros interesantes rincones por descubrir.<\/p>\n\n\n\n<figure class=\"wp-block-embed is-type-video is-provider-youtube wp-block-embed-youtube wp-embed-aspect-16-9 wp-has-aspect-ratio\"><div class=\"wp-block-embed__wrapper\">\n<div class=\"ast-oembed-container \" style=\"height: 100%;\"><iframe loading=\"lazy\" title=\"Coria \u201cConjunto Monumental\u201d, destino tur\u00edstico del noroeste de Extremadura\" width=\"500\" height=\"281\" data-src=\"https:\/\/www.youtube.com\/embed\/M6VniblQWMo?feature=oembed\" frameborder=\"0\" allow=\"accelerometer; autoplay; clipboard-write; encrypted-media; gyroscope; picture-in-picture; web-share\" referrerpolicy=\"strict-origin-when-cross-origin\" allowfullscreen src=\"data:image\/gif;base64,R0lGODlhAQABAAAAACH5BAEKAAEALAAAAAABAAEAAAICTAEAOw==\" class=\"lazyload\" data-load-mode=\"1\"><\/iframe><\/div>\n<\/div><\/figure>\n\n\n\n<p>Grandes y soberbios monumentos conservados entre un entramado de calles que enamorar\u00e1n al turista, cuyo <strong>legado cultural y espiritual<\/strong>se exhiben en las colecciones conservadas en los <strong><span style=\"text-decoration: underline;\"><a href=\"https:\/\/turismocoria.es\/turismo\/lugares-que-no-te-puedes-perder\/museo-catedralicio\/\" data-type=\"page\" data-id=\"501\">museos Catedralicio<\/a><\/span><\/strong> y <strong><span style=\"text-decoration: underline;\"><a href=\"https:\/\/turismocoria.es\/turismo\/lugares-que-no-te-puedes-perder\/museo-de-la-carcel-real\/\" data-type=\"page\" data-id=\"503\">de la C\u00e1rcel Real<\/a><\/span><\/strong> de la tambi\u00e9n ciudad episcopal que fue, en su tiempo, el punto final de una de las peregrinaciones m\u00e1s importantes y conocidas de toda la pen\u00ednsula Ib\u00e9rica. Devoci\u00f3n, cultura y turismo en torno a las <strong>Santas Reliquias<\/strong> conservadas en la seo cauriense, convertidas en verdaderos tesoros sacros para el gozo y fervor de los fieles. Un rico legado de piezas y alhajas entre las que destacan una <strong>Santa Espina<\/strong> de la Corona, junto a un <em><strong>Lignum Crucis <\/strong><\/em>o fragmento de la Cruz de Jesucristo, adem\u00e1s del citado y excepcional <strong><span style=\"text-decoration: underline;\"><a href=\"https:\/\/turismocoria.es\/turismo\/el-sagrado-mantel-de-la-ultima-cena\/\" data-type=\"page\" data-id=\"1176\">Sagrado Mantel de la \u00daltima Cena<\/a><\/span><\/strong>, como reliquia universal de la cristiandad.<\/p>\n\n\n\n<p>Y, junto las milenarias huellas de la historia del pasado cauriense atesorado, el turista podr\u00e1 sentir y disfrutar tambi\u00e9n de una variada y fecunda <strong>oferta gastron\u00f3mica<\/strong>, <strong>cultural <\/strong>y <strong>deportiva invernal<\/strong>, que, unida a la diversificada <strong>oferta hostelera<\/strong> y <strong>comercial<\/strong>, a buen seguro cubrir\u00e1n todas las necesidades y los gustos de aquellos viajeros que la visiten para deleitarse en plenitud de nuestras amables gentes y del rico legado Patrimonial Cultural y Natural heredado desde siglos pret\u00e9ritos.<\/p>\n\n\n\n<figure class=\"wp-block-embed is-type-video is-provider-youtube wp-block-embed-youtube wp-embed-aspect-16-9 wp-has-aspect-ratio\"><div class=\"wp-block-embed__wrapper\">\n<div class=\"ast-oembed-container \" style=\"height: 100%;\"><iframe loading=\"lazy\" title=\"Coria, un paraiso para los sentidos\" width=\"500\" height=\"281\" data-src=\"https:\/\/www.youtube.com\/embed\/wgXtGKiUtpg?feature=oembed\" frameborder=\"0\" allow=\"accelerometer; autoplay; clipboard-write; encrypted-media; gyroscope; picture-in-picture; web-share\" referrerpolicy=\"strict-origin-when-cross-origin\" allowfullscreen src=\"data:image\/gif;base64,R0lGODlhAQABAAAAACH5BAEKAAEALAAAAAABAAEAAAICTAEAOw==\" class=\"lazyload\" data-load-mode=\"1\"><\/iframe><\/div>\n<\/div><\/figure>\n\n\n\n<p>M\u00e1s Informaci\u00f3n en:<br>Oficina Municipal de Turismo<br>Plaza de San Pedro, 1<br>Tlfno.: 927 50 80 00 Ext. 290<br>Email: <strong><span style=\"text-decoration: underline;\"><a href=\"mailto:oficinaturismo@coria.org\">oficinaturismo@coria.org<\/a><\/span><\/strong><\/p>\n\n\n\n<p><strong>Departamento de Deportes<\/strong><br>Plaza de San Pedro, 1, 10800 Coria (C\u00e1ceres)<br>Tlfno.: 927 50 80 00 Ext. 261<br>Informaci\u00f3n IV Duatl\u00f3n Sprint: <a href=\"http:\/\/www.turismocoria.es\"><span style=\"text-decoration: underline;\">https:\/\/duatloncoria.blogspot.com<\/span><\/a><\/p>\n","protected":false},"excerpt":{"rendered":"<p>Otra deportiva manera de descubrir la Ciudad de Coria y su historia es a trav\u00e9s de la bicicleta de carreras dentro del IV Duatl\u00f3n Sprint \u201cDiego Paredes\u201d que tendr\u00e1 lugar el pr\u00f3ximo domingo, 5 de marzo. La Ciudad de Coria vuelve a acoger con fuerzas renovadas dentro del calendario deportivo de la Federaci\u00f3n Extreme\u00f1a de [&hellip;]<\/p>\n","protected":false},"author":4,"featured_media":11551,"comment_status":"closed","ping_status":"closed","sticky":false,"template":"","format":"standard","meta":{"_uag_custom_page_level_css":"","site-sidebar-layout":"default","site-content-layout":"","ast-site-content-layout":"","site-content-style":"default","site-sidebar-style":"default","ast-global-header-display":"","ast-banner-title-visibility":"","ast-main-header-display":"","ast-hfb-above-header-display":"","ast-hfb-below-header-display":"","ast-hfb-mobile-header-display":"","site-post-title":"","ast-breadcrumbs-content":"","ast-featured-img":"","footer-sml-layout":"","theme-transparent-header-meta":"","adv-header-id-meta":"","stick-header-meta":"","header-above-stick-meta":"","header-main-stick-meta":"","header-below-stick-meta":"","astra-migrate-meta-layouts":"default","ast-page-background-enabled":"default","ast-page-background-meta":{"desktop":{"background-color":"","background-image":"","background-repeat":"repeat","background-position":"center center","background-size":"auto","background-attachment":"scroll","background-type":"","background-media":"","overlay-type":"","overlay-color":"","overlay-opacity":"","overlay-gradient":""},"tablet":{"background-color":"","background-image":"","background-repeat":"repeat","background-position":"center center","background-size":"auto","background-attachment":"scroll","background-type":"","background-media":"","overlay-type":"","overlay-color":"","overlay-opacity":"","overlay-gradient":""},"mobile":{"background-color":"","background-image":"","background-repeat":"repeat","background-position":"center center","background-size":"auto","background-attachment":"scroll","background-type":"","background-media":"","overlay-type":"","overlay-color":"","overlay-opacity":"","overlay-gradient":""}},"ast-content-background-meta":{"desktop":{"background-color":"var(--ast-global-color-5)","background-image":"","background-repeat":"repeat","background-position":"center center","background-size":"auto","background-attachment":"scroll","background-type":"","background-media":"","overlay-type":"","overlay-color":"","overlay-opacity":"","overlay-gradient":""},"tablet":{"background-color":"var(--ast-global-color-5)","background-image":"","background-repeat":"repeat","background-position":"center center","background-size":"auto","background-attachment":"scroll","background-type":"","background-media":"","overlay-type":"","overlay-color":"","overlay-opacity":"","overlay-gradient":""},"mobile":{"background-color":"var(--ast-global-color-5)","background-image":"","background-repeat":"repeat","background-position":"center center","background-size":"auto","background-attachment":"scroll","background-type":"","background-media":"","overlay-type":"","overlay-color":"","overlay-opacity":"","overlay-gradient":""}},"_EventAllDay":false,"_EventTimezone":"","_EventStartDate":"","_EventEndDate":"","_EventStartDateUTC":"","_EventEndDateUTC":"","_EventShowMap":false,"_EventShowMapLink":false,"_EventURL":"","_EventCost":"","_EventCostDescription":"","_EventCurrencySymbol":"","_EventCurrencyCode":"","_EventCurrencyPosition":"","_EventDateTimeSeparator":"","_EventTimeRangeSeparator":"","_EventOrganizerID":[],"_EventVenueID":0,"_OrganizerEmail":"","_OrganizerPhone":"","_OrganizerWebsite":"","_VenueAddress":"","_VenueCity":"","_VenueCountry":"","_VenueProvince":"","_VenueZip":"","_VenuePhone":"","_VenueURL":"","_VenueStateProvince":"","_VenueLat":"","_VenueLng":"","footnotes":""},"categories":[33],"tags":[],"class_list":["post-11549","post","type-post","status-publish","format-standard","has-post-thumbnail","hentry","category-sin-categorizar"],"featured_image_src":"https:\/\/turismocoria.es\/turismo\/wp-content\/uploads\/2023\/02\/Coria_Campeonato-Duatlon-Sprint-600x400.jpg","featured_image_src_square":"https:\/\/turismocoria.es\/turismo\/wp-content\/uploads\/2023\/02\/Coria_Campeonato-Duatlon-Sprint-600x600.jpg","author_info":{"display_name":"Oficina Turismo","author_link":"https:\/\/turismocoria.es\/turismo\/author\/oficina\/"},"uagb_featured_image_src":{"full":["https:\/\/turismocoria.es\/turismo\/wp-content\/uploads\/2023\/02\/Coria_Campeonato-Duatlon-Sprint.jpg",1258,861,false],"thumbnail":["https:\/\/turismocoria.es\/turismo\/wp-content\/uploads\/2023\/02\/Coria_Campeonato-Duatlon-Sprint-150x150.jpg",150,150,true],"medium":["https:\/\/turismocoria.es\/turismo\/wp-content\/uploads\/2023\/02\/Coria_Campeonato-Duatlon-Sprint-300x205.jpg",300,205,true],"medium_large":["https:\/\/turismocoria.es\/turismo\/wp-content\/uploads\/2023\/02\/Coria_Campeonato-Duatlon-Sprint-768x526.jpg",768,526,true],"large":["https:\/\/turismocoria.es\/turismo\/wp-content\/uploads\/2023\/02\/Coria_Campeonato-Duatlon-Sprint-1024x701.jpg",1024,701,true],"gs-tiny":["https:\/\/turismocoria.es\/turismo\/wp-content\/uploads\/2023\/02\/Coria_Campeonato-Duatlon-Sprint.jpg",50,34,false],"xl":["https:\/\/turismocoria.es\/turismo\/wp-content\/uploads\/2023\/02\/Coria_Campeonato-Duatlon-Sprint.jpg",1258,861,false],"xxl":["https:\/\/turismocoria.es\/turismo\/wp-content\/uploads\/2023\/02\/Coria_Campeonato-Duatlon-Sprint.jpg",1258,861,false],"xxxl":["https:\/\/turismocoria.es\/turismo\/wp-content\/uploads\/2023\/02\/Coria_Campeonato-Duatlon-Sprint.jpg",1258,861,false],"xxxxl":["https:\/\/turismocoria.es\/turismo\/wp-content\/uploads\/2023\/02\/Coria_Campeonato-Duatlon-Sprint.jpg",1258,861,false],"xxxxxl":["https:\/\/turismocoria.es\/turismo\/wp-content\/uploads\/2023\/02\/Coria_Campeonato-Duatlon-Sprint.jpg",1258,861,false],"1536x1536":["https:\/\/turismocoria.es\/turismo\/wp-content\/uploads\/2023\/02\/Coria_Campeonato-Duatlon-Sprint.jpg",1258,861,false],"2048x2048":["https:\/\/turismocoria.es\/turismo\/wp-content\/uploads\/2023\/02\/Coria_Campeonato-Duatlon-Sprint.jpg",1258,861,false],"ultp_layout_landscape_large":["https:\/\/turismocoria.es\/turismo\/wp-content\/uploads\/2023\/02\/Coria_Campeonato-Duatlon-Sprint-1200x800.jpg",1200,800,true],"ultp_layout_landscape":["https:\/\/turismocoria.es\/turismo\/wp-content\/uploads\/2023\/02\/Coria_Campeonato-Duatlon-Sprint-870x570.jpg",870,570,true],"ultp_layout_portrait":["https:\/\/turismocoria.es\/turismo\/wp-content\/uploads\/2023\/02\/Coria_Campeonato-Duatlon-Sprint-600x861.jpg",600,861,true],"ultp_layout_square":["https:\/\/turismocoria.es\/turismo\/wp-content\/uploads\/2023\/02\/Coria_Campeonato-Duatlon-Sprint-600x600.jpg",600,600,true],"gb-block-post-grid-landscape":["https:\/\/turismocoria.es\/turismo\/wp-content\/uploads\/2023\/02\/Coria_Campeonato-Duatlon-Sprint-600x400.jpg",600,400,true],"gb-block-post-grid-square":["https:\/\/turismocoria.es\/turismo\/wp-content\/uploads\/2023\/02\/Coria_Campeonato-Duatlon-Sprint-600x600.jpg",600,600,true]},"uagb_author_info":{"display_name":"Oficina Turismo","author_link":"https:\/\/turismocoria.es\/turismo\/author\/oficina\/"},"uagb_comment_info":0,"uagb_excerpt":"Otra deportiva manera de descubrir la Ciudad de Coria y su historia es a trav\u00e9s de la bicicleta de carreras dentro del IV Duatl\u00f3n Sprint \u201cDiego Paredes\u201d que tendr\u00e1 lugar el pr\u00f3ximo domingo, 5 de marzo. La Ciudad de Coria vuelve a acoger con fuerzas renovadas dentro del calendario deportivo de la Federaci\u00f3n Extreme\u00f1a de&hellip;","_links":{"self":[{"href":"https:\/\/turismocoria.es\/turismo\/wp-json\/wp\/v2\/posts\/11549"}],"collection":[{"href":"https:\/\/turismocoria.es\/turismo\/wp-json\/wp\/v2\/posts"}],"about":[{"href":"https:\/\/turismocoria.es\/turismo\/wp-json\/wp\/v2\/types\/post"}],"author":[{"embeddable":true,"href":"https:\/\/turismocoria.es\/turismo\/wp-json\/wp\/v2\/users\/4"}],"replies":[{"embeddable":true,"href":"https:\/\/turismocoria.es\/turismo\/wp-json\/wp\/v2\/comments?post=11549"}],"version-history":[{"count":8,"href":"https:\/\/turismocoria.es\/turismo\/wp-json\/wp\/v2\/posts\/11549\/revisions"}],"predecessor-version":[{"id":11565,"href":"https:\/\/turismocoria.es\/turismo\/wp-json\/wp\/v2\/posts\/11549\/revisions\/11565"}],"wp:featuredmedia":[{"embeddable":true,"href":"https:\/\/turismocoria.es\/turismo\/wp-json\/wp\/v2\/media\/11551"}],"wp:attachment":[{"href":"https:\/\/turismocoria.es\/turismo\/wp-json\/wp\/v2\/media?parent=11549"}],"wp:term":[{"taxonomy":"category","embeddable":true,"href":"https:\/\/turismocoria.es\/turismo\/wp-json\/wp\/v2\/categories?post=11549"},{"taxonomy":"post_tag","embeddable":true,"href":"https:\/\/turismocoria.es\/turismo\/wp-json\/wp\/v2\/tags?post=11549"}],"curies":[{"name":"wp","href":"https:\/\/api.w.org\/{rel}","templated":true}]}}