{"id":11453,"date":"2023-01-30T11:22:20","date_gmt":"2023-01-30T10:22:20","guid":{"rendered":"https:\/\/turismocoria.es\/turismo\/?p=11453"},"modified":"2023-02-02T13:08:37","modified_gmt":"2023-02-02T12:08:37","slug":"coria-arcoiris-de-fiestas-eventos-y-tradiciones","status":"publish","type":"post","link":"https:\/\/turismocoria.es\/turismo\/coria-arcoiris-de-fiestas-eventos-y-tradiciones\/","title":{"rendered":"Coria: Arco\u00edris de Fiestas, Eventos y Tradiciones"},"content":{"rendered":"\n<p><strong>La Ciudad de Coria sigue siendo una de las poblaciones con mayor encanto de toda Extremadura. Una de las localidades m\u00e1s antiguas de Espa\u00f1a, convertida en destino tur\u00edstico de obligada visita, que le invita a viajar para descubrir y disfrutar de sus muchos atractivos y ocultos tesoros conservados en su bimilenario, episcopal y nobiliario Casco Hist\u00f3rico, escenario y fuente de inspiraci\u00f3n de su fecunda oferta cultural y festiva, gastron\u00f3mica y deportiva.<\/strong><\/p>\n\n\n\n<p>La Muy Noble y Muy Leal <strong><span style=\"text-decoration: underline;\"><a href=\"https:\/\/turismocoria.es\/turismo\/ciudad-de-coria\/\" data-type=\"page\" data-id=\"1061\">Ciudad de Coria<\/a><\/span><\/strong> es un municipio de la Alta Extremadura que, enclavado en la f\u00e9rtil Comarca del <strong><span style=\"text-decoration: underline;\"><a href=\"https:\/\/turismocoria.es\/turismo\/entornos-que-visitar\/valle-del-alagon\/\" data-type=\"page\" data-id=\"537\">Valle del Alag\u00f3n<\/a><\/span><\/strong>, es hoy el principal n\u00facleo hist\u00f3rico-art\u00edstico, comercial, tur\u00edstico, administrativo y judicial del Noroeste de la provincia de C\u00e1ceres.<\/p>\n\n\n\n<p><strong>Historia, patrimonio, arte, gastronom\u00eda, naturaleza, deporte y tradiciones\u2026<\/strong> que han sido celosamente conservados en esta milenaria, se\u00f1orial y episcopal localidad. Rincones centenarios y tesoros secretos prodigiosamente guardados que, a buen seguro, han hecho de este enclave hist\u00f3rico todo un arco\u00edris de emociones, sensaciones y experiencias \u00fanicas para disfrutarlas a trav\u00e9s de los sentidos.<\/p>\n\n\n\n<figure class=\"wp-block-embed is-type-video is-provider-youtube wp-block-embed-youtube wp-embed-aspect-16-9 wp-has-aspect-ratio\"><div class=\"wp-block-embed__wrapper\">\n<div class=\"ast-oembed-container \" style=\"height: 100%;\"><iframe loading=\"lazy\" title=\"Coria: Arco\u00edris de Fiestas, Eventos y Tradiciones\u2026\" width=\"500\" height=\"281\" data-src=\"https:\/\/www.youtube.com\/embed\/syBofFwr38E?feature=oembed\" frameborder=\"0\" allow=\"accelerometer; autoplay; clipboard-write; encrypted-media; gyroscope; picture-in-picture; web-share\" referrerpolicy=\"strict-origin-when-cross-origin\" allowfullscreen src=\"data:image\/gif;base64,R0lGODlhAQABAAAAACH5BAEKAAEALAAAAAABAAEAAAICTAEAOw==\" class=\"lazyload\" data-load-mode=\"1\"><\/iframe><\/div>\n<\/div><\/figure>\n\n\n\n<p>Un <strong>legado, de cultura y civilizaci\u00f3n<\/strong>, fraguado por los distintos pueblos que se asentaron por estas ricas tierras de vega: celtas, romanos, visigodos, \u00e1rabes, jud\u00edos y cristianos, que dejaron diseminadas su impronta por cada uno de los evocadores rincones de nuestra coqueta ciudad antigua, bajo cuya apariencia reposan los vetustos vestigios de la primigenia <strong><em>Caura<\/em><\/strong> celta vettona, entre los siglos VIIIVI a.C., pasando por la <em><strong>Caurium<\/strong> <\/em>hispanorromana, all\u00e1 por el siglo I a.C., la <strong><em>Madinat Q\u00fcriy<\/em>a<\/strong> \u00e1rabe, a partir del siglo VIII, y la concluyente <strong><em><span style=\"text-decoration: underline;\"><a href=\"https:\/\/turismocoria.es\/turismo\/ciudad-de-coria\/\" data-type=\"page\" data-id=\"1061\">Coria<\/a><\/span><\/em><\/strong> cristiana, como plaza estrat\u00e9gicamente codiciada durante la Reconquista hasta su definitiva toma por el rey Alfonso IX de Le\u00f3n en 1213.<\/p>\n\n\n\n<p><strong>Enclave hist\u00f3rico y monumenta<\/strong>l, cuya bimilenaria historia heredada la convierten en uno de los n\u00facleos poblacionales m\u00e1s antiguos y de extraordinario embrujo de toda Espa\u00f1a, adem\u00e1s del Obispado m\u00e1s arcaico de Extremadura, que, con el paso del tiempo, pronto pasar\u00eda de ser tierra de realengo a se\u00f1or\u00edo de condado y posterior posesi\u00f3n del ducado y sede del marquesado de la Casa de Alba en 1472.<\/p>\n\n\n\n<p>Recuerdos, otrora de un ilustre pasado glorioso, que quedan en parte atestiguados por el magn\u00edfico <strong><span style=\"text-decoration: underline;\"><a href=\"https:\/\/turismocoria.es\/turismo\/lugares-que-no-te-puedes-perder\/casco-historico\/\" data-type=\"page\" data-id=\"732\">Conjunto Monumental<\/a><\/span><\/strong> que atesora su nobiliario y episcopal <strong>Casco Hist\u00f3rico<\/strong>. Desde las imponentes <strong><span style=\"text-decoration: underline;\"><a href=\"https:\/\/turismocoria.es\/turismo\/lugares-que-no-te-puedes-perder\/murallas-romanas\/\" data-type=\"page\" data-id=\"497\">Murallas Romanas (S. I<\/a><\/span><\/strong>) que lo circundan como una de las fortalezas de origen romano mejor conservadas en su conjunto de entre todas las halladas en el resto de Europa; pasando por los soberbios y se\u00f1oriales <strong><span style=\"text-decoration: underline;\"><a href=\"https:\/\/turismocoria.es\/turismo\/lugares-que-no-te-puedes-perder\/castillo-de-los-duques-de-alba\/\" data-type=\"page\" data-id=\"226\">Castillo (S. XV)<\/a><\/span><\/strong> y <strong><span style=\"text-decoration: underline;\"><a href=\"https:\/\/turismocoria.es\/turismo\/otros-rincones-por-descubrir\/palacio-de-los-duques-de-alba\/\" data-type=\"page\" data-id=\"509\">Palacio de los Duques de Alba (S. XV-XVI)<\/a><\/span><\/strong> como s\u00edmbolos del rancio poder nobiliario; hasta la magna <strong><span style=\"text-decoration: underline;\"><a href=\"https:\/\/turismocoria.es\/turismo\/lugares-que-no-te-puedes-perder\/catedral\/\" data-type=\"page\" data-id=\"488\">Catedral de Santa Mar\u00eda de la Asunci\u00f3n (S. XV-XVIII)<\/a><\/span><\/strong> joya del g\u00f3tico-plateresco extreme\u00f1o en la que se custodia esa misteriosa reliquia universal del <strong><span style=\"text-decoration: underline;\"><a href=\"https:\/\/turismocoria.es\/turismo\/el-sagrado-mantel-de-la-ultima-cena\/\" data-type=\"page\" data-id=\"1176\">Sagrado Mantel de la \u00daltima Cena<\/a><\/span><\/strong>; adem\u00e1s del <strong><span style=\"text-decoration: underline;\"><a href=\"https:\/\/turismocoria.es\/turismo\/otros-rincones-por-descubrir\/palacio-episcopal\/\" data-type=\"page\" data-id=\"511\">Palacio Episcopal (S. XVII)<\/a><\/span><\/strong>, la <strong><span style=\"text-decoration: underline;\"><a href=\"https:\/\/turismocoria.es\/turismo\/otros-rincones-por-descubrir\/iglesia-santiago-apostol\/\" data-type=\"page\" data-id=\"514\">Iglesia de Santiago Ap\u00f3stol (S. XVI-XVIII)<\/a><\/span><\/strong>, el <strong><span style=\"text-decoration: underline;\"><a href=\"https:\/\/turismocoria.es\/turismo\/lugares-que-no-te-puedes-perder\/convento-de-la-madre-de-dios\/\" data-type=\"page\" data-id=\"499\">Convento de la Madre de Dios (S. XVI-XVII)<\/a><\/span><\/strong>, el <strong><span style=\"text-decoration: underline;\"><a href=\"https:\/\/turismocoria.es\/turismo\/otros-rincones-por-descubrir\/hospital-san-nicolas-de-bari\/\" data-type=\"page\" data-id=\"521\">Hospital de San Nicol\u00e1s de Bari (S. XVI-XIX)<\/a><\/span><\/strong>, el <strong><span style=\"text-decoration: underline;\"><a href=\"https:\/\/turismocoria.es\/turismo\/otros-rincones-por-descubrir\/colegio-seminario-conciliar\/\" data-type=\"page\" data-id=\"744\">Colegio-Seminario Mayor Conciliar (S. XVII-XIX)<\/a><\/span><\/strong>, las <strong><span style=\"text-decoration: underline;\"><a href=\"https:\/\/turismocoria.es\/turismo\/otros-rincones-por-descubrir\/carcel-real\/\" data-type=\"page\" data-id=\"2958\">C\u00e1rceles Real (S. XVII)<\/a><\/span><\/strong>, convertida en Museo de Historia, Arqueolog\u00eda y Etnograf\u00eda, y <strong><span style=\"text-decoration: underline;\"><a href=\"https:\/\/turismocoria.es\/turismo\/otros-rincones-por-descubrir\/carcel-eclesiastica\/\" data-type=\"page\" data-id=\"517\">Eclesi\u00e1stica (S. XVIII)<\/a><\/span><\/strong>, el <strong><span style=\"text-decoration: underline;\"><a href=\"https:\/\/turismocoria.es\/turismo\/lugares-que-no-te-puedes-perder\/santuario-de-la-virgen-de-argeme\/\" data-type=\"page\" data-id=\"505\">Santuario de Nuestra Se\u00f1ora Virgen de Argeme (S. XVII-XVIII<\/a><\/span><\/strong>) a extramuros; o los <strong><span style=\"text-decoration: underline;\"><a href=\"https:\/\/turismocoria.es\/turismo\/otros-rincones-por-descubrir\/puente-de-piedra\/\" data-type=\"page\" data-id=\"529\">Puentes de Piedra (S. XVI)<\/a><\/span><\/strong> y de <strong><span style=\"text-decoration: underline;\"><a href=\"https:\/\/turismocoria.es\/turismo\/otros-rincones-por-descubrir\/puente-de-hierro\/\" data-type=\"page\" data-id=\"531\">Hierro (S. XX<\/a><\/span><\/strong>), entre otros interesantes rincones por descubrir.<\/p>\n\n\n\n<figure class=\"wp-block-embed is-type-video is-provider-youtube wp-block-embed-youtube wp-embed-aspect-16-9 wp-has-aspect-ratio\"><div class=\"wp-block-embed__wrapper\">\n<div class=\"ast-oembed-container \" style=\"height: 100%;\"><iframe loading=\"lazy\" title=\"Coria \u201cConjunto Monumental\u201d, destino tur\u00edstico del noroeste de Extremadura\" width=\"500\" height=\"281\" data-src=\"https:\/\/www.youtube.com\/embed\/M6VniblQWMo?feature=oembed\" frameborder=\"0\" allow=\"accelerometer; autoplay; clipboard-write; encrypted-media; gyroscope; picture-in-picture; web-share\" referrerpolicy=\"strict-origin-when-cross-origin\" allowfullscreen src=\"data:image\/gif;base64,R0lGODlhAQABAAAAACH5BAEKAAEALAAAAAABAAEAAAICTAEAOw==\" class=\"lazyload\" data-load-mode=\"1\"><\/iframe><\/div>\n<\/div><\/figure>\n\n\n\n<p>Adem\u00e1s, mientras dure su visita por nuestros evocadores <strong>entornos naturale<\/strong>s, ser\u00e1 imposible que el viajero no perciba los paisajes que jalonan esta tierra, caso de la centenaria <strong><span style=\"text-decoration: underline;\"><a href=\"https:\/\/turismocoria.es\/turismo\/deporte-activo-de-salud-y-vida\/de-ruta-por-los-senderos-coria\/ruta-de-la-dehesa-de-minguez\/\" data-type=\"page\" data-id=\"886\">Dehesa Boyal de M\u00ednguez<\/a><\/span><\/strong>, a la vez que poder disfrutar de placenteros paseos en los distintos parajes, parques y jardines que ofrece la ciudad, como la frondosa <strong><span style=\"text-decoration: underline;\"><a href=\"https:\/\/turismocoria.es\/turismo\/deporte-activo-de-salud-y-vida\/desciende-en-canoa-rio-alagon\/\" data-type=\"page\" data-id=\"590\">ribera del r\u00edo Alag\u00f3n<\/a><\/span><\/strong> en el <strong><span style=\"text-decoration: underline;\"><a href=\"https:\/\/turismocoria.es\/turismo\/parajes-para-pasear\/paseo-de-la-isla\/\" data-type=\"page\" data-id=\"757\">Paseo Fluvial de la Isla<\/a><\/span><\/strong> o el <strong><span style=\"text-decoration: underline;\"><a href=\"https:\/\/turismocoria.es\/turismo\/parajes-para-pasear\/parque-del-tamujal\/\" data-type=\"page\" data-id=\"759\">Parque del Tamujal<\/a><\/span><\/strong>, hasta enriquecerse educativamente de la rica colecci\u00f3n de la flora representativa del bosque mediterr\u00e1neo y de ribera que alberga el <strong><span style=\"text-decoration: underline;\"><a href=\"https:\/\/turismocoria.es\/turismo\/parajes-para-pasear\/jardin-botanico\/\" data-type=\"page\" data-id=\"755\">Jard\u00edn Bot\u00e1nico<\/a><\/span><\/strong>.<\/p>\n\n\n\n<p>Un momento id\u00f3neo tambi\u00e9n para conocer y disfrutar de la variada oferta cultural de este destino tur\u00edstico, repleta de sensaciones y experiencias \u00fanicas. Un arco\u00edris de emociones, que se viven de igual forma por medio de nuestra heredada tradici\u00f3n festiva que reina dentro de la localidad, donde, entre las numerosas posibilidades que ofrece el municipio, a buen seguro que encontrar\u00e1n alguna que se adapte a sus gustos del nutrido repertorio de manifestaciones feriales y culturales existentes a lo largo de todo el a\u00f1o, en los que la diversi\u00f3n y el buen ambiente est\u00e1n garantizados gracias al car\u00e1cter abierto, amable y hospitalario de los caurienses: <strong><span style=\"text-decoration: underline;\"><a href=\"https:\/\/turismocoria.es\/turismo\/fiestas-y-eventos-para-disfrutar\/fitcoria\/\" data-type=\"page\" data-id=\"570\">FitCoria<\/a><\/span><\/strong> (marzo), <strong><span style=\"text-decoration: underline;\"><a href=\"https:\/\/turismocoria.es\/turismo\/fiestas-y-eventos-para-disfrutar\/semana-santa\/\" data-type=\"page\" data-id=\"572\">Semana Santa<\/a><\/span><\/strong> (abril), <strong><span style=\"text-decoration: underline;\"><a href=\"https:\/\/turismocoria.es\/turismo\/fiestas-y-eventos-para-disfrutar\/fiestas-san-juan\/\" data-type=\"page\" data-id=\"568\">Fiestas de San Juan<\/a><\/span><\/strong> (junio), <strong><span style=\"text-decoration: underline;\"><a href=\"https:\/\/turismocoria.es\/turismo\/fiestas-y-eventos-para-disfrutar\/festival-internacional-de-teatro\/\" data-type=\"page\" data-id=\"574\">Festival Internacional de Teatro<\/a><\/span><\/strong> (julio), <strong><span style=\"text-decoration: underline;\"><a href=\"https:\/\/turismocoria.es\/turismo\/fiestas-y-eventos-para-disfrutar\/agosto-turistico\/\" data-type=\"page\" data-id=\"856\">Agosto Tur\u00edstico<\/a><\/span><\/strong> incluyendo <strong><span style=\"text-decoration: underline;\"><a href=\"https:\/\/turismocoria.es\/turismo\/deporte-activo-de-salud-y-vida\/desciende-en-canoa-rio-alagon\/\" data-type=\"page\" data-id=\"590\">Descenso del R\u00edo Alag\u00f3n<\/a><\/span><\/strong>, <strong><span style=\"text-decoration: underline;\"><a href=\"https:\/\/turismocoria.es\/turismo\/fiestas-y-eventos-para-disfrutar\/festival-internacional-de-guitarra\/\" data-type=\"page\" data-id=\"576\">Festival Internacional de Guitarra<\/a><\/span><\/strong>, <strong><span style=\"text-decoration: underline;\"><a href=\"https:\/\/turismocoria.es\/turismo\/fiestas-y-eventos-para-disfrutar\/agosto-turistico\/noche-de-las-velas\/\" data-type=\"page\" data-id=\"578\">Mercados Artesanales de la Noche de las Velas<\/a><\/span><\/strong> y del <strong><span style=\"text-decoration: underline;\"><a href=\"https:\/\/turismocoria.es\/turismo\/fiestas-y-eventos-para-disfrutar\/agosto-turistico\/jueves-turistico\/\" data-type=\"page\" data-id=\"859\">Jueves Tur\u00edstico<\/a><\/span><\/strong> (agosto), m\u00e1s<strong><span style=\"text-decoration: underline;\"><a href=\"https:\/\/turismocoria.es\/turismo\/una-ciudad-con-paladar\/destino-micologico\/ruta-de-tapas-coria-sabor-micologico\/\" data-type=\"page\" data-id=\"898\"> Coria Sabor Micol\u00f3gico<\/a><\/span><\/strong> (noviembre), entre otras.<\/p>\n\n\n\n<p>A su vez, otra de las mejores maneras de cuidar nuestro cuerpo es disfrutando de la rica <strong>oferta gastron\u00f3mica<\/strong> que les ofrece esta ciudad, pudiendo buscar las recetas de los perdidos sabores de anta\u00f1o en restaurantes, o bien compartiendo la pasi\u00f3n por el buen ca\u00f1eo y tapeo en los eventos culinarios de <strong><span style=\"text-decoration: underline;\"><a href=\"https:\/\/turismocoria.es\/turismo\/una-ciudad-con-paladar\/carne-iberica-de-toro\/concurso-gastronomico-taurotapas-fitcoria\/\" data-type=\"page\" data-id=\"902\">\u201cTauroTapas FitCoria\u201d<\/a><\/span><\/strong> y <strong><span style=\"text-decoration: underline;\"><a href=\"https:\/\/turismocoria.es\/turismo\/una-ciudad-con-paladar\/carne-iberica-de-cerdo\/ruta-de-tapas-gastrocoria-encueros\/\" data-type=\"page\" data-id=\"907\">\u201cGastroCoria en Cueros<\/a><\/span><\/strong>\u201d en primavera, o de <strong><span style=\"text-decoration: underline;\"><a href=\"https:\/\/turismocoria.es\/turismo\/fiestas-y-eventos-para-disfrutar\/coria-sabor-micologico\/\" data-type=\"page\" data-id=\"584\">\u201cCoria Sabor Micol\u00f3gico<\/a><\/span><\/strong>\u201d en oto\u00f1o, hasta poder descubrir la espl\u00e9ndida <strong><span style=\"text-decoration: underline;\"><a href=\"https:\/\/turismocoria.es\/turismo\/una-ciudad-con-paladar\/dulces-conventuales\/\" data-type=\"page\" data-id=\"596\">reposter\u00eda artesanal monacal<\/a><\/span><\/strong> elaborada cuidadosamente por las venerables monjas franciscanas del Convento de la Madre de Dios.<\/p>\n\n\n\n<p>Finalmente, otra de las originales formas de descubrir la Ciudad de Coria y sus alrededores paisaj\u00edsticos es a trav\u00e9s de la significativa <strong>oferta deportiva<\/strong> dise\u00f1ada para los amantes de la actividad f\u00edsica y la naturaleza. La oportunidad de emocionarse y experimentar nuevas sensaciones a trav\u00e9s de los sentidos por medio de la participaci\u00f3n multitudinaria en la <strong>Marcha de BTT \u201cMedida Cauria\u201d<\/strong> (enero), o en el <strong>Campeonato de Extremadura de Duatl\u00f3n<\/strong> (marzo), para aquellos amantes de los dos ruedas, hasta vivir momentos especiales surcando las caudalosas aguas del curso fluvial que da vida y nombre a esta comarca cacere\u00f1a en el apasionante <strong><span style=\"text-decoration: underline;\"><a href=\"https:\/\/turismocoria.es\/turismo\/deporte-activo-de-salud-y-vida\/desciende-en-canoa-rio-alagon\/\" data-type=\"page\" data-id=\"590\">Descenso del R\u00edo Alag\u00f3n<\/a><\/span><\/strong> (agosto), o recorriendo las calles, plazas y avenidas de este hist\u00f3rico enclave en la <strong><span style=\"text-decoration: underline;\"><a href=\"https:\/\/turismocoria.es\/turismo\/deporte-activo-de-salud-y-vida\/desgastando-zapatillas-en-la-media-maraton\/\" data-type=\"page\" data-id=\"890\">Media Marat\u00f3n Ciudad de Coria<\/a><\/span><\/strong> (octubre), entre otras numeros\u00edsimas pruebas o eventos incluidos dentro del amplio calendario deportivo cauriense.<\/p>\n\n\n\n<figure class=\"wp-block-embed is-type-video is-provider-youtube wp-block-embed-youtube wp-embed-aspect-16-9 wp-has-aspect-ratio\"><div class=\"wp-block-embed__wrapper\">\n<div class=\"ast-oembed-container \" style=\"height: 100%;\"><iframe loading=\"lazy\" title=\"Coria, un paraiso para los sentidos\" width=\"500\" height=\"281\" data-src=\"https:\/\/www.youtube.com\/embed\/wgXtGKiUtpg?feature=oembed\" frameborder=\"0\" allow=\"accelerometer; autoplay; clipboard-write; encrypted-media; gyroscope; picture-in-picture; web-share\" referrerpolicy=\"strict-origin-when-cross-origin\" allowfullscreen src=\"data:image\/gif;base64,R0lGODlhAQABAAAAACH5BAEKAAEALAAAAAABAAEAAAICTAEAOw==\" class=\"lazyload\" data-load-mode=\"1\"><\/iframe><\/div>\n<\/div><\/figure>\n\n\n\n<p>En definitiva, \u00e9stas y otras muchas <strong>experiencias<\/strong>, a\u00fan por explorar y descubrir, son las que aguardar\u00e1n pacientemente a los inquietos turistas y viajeros que deseen visitarnos sin la prisas impuestas por el turismo de masas, al objeto de que puedan disfrutarlas en plenitud, a trav\u00e9s de sus sentidos, en compa\u00f1\u00eda de sus parejas, familiares y amigos, con el \u00e1nimo de que compartan las <strong>emociones y sensaciones<\/strong> vividas de ese amplio arco\u00edris conformado por nuestras enraizadas costumbres y tradiciones festivas, m\u00e1s de nuestro rico legado patrimonial cultural y natural milenariamente heredado, en este m\u00e1gico escenario de historia y vida, adem\u00e1s de encanto, seguro y tranquilo que es la moderna y actual <strong>Ciudad de Coria<\/strong>, como principal <strong>destino tur\u00edstico del noroeste de Extremadura<\/strong> convertido en una de las mejores opciones para su tiempo de ocio libre en cualquiera de las estaciones del a\u00f1o.<\/p>\n\n\n\n<p><strong>M\u00e1s Informaci\u00f3n en:<br>Oficina Municipal de Turismo<\/strong><br>Plaza de San Pedro, 1, 10800 Coria (C\u00e1ceres)<br>Tlfno.: 927 50 80 00 Ext. 290 \u2013 Email: <a href=\"mailto:oficinaturismo@coria.org\">oficinaturismo@coria.org<\/a><br>Url: <a href=\"http:\/\/www.turismocoria.es\">www.turismocoria.es<\/a><\/p>\n","protected":false},"excerpt":{"rendered":"<p>La Ciudad de Coria sigue siendo una de las poblaciones con mayor encanto de toda Extremadura. Una de las localidades m\u00e1s antiguas de Espa\u00f1a, convertida en destino tur\u00edstico de obligada visita, que le invita a viajar para descubrir y disfrutar de sus muchos atractivos y ocultos tesoros conservados en su bimilenario, episcopal y nobiliario Casco [&hellip;]<\/p>\n","protected":false},"author":4,"featured_media":11454,"comment_status":"closed","ping_status":"closed","sticky":false,"template":"","format":"standard","meta":{"_uag_custom_page_level_css":"","site-sidebar-layout":"default","site-content-layout":"","ast-site-content-layout":"","site-content-style":"default","site-sidebar-style":"default","ast-global-header-display":"","ast-banner-title-visibility":"","ast-main-header-display":"","ast-hfb-above-header-display":"","ast-hfb-below-header-display":"","ast-hfb-mobile-header-display":"","site-post-title":"","ast-breadcrumbs-content":"","ast-featured-img":"","footer-sml-layout":"","theme-transparent-header-meta":"","adv-header-id-meta":"","stick-header-meta":"","header-above-stick-meta":"","header-main-stick-meta":"","header-below-stick-meta":"","astra-migrate-meta-layouts":"default","ast-page-background-enabled":"default","ast-page-background-meta":{"desktop":{"background-color":"","background-image":"","background-repeat":"repeat","background-position":"center center","background-size":"auto","background-attachment":"scroll","background-type":"","background-media":"","overlay-type":"","overlay-color":"","overlay-opacity":"","overlay-gradient":""},"tablet":{"background-color":"","background-image":"","background-repeat":"repeat","background-position":"center center","background-size":"auto","background-attachment":"scroll","background-type":"","background-media":"","overlay-type":"","overlay-color":"","overlay-opacity":"","overlay-gradient":""},"mobile":{"background-color":"","background-image":"","background-repeat":"repeat","background-position":"center center","background-size":"auto","background-attachment":"scroll","background-type":"","background-media":"","overlay-type":"","overlay-color":"","overlay-opacity":"","overlay-gradient":""}},"ast-content-background-meta":{"desktop":{"background-color":"var(--ast-global-color-5)","background-image":"","background-repeat":"repeat","background-position":"center center","background-size":"auto","background-attachment":"scroll","background-type":"","background-media":"","overlay-type":"","overlay-color":"","overlay-opacity":"","overlay-gradient":""},"tablet":{"background-color":"var(--ast-global-color-5)","background-image":"","background-repeat":"repeat","background-position":"center center","background-size":"auto","background-attachment":"scroll","background-type":"","background-media":"","overlay-type":"","overlay-color":"","overlay-opacity":"","overlay-gradient":""},"mobile":{"background-color":"var(--ast-global-color-5)","background-image":"","background-repeat":"repeat","background-position":"center center","background-size":"auto","background-attachment":"scroll","background-type":"","background-media":"","overlay-type":"","overlay-color":"","overlay-opacity":"","overlay-gradient":""}},"_EventAllDay":false,"_EventTimezone":"","_EventStartDate":"","_EventEndDate":"","_EventStartDateUTC":"","_EventEndDateUTC":"","_EventShowMap":false,"_EventShowMapLink":false,"_EventURL":"","_EventCost":"","_EventCostDescription":"","_EventCurrencySymbol":"","_EventCurrencyCode":"","_EventCurrencyPosition":"","_EventDateTimeSeparator":"","_EventTimeRangeSeparator":"","_EventOrganizerID":[],"_EventVenueID":0,"_OrganizerEmail":"","_OrganizerPhone":"","_OrganizerWebsite":"","_VenueAddress":"","_VenueCity":"","_VenueCountry":"","_VenueProvince":"","_VenueZip":"","_VenuePhone":"","_VenueURL":"","_VenueStateProvince":"","_VenueLat":"","_VenueLng":"","footnotes":""},"categories":[33],"tags":[],"class_list":["post-11453","post","type-post","status-publish","format-standard","has-post-thumbnail","hentry","category-sin-categorizar"],"featured_image_src":"https:\/\/turismocoria.es\/turismo\/wp-content\/uploads\/2023\/01\/Coria-Arcoiris-Fiestas-Eventos-y-Tradiciones-600x400.jpg","featured_image_src_square":"https:\/\/turismocoria.es\/turismo\/wp-content\/uploads\/2023\/01\/Coria-Arcoiris-Fiestas-Eventos-y-Tradiciones-600x600.jpg","author_info":{"display_name":"Oficina Turismo","author_link":"https:\/\/turismocoria.es\/turismo\/author\/oficina\/"},"uagb_featured_image_src":{"full":["https:\/\/turismocoria.es\/turismo\/wp-content\/uploads\/2023\/01\/Coria-Arcoiris-Fiestas-Eventos-y-Tradiciones.jpg",1772,1183,false],"thumbnail":["https:\/\/turismocoria.es\/turismo\/wp-content\/uploads\/2023\/01\/Coria-Arcoiris-Fiestas-Eventos-y-Tradiciones-150x150.jpg",150,150,true],"medium":["https:\/\/turismocoria.es\/turismo\/wp-content\/uploads\/2023\/01\/Coria-Arcoiris-Fiestas-Eventos-y-Tradiciones-300x200.jpg",300,200,true],"medium_large":["https:\/\/turismocoria.es\/turismo\/wp-content\/uploads\/2023\/01\/Coria-Arcoiris-Fiestas-Eventos-y-Tradiciones-768x513.jpg",768,513,true],"large":["https:\/\/turismocoria.es\/turismo\/wp-content\/uploads\/2023\/01\/Coria-Arcoiris-Fiestas-Eventos-y-Tradiciones-1024x684.jpg",1024,684,true],"gs-tiny":["https:\/\/turismocoria.es\/turismo\/wp-content\/uploads\/2023\/01\/Coria-Arcoiris-Fiestas-Eventos-y-Tradiciones.jpg",50,33,false],"xl":["https:\/\/turismocoria.es\/turismo\/wp-content\/uploads\/2023\/01\/Coria-Arcoiris-Fiestas-Eventos-y-Tradiciones-1600x1068.jpg",1600,1068,true],"xxl":["https:\/\/turismocoria.es\/turismo\/wp-content\/uploads\/2023\/01\/Coria-Arcoiris-Fiestas-Eventos-y-Tradiciones.jpg",1772,1183,false],"xxxl":["https:\/\/turismocoria.es\/turismo\/wp-content\/uploads\/2023\/01\/Coria-Arcoiris-Fiestas-Eventos-y-Tradiciones.jpg",1772,1183,false],"xxxxl":["https:\/\/turismocoria.es\/turismo\/wp-content\/uploads\/2023\/01\/Coria-Arcoiris-Fiestas-Eventos-y-Tradiciones.jpg",1772,1183,false],"xxxxxl":["https:\/\/turismocoria.es\/turismo\/wp-content\/uploads\/2023\/01\/Coria-Arcoiris-Fiestas-Eventos-y-Tradiciones.jpg",1772,1183,false],"1536x1536":["https:\/\/turismocoria.es\/turismo\/wp-content\/uploads\/2023\/01\/Coria-Arcoiris-Fiestas-Eventos-y-Tradiciones-1536x1025.jpg",1536,1025,true],"2048x2048":["https:\/\/turismocoria.es\/turismo\/wp-content\/uploads\/2023\/01\/Coria-Arcoiris-Fiestas-Eventos-y-Tradiciones.jpg",1772,1183,false],"ultp_layout_landscape_large":["https:\/\/turismocoria.es\/turismo\/wp-content\/uploads\/2023\/01\/Coria-Arcoiris-Fiestas-Eventos-y-Tradiciones-1200x800.jpg",1200,800,true],"ultp_layout_landscape":["https:\/\/turismocoria.es\/turismo\/wp-content\/uploads\/2023\/01\/Coria-Arcoiris-Fiestas-Eventos-y-Tradiciones-870x570.jpg",870,570,true],"ultp_layout_portrait":["https:\/\/turismocoria.es\/turismo\/wp-content\/uploads\/2023\/01\/Coria-Arcoiris-Fiestas-Eventos-y-Tradiciones-600x900.jpg",600,900,true],"ultp_layout_square":["https:\/\/turismocoria.es\/turismo\/wp-content\/uploads\/2023\/01\/Coria-Arcoiris-Fiestas-Eventos-y-Tradiciones-600x600.jpg",600,600,true],"gb-block-post-grid-landscape":["https:\/\/turismocoria.es\/turismo\/wp-content\/uploads\/2023\/01\/Coria-Arcoiris-Fiestas-Eventos-y-Tradiciones-600x400.jpg",600,400,true],"gb-block-post-grid-square":["https:\/\/turismocoria.es\/turismo\/wp-content\/uploads\/2023\/01\/Coria-Arcoiris-Fiestas-Eventos-y-Tradiciones-600x600.jpg",600,600,true]},"uagb_author_info":{"display_name":"Oficina Turismo","author_link":"https:\/\/turismocoria.es\/turismo\/author\/oficina\/"},"uagb_comment_info":0,"uagb_excerpt":"La Ciudad de Coria sigue siendo una de las poblaciones con mayor encanto de toda Extremadura. Una de las localidades m\u00e1s antiguas de Espa\u00f1a, convertida en destino tur\u00edstico de obligada visita, que le invita a viajar para descubrir y disfrutar de sus muchos atractivos y ocultos tesoros conservados en su bimilenario, episcopal y nobiliario Casco&hellip;","_links":{"self":[{"href":"https:\/\/turismocoria.es\/turismo\/wp-json\/wp\/v2\/posts\/11453"}],"collection":[{"href":"https:\/\/turismocoria.es\/turismo\/wp-json\/wp\/v2\/posts"}],"about":[{"href":"https:\/\/turismocoria.es\/turismo\/wp-json\/wp\/v2\/types\/post"}],"author":[{"embeddable":true,"href":"https:\/\/turismocoria.es\/turismo\/wp-json\/wp\/v2\/users\/4"}],"replies":[{"embeddable":true,"href":"https:\/\/turismocoria.es\/turismo\/wp-json\/wp\/v2\/comments?post=11453"}],"version-history":[{"count":1,"href":"https:\/\/turismocoria.es\/turismo\/wp-json\/wp\/v2\/posts\/11453\/revisions"}],"predecessor-version":[{"id":11455,"href":"https:\/\/turismocoria.es\/turismo\/wp-json\/wp\/v2\/posts\/11453\/revisions\/11455"}],"wp:featuredmedia":[{"embeddable":true,"href":"https:\/\/turismocoria.es\/turismo\/wp-json\/wp\/v2\/media\/11454"}],"wp:attachment":[{"href":"https:\/\/turismocoria.es\/turismo\/wp-json\/wp\/v2\/media?parent=11453"}],"wp:term":[{"taxonomy":"category","embeddable":true,"href":"https:\/\/turismocoria.es\/turismo\/wp-json\/wp\/v2\/categories?post=11453"},{"taxonomy":"post_tag","embeddable":true,"href":"https:\/\/turismocoria.es\/turismo\/wp-json\/wp\/v2\/tags?post=11453"}],"curies":[{"name":"wp","href":"https:\/\/api.w.org\/{rel}","templated":true}]}}