{"id":11447,"date":"2023-01-24T07:39:33","date_gmt":"2023-01-24T06:39:33","guid":{"rendered":"https:\/\/turismocoria.es\/turismo\/?p=11447"},"modified":"2023-01-24T07:40:14","modified_gmt":"2023-01-24T06:40:14","slug":"un-viaje-a-golpe-de-pedal-a-traves-de-la-btt-medina-cauria","status":"publish","type":"post","link":"https:\/\/turismocoria.es\/turismo\/un-viaje-a-golpe-de-pedal-a-traves-de-la-btt-medina-cauria\/","title":{"rendered":"Un Viaje a Golpe de Pedal a trav\u00e9s de la BTT Medina Cauria"},"content":{"rendered":"\n<p><strong>Una especial manera de disfrutar de la Ciudad de Coria y sus alrededores paisaj\u00edsticos es por medio de la actividad deportiva a trav\u00e9s de la bicicleta de monta\u00f1a dentro de la XV Marcha de BTT \u201cMedina Cauria\u201d que tendr\u00e1 lugar este pr\u00f3ximo domingo, 29 de enero, donde se podr\u00e1n experimentar encantadoras sensaciones a lo largo de su no competitivo recorrido tur\u00edstico. <\/strong><\/p>\n\n\n\n<p>Otra edici\u00f3n m\u00e1s, los amantes de las dos ruedas de radios tienen la oportunidad de descubrir y conocer la milenaria historia de la Ciudad de Coria descrita en su centenario Conjunto Monumental, mediante su participaci\u00f3n en esta prueba deportiva de BTT que, organizada por el Club Ciclista Cauriense en colaboraci\u00f3n con la Federaci\u00f3n Extreme\u00f1a de Ciclismo y el Ayuntamiento de Coria, saldr\u00e1 a las 9:30 horas desde el Paseo Fluvial de la Isla a orillas del r\u00edo Alag\u00f3n.<\/p>\n\n\n\n<p>Una <strong>marcha cicloturista<\/strong>, de car\u00e1cter no competitivo, que se desarrolla por las localidades de Coria, Portaje y Torrejoncillo, discurriendo por caminos, callejas de pizarra y dehesas que permitir\u00e1n vivir una experiencia inolvidable por estos preciosos entornos extreme\u00f1os del Valle del Alag\u00f3n a lo largo de un recorrido de 49 km. de dificultad media-baja, a la vez que, por primera vez, de una <strong>marcha senderista<\/strong> por la evocadora Dehesa de M\u00ednguez que servir\u00e1 de complemento en esta edici\u00f3n para aquellos amantes de las rutas a pie.<\/p>\n\n\n\n<figure class=\"wp-block-embed is-type-video is-provider-youtube wp-block-embed-youtube wp-embed-aspect-16-9 wp-has-aspect-ratio\"><div class=\"wp-block-embed__wrapper\">\n<div class=\"ast-oembed-container \" style=\"height: 100%;\"><iframe loading=\"lazy\" title=\"Coria: Arco\u00edris de Fiestas, Eventos y Tradiciones\u2026\" width=\"500\" height=\"281\" data-src=\"https:\/\/www.youtube.com\/embed\/syBofFwr38E?feature=oembed\" frameborder=\"0\" allow=\"accelerometer; autoplay; clipboard-write; encrypted-media; gyroscope; picture-in-picture; web-share\" referrerpolicy=\"strict-origin-when-cross-origin\" allowfullscreen src=\"data:image\/gif;base64,R0lGODlhAQABAAAAACH5BAEKAAEALAAAAAABAAEAAAICTAEAOw==\" class=\"lazyload\" data-load-mode=\"1\"><\/iframe><\/div>\n<\/div><\/figure>\n\n\n\n<p>Una oportunidad m\u00e1s de conocer el coqueto Casco Hist\u00f3rico de la nobiliaria y episcopal <strong><span style=\"text-decoration: underline;\"><a href=\"https:\/\/turismocoria.es\/turismo\/ciudad-de-coria\/\" data-type=\"page\" data-id=\"1061\">Ciudad de Coria<\/a><\/span><\/strong>, convertida en centro de destino tur\u00edstico derivado de su rico y longevo <strong>Patrimonio Hist\u00f3rico-Art\u00edstico, Cultural y Natural<\/strong> heredado durante siglos, lo que la convierten en una de las <strong>poblaciones m\u00e1s antigua de toda Espa\u00f1a<\/strong>.<\/p>\n\n\n\n<p>Vestigios todos ellos, cuyas sucesivas etapas cronol\u00f3gicas de la milenaria historia cauriense han quedado en parte atestiguadas por el magn\u00edfico <strong>legado monumental<\/strong> que conserva su coqueto <strong><span style=\"text-decoration: underline;\"><a href=\"https:\/\/turismocoria.es\/turismo\/lugares-que-no-te-puedes-perder\/casco-historico\/\" data-type=\"page\" data-id=\"732\">Casco Hist\u00f3rico<\/a><\/span><\/strong>. Desde las volum\u00e9tricas <strong><span style=\"text-decoration: underline;\"><a href=\"https:\/\/turismocoria.es\/turismo\/lugares-que-no-te-puedes-perder\/murallas-romanas\/\" data-type=\"page\" data-id=\"497\">Murallas Romanas (s. I)<\/a><\/span><\/strong> que circundan el Casco Hist\u00f3rico constituy\u00e9ndose como una de las fortalezas de origen romano mejor conservadas en su conjunto de entre todas las halladas en el resto de Europa; pasando por los soberbios y se\u00f1oriales <strong><span style=\"text-decoration: underline;\"><a href=\"https:\/\/turismocoria.es\/turismo\/lugares-que-no-te-puedes-perder\/castillo-de-los-duques-de-alba\/\" data-type=\"page\" data-id=\"226\">Castillo (s. XV)<\/a><\/span><\/strong> y <strong><span style=\"text-decoration: underline;\"><a href=\"https:\/\/turismocoria.es\/turismo\/otros-rincones-por-descubrir\/palacio-de-los-duques-de-alba\/\" data-type=\"page\" data-id=\"509\">Palacio de los Duques de Alba (s. XVI)<\/a><\/span><\/strong> como s\u00edmbolos del rancio poder nobiliario; hasta la magna <strong><span style=\"text-decoration: underline;\"><a href=\"https:\/\/turismocoria.es\/turismo\/lugares-que-no-te-puedes-perder\/catedral\/\" data-type=\"page\" data-id=\"488\">Catedral de Santa Mar\u00eda de la Asunci\u00f3n (s. XV-XVIII)<\/a><\/span><\/strong>, joya del g\u00f3tico-plateresco extreme\u00f1o, en la que se custodia el <strong><span style=\"text-decoration: underline;\"><a href=\"https:\/\/turismocoria.es\/turismo\/el-sagrado-mantel-de-la-ultima-cena\/\" data-type=\"page\" data-id=\"1176\">Sagrado Mantel de la \u00daltima Cena<\/a><\/span><\/strong>; adem\u00e1s del <strong><span style=\"text-decoration: underline;\"><a href=\"https:\/\/turismocoria.es\/turismo\/otros-rincones-por-descubrir\/palacio-episcopal\/\" data-type=\"page\" data-id=\"511\">Palacio Episcopal (s. XVII)<\/a><\/span><\/strong>, la Iglesia de <strong><span style=\"text-decoration: underline;\"><a href=\"https:\/\/turismocoria.es\/turismo\/otros-rincones-por-descubrir\/iglesia-santiago-apostol\/\" data-type=\"page\" data-id=\"514\">Santiago Ap\u00f3stol (s. XVI-XVIII)<\/a><\/span><\/strong>, el <strong><span style=\"text-decoration: underline;\"><a href=\"https:\/\/turismocoria.es\/turismo\/lugares-que-no-te-puedes-perder\/convento-de-la-madre-de-dios\/\" data-type=\"page\" data-id=\"499\">Convento de la Madre de Dios (s. XVI-XVII)<\/a><\/span><\/strong>, el <strong><span style=\"text-decoration: underline;\"><a href=\"https:\/\/turismocoria.es\/turismo\/otros-rincones-por-descubrir\/hospital-san-nicolas-de-bari\/\" data-type=\"page\" data-id=\"521\">Hospital de San Nicol\u00e1s de Bari (s. XVI-XIX)<\/a><\/span><\/strong>, el <strong><span style=\"text-decoration: underline;\"><a href=\"https:\/\/turismocoria.es\/turismo\/otros-rincones-por-descubrir\/colegio-seminario-conciliar\/\" data-type=\"page\" data-id=\"744\">Colegio Seminario Menor Conciliar (s. XVI-XIX)<\/a><\/span><\/strong>, las <strong><span style=\"text-decoration: underline;\"><a href=\"https:\/\/turismocoria.es\/turismo\/otros-rincones-por-descubrir\/carcel-real\/\" data-type=\"page\" data-id=\"2958\">C\u00e1rceles Real (s. XVII)<\/a><\/span><\/strong>, convertida en Museo de Historia, Arqueolog\u00eda y Etnograf\u00eda, y <strong><span style=\"text-decoration: underline;\"><a href=\"https:\/\/turismocoria.es\/turismo\/otros-rincones-por-descubrir\/carcel-eclesiastica\/\" data-type=\"page\" data-id=\"517\">Eclesi\u00e1stica (s. XVIII)<\/a><\/span><\/strong>, o los <strong><span style=\"text-decoration: underline;\"><a href=\"https:\/\/turismocoria.es\/turismo\/otros-rincones-por-descubrir\/puente-de-piedra\/\" data-type=\"page\" data-id=\"529\">Puentes de Piedra (s. XVI)<\/a><\/span><\/strong> y de <strong><span style=\"text-decoration: underline;\"><a href=\"https:\/\/turismocoria.es\/turismo\/otros-rincones-por-descubrir\/puente-de-hierro\/\" data-type=\"page\" data-id=\"531\">Hierro (s. XX)<\/a><\/span><\/strong>, entre otros.<\/p>\n\n\n\n<p>Grandes y soberbios monumentos conservados entre un entramado de calles que enamorar\u00e1n al turista, <strong>cuyo legado cultural y espiritual<\/strong> se exhiben en las colecciones conservadas en los <strong>Museos Catedralicio y de la C\u00e1rcel Real<\/strong> de la tambi\u00e9n ciudad episcopal que fue, en su tiempo, el punto final de una de las peregrinaciones m\u00e1s importantes y conocidas de toda la pen\u00ednsula Ib\u00e9rica. Devoci\u00f3n, cultura y turismo en torno a las Santas Reliquias conservadas en la seo cauriense, convertidas en verdaderos tesoros sacros para el gozo y fervor de los fieles. Un rico legado de piezas y alhajas entre las que destacan una <strong><em>Santa Espina<\/em><\/strong> de la Corona, junto a un <strong><em>Lignum Crucis<\/em><\/strong> o fragmento de la Cruz de Jesucristo, adem\u00e1s del citado y excepcional <strong><span style=\"text-decoration: underline;\"><a href=\"https:\/\/turismocoria.es\/turismo\/historias-para-toda-la-familia\/descubre-el-mantel-sagrado-de-coria\/\" data-type=\"page\" data-id=\"550\">Sagrado Mantel de la \u00daltima Cena<\/a><\/span><\/strong>, como reliquia universal de la cristiandad.<\/p>\n\n\n\n<figure class=\"wp-block-embed is-type-video is-provider-youtube wp-block-embed-youtube wp-embed-aspect-16-9 wp-has-aspect-ratio\"><div class=\"wp-block-embed__wrapper\">\n<div class=\"ast-oembed-container \" style=\"height: 100%;\"><iframe loading=\"lazy\" title=\"Coria \u201cConjunto Monumental\u201d, destino tur\u00edstico del noroeste de Extremadura\" width=\"500\" height=\"281\" data-src=\"https:\/\/www.youtube.com\/embed\/M6VniblQWMo?feature=oembed\" frameborder=\"0\" allow=\"accelerometer; autoplay; clipboard-write; encrypted-media; gyroscope; picture-in-picture; web-share\" referrerpolicy=\"strict-origin-when-cross-origin\" allowfullscreen src=\"data:image\/gif;base64,R0lGODlhAQABAAAAACH5BAEKAAEALAAAAAABAAEAAAICTAEAOw==\" class=\"lazyload\" data-load-mode=\"1\"><\/iframe><\/div>\n<\/div><\/figure>\n\n\n\n<p>Y, junto las milenarias huellas de la historia del floreciente pasado cauriense celosamente atesorado, el turista podr\u00e1 sentir y disfrutar tambi\u00e9n de una variada y fecunda <strong>oferta gastron\u00f3mica, cultural, festiva <\/strong>y<strong> deportiva<\/strong> que, unida a la diversificada <strong>oferta hostelera<\/strong> y <strong>comercial<\/strong>, a buen seguro cubrir\u00e1n todas las necesidades y los gustos de aquellos viajeros que visiten este centenario destino tur\u00edstico cargado de encanto, convertido en una de las mejores opciones, de forma tranquila y segura, para viajar en su tiempo de ocio libre en cualquiera de las estaciones del a\u00f1o.<\/p>\n\n\n\n<figure class=\"wp-block-embed is-type-video is-provider-youtube wp-block-embed-youtube wp-embed-aspect-16-9 wp-has-aspect-ratio\"><div class=\"wp-block-embed__wrapper\">\n<div class=\"ast-oembed-container \" style=\"height: 100%;\"><iframe loading=\"lazy\" title=\"Coria, un paraiso para los sentidos\" width=\"500\" height=\"281\" data-src=\"https:\/\/www.youtube.com\/embed\/wgXtGKiUtpg?feature=oembed\" frameborder=\"0\" allow=\"accelerometer; autoplay; clipboard-write; encrypted-media; gyroscope; picture-in-picture; web-share\" referrerpolicy=\"strict-origin-when-cross-origin\" allowfullscreen src=\"data:image\/gif;base64,R0lGODlhAQABAAAAACH5BAEKAAEALAAAAAABAAEAAAICTAEAOw==\" class=\"lazyload\" data-load-mode=\"1\"><\/iframe><\/div>\n<\/div><\/figure>\n\n\n\n<p><strong>M\u00e1s Informaci\u00f3n en:<br>Oficina Municipal de Turismo<\/strong><br>Plaza de San Pedro, 1, 10800 Coria (C\u00e1ceres)<br>Tlfno.: 927 50 80 00 Ext. 290 \u2013 Email: <a href=\"mailto:oficinaturismo@coria.org\">oficinaturismo@coria.org<\/a><br>Informaci\u00f3n e inscripci\u00f3n XV Marcha BTT Coria en: <a href=\"http:\/\/bttcoria.blogspot.com\/\" target=\"_blank\" rel=\"noreferrer noopener\">http:\/\/bttcoria.blogspot.com\/<\/a><\/p>\n","protected":false},"excerpt":{"rendered":"<p>Una especial manera de disfrutar de la Ciudad de Coria y sus alrededores paisaj\u00edsticos es por medio de la actividad deportiva a trav\u00e9s de la bicicleta de monta\u00f1a dentro de la XV Marcha de BTT \u201cMedina Cauria\u201d que tendr\u00e1 lugar este pr\u00f3ximo domingo, 29 de enero, donde se podr\u00e1n experimentar encantadoras sensaciones a lo largo [&hellip;]<\/p>\n","protected":false},"author":4,"featured_media":11448,"comment_status":"closed","ping_status":"closed","sticky":false,"template":"","format":"standard","meta":{"_uag_custom_page_level_css":"","site-sidebar-layout":"default","site-content-layout":"","ast-site-content-layout":"","site-content-style":"default","site-sidebar-style":"default","ast-global-header-display":"","ast-banner-title-visibility":"","ast-main-header-display":"","ast-hfb-above-header-display":"","ast-hfb-below-header-display":"","ast-hfb-mobile-header-display":"","site-post-title":"","ast-breadcrumbs-content":"","ast-featured-img":"","footer-sml-layout":"","theme-transparent-header-meta":"","adv-header-id-meta":"","stick-header-meta":"","header-above-stick-meta":"","header-main-stick-meta":"","header-below-stick-meta":"","astra-migrate-meta-layouts":"default","ast-page-background-enabled":"default","ast-page-background-meta":{"desktop":{"background-color":"","background-image":"","background-repeat":"repeat","background-position":"center center","background-size":"auto","background-attachment":"scroll","background-type":"","background-media":"","overlay-type":"","overlay-color":"","overlay-opacity":"","overlay-gradient":""},"tablet":{"background-color":"","background-image":"","background-repeat":"repeat","background-position":"center center","background-size":"auto","background-attachment":"scroll","background-type":"","background-media":"","overlay-type":"","overlay-color":"","overlay-opacity":"","overlay-gradient":""},"mobile":{"background-color":"","background-image":"","background-repeat":"repeat","background-position":"center center","background-size":"auto","background-attachment":"scroll","background-type":"","background-media":"","overlay-type":"","overlay-color":"","overlay-opacity":"","overlay-gradient":""}},"ast-content-background-meta":{"desktop":{"background-color":"var(--ast-global-color-5)","background-image":"","background-repeat":"repeat","background-position":"center center","background-size":"auto","background-attachment":"scroll","background-type":"","background-media":"","overlay-type":"","overlay-color":"","overlay-opacity":"","overlay-gradient":""},"tablet":{"background-color":"var(--ast-global-color-5)","background-image":"","background-repeat":"repeat","background-position":"center center","background-size":"auto","background-attachment":"scroll","background-type":"","background-media":"","overlay-type":"","overlay-color":"","overlay-opacity":"","overlay-gradient":""},"mobile":{"background-color":"var(--ast-global-color-5)","background-image":"","background-repeat":"repeat","background-position":"center center","background-size":"auto","background-attachment":"scroll","background-type":"","background-media":"","overlay-type":"","overlay-color":"","overlay-opacity":"","overlay-gradient":""}},"_EventAllDay":false,"_EventTimezone":"","_EventStartDate":"","_EventEndDate":"","_EventStartDateUTC":"","_EventEndDateUTC":"","_EventShowMap":false,"_EventShowMapLink":false,"_EventURL":"","_EventCost":"","_EventCostDescription":"","_EventCurrencySymbol":"","_EventCurrencyCode":"","_EventCurrencyPosition":"","_EventDateTimeSeparator":"","_EventTimeRangeSeparator":"","_EventOrganizerID":[],"_EventVenueID":0,"_OrganizerEmail":"","_OrganizerPhone":"","_OrganizerWebsite":"","_VenueAddress":"","_VenueCity":"","_VenueCountry":"","_VenueProvince":"","_VenueZip":"","_VenuePhone":"","_VenueURL":"","_VenueStateProvince":"","_VenueLat":"","_VenueLng":"","footnotes":""},"categories":[33],"tags":[],"class_list":["post-11447","post","type-post","status-publish","format-standard","has-post-thumbnail","hentry","category-sin-categorizar"],"featured_image_src":"https:\/\/turismocoria.es\/turismo\/wp-content\/uploads\/2023\/01\/Viaje-Golpe-Pedal-BTT-Medina-Cauria-600x400.jpg","featured_image_src_square":"https:\/\/turismocoria.es\/turismo\/wp-content\/uploads\/2023\/01\/Viaje-Golpe-Pedal-BTT-Medina-Cauria-600x600.jpg","author_info":{"display_name":"Oficina Turismo","author_link":"https:\/\/turismocoria.es\/turismo\/author\/oficina\/"},"uagb_featured_image_src":{"full":["https:\/\/turismocoria.es\/turismo\/wp-content\/uploads\/2023\/01\/Viaje-Golpe-Pedal-BTT-Medina-Cauria.jpg",2118,1496,false],"thumbnail":["https:\/\/turismocoria.es\/turismo\/wp-content\/uploads\/2023\/01\/Viaje-Golpe-Pedal-BTT-Medina-Cauria-150x150.jpg",150,150,true],"medium":["https:\/\/turismocoria.es\/turismo\/wp-content\/uploads\/2023\/01\/Viaje-Golpe-Pedal-BTT-Medina-Cauria-300x212.jpg",300,212,true],"medium_large":["https:\/\/turismocoria.es\/turismo\/wp-content\/uploads\/2023\/01\/Viaje-Golpe-Pedal-BTT-Medina-Cauria-768x542.jpg",768,542,true],"large":["https:\/\/turismocoria.es\/turismo\/wp-content\/uploads\/2023\/01\/Viaje-Golpe-Pedal-BTT-Medina-Cauria-1024x723.jpg",1024,723,true],"gs-tiny":["https:\/\/turismocoria.es\/turismo\/wp-content\/uploads\/2023\/01\/Viaje-Golpe-Pedal-BTT-Medina-Cauria.jpg",50,35,false],"xl":["https:\/\/turismocoria.es\/turismo\/wp-content\/uploads\/2023\/01\/Viaje-Golpe-Pedal-BTT-Medina-Cauria-1600x1130.jpg",1600,1130,true],"xxl":["https:\/\/turismocoria.es\/turismo\/wp-content\/uploads\/2023\/01\/Viaje-Golpe-Pedal-BTT-Medina-Cauria.jpg",2118,1496,false],"xxxl":["https:\/\/turismocoria.es\/turismo\/wp-content\/uploads\/2023\/01\/Viaje-Golpe-Pedal-BTT-Medina-Cauria.jpg",2118,1496,false],"xxxxl":["https:\/\/turismocoria.es\/turismo\/wp-content\/uploads\/2023\/01\/Viaje-Golpe-Pedal-BTT-Medina-Cauria.jpg",2118,1496,false],"xxxxxl":["https:\/\/turismocoria.es\/turismo\/wp-content\/uploads\/2023\/01\/Viaje-Golpe-Pedal-BTT-Medina-Cauria.jpg",2118,1496,false],"1536x1536":["https:\/\/turismocoria.es\/turismo\/wp-content\/uploads\/2023\/01\/Viaje-Golpe-Pedal-BTT-Medina-Cauria-1536x1085.jpg",1536,1085,true],"2048x2048":["https:\/\/turismocoria.es\/turismo\/wp-content\/uploads\/2023\/01\/Viaje-Golpe-Pedal-BTT-Medina-Cauria-2048x1447.jpg",2048,1447,true],"ultp_layout_landscape_large":["https:\/\/turismocoria.es\/turismo\/wp-content\/uploads\/2023\/01\/Viaje-Golpe-Pedal-BTT-Medina-Cauria-1200x800.jpg",1200,800,true],"ultp_layout_landscape":["https:\/\/turismocoria.es\/turismo\/wp-content\/uploads\/2023\/01\/Viaje-Golpe-Pedal-BTT-Medina-Cauria-870x570.jpg",870,570,true],"ultp_layout_portrait":["https:\/\/turismocoria.es\/turismo\/wp-content\/uploads\/2023\/01\/Viaje-Golpe-Pedal-BTT-Medina-Cauria-600x900.jpg",600,900,true],"ultp_layout_square":["https:\/\/turismocoria.es\/turismo\/wp-content\/uploads\/2023\/01\/Viaje-Golpe-Pedal-BTT-Medina-Cauria-600x600.jpg",600,600,true],"gb-block-post-grid-landscape":["https:\/\/turismocoria.es\/turismo\/wp-content\/uploads\/2023\/01\/Viaje-Golpe-Pedal-BTT-Medina-Cauria-600x400.jpg",600,400,true],"gb-block-post-grid-square":["https:\/\/turismocoria.es\/turismo\/wp-content\/uploads\/2023\/01\/Viaje-Golpe-Pedal-BTT-Medina-Cauria-600x600.jpg",600,600,true]},"uagb_author_info":{"display_name":"Oficina Turismo","author_link":"https:\/\/turismocoria.es\/turismo\/author\/oficina\/"},"uagb_comment_info":0,"uagb_excerpt":"Una especial manera de disfrutar de la Ciudad de Coria y sus alrededores paisaj\u00edsticos es por medio de la actividad deportiva a trav\u00e9s de la bicicleta de monta\u00f1a dentro de la XV Marcha de BTT \u201cMedina Cauria\u201d que tendr\u00e1 lugar este pr\u00f3ximo domingo, 29 de enero, donde se podr\u00e1n experimentar encantadoras sensaciones a lo largo&hellip;","_links":{"self":[{"href":"https:\/\/turismocoria.es\/turismo\/wp-json\/wp\/v2\/posts\/11447"}],"collection":[{"href":"https:\/\/turismocoria.es\/turismo\/wp-json\/wp\/v2\/posts"}],"about":[{"href":"https:\/\/turismocoria.es\/turismo\/wp-json\/wp\/v2\/types\/post"}],"author":[{"embeddable":true,"href":"https:\/\/turismocoria.es\/turismo\/wp-json\/wp\/v2\/users\/4"}],"replies":[{"embeddable":true,"href":"https:\/\/turismocoria.es\/turismo\/wp-json\/wp\/v2\/comments?post=11447"}],"version-history":[{"count":2,"href":"https:\/\/turismocoria.es\/turismo\/wp-json\/wp\/v2\/posts\/11447\/revisions"}],"predecessor-version":[{"id":11452,"href":"https:\/\/turismocoria.es\/turismo\/wp-json\/wp\/v2\/posts\/11447\/revisions\/11452"}],"wp:featuredmedia":[{"embeddable":true,"href":"https:\/\/turismocoria.es\/turismo\/wp-json\/wp\/v2\/media\/11448"}],"wp:attachment":[{"href":"https:\/\/turismocoria.es\/turismo\/wp-json\/wp\/v2\/media?parent=11447"}],"wp:term":[{"taxonomy":"category","embeddable":true,"href":"https:\/\/turismocoria.es\/turismo\/wp-json\/wp\/v2\/categories?post=11447"},{"taxonomy":"post_tag","embeddable":true,"href":"https:\/\/turismocoria.es\/turismo\/wp-json\/wp\/v2\/tags?post=11447"}],"curies":[{"name":"wp","href":"https:\/\/api.w.org\/{rel}","templated":true}]}}