{"id":11437,"date":"2023-01-16T11:14:36","date_gmt":"2023-01-16T10:14:36","guid":{"rendered":"https:\/\/turismocoria.es\/turismo\/?p=11437"},"modified":"2023-01-16T11:14:38","modified_gmt":"2023-01-16T10:14:38","slug":"la-ciudad-de-coria-presente-en-la-43a-edicion-de-fitur-2023","status":"publish","type":"post","link":"https:\/\/turismocoria.es\/turismo\/la-ciudad-de-coria-presente-en-la-43a-edicion-de-fitur-2023\/","title":{"rendered":"LA CIUDAD DE CORIA PRESENTE EN LA 43\u00aa EDICI\u00d3N DE FITUR 2023"},"content":{"rendered":"\n<p>E<strong>l Ayuntamiento de Coria promociona los principales eventos y recursos tur\u00edsticos festivo-culturales y deportivos de la ciudad en la 43\u00aa edici\u00f3n de la Feria Internacional de Turismo de Madrid (FITUR) que se celebrar\u00e1 del 18 al 22 de enero en las instalaciones de IFEMA de la capital de Espa\u00f1a.<\/strong><\/p>\n\n\n\n<p>Bajo el lema: <strong><em>\u201cCoria: Arco\u00edris de Fiestas, Eventos y Tradiciones\u2026\u201d<\/em><\/strong>, el consistorio cauriense, a trav\u00e9s de la Concejal\u00eda Delegada de Turismo, presentar\u00e1 este pr\u00f3ximo viernes, 20 de enero, a las 10:30 horas, en el Stand de Turismo de Extremadura (Pabell\u00f3n 7, Stand 7B09), de la mano de su Alcalde, Jos\u00e9 Manuel Garc\u00eda Ballestero, y acompa\u00f1ado de la Concejal Delegada de Desarrollo Econ\u00f3mico y Turismo, Almudena Domingo Pirrongelli, la puesta en valor y promoci\u00f3n de la rica y variada oferta cultural, festiva, gastron\u00f3mica y deportiva de la hist\u00f3rica Ciudad de Coria como destino tur\u00edstico del noroeste de Extremadura.<\/p>\n\n\n\n<p>Una puesta en valor de estos atractivos, singulares y diferenciadores recursos tur\u00edsticos atesorados, ampliados y mejorados a lo largo de estos dos milenios y medio de a\u00f1os, con el objetivo de atraer, cuantitativa y cualitativamente, a un mayor flujo de turistas dentro de la localidad y su territorio y, por ende, dentro de la provincia de C\u00e1ceres y de la propia regi\u00f3n de Extremadura.<\/p>\n\n\n\n<p><strong>Historia, patrimonio, arte, gastronom\u00eda, naturaleza, deporte y tradiciones\u2026<\/strong> que han sido celosamente conservados en la milenaria, se\u00f1orial y episcopal Ciudad de Coria. Rincones centenarios y tesoros secretos prodigiosamente guardados en una de las poblaciones m\u00e1s antiguas de Espa\u00f1a, convertida en destino tur\u00edstico con encanto, seguro y tranquilo que, a buen seguro, han hecho de este enclave hist\u00f3rico un para\u00edso de emociones, sensaciones y experiencias \u00fanicas para disfrutarlas a trav\u00e9s de los sentidos.<\/p>\n\n\n\n<figure class=\"wp-block-embed is-type-video is-provider-youtube wp-block-embed-youtube wp-embed-aspect-16-9 wp-has-aspect-ratio\"><div class=\"wp-block-embed__wrapper\">\n<div class=\"ast-oembed-container \" style=\"height: 100%;\"><iframe loading=\"lazy\" title=\"Coria, un paraiso para los sentidos\" width=\"500\" height=\"281\" data-src=\"https:\/\/www.youtube.com\/embed\/wgXtGKiUtpg?feature=oembed\" frameborder=\"0\" allow=\"accelerometer; autoplay; clipboard-write; encrypted-media; gyroscope; picture-in-picture; web-share\" referrerpolicy=\"strict-origin-when-cross-origin\" allowfullscreen src=\"data:image\/gif;base64,R0lGODlhAQABAAAAACH5BAEKAAEALAAAAAABAAEAAAICTAEAOw==\" class=\"lazyload\" data-load-mode=\"1\"><\/iframe><\/div>\n<\/div><\/figure>\n\n\n\n<p>Todo un rico legado patrimonial hist\u00f3rico-art\u00edstico, cultural y natural heredado durante siglos, en el que sus tradiciones y costumbres siguen estando presentes con gran autenticidad en la admirada y legendaria ciudad antigua, otrora sede del marquesado de Alba y curia, a\u00fan, de uno de los Obispados m\u00e1s primitivos de este pa\u00eds, bajo cuyo reposado silencio emergen los recuerdos de su florida antig\u00fcedad descritos en las cicatrices de las piedras de los vetustos monumentos de una villa fraguada por los distintos pueblos que se asentaron por estas ricas tierras de vega: celtas, romanos, visigodos, \u00e1rabes, jud\u00edos y cristianos.<\/p>\n\n\n\n<p>Vestigios cronol\u00f3gicos de la dilatada historia cauriense, que han quedado en parte atestiguados en su magn\u00edfico <strong><a href=\"https:\/\/turismocoria.es\/turismo\/ciudad-de-coria\/\" data-type=\"page\" data-id=\"1061\"><span style=\"text-decoration: underline;\">Conjunto Monumental<\/span><\/a><\/strong> erguido sobre su nobiliario y episcopal<strong><span style=\"text-decoration: underline;\"><a href=\"https:\/\/turismocoria.es\/turismo\/lugares-que-no-te-puedes-perder\/casco-historico\/\" data-type=\"page\" data-id=\"732\"> Casco Hist\u00f3rico<\/a><\/span><\/strong>: desde las volum\u00e9tricas <strong><span style=\"text-decoration: underline;\"><a href=\"https:\/\/turismocoria.es\/turismo\/lugares-que-no-te-puedes-perder\/murallas-romanas\/\" data-type=\"page\" data-id=\"497\">Murallas Romanas (S. I)<\/a><\/span><\/strong> que circundan su urbe antigua intramuros constituy\u00e9ndose en una de las fortalezas de origen romano mejor conservadas en su conjunto de entre todas las halladas en el resto de Europa, pasando por los soberbios y se\u00f1oriales<strong><span style=\"text-decoration: underline;\"><a href=\"https:\/\/turismocoria.es\/turismo\/lugares-que-no-te-puedes-perder\/castillo-de-los-duques-de-alba\/\" data-type=\"page\" data-id=\"226\"> Castillo (S. XV<\/a><\/span><\/strong>) y <strong><span style=\"text-decoration: underline;\"><a href=\"https:\/\/turismocoria.es\/turismo\/otros-rincones-por-descubrir\/palacio-de-los-duques-de-alba\/\" data-type=\"page\" data-id=\"509\">Palacio de los Duques de Alba (S. XVI)<\/a><\/span><\/strong> como s\u00edmbolos del rancio poder nobiliario, hasta la magna <strong><span style=\"text-decoration: underline;\"><a href=\"https:\/\/turismocoria.es\/turismo\/lugares-que-no-te-puedes-perder\/catedral\/\" data-type=\"page\" data-id=\"488\">Catedral de Santa Mar\u00eda de la Asunci\u00f3n (S. XV-XVIII)<\/a><\/span><\/strong>, joya del g\u00f3tico-plateresco extreme\u00f1o en la que se custodia el <strong><span style=\"text-decoration: underline;\"><a href=\"https:\/\/turismocoria.es\/turismo\/el-sagrado-mantel-de-la-ultima-cena\/\" data-type=\"page\" data-id=\"1176\">Sagrado Mantel de la \u00daltima Cena<\/a><\/span><\/strong> como reliquia universal de la cristiandad, adem\u00e1s del<strong><span style=\"text-decoration: underline;\"><a href=\"https:\/\/turismocoria.es\/turismo\/otros-rincones-por-descubrir\/palacio-episcopal\/\" data-type=\"page\" data-id=\"511\"> Palacio Episcopal (S. XVII)<\/a><\/span><\/strong>, la <strong><span style=\"text-decoration: underline;\"><a href=\"https:\/\/turismocoria.es\/turismo\/otros-rincones-por-descubrir\/iglesia-santiago-apostol\/\" data-type=\"page\" data-id=\"514\">Iglesia de Santiago Ap\u00f3stol (S. XVI-XVIII<\/a><\/span><\/strong>), el <strong><span style=\"text-decoration: underline;\"><a href=\"https:\/\/turismocoria.es\/turismo\/lugares-que-no-te-puedes-perder\/convento-de-la-madre-de-dios\/\" data-type=\"page\" data-id=\"499\">Convento de la Madre de Dios (S. XVI-XVII<\/a><\/span><\/strong>), el <strong><span style=\"text-decoration: underline;\"><a href=\"https:\/\/turismocoria.es\/turismo\/otros-rincones-por-descubrir\/hospital-san-nicolas-de-bari\/\" data-type=\"page\" data-id=\"521\">Hospital de San Nicol\u00e1s de Bari (S. XVI-XIX)<\/a><\/span><\/strong>, el <strong><span style=\"text-decoration: underline;\"><a href=\"https:\/\/turismocoria.es\/turismo\/otros-rincones-por-descubrir\/colegio-seminario-conciliar\/\" data-type=\"page\" data-id=\"744\">Colegio Seminario Menor Conciliar (S. XVI-XIX)<\/a><\/span><\/strong>, las <strong><span style=\"text-decoration: underline;\"><a href=\"https:\/\/turismocoria.es\/turismo\/otros-rincones-por-descubrir\/carcel-real\/\" data-type=\"page\" data-id=\"2958\">C\u00e1rceles Real (S. XVII<\/a><\/span><\/strong>), convertida en Museo de Historia, Arqueolog\u00eda y Etnograf\u00eda, y <strong><span style=\"text-decoration: underline;\"><a href=\"https:\/\/turismocoria.es\/turismo\/otros-rincones-por-descubrir\/carcel-eclesiastica\/\" data-type=\"page\" data-id=\"517\">Eclesi\u00e1stica (S. XVIII)<\/a><\/span><\/strong>, aparte del <strong><span style=\"text-decoration: underline;\"><a href=\"https:\/\/turismocoria.es\/turismo\/lugares-que-no-te-puedes-perder\/santuario-de-la-virgen-de-argeme\/\" data-type=\"page\" data-id=\"505\">Santuario de Ntra. Sra. Virgen de Argeme (S. XVIIXVIII)<\/a><\/span><\/strong> o de los <strong><span style=\"text-decoration: underline;\"><a href=\"https:\/\/turismocoria.es\/turismo\/otros-rincones-por-descubrir\/puente-de-piedra\/\" data-type=\"page\" data-id=\"529\">Puentes de Piedra (S. XVI)<\/a><\/span><\/strong> y <strong><span style=\"text-decoration: underline;\"><a href=\"https:\/\/turismocoria.es\/turismo\/otros-rincones-por-descubrir\/puente-de-hierro\/\" data-type=\"page\" data-id=\"531\">de Hierro (S. XX)<\/a><\/span><\/strong> a extramuros, entre otros.<\/p>\n\n\n\n<figure class=\"wp-block-embed is-type-video is-provider-youtube wp-block-embed-youtube wp-embed-aspect-16-9 wp-has-aspect-ratio\"><div class=\"wp-block-embed__wrapper\">\n<div class=\"ast-oembed-container \" style=\"height: 100%;\"><iframe loading=\"lazy\" title=\"Coria \u201cConjunto Monumental\u201d, destino tur\u00edstico del noroeste de Extremadura\" width=\"500\" height=\"281\" data-src=\"https:\/\/www.youtube.com\/embed\/M6VniblQWMo?feature=oembed\" frameborder=\"0\" allow=\"accelerometer; autoplay; clipboard-write; encrypted-media; gyroscope; picture-in-picture; web-share\" referrerpolicy=\"strict-origin-when-cross-origin\" allowfullscreen src=\"data:image\/gif;base64,R0lGODlhAQABAAAAACH5BAEKAAEALAAAAAABAAEAAAICTAEAOw==\" class=\"lazyload\" data-load-mode=\"1\"><\/iframe><\/div>\n<\/div><\/figure>\n\n\n\n<p>Todo un arco\u00edris de emociones, que se viven de igual forma por medio de la heredada<strong> tradici\u00f3n festivo-cultural<\/strong> existente a lo largo de todo el a\u00f1o dentro del municipio: <strong><span style=\"text-decoration: underline;\"><a href=\"https:\/\/turismocoria.es\/turismo\/fiestas-y-eventos-para-disfrutar\/fitcoria\/\" data-type=\"page\" data-id=\"570\">FitCoria<\/a><\/span><\/strong> (marzo), <strong><span style=\"text-decoration: underline;\"><a href=\"https:\/\/turismocoria.es\/turismo\/fiestas-y-eventos-para-disfrutar\/semana-santa\/\" data-type=\"page\" data-id=\"572\">Semana Santa<\/a><\/span><\/strong> (abril), <strong><span style=\"text-decoration: underline;\"><a href=\"https:\/\/turismocoria.es\/turismo\/fiestas-y-eventos-para-disfrutar\/fiestas-san-juan\/\" data-type=\"page\" data-id=\"568\">Fiestas de San Juan<\/a><\/span><\/strong> (junio), <strong><span style=\"text-decoration: underline;\"><a href=\"https:\/\/turismocoria.es\/turismo\/fiestas-y-eventos-para-disfrutar\/festival-internacional-de-teatro\/\" data-type=\"page\" data-id=\"574\">Festival Internacional de Teatro<\/a><\/span><\/strong> (julio), <strong><span style=\"text-decoration: underline;\"><a href=\"https:\/\/turismocoria.es\/turismo\/fiestas-y-eventos-para-disfrutar\/agosto-turistico\/\" data-type=\"page\" data-id=\"856\">Agosto Tur\u00edstico<\/a><\/span><\/strong> incluyendo <strong><span style=\"text-decoration: underline;\"><a href=\"https:\/\/turismocoria.es\/turismo\/deporte-activo-de-salud-y-vida\/desciende-en-canoa-rio-alagon\/eco-descenso-por-el-valle-del-alagon\/\" data-type=\"page\" data-id=\"875\">Descenso del R\u00edo Alag\u00f3n<\/a><\/span><\/strong>, <strong><span style=\"text-decoration: underline;\"><a href=\"https:\/\/turismocoria.es\/turismo\/fiestas-y-eventos-para-disfrutar\/festival-internacional-de-guitarra\/\" data-type=\"page\" data-id=\"576\">Festival Internacional de Guitarra<\/a><\/span><\/strong>, <strong><span style=\"text-decoration: underline;\"><a href=\"https:\/\/turismocoria.es\/turismo\/fiestas-y-eventos-para-disfrutar\/agosto-turistico\/noche-de-las-velas\/\" data-type=\"page\" data-id=\"578\">Mercados Artesanales de la Noche de las Vela<\/a><\/span><\/strong>s y del <strong><span style=\"text-decoration: underline;\"><a href=\"https:\/\/turismocoria.es\/turismo\/fiestas-y-eventos-para-disfrutar\/agosto-turistico\/jueves-turistico\/\" data-type=\"page\" data-id=\"859\">Jueves Tur\u00edstico<\/a><\/span><\/strong> (agosto), m\u00e1s <strong><span style=\"text-decoration: underline;\"><a href=\"https:\/\/turismocoria.es\/turismo\/una-ciudad-con-paladar\/destino-micologico\/ruta-de-tapas-coria-sabor-micologico\/\" data-type=\"page\" data-id=\"898\">Coria Sabor Micol\u00f3gico<\/a><\/span><\/strong> (noviembre), entre otras.<\/p>\n\n\n\n<p>Manifestaciones feriales y culturales que se ali\u00f1an con la rica <strong>oferta gastron\u00f3mica<\/strong> que ofrece esta ciudad, en la que las recetas de los perdidos sabores de anta\u00f1o se maridan con el buen ca\u00f1eo y tapeo en los eventos culinarios de <strong><span style=\"text-decoration: underline;\"><a href=\"https:\/\/turismocoria.es\/turismo\/una-ciudad-con-paladar\/carne-iberica-de-toro\/concurso-gastronomico-taurotapas-fitcoria\/\" data-type=\"page\" data-id=\"902\">\u201cTauroTapas FitCoria\u201d<\/a><\/span><\/strong> y<strong><span style=\"text-decoration: underline;\"><a href=\"https:\/\/turismocoria.es\/turismo\/una-ciudad-con-paladar\/carne-iberica-de-cerdo\/ruta-de-tapas-gastrocoria-encueros\/\" data-type=\"page\" data-id=\"907\"> \u201cGastroCoria en Cueros\u201d<\/a><\/span><\/strong> en primavera, o de <strong><span style=\"text-decoration: underline;\"><a href=\"https:\/\/turismocoria.es\/turismo\/una-ciudad-con-paladar\/destino-micologico\/ruta-de-tapas-coria-sabor-micologico\/\" data-type=\"page\" data-id=\"898\">\u201cCoria Sabor Micol\u00f3gico\u201d<\/a><\/span><\/strong> en oto\u00f1o, hasta poder descubrir la espl\u00e9ndida reposter\u00eda artesanal monacal elaborada cuidadosamente por las venerables monjas franciscanas del Convento de la Madre de Dios.<\/p>\n\n\n\n<p>Unas originales maneras de conocer y de descubrir la Ciudad de Coria y sus alrededores paisaj\u00edsticos, a las que se une la significativa <strong>oferta deportiva<\/strong> dise\u00f1ada para los amantes de la actividad f\u00edsica y la naturaleza por medio de su participaci\u00f3n multitudinaria en la <strong>Marcha de BTT \u201cMedida Cauria\u201d<\/strong> (enero), o en el <strong>Campeonato de Extremadura de Duatl\u00f3n<\/strong> (marzo), hasta vivir momentos especiales surcando las caudalosas aguas en el apasionante <strong><span style=\"text-decoration: underline;\"><a href=\"https:\/\/turismocoria.es\/turismo\/deporte-activo-de-salud-y-vida\/desciende-en-canoa-rio-alagon\/eco-descenso-por-el-valle-del-alagon\/\" data-type=\"page\" data-id=\"875\">Descenso del R\u00edo Alag\u00f3n<\/a><\/span><\/strong> (agosto), o recorriendo las calles, plazas y avenidas de este hist\u00f3rico enclave en la <strong><span style=\"text-decoration: underline;\"><a href=\"https:\/\/turismocoria.es\/turismo\/deporte-activo-de-salud-y-vida\/desgastando-zapatillas-en-la-media-maraton\/\" data-type=\"page\" data-id=\"890\">Media Marat\u00f3n Ciudad de Coria<\/a><\/span><\/strong> (octubre), entre otras numeros\u00edsimas pruebas o eventos incluidos dentro del amplio calendario deportivo cauriense.<\/p>\n\n\n\n<figure class=\"wp-block-embed is-type-video is-provider-youtube wp-block-embed-youtube wp-embed-aspect-16-9 wp-has-aspect-ratio\"><div class=\"wp-block-embed__wrapper\">\n<div class=\"ast-oembed-container \" style=\"height: 100%;\"><iframe loading=\"lazy\" title=\"Coria, una ciudad para sentirla!\" width=\"500\" height=\"281\" data-src=\"https:\/\/www.youtube.com\/embed\/_LlVD2Y1AmI?feature=oembed\" frameborder=\"0\" allow=\"accelerometer; autoplay; clipboard-write; encrypted-media; gyroscope; picture-in-picture; web-share\" referrerpolicy=\"strict-origin-when-cross-origin\" allowfullscreen src=\"data:image\/gif;base64,R0lGODlhAQABAAAAACH5BAEKAAEALAAAAAABAAEAAAICTAEAOw==\" class=\"lazyload\" data-load-mode=\"1\"><\/iframe><\/div>\n<\/div><\/figure>\n\n\n\n<p>En definitiva, \u00e9stas y otras muchas <strong>experiencias<\/strong>, a\u00fan por explorar y descubrir, son las que aguardar\u00e1n pacientemente a los inquietos turistas y viajeros que deseen visitarnos sin la prisas impuestas por el turismo de masas, al objeto de que puedan disfrutarlas en plenitud, a trav\u00e9s de sus sentidos, en compa\u00f1\u00eda de sus parejas, familiares y amigos, con el \u00e1nimo de que compartan las <strong>emociones y sensaciones<\/strong> vividas de ese amplio arco\u00edris conformado por nuestras enraizadas costumbres y tradiciones festivas, m\u00e1s de nuestro rico legado patrimonial cultural y natural milenariamente heredado, en este m\u00e1gico escenario de historia y vida, que es la moderna y actual <strong><span style=\"text-decoration: underline;\"><a href=\"https:\/\/turismocoria.es\/turismo\/ciudad-de-coria\/\" data-type=\"page\" data-id=\"1061\">Ciudad de Coria<\/a><\/span><\/strong>, como principal <strong>destino tur\u00edstico del noroeste de Extremadura<\/strong> convertido en una de las mejores opciones para su tiempo de ocio libre en cualquiera de las estaciones del a\u00f1o.<\/p>\n\n\n\n<p><strong>M\u00e1s Informaci\u00f3n en:<br>Oficina Municipal de Turismo<\/strong><br>Plaza de San Pedro, 1, 10800 Coria (C\u00e1ceres)<br>Tlfno.: 927 50 80 00 Ext. 290 \u2013 Email: <a href=\"mailto:oficinaturismo@coria.org\">oficinaturismo@coria.org<\/a><br>Url: <a href=\"http:\/\/www.turismocoria.es\">www.turismocoria.es<\/a><\/p>\n","protected":false},"excerpt":{"rendered":"<p>El Ayuntamiento de Coria promociona los principales eventos y recursos tur\u00edsticos festivo-culturales y deportivos de la ciudad en la 43\u00aa edici\u00f3n de la Feria Internacional de Turismo de Madrid (FITUR) que se celebrar\u00e1 del 18 al 22 de enero en las instalaciones de IFEMA de la capital de Espa\u00f1a. Bajo el lema: \u201cCoria: Arco\u00edris de [&hellip;]<\/p>\n","protected":false},"author":4,"featured_media":11438,"comment_status":"closed","ping_status":"closed","sticky":false,"template":"","format":"standard","meta":{"_uag_custom_page_level_css":"","site-sidebar-layout":"default","site-content-layout":"","ast-site-content-layout":"","site-content-style":"default","site-sidebar-style":"default","ast-global-header-display":"","ast-banner-title-visibility":"","ast-main-header-display":"","ast-hfb-above-header-display":"","ast-hfb-below-header-display":"","ast-hfb-mobile-header-display":"","site-post-title":"","ast-breadcrumbs-content":"","ast-featured-img":"","footer-sml-layout":"","theme-transparent-header-meta":"","adv-header-id-meta":"","stick-header-meta":"","header-above-stick-meta":"","header-main-stick-meta":"","header-below-stick-meta":"","astra-migrate-meta-layouts":"default","ast-page-background-enabled":"default","ast-page-background-meta":{"desktop":{"background-color":"","background-image":"","background-repeat":"repeat","background-position":"center center","background-size":"auto","background-attachment":"scroll","background-type":"","background-media":"","overlay-type":"","overlay-color":"","overlay-opacity":"","overlay-gradient":""},"tablet":{"background-color":"","background-image":"","background-repeat":"repeat","background-position":"center center","background-size":"auto","background-attachment":"scroll","background-type":"","background-media":"","overlay-type":"","overlay-color":"","overlay-opacity":"","overlay-gradient":""},"mobile":{"background-color":"","background-image":"","background-repeat":"repeat","background-position":"center center","background-size":"auto","background-attachment":"scroll","background-type":"","background-media":"","overlay-type":"","overlay-color":"","overlay-opacity":"","overlay-gradient":""}},"ast-content-background-meta":{"desktop":{"background-color":"var(--ast-global-color-5)","background-image":"","background-repeat":"repeat","background-position":"center center","background-size":"auto","background-attachment":"scroll","background-type":"","background-media":"","overlay-type":"","overlay-color":"","overlay-opacity":"","overlay-gradient":""},"tablet":{"background-color":"var(--ast-global-color-5)","background-image":"","background-repeat":"repeat","background-position":"center center","background-size":"auto","background-attachment":"scroll","background-type":"","background-media":"","overlay-type":"","overlay-color":"","overlay-opacity":"","overlay-gradient":""},"mobile":{"background-color":"var(--ast-global-color-5)","background-image":"","background-repeat":"repeat","background-position":"center center","background-size":"auto","background-attachment":"scroll","background-type":"","background-media":"","overlay-type":"","overlay-color":"","overlay-opacity":"","overlay-gradient":""}},"_EventAllDay":false,"_EventTimezone":"","_EventStartDate":"","_EventEndDate":"","_EventStartDateUTC":"","_EventEndDateUTC":"","_EventShowMap":false,"_EventShowMapLink":false,"_EventURL":"","_EventCost":"","_EventCostDescription":"","_EventCurrencySymbol":"","_EventCurrencyCode":"","_EventCurrencyPosition":"","_EventDateTimeSeparator":"","_EventTimeRangeSeparator":"","_EventOrganizerID":[],"_EventVenueID":0,"_OrganizerEmail":"","_OrganizerPhone":"","_OrganizerWebsite":"","_VenueAddress":"","_VenueCity":"","_VenueCountry":"","_VenueProvince":"","_VenueZip":"","_VenuePhone":"","_VenueURL":"","_VenueStateProvince":"","_VenueLat":"","_VenueLng":"","footnotes":""},"categories":[33],"tags":[],"class_list":["post-11437","post","type-post","status-publish","format-standard","has-post-thumbnail","hentry","category-sin-categorizar"],"featured_image_src":"https:\/\/turismocoria.es\/turismo\/wp-content\/uploads\/2023\/01\/CORIA-ARCOIRIS-FIESTAS-FITUR-2023-600x400.jpg","featured_image_src_square":"https:\/\/turismocoria.es\/turismo\/wp-content\/uploads\/2023\/01\/CORIA-ARCOIRIS-FIESTAS-FITUR-2023-600x600.jpg","author_info":{"display_name":"Oficina Turismo","author_link":"https:\/\/turismocoria.es\/turismo\/author\/oficina\/"},"uagb_featured_image_src":{"full":["https:\/\/turismocoria.es\/turismo\/wp-content\/uploads\/2023\/01\/CORIA-ARCOIRIS-FIESTAS-FITUR-2023-scaled.jpg",2560,1920,false],"thumbnail":["https:\/\/turismocoria.es\/turismo\/wp-content\/uploads\/2023\/01\/CORIA-ARCOIRIS-FIESTAS-FITUR-2023-150x150.jpg",150,150,true],"medium":["https:\/\/turismocoria.es\/turismo\/wp-content\/uploads\/2023\/01\/CORIA-ARCOIRIS-FIESTAS-FITUR-2023-300x225.jpg",300,225,true],"medium_large":["https:\/\/turismocoria.es\/turismo\/wp-content\/uploads\/2023\/01\/CORIA-ARCOIRIS-FIESTAS-FITUR-2023-768x576.jpg",768,576,true],"large":["https:\/\/turismocoria.es\/turismo\/wp-content\/uploads\/2023\/01\/CORIA-ARCOIRIS-FIESTAS-FITUR-2023-1024x768.jpg",1024,768,true],"gs-tiny":["https:\/\/turismocoria.es\/turismo\/wp-content\/uploads\/2023\/01\/CORIA-ARCOIRIS-FIESTAS-FITUR-2023-scaled.jpg",50,38,false],"xl":["https:\/\/turismocoria.es\/turismo\/wp-content\/uploads\/2023\/01\/CORIA-ARCOIRIS-FIESTAS-FITUR-2023-1600x1200.jpg",1600,1200,true],"xxl":["https:\/\/turismocoria.es\/turismo\/wp-content\/uploads\/2023\/01\/CORIA-ARCOIRIS-FIESTAS-FITUR-2023-2200x1650.jpg",2200,1650,true],"xxxl":["https:\/\/turismocoria.es\/turismo\/wp-content\/uploads\/2023\/01\/CORIA-ARCOIRIS-FIESTAS-FITUR-2023-2800x2100.jpg",2800,2100,true],"xxxxl":["https:\/\/turismocoria.es\/turismo\/wp-content\/uploads\/2023\/01\/CORIA-ARCOIRIS-FIESTAS-FITUR-2023-3400x2550.jpg",3400,2550,true],"xxxxxl":["https:\/\/turismocoria.es\/turismo\/wp-content\/uploads\/2023\/01\/CORIA-ARCOIRIS-FIESTAS-FITUR-2023-4000x3000.jpg",4000,3000,true],"1536x1536":["https:\/\/turismocoria.es\/turismo\/wp-content\/uploads\/2023\/01\/CORIA-ARCOIRIS-FIESTAS-FITUR-2023-1536x1152.jpg",1536,1152,true],"2048x2048":["https:\/\/turismocoria.es\/turismo\/wp-content\/uploads\/2023\/01\/CORIA-ARCOIRIS-FIESTAS-FITUR-2023-2048x1536.jpg",2048,1536,true],"ultp_layout_landscape_large":["https:\/\/turismocoria.es\/turismo\/wp-content\/uploads\/2023\/01\/CORIA-ARCOIRIS-FIESTAS-FITUR-2023-1200x800.jpg",1200,800,true],"ultp_layout_landscape":["https:\/\/turismocoria.es\/turismo\/wp-content\/uploads\/2023\/01\/CORIA-ARCOIRIS-FIESTAS-FITUR-2023-870x570.jpg",870,570,true],"ultp_layout_portrait":["https:\/\/turismocoria.es\/turismo\/wp-content\/uploads\/2023\/01\/CORIA-ARCOIRIS-FIESTAS-FITUR-2023-600x900.jpg",600,900,true],"ultp_layout_square":["https:\/\/turismocoria.es\/turismo\/wp-content\/uploads\/2023\/01\/CORIA-ARCOIRIS-FIESTAS-FITUR-2023-600x600.jpg",600,600,true],"gb-block-post-grid-landscape":["https:\/\/turismocoria.es\/turismo\/wp-content\/uploads\/2023\/01\/CORIA-ARCOIRIS-FIESTAS-FITUR-2023-600x400.jpg",600,400,true],"gb-block-post-grid-square":["https:\/\/turismocoria.es\/turismo\/wp-content\/uploads\/2023\/01\/CORIA-ARCOIRIS-FIESTAS-FITUR-2023-600x600.jpg",600,600,true]},"uagb_author_info":{"display_name":"Oficina Turismo","author_link":"https:\/\/turismocoria.es\/turismo\/author\/oficina\/"},"uagb_comment_info":0,"uagb_excerpt":"El Ayuntamiento de Coria promociona los principales eventos y recursos tur\u00edsticos festivo-culturales y deportivos de la ciudad en la 43\u00aa edici\u00f3n de la Feria Internacional de Turismo de Madrid (FITUR) que se celebrar\u00e1 del 18 al 22 de enero en las instalaciones de IFEMA de la capital de Espa\u00f1a. Bajo el lema: \u201cCoria: Arco\u00edris de&hellip;","_links":{"self":[{"href":"https:\/\/turismocoria.es\/turismo\/wp-json\/wp\/v2\/posts\/11437"}],"collection":[{"href":"https:\/\/turismocoria.es\/turismo\/wp-json\/wp\/v2\/posts"}],"about":[{"href":"https:\/\/turismocoria.es\/turismo\/wp-json\/wp\/v2\/types\/post"}],"author":[{"embeddable":true,"href":"https:\/\/turismocoria.es\/turismo\/wp-json\/wp\/v2\/users\/4"}],"replies":[{"embeddable":true,"href":"https:\/\/turismocoria.es\/turismo\/wp-json\/wp\/v2\/comments?post=11437"}],"version-history":[{"count":1,"href":"https:\/\/turismocoria.es\/turismo\/wp-json\/wp\/v2\/posts\/11437\/revisions"}],"predecessor-version":[{"id":11439,"href":"https:\/\/turismocoria.es\/turismo\/wp-json\/wp\/v2\/posts\/11437\/revisions\/11439"}],"wp:featuredmedia":[{"embeddable":true,"href":"https:\/\/turismocoria.es\/turismo\/wp-json\/wp\/v2\/media\/11438"}],"wp:attachment":[{"href":"https:\/\/turismocoria.es\/turismo\/wp-json\/wp\/v2\/media?parent=11437"}],"wp:term":[{"taxonomy":"category","embeddable":true,"href":"https:\/\/turismocoria.es\/turismo\/wp-json\/wp\/v2\/categories?post=11437"},{"taxonomy":"post_tag","embeddable":true,"href":"https:\/\/turismocoria.es\/turismo\/wp-json\/wp\/v2\/tags?post=11437"}],"curies":[{"name":"wp","href":"https:\/\/api.w.org\/{rel}","templated":true}]}}