{"id":11414,"date":"2022-12-01T16:52:18","date_gmt":"2022-12-01T15:52:18","guid":{"rendered":"https:\/\/turismocoria.es\/turismo\/?p=11414"},"modified":"2022-12-01T16:52:18","modified_gmt":"2022-12-01T15:52:18","slug":"tu-navidad-esta-en-coria","status":"publish","type":"post","link":"https:\/\/turismocoria.es\/turismo\/tu-navidad-esta-en-coria\/","title":{"rendered":"Tu Navidad est\u00e1 en Coria"},"content":{"rendered":"\n<p><strong>Una de las fechas distinguidas para viajar a la Ciudad de Coria es tambi\u00e9n la Navidad. Una de las mejores opciones para dedicar el tiempo de ocio a conocer su milenaria historia a trav\u00e9s de su longevo Conjunto Monumental, adem\u00e1s de poder paladear su exquisita gastronom\u00eda, o de practicar deporte en familia y descubrir sus enraizadas tradiciones y sus encantos naturales de manera segura y tranquila.<\/strong><\/p>\n\n\n\n<p>Si lo que busca el avezado turista es dedicar su tiempo de ocio a disfrutar de la familia y los amigos practicando un turismo cultural, de compras o deportivo, adem\u00e1s de conocer otros rincones donde la historia, el arte o la naturaleza se conservan en todo su esplendor, debe entonces elegir a la <strong><span style=\"text-decoration: underline;\"><a href=\"https:\/\/turismocoria.es\/turismo\/ciudad-de-coria\/\" data-type=\"page\" data-id=\"1061\">Ciudad de Coria<\/a><\/span><\/strong> como destino tur\u00edstico para estas <strong>Navidades 2022<\/strong>.<\/p>\n\n\n\n<p>El per\u00edodo en el que la ciudad se supera en lo est\u00e9tico y lo tradicional, pues la tradici\u00f3n navide\u00f1a cauriense rebosa de luz, color, confraternidad y m\u00e1gica familiaridad, reuniendo as\u00ed todos los requisitos para realizar un aut\u00e9ntico viaje, de experiencias y sensaciones, y vivirlo de manera entra\u00f1able en la buena compa\u00f1\u00eda familiar.<\/p>\n\n\n\n<p>Un enclave, Coria (C\u00e1ceres-Extremadura), que se ha convertido, por m\u00e9ritos propios, en un destino tur\u00edstico f\u00e1cil de encontrar y viable de alcanzar en el que, nada m\u00e1s llegar, te atrapa con su rico y milenario <strong>Patrimonio Hist\u00f3rico-Art\u00edstico<\/strong>, <strong>Cultural<\/strong> y <strong>Natural <\/strong>heredado durante siglos en la que fuera la antigua sede del marquesado de Alba, episcopal y nobiliaria, lo que la convierten en el noveno n\u00facleo m\u00e1s antiguo y de extraordinario embrujo de toda Espa\u00f1a.<\/p>\n\n\n\n<p>Por ello, si arribado hasta las amuralladas puertas romanas llega el viajero en estos d\u00edas, no lo dude y ad\u00e9ntrese hacia su interior buscando los tesoros ocultos celosamente guardados desde tiempos inmemoriales en ese m\u00e1gico escenario que es el <strong><span style=\"text-decoration: underline;\"><a href=\"https:\/\/turismocoria.es\/turismo\/lugares-que-no-te-puedes-perder\/casco-historico\/\" data-type=\"page\" data-id=\"732\">Casco Hist\u00f3rico de Coria<\/a><\/span><\/strong>, en el que podr\u00e1n revivir los recuerdos de su florida antig\u00fcedad descritos en las cicatrices de las piedras de su magn\u00edfico <strong><span style=\"text-decoration: underline;\"><a href=\"https:\/\/turismocoria.es\/turismo\/ciudad-de-coria\/\" data-type=\"page\" data-id=\"1061\">Conjunto Monumental<\/a><\/span><\/strong>, declarado Bien de Inter\u00e9s Cultural, que le pone la guinda al sue\u00f1o navide\u00f1o.<\/p>\n\n\n\n<figure class=\"wp-block-embed is-type-video is-provider-youtube wp-block-embed-youtube wp-embed-aspect-16-9 wp-has-aspect-ratio\"><div class=\"wp-block-embed__wrapper\">\n<div class=\"ast-oembed-container \" style=\"height: 100%;\"><iframe loading=\"lazy\" title=\"Coria \u201cConjunto Monumental\u201d, destino tur\u00edstico del noroeste de Extremadura\" width=\"500\" height=\"281\" data-src=\"https:\/\/www.youtube.com\/embed\/M6VniblQWMo?feature=oembed\" frameborder=\"0\" allow=\"accelerometer; autoplay; clipboard-write; encrypted-media; gyroscope; picture-in-picture; web-share\" referrerpolicy=\"strict-origin-when-cross-origin\" allowfullscreen src=\"data:image\/gif;base64,R0lGODlhAQABAAAAACH5BAEKAAEALAAAAAABAAEAAAICTAEAOw==\" class=\"lazyload\" data-load-mode=\"1\"><\/iframe><\/div>\n<\/div><\/figure>\n\n\n\n<p>Adem\u00e1s, y durante estas entra\u00f1ables fechas, le invitamos tambi\u00e9n a que participe de nuestra <strong>Campa\u00f1a Comercial Navide\u00f1a<\/strong> que, como turismo de compras, cuenta con una amplia <strong>programaci\u00f3n general<\/strong> con actividades culturales, deportivas y comerciales para todos los gustos y p\u00fablicos.<\/p>\n\n\n\n<p>Una nueva Campa\u00f1a de Navidad que se iniciar\u00e1 el <strong>viernes, 2 de diciembre<\/strong>, con el ya simb\u00f3lico<strong> \u201cEncendido Oficial de la Iluminaci\u00f3n Navide\u00f1a\u201d<\/strong>, a partir de las <strong>19:30 horas<\/strong> desde la Plaza de la Solidaridad, que contar\u00e1 nuevamente con un <strong>Concurso de Tiktokers<\/strong> en la red social TikTok que se visualizar\u00e1 en una gran pantalla desde las <strong>18:00 horas<\/strong>, y que continuar\u00e1 con un <strong>show minidisco<\/strong> adem\u00e1s de <strong>animaci\u00f3n de calle<\/strong> durante el resto de la jornada de tarde.<\/p>\n\n\n\n<p>Todo un repertorio de emociones que continuar\u00e1n el <strong>viernes, 16 de diciembre<\/strong>, con la tradicional <strong>\u201cNoche de Compras\u201d<\/strong>, en la que nuevamente la alfombra roja que le extender\u00e1 a sus pies el comercio local servir\u00e1 para darles la bienvenida y ofrecerles sus m\u00e1s que importantes descuentos, sorteos, premios y promociones especiales para todos aquellos clientes que se animen a visitar los distintos comercios adheridos a esta iniciativa comercial que se prolongar\u00e1 durante todas las Fiestas hasta el d\u00eda 16 de enero, en una larga noche que se prologar\u00e1 hasta las 24:00 horas estando amenizada con un <strong>recorrido de tunas, animaci\u00f3n de calle con elfos y duendes, espect\u00e1culos de globoflexia y magia<\/strong>, adem\u00e1s de importantes <strong>sorteos de premios<\/strong> (50 entradas de cine, 6 cenas en restaurantes, 20 entradas de f\u00fatbol 2\u00aa RFEF del CD Coria, y 50 entradas para Primavera Cultural), cuyo sorteo se realizar\u00e1 a las 13:00 horas del mi\u00e9rcoles, 21 de diciembre.<\/p>\n\n\n\n<p>Una estrategia comercial que tiene, en sus ya famosos y tradicionales <strong>\u201crascas de Navidad\u201d<\/strong> (m\u00e1s de 92.955 boletos o cupones), un m\u00e1s que interesante incentivo al repartirse un total de 331 premios por valor de m\u00e1s de 5.000 euros distribuidos en premios de 200 \u20ac, 100 \u20ac, 50 \u20ac, 20 \u20ac y 10 \u20ac respectivamente, para gastar y consumir en el Comercio de Coria, y que podr\u00e1n ser adquiridos al comprar cualquier producto en los establecimientos comerciales adheridos de la localidad, siendo canjeables hasta el 16 de enero de 2023.<\/p>\n\n\n\n<p>Mientras que por lo que respecta a la nutrida <strong>PROGRAMACI\u00d3N CULTURAL<\/strong> dise\u00f1ada, la misma se iniciar\u00e1 del 6 al 8 de diciembre con el novedoso <strong>\u201cCoria en Dulce\u201d<\/strong> donde, <strong>entre las 16:00 y 19:00 horas<\/strong>, los amantes de la reposter\u00eda artesanal podr\u00e1n disfrutar de los exquisitos manjares navide\u00f1os que ser\u00e1n ofertados por los establecimientos reposteros caurienses ubicados en el cautivador <strong><span style=\"text-decoration: underline;\"><a href=\"https:\/\/turismocoria.es\/turismo\/lugares-que-no-te-puedes-perder\/convento-de-la-madre-de-dios\/\" data-type=\"page\" data-id=\"499\">Claustro del Convento de la Madre de Dios<\/a><\/span><\/strong>.<\/p>\n\n\n\n<p>Un endulzado diciembre que continuar\u00e1 el<strong> jueves, 15 diciembre<\/strong>, con el tradicional <strong>Concierto de Navidad<\/strong> ofrecido por la Escuela Municipal de M\u00fasica que tendr\u00e1 lugar en la <strong><span style=\"text-decoration: underline;\"><a href=\"https:\/\/turismocoria.es\/turismo\/lugares-que-no-te-puedes-perder\/catedral\/\" data-type=\"page\" data-id=\"488\">Sta. Iglesia Catedral <\/a><\/span><\/strong>a las <strong>20:00 horas<\/strong>, y proseguir\u00e1 al d\u00eda siguiente <strong>viernes, 16 de diciembre<\/strong>, con la <strong>Obra de Teatro \u201cTartufo\u201d<\/strong> en la <strong>Casa de Cultura<\/strong> a partir de las <strong>20:30 horas<\/strong>, mientras que el <strong>s\u00e1bado, 17 de diciembre<\/strong>, a partir de las <strong>18:00 horas<\/strong>, se llevar\u00e1 a cabo la representaci\u00f3n y ofrenda del <strong>\u201cBel\u00e9n Viviente\u201d<\/strong> escenificado en el coraz\u00f3n del <strong><span style=\"text-decoration: underline;\"><a href=\"https:\/\/turismocoria.es\/turismo\/lugares-que-no-te-puedes-perder\/casco-historico\/\" data-type=\"page\" data-id=\"732\">Casco Hist\u00f3rico de Coria<\/a><\/span><\/strong> haciendo las delicias de ni\u00f1os y mayores.<\/p>\n\n\n\n<p>Por su parte, la Ciudad de Coria acoger\u00e1 tambi\u00e9n una excepcional <strong>\u201cExposici\u00f3n de Belenes\u201d<\/strong>, <strong>desde el 17 de diciembre y hasta el 6 de enero<\/strong>, que ser\u00e1n expuestos en algunas de las viviendas vecinales del <strong><span style=\"text-decoration: underline;\"><a href=\"https:\/\/turismocoria.es\/turismo\/lugares-que-no-te-puedes-perder\/casco-historico\/\" data-type=\"page\" data-id=\"732\">Casco Hist\u00f3rico de Coria<\/a><\/span><\/strong>; mientras que en la matinal del <strong>s\u00e1bado, 24 de diciembre<\/strong>, el afamado <strong>Teatro de Calle \u201cEl Bulul\u00fa de Don Cosme\u201d<\/strong> amenizar\u00e1 la visita guiada por el Conjunto Monumental, a partir de las <strong>11:00 horas<\/strong>, con salida desde la Plaza de la Cava.<\/p>\n\n\n\n<p>Transcurrida la Nochebuena y el d\u00eda de Navidad, la programaci\u00f3n se alarga hasta final de a\u00f1o con un novel <strong>Mercado Gastron\u00f3mico<\/strong> que, <strong>desde el 27 al 30 de diciembre<\/strong>, se ubicar\u00e1 en la conc\u00e9ntrica <strong>Plaza del Doctor Viera<\/strong> en horario ininterrumpido de <strong>12:00 a 22:00 horas<\/strong>. A la vez que en la tarde del <strong>mi\u00e9rcoles, 28 de diciembre<\/strong>, tendr\u00e1 lugar en la <strong>Casa de Cultura<\/strong> el <strong>Espect\u00e1culo Infantil \u201cToma Casta\u00f1a\u201d<\/strong>, a partir de las <strong>18:00 horas<\/strong>; mientras que el <strong>s\u00e1bado, 30 de diciembre<\/strong>, el <strong>Monologuista \u201cChema Pizarro\u201d<\/strong> pondr\u00e1 las notas de humor para todos aquellos que asistan a la <strong>Casa de Cultura<\/strong> a las <strong>20:30 horas<\/strong>. Y, abriendo el A\u00f1o Nuevo, <strong>del 2 al 5 de enero<\/strong>, un novedoso <strong>Mercado Navide\u00f1o<\/strong> ubicado igualmente en la <strong>Plaza del Doctor Viera<\/strong> har\u00e1 las delicias de j\u00f3venes y mayores en horario <strong>de 10:00 a 14:00 horas y de 17:00 a 20:00 horas<\/strong>.<\/p>\n\n\n\n<p>Toda una did\u00e1ctica y divertida agenda cultural, que se ver\u00e1 complementar\u00e1 con una importante <strong>PROGRAMACI\u00d3N DEPORTIVA<\/strong> de la mano de un nutrido n\u00famero de actividades infantiles de corte familiar repartidas a lo largo del calendario festivo navide\u00f1o, siendo nuevamente la principal atracci\u00f3n este a\u00f1o la grande y reconocible <strong>pista de patinaje<\/strong> que se ubicar\u00e1 bajo la atenta mirada del gigante y reconocible \u00e1rbol de Navidad en plena y c\u00e9ntrica <strong>Plaza de la Paz<\/strong>, estando instalada <strong>del 22 al 31 de diciembre<\/strong>, donde disfrutar de ella por medio de la invitaci\u00f3n adquirida en los comercios de nuestra localidad en horario <strong>de 11:00 a 14:00 horas y de 16:00 a 21:00 horas<\/strong>.<\/p>\n\n\n\n<p>Del mismo modo, el <strong>s\u00e1bado, 31 de diciembre<\/strong>, cerrando el a\u00f1o, los m\u00e1s peque\u00f1os podr\u00e1n disfrutar del fin de a\u00f1o con una <strong>Nochevieja Infantil<\/strong> con campanadas, chuches de la suerte y baile en la <strong>Plaza de San Pedro<\/strong> en horario matinal comprendido <strong>entre 11:00 y 13:00 horas<\/strong>; abri\u00e9ndose el <strong>Nuevo A\u00f1o <\/strong>con la celebraci\u00f3n, el <strong>martes, 3 de enero<\/strong>, de un <strong>Torneo Online de Fortnite<\/strong> desde la <strong>Casa de Cultura<\/strong> en el que, <strong>de 18:00 a 20:00 horas<\/strong>, podr\u00e1n participar hasta 300 personas, de todas las edades, que ser\u00e1 a la vez retransmitido v\u00eda Streaming, dotado de significativos premios y trofeos.<\/p>\n\n\n\n<p>De forma paralela, el <strong>mi\u00e9rcoles, 4 de enero<\/strong>, tendr\u00e1 lugar un emocionante <strong>Concurso de FIFA de F\u00fatbol<\/strong> en el <strong>Pabell\u00f3n Polideportivo Municipal<\/strong> que contar\u00e1 con una pantalla gigante para disfrute de todos aquellos que se acerquen a participar o visualizar tan atractiva actividad en horario ininterrumpido <strong>de 11:00 a 22:00 horas<\/strong>, que contar\u00e1 con substanciales premios y regalos; mientras que <strong>del 2 al 7 de enero<\/strong>, la <strong>Plaza de la Solidaridad<\/strong> acoger\u00e1 una actividad de <strong>Extrepimball<\/strong> con horario <strong>de 11:00 a 14:00 horas y de 17:00 a 20:00 horas<\/strong>.<\/p>\n\n\n\n<p>Todo un amplio <strong>programa deportivo<\/strong> que se ver\u00e1 complementado con una <strong>Convivencia de B\u00e1dminton<\/strong> (11\/12\/2022), m\u00e1s la<strong> X Convivencia de F\u00fatbol-7 a favor de la Campa\u00f1a \u201cRecogida de Alimentos\u201d<\/strong> (26\/12\/2022), una <strong>Gymkhana de Juegos Populares<\/strong> en Rinc\u00f3n del Obispo (27\/12\/2022), Puebla de Argeme (28\/12\/2022) y Coria (29\/12\/2022), junto a la tradicional <strong>XXV \u201cSan Silvestre Navide\u00f1a\u201d<\/strong> y <strong>11\u00aa Milla Urbana \u201cCoria 2022\u201d<\/strong> (31\/12\/2022), adem\u00e1s de un Campus de Tecnificaci\u00f3n de F\u00fatbol (02-05\/01\/2023).<\/p>\n\n\n\n<p>(M\u00e1s <strong>Informaci\u00f3n Deportiva<\/strong> en el blog municipal:<strong><span style=\"text-decoration: underline;\"><a href=\" https:\/\/deportescoria.blogspot.com\"> https:\/\/deportescoria.blogspot.com<\/a><\/span><\/strong>).<\/p>\n\n\n\n<p>Y, con la llegada del <strong>Nuevo A\u00f1o 2023<\/strong>, la Ciudad de Coria se erige en el lugar perfecto para aquellos que quieren conocer y recibir en persona a sus <strong>Majestades los Reyes Magos de Oriente<\/strong> que estar\u00e1n presentes en la tradicional <strong>\u201cCabalgata\u201d <\/strong>la tarde del <strong>jueves, 5 de enero<\/strong>, a partir de las <strong>18:30 horas<\/strong>, para posteriormente recibir, sobre las <strong>20:00 horas<\/strong>, a los m\u00e1s peque\u00f1os en la c\u00e9ntrica <strong>Plaza de la Paz<\/strong>.<\/p>\n\n\n\n<p>(M\u00e1s <strong>Informaci\u00f3n Comercial<\/strong> en la web municipal: <strong><span style=\"text-decoration: underline;\"><a href=\"http:\/\/www.comercio.coria.org\">www.comercio.coria.org<\/a><\/span><\/strong>).<\/p>\n\n\n\n<p>En definitiva, toda una seductora programaci\u00f3n navide\u00f1a, ideal para aquellos amantes turistas que desean conocer las milenarias huellas de la historia, as\u00ed como de paladear la variada y fecunda gastron\u00f3mica o reposter\u00eda artesanal en estas entra\u00f1ables fechas que, a buen seguro, cubrir\u00e1n todas las necesidades y los gustos de aquellos viajeros que visiten este centenario destino tur\u00edstico cargado de encanto, seguro y tranquilo, convertido en una de las mejores opciones para su tiempo de ocio libre dentro de las Navidades 2022.<\/p>\n\n\n\n<p>Por ello, no lo olvide, Coria, una ciudad repleta de historia, arte, cultura, m\u00fasica, luz y color convertida en una de las mejores localidades extreme\u00f1as para viajar en Navidad. Una de las mejores escapadas y un cl\u00e1sico irresistible para todos los viajeros de cualquier sexo y edad, porque<strong> \u201cCoria siempre es una buena idea para visitarla y sentirla\u201d<\/strong>.<\/p>\n\n\n\n<p><strong>Planifica tus vacaciones de Navidad o de fin de A\u00f1o en Coria. No te arrepentir\u00e1s\u2026<\/strong><\/p>\n\n\n\n<p><strong>M\u00e1s Informaci\u00f3n en:<br>Oficina Municipal de Turismo<\/strong><br>Plaza de San Pedro, 1, 10800 Coria (C\u00e1ceres)<br>Tlfno.: 927 50 80 00 Ext. 290 \u2013 Email: <a href=\"mailto:oficinaturismo@coria.org\">oficinaturismo@coria.org<\/a><br>Url: <a href=\"http:\/\/www.turismocoria.es\">www.turismocoria.es<\/a><\/p>\n","protected":false},"excerpt":{"rendered":"<p>Una de las fechas distinguidas para viajar a la Ciudad de Coria es tambi\u00e9n la Navidad. Una de las mejores opciones para dedicar el tiempo de ocio a conocer su milenaria historia a trav\u00e9s de su longevo Conjunto Monumental, adem\u00e1s de poder paladear su exquisita gastronom\u00eda, o de practicar deporte en familia y descubrir sus [&hellip;]<\/p>\n","protected":false},"author":4,"featured_media":11415,"comment_status":"closed","ping_status":"closed","sticky":false,"template":"","format":"standard","meta":{"_uag_custom_page_level_css":"","site-sidebar-layout":"default","site-content-layout":"","ast-site-content-layout":"","site-content-style":"default","site-sidebar-style":"default","ast-global-header-display":"","ast-banner-title-visibility":"","ast-main-header-display":"","ast-hfb-above-header-display":"","ast-hfb-below-header-display":"","ast-hfb-mobile-header-display":"","site-post-title":"","ast-breadcrumbs-content":"","ast-featured-img":"","footer-sml-layout":"","theme-transparent-header-meta":"","adv-header-id-meta":"","stick-header-meta":"","header-above-stick-meta":"","header-main-stick-meta":"","header-below-stick-meta":"","astra-migrate-meta-layouts":"default","ast-page-background-enabled":"default","ast-page-background-meta":{"desktop":{"background-color":"","background-image":"","background-repeat":"repeat","background-position":"center center","background-size":"auto","background-attachment":"scroll","background-type":"","background-media":"","overlay-type":"","overlay-color":"","overlay-opacity":"","overlay-gradient":""},"tablet":{"background-color":"","background-image":"","background-repeat":"repeat","background-position":"center center","background-size":"auto","background-attachment":"scroll","background-type":"","background-media":"","overlay-type":"","overlay-color":"","overlay-opacity":"","overlay-gradient":""},"mobile":{"background-color":"","background-image":"","background-repeat":"repeat","background-position":"center center","background-size":"auto","background-attachment":"scroll","background-type":"","background-media":"","overlay-type":"","overlay-color":"","overlay-opacity":"","overlay-gradient":""}},"ast-content-background-meta":{"desktop":{"background-color":"var(--ast-global-color-5)","background-image":"","background-repeat":"repeat","background-position":"center center","background-size":"auto","background-attachment":"scroll","background-type":"","background-media":"","overlay-type":"","overlay-color":"","overlay-opacity":"","overlay-gradient":""},"tablet":{"background-color":"var(--ast-global-color-5)","background-image":"","background-repeat":"repeat","background-position":"center center","background-size":"auto","background-attachment":"scroll","background-type":"","background-media":"","overlay-type":"","overlay-color":"","overlay-opacity":"","overlay-gradient":""},"mobile":{"background-color":"var(--ast-global-color-5)","background-image":"","background-repeat":"repeat","background-position":"center center","background-size":"auto","background-attachment":"scroll","background-type":"","background-media":"","overlay-type":"","overlay-color":"","overlay-opacity":"","overlay-gradient":""}},"_EventAllDay":false,"_EventTimezone":"","_EventStartDate":"","_EventEndDate":"","_EventStartDateUTC":"","_EventEndDateUTC":"","_EventShowMap":false,"_EventShowMapLink":false,"_EventURL":"","_EventCost":"","_EventCostDescription":"","_EventCurrencySymbol":"","_EventCurrencyCode":"","_EventCurrencyPosition":"","_EventDateTimeSeparator":"","_EventTimeRangeSeparator":"","_EventOrganizerID":[],"_EventVenueID":0,"_OrganizerEmail":"","_OrganizerPhone":"","_OrganizerWebsite":"","_VenueAddress":"","_VenueCity":"","_VenueCountry":"","_VenueProvince":"","_VenueZip":"","_VenuePhone":"","_VenueURL":"","_VenueStateProvince":"","_VenueLat":"","_VenueLng":"","footnotes":""},"categories":[33],"tags":[],"class_list":["post-11414","post","type-post","status-publish","format-standard","has-post-thumbnail","hentry","category-sin-categorizar"],"featured_image_src":"https:\/\/turismocoria.es\/turismo\/wp-content\/uploads\/2022\/12\/navidad-coria-2022-600x400.jpg","featured_image_src_square":"https:\/\/turismocoria.es\/turismo\/wp-content\/uploads\/2022\/12\/navidad-coria-2022-600x600.jpg","author_info":{"display_name":"Oficina Turismo","author_link":"https:\/\/turismocoria.es\/turismo\/author\/oficina\/"},"uagb_featured_image_src":{"full":["https:\/\/turismocoria.es\/turismo\/wp-content\/uploads\/2022\/12\/navidad-coria-2022.jpg",1890,945,false],"thumbnail":["https:\/\/turismocoria.es\/turismo\/wp-content\/uploads\/2022\/12\/navidad-coria-2022-150x150.jpg",150,150,true],"medium":["https:\/\/turismocoria.es\/turismo\/wp-content\/uploads\/2022\/12\/navidad-coria-2022-300x150.jpg",300,150,true],"medium_large":["https:\/\/turismocoria.es\/turismo\/wp-content\/uploads\/2022\/12\/navidad-coria-2022-768x384.jpg",768,384,true],"large":["https:\/\/turismocoria.es\/turismo\/wp-content\/uploads\/2022\/12\/navidad-coria-2022-1024x512.jpg",1024,512,true],"gs-tiny":["https:\/\/turismocoria.es\/turismo\/wp-content\/uploads\/2022\/12\/navidad-coria-2022.jpg",50,25,false],"xl":["https:\/\/turismocoria.es\/turismo\/wp-content\/uploads\/2022\/12\/navidad-coria-2022-1600x800.jpg",1600,800,true],"xxl":["https:\/\/turismocoria.es\/turismo\/wp-content\/uploads\/2022\/12\/navidad-coria-2022.jpg",1890,945,false],"xxxl":["https:\/\/turismocoria.es\/turismo\/wp-content\/uploads\/2022\/12\/navidad-coria-2022.jpg",1890,945,false],"xxxxl":["https:\/\/turismocoria.es\/turismo\/wp-content\/uploads\/2022\/12\/navidad-coria-2022.jpg",1890,945,false],"xxxxxl":["https:\/\/turismocoria.es\/turismo\/wp-content\/uploads\/2022\/12\/navidad-coria-2022.jpg",1890,945,false],"1536x1536":["https:\/\/turismocoria.es\/turismo\/wp-content\/uploads\/2022\/12\/navidad-coria-2022-1536x768.jpg",1536,768,true],"2048x2048":["https:\/\/turismocoria.es\/turismo\/wp-content\/uploads\/2022\/12\/navidad-coria-2022.jpg",1890,945,false],"ultp_layout_landscape_large":["https:\/\/turismocoria.es\/turismo\/wp-content\/uploads\/2022\/12\/navidad-coria-2022-1200x800.jpg",1200,800,true],"ultp_layout_landscape":["https:\/\/turismocoria.es\/turismo\/wp-content\/uploads\/2022\/12\/navidad-coria-2022-870x570.jpg",870,570,true],"ultp_layout_portrait":["https:\/\/turismocoria.es\/turismo\/wp-content\/uploads\/2022\/12\/navidad-coria-2022-600x900.jpg",600,900,true],"ultp_layout_square":["https:\/\/turismocoria.es\/turismo\/wp-content\/uploads\/2022\/12\/navidad-coria-2022-600x600.jpg",600,600,true],"gb-block-post-grid-landscape":["https:\/\/turismocoria.es\/turismo\/wp-content\/uploads\/2022\/12\/navidad-coria-2022-600x400.jpg",600,400,true],"gb-block-post-grid-square":["https:\/\/turismocoria.es\/turismo\/wp-content\/uploads\/2022\/12\/navidad-coria-2022-600x600.jpg",600,600,true]},"uagb_author_info":{"display_name":"Oficina Turismo","author_link":"https:\/\/turismocoria.es\/turismo\/author\/oficina\/"},"uagb_comment_info":0,"uagb_excerpt":"Una de las fechas distinguidas para viajar a la Ciudad de Coria es tambi\u00e9n la Navidad. Una de las mejores opciones para dedicar el tiempo de ocio a conocer su milenaria historia a trav\u00e9s de su longevo Conjunto Monumental, adem\u00e1s de poder paladear su exquisita gastronom\u00eda, o de practicar deporte en familia y descubrir sus&hellip;","_links":{"self":[{"href":"https:\/\/turismocoria.es\/turismo\/wp-json\/wp\/v2\/posts\/11414"}],"collection":[{"href":"https:\/\/turismocoria.es\/turismo\/wp-json\/wp\/v2\/posts"}],"about":[{"href":"https:\/\/turismocoria.es\/turismo\/wp-json\/wp\/v2\/types\/post"}],"author":[{"embeddable":true,"href":"https:\/\/turismocoria.es\/turismo\/wp-json\/wp\/v2\/users\/4"}],"replies":[{"embeddable":true,"href":"https:\/\/turismocoria.es\/turismo\/wp-json\/wp\/v2\/comments?post=11414"}],"version-history":[{"count":2,"href":"https:\/\/turismocoria.es\/turismo\/wp-json\/wp\/v2\/posts\/11414\/revisions"}],"predecessor-version":[{"id":11420,"href":"https:\/\/turismocoria.es\/turismo\/wp-json\/wp\/v2\/posts\/11414\/revisions\/11420"}],"wp:featuredmedia":[{"embeddable":true,"href":"https:\/\/turismocoria.es\/turismo\/wp-json\/wp\/v2\/media\/11415"}],"wp:attachment":[{"href":"https:\/\/turismocoria.es\/turismo\/wp-json\/wp\/v2\/media?parent=11414"}],"wp:term":[{"taxonomy":"category","embeddable":true,"href":"https:\/\/turismocoria.es\/turismo\/wp-json\/wp\/v2\/categories?post=11414"},{"taxonomy":"post_tag","embeddable":true,"href":"https:\/\/turismocoria.es\/turismo\/wp-json\/wp\/v2\/tags?post=11414"}],"curies":[{"name":"wp","href":"https:\/\/api.w.org\/{rel}","templated":true}]}}