{"id":11339,"date":"2022-10-14T08:24:32","date_gmt":"2022-10-14T06:24:32","guid":{"rendered":"https:\/\/turismocoria.es\/turismo\/?p=11339"},"modified":"2022-10-14T11:55:03","modified_gmt":"2022-10-14T09:55:03","slug":"el-dia-de-la-seta-de-extremadura-en-coria-sabor-micologico","status":"publish","type":"post","link":"https:\/\/turismocoria.es\/turismo\/el-dia-de-la-seta-de-extremadura-en-coria-sabor-micologico\/","title":{"rendered":"El D\u00eda de la Seta de Extremadura en Coria Sabor Micol\u00f3gico"},"content":{"rendered":"\n<p><strong>Con la llegada del oto\u00f1o comienza la temporada alta micol\u00f3gica para los amantes al mundo de las setas. Un momento id\u00f3neo para disfrutar de este enclave hist\u00f3rico y monumental que es la Ciudad de Coria que, coincidiendo con la celebraci\u00f3n del D\u00eda de la Seta de Extremadura, seguir\u00e1 ofreciendo durante toda la oto\u00f1ada ese placer y fuente de inspiraci\u00f3n que es la buena cocina micol\u00f3gica dentro de los fogones de los principales establecimientos de restauraci\u00f3n de la localidad, adem\u00e1s de los bellos paisajes naturales que circundan su territorio.<\/strong><\/p>\n\n\n\n<p>El oto\u00f1o y el turismo micol\u00f3gico en Coria (C\u00e1ceres-Extremadura) est\u00e1 cada vez m\u00e1s consolidado derivado a que la afici\u00f3n por las setas est\u00e1 m\u00e1s extendida en nuestra sociedad como consecuencia, en cierto modo, a la cultura del ocio y al creciente inter\u00e9s por la naturaleza. En este sentido, la Ciudad de Coria lleva acogiendo anualmente, desde hace ya m\u00e1s de una d\u00e9cada, a multitud de personas aficionadas a la recolecci\u00f3n de este rico manjar con el fin de deleitarse degustando su exquisito sabor, o bien a trav\u00e9s de la recogida de determinados ejemplares al objeto de estudiarlos dentro del evento cultural y tur\u00edstico de <strong><span style=\"text-decoration: underline;\"><a href=\"https:\/\/turismocoria.es\/turismo\/una-ciudad-con-paladar\/destino-micologico\/ruta-de-tapas-coria-sabor-micologico\/\" data-type=\"page\" data-id=\"898\">Coria Sabor Micol\u00f3gico<\/a><\/span><\/strong> que se desarrolla especialmente durante todo el mes de noviembre, y que en esta ocasi\u00f3n coincidir\u00e1 con la celebraci\u00f3n de la <strong>40\u00aa edici\u00f3n del D\u00eda de la Seta de Extremadura<\/strong>.<\/p>\n\n\n\n<p>Precisamente, los amantes de la <strong>naturaleza<\/strong>, la <strong>gastronom\u00eda<\/strong>, la<strong> historia<\/strong>, el <strong>arte<\/strong> o la <strong>cultura<\/strong>, podr\u00e1n encontrar dichos valores patrimoniales exhibidos con gran autenticidad en nuestra admirada y legendaria ciudad antigua y sus en tornos, como as\u00ed los hallaron tambi\u00e9n los visitantes atra\u00eddos por el mundo de las setas en la pasada edici\u00f3n que se acercaron hasta la otrora sede del marquesado de Alba, episcopal y nobiliaria <strong><span style=\"text-decoration: underline;\"><a href=\"https:\/\/turismocoria.es\/turismo\/ciudad-de-coria\/\" data-type=\"page\" data-id=\"1061\">Ciudad de Coria<\/a><\/span><\/strong> provenientes desde todos los rincones de la geograf\u00eda espa\u00f1ola: Madrid, Valladolid, Salamanca, Sevilla, Gij\u00f3n, Tarragona, Badajoz, Don Benito, Villanueva de la Serena, C\u00e1ceres, Plasencia, Trujillo o del resto de poblaciones de las comarcas lim\u00edtrofes fascinados por este destino tur\u00edstico que fuera anta\u00f1o enclave de cultura y civilizaci\u00f3n a lo largo de su dilatada historia.<\/p>\n\n\n\n<p>Un ilustre pasado glorioso que est\u00e1 escrito en las cicatrices de las piedras de los vetustos monumentos arquitect\u00f3nicos que conserva nuestro longevo <strong><span style=\"text-decoration: underline;\"><a href=\"https:\/\/turismocoria.es\/turismo\/lugares-que-no-te-puedes-perder\/casco-historico\/\" data-type=\"page\" data-id=\"732\">Casco Hist\u00f3rico<\/a><\/span><\/strong>. Desde las volum\u00e9tricas <strong><span style=\"text-decoration: underline;\"><a href=\"https:\/\/turismocoria.es\/turismo\/lugares-que-no-te-puedes-perder\/murallas-romanas\/\" data-type=\"page\" data-id=\"497\">Murallas Romanas<\/a><\/span><\/strong> (s. I) que cercan el recinto intramuros, pasando por el soberbio <strong><span style=\"text-decoration: underline;\"><a href=\"https:\/\/turismocoria.es\/turismo\/lugares-que-no-te-puedes-perder\/castillo-de-los-duques-de-alba\/\" data-type=\"page\" data-id=\"226\">Castillo (s. XV)<\/a><\/span><\/strong> y el se\u00f1orial <strong><span style=\"text-decoration: underline;\"><a href=\"https:\/\/turismocoria.es\/turismo\/otros-rincones-por-descubrir\/palacio-de-los-duques-de-alba\/\" data-type=\"page\" data-id=\"509\">Palacio de los Duques de Alba (s. XVI) <\/a><\/span><\/strong>como s\u00edmbolos del rancio poder nobiliario, hasta la magna <strong><span style=\"text-decoration: underline;\"><a href=\"https:\/\/turismocoria.es\/turismo\/lugares-que-no-te-puedes-perder\/catedral\/\" data-type=\"page\" data-id=\"488\">Catedral de Santa Mar\u00eda de la Asunci\u00f3n (s. XV-XVIII)<\/a><\/span><\/strong> convertida en joya del g\u00f3ticoplateresco extreme\u00f1o en la que se custodia el <strong><span style=\"text-decoration: underline;\"><a href=\"https:\/\/turismocoria.es\/turismo\/el-sagrado-mantel-de-la-ultima-cena\/\" data-type=\"page\" data-id=\"1176\">Sagrado Mantel de la \u00daltima Cena<\/a><\/span><\/strong>, adem\u00e1s del <strong><span style=\"text-decoration: underline;\"><a href=\"https:\/\/turismocoria.es\/turismo\/otros-rincones-por-descubrir\/palacio-episcopal\/\" data-type=\"page\" data-id=\"511\">Palacio Episcopal (s. XVII)<\/a><\/span><\/strong>, la <strong><span style=\"text-decoration: underline;\"><a href=\"https:\/\/turismocoria.es\/turismo\/otros-rincones-por-descubrir\/iglesia-santiago-apostol\/\" data-type=\"page\" data-id=\"514\">Iglesia de Santiago Ap\u00f3stol (s. XVI-XVIII)<\/a><\/span><\/strong>, el <strong><span style=\"text-decoration: underline;\"><a href=\"https:\/\/turismocoria.es\/turismo\/lugares-que-no-te-puedes-perder\/convento-de-la-madre-de-dios\/\" data-type=\"page\" data-id=\"499\">Convento de la Madre de Dios (s. XVI-XVII)<\/a><\/span><\/strong>, el <strong><span style=\"text-decoration: underline;\"><a href=\"https:\/\/turismocoria.es\/turismo\/otros-rincones-por-descubrir\/hospital-san-nicolas-de-bari\/\" data-type=\"page\" data-id=\"521\">Hospital de San Nicol\u00e1s de Bari (s. XVI-XIX)<\/a><\/span><\/strong>, el <strong><span style=\"text-decoration: underline;\"><a href=\"https:\/\/turismocoria.es\/turismo\/otros-rincones-por-descubrir\/colegio-seminario-conciliar\/\" data-type=\"page\" data-id=\"744\">Colegio Seminario Menor Conciliar (s. XVI-XIX)<\/a><\/span><\/strong>, las <strong><span style=\"text-decoration: underline;\"><a href=\"https:\/\/turismocoria.es\/turismo\/otros-rincones-por-descubrir\/carcel-real\/\" data-type=\"page\" data-id=\"2958\">C\u00e1rceles Real (s. XVII)<\/a><\/span><\/strong>, convertida en Museo de Historia, Arqueolog\u00eda y Etnograf\u00eda, y Eclesi\u00e1stica (s. XVIII), o los <strong><span style=\"text-decoration: underline;\"><a href=\"https:\/\/turismocoria.es\/turismo\/otros-rincones-por-descubrir\/puente-de-piedra\/\" data-type=\"page\" data-id=\"529\">Puentes de Piedra (s. XVI) <\/a><\/span><\/strong>y de <strong><span style=\"text-decoration: underline;\"><a href=\"https:\/\/turismocoria.es\/turismo\/otros-rincones-por-descubrir\/puente-de-hierro\/\" data-type=\"page\" data-id=\"531\">Hierro (s. XX)<\/a><\/span><\/strong>, entre otros.<\/p>\n\n\n\n<figure class=\"wp-block-embed is-type-video is-provider-youtube wp-block-embed-youtube wp-embed-aspect-16-9 wp-has-aspect-ratio\"><div class=\"wp-block-embed__wrapper\">\n<div class=\"ast-oembed-container \" style=\"height: 100%;\"><iframe loading=\"lazy\" title=\"Coria \u201cConjunto Monumental\u201d, destino tur\u00edstico del noroeste de Extremadura\" width=\"500\" height=\"281\" data-src=\"https:\/\/www.youtube.com\/embed\/M6VniblQWMo?feature=oembed\" frameborder=\"0\" allow=\"accelerometer; autoplay; clipboard-write; encrypted-media; gyroscope; picture-in-picture; web-share\" referrerpolicy=\"strict-origin-when-cross-origin\" allowfullscreen src=\"data:image\/gif;base64,R0lGODlhAQABAAAAACH5BAEKAAEALAAAAAABAAEAAAICTAEAOw==\" class=\"lazyload\" data-load-mode=\"1\"><\/iframe><\/div>\n<\/div><\/figure>\n\n\n\n<p>Por todo ello, desde la Concejal\u00eda Delegada de Desarrollo Econ\u00f3mico y Turismo del Ayuntamiento de Coria se ha apostado, un a\u00f1o m\u00e1s, por la organizaci\u00f3n del evento Coria Sabor Micol\u00f3gico, con el \u00e1nimo de mejorar y dar a conocer el atractivo mundo de las setas, aprendiendo a recolectarlas adecuadamente y a disfrutar de la deliciosa gastronom\u00eda setera que nos ofrece el t\u00e9rmino municipal de la localidad y del propio <strong><span style=\"text-decoration: underline;\"><a href=\"https:\/\/turismocoria.es\/turismo\/entornos-que-visitar\/valle-del-alagon\/\" data-type=\"page\" data-id=\"537\">Valle del Alag\u00f3n<\/a><\/span><\/strong>.<\/p>\n\n\n\n<p>En este sentido, y como <strong>estrategia tur\u00edstica<\/strong> de apoyo dirigida al sector de la hosteler\u00eda local, se ha mantenido una de las medidas encaminadas a ayudar a este segmento, caso del dise\u00f1o de una serie  de <strong>Bonos\/Descuentos<\/strong> que ser\u00e1n dispensados desde la <strong>Oficina Municipal de Turismo<\/strong> como iniciativa de incentivo dirigida a los consumidores y de refuerzo a todos aquellos <strong>establecimientos hosteleros<\/strong> radicados en la localidad interesados en participar en las modalidades para ello confeccionadas vigentes a desarrollarse del <strong>1 al 30 de noviembre<\/strong>.<\/p>\n\n\n\n<p>Unas <strong>promociones-experiencias<\/strong> dirigidas a aquellos clientes que participen en esta estrategia tur\u00edstica consistentes en d<strong>escuentos especiales en hoteles, del 1 al 30 de noviembre<\/strong>, adem\u00e1s de la aplicaci\u00f3n de <strong>10 \u20ac de descuento por alojamiento<\/strong> en r\u00e9gimen de <strong>habitaci\u00f3n doble\/2 pax, del 18 al 20 de noviembre<\/strong> coincidiendo con el <strong>D\u00eda de la Seta de Extremadura<\/strong>, y de <strong>5 \u20ac de descuento<\/strong> por <strong>la degustaci\u00f3n de platos micol\u00f3gicos a la carta diarios y men\u00fas micol\u00f3gicos de fines de semana\/2 pax<\/strong> en los <strong>establecimientos hosteleros<\/strong> participantes durante todo el mes acogidos a dicho evento gastron\u00f3mico de <strong><span style=\"text-decoration: underline;\"><a href=\"https:\/\/turismocoria.es\/turismo\/una-ciudad-con-paladar\/destino-micologico\/ruta-de-tapas-coria-sabor-micologico\/\" data-type=\"page\" data-id=\"898\">Coria Sabor Micol\u00f3gico<\/a><\/span><\/strong>.<\/p>\n\n\n\n<p>Adem\u00e1s, de la organizaci\u00f3n de nuestras ilustrativas <strong>visitas guiadas teatralizadas y\/o nocturnas<\/strong> por ese legado de cultura y civilizaci\u00f3n que es el <strong><span style=\"text-decoration: underline;\"><a href=\"https:\/\/turismocoria.es\/turismo\/lugares-que-no-te-puedes-perder\/casco-historico\/\" data-type=\"page\" data-id=\"732\">Casco Hist\u00f3rico de Coria<\/a><\/span><\/strong>, as\u00ed como de la <strong>salida o paseo micol\u00f3gico<\/strong> por la municipal <strong><span style=\"text-decoration: underline;\"><a href=\"https:\/\/turismocoria.es\/turismo\/deporte-activo-de-salud-y-vida\/de-ruta-por-los-senderos-coria\/ruta-de-la-dehesa-de-minguez\/\" data-type=\"page\" data-id=\"886\">Dehesa de M\u00ednguez<\/a><\/span><\/strong>, como una de las mejores maneras de aprender sobre la ecolog\u00eda de las setas y especies de nuestros entornos acompa\u00f1ados de un equipo experto de mic\u00f3logos, a trav\u00e9s de su posterior <strong>clasificaci\u00f3n y exposici\u00f3n de las setas recolectadas<\/strong>, as\u00ed como por medio de las <strong>conferencias<\/strong> que complementan dicha programaci\u00f3n confeccionada alrededor del mundo micol\u00f3gico.<\/p>\n\n\n\n<figure class=\"wp-block-embed is-type-video is-provider-youtube wp-block-embed-youtube wp-embed-aspect-16-9 wp-has-aspect-ratio\"><div class=\"wp-block-embed__wrapper\">\n<div class=\"ast-oembed-container \" style=\"height: 100%;\"><iframe loading=\"lazy\" title=\"CORIA SABOR MICOL\u00d3GICO\" width=\"500\" height=\"281\" data-src=\"https:\/\/www.youtube.com\/embed\/QI-hJdok3u4?feature=oembed\" frameborder=\"0\" allow=\"accelerometer; autoplay; clipboard-write; encrypted-media; gyroscope; picture-in-picture; web-share\" referrerpolicy=\"strict-origin-when-cross-origin\" allowfullscreen src=\"data:image\/gif;base64,R0lGODlhAQABAAAAACH5BAEKAAEALAAAAAABAAEAAAICTAEAOw==\" class=\"lazyload\" data-load-mode=\"1\"><\/iframe><\/div>\n<\/div><\/figure>\n\n\n\n<p>Una excelente proposici\u00f3n de<strong> turismo cultural<\/strong>, placentero y entretenido, que puede maridarse con la nueva <strong>oferta gastron\u00f3mica micol\u00f3gica<\/strong>, que en esta edici\u00f3n vuelve a recuperar la sugerente <strong><span style=\"text-decoration: underline;\"><a href=\"https:\/\/turismocoria.es\/turismo\/fiestas-y-eventos-para-disfrutar\/coria-sabor-micologico\/\" data-type=\"page\" data-id=\"584\">Ruta de Tapas Micol\u00f3gicas<\/a><\/span><\/strong> en su VII Certamen que, durante el <strong>fin de semana 19 y 20 de noviembre<\/strong>, recorrer\u00e1 parte de los principales establecimientos hosteleros de la ciudad entre el buen ambiente de ca\u00f1eo y tapeo; adem\u00e1s de contar, un d\u00eda antes, en la noche del viernes 18 de noviembre, con una <strong>degustaci\u00f3n micogastron\u00f3mica de tapas<\/strong> que ser\u00e1 llevada a cabo con la colaboraci\u00f3n de los alumnos de la especialidad de catering y servicio bar-cafeter\u00eda de la Escuela Profesional Dual de Empleo de Coria 2022; y, finalmente, como colof\u00f3n de la <strong>40\u00aa edici\u00f3n del D\u00eda de la Seta de Extremadura<\/strong>, un <strong>almuerzo micol\u00f3gico<\/strong> de despedida que ser\u00e1 ofrecido el <strong>domingo, 20 de noviembre<\/strong>, organizado por la Sociedad Micol\u00f3gica Extreme\u00f1a (Inscripci\u00f3n Previa: <a href=\"https:\/\/micoex.org\/\"><strong><span style=\"text-decoration: underline;\">https:\/\/micoex.org<\/span><\/strong><\/a>).<\/p>\n\n\n\n<p>En definitiva, una atractiva y recomendable experiencia sensitiva que se prolongar\u00e1 durante todo el oto\u00f1al <strong>mes de noviembre<\/strong> en esta bella, hist\u00f3rica, monumental y milenaria <strong><span style=\"text-decoration: underline;\"><a href=\"https:\/\/turismocoria.es\/turismo\/ciudad-de-coria\/\" data-type=\"page\" data-id=\"1061\">Ciudad de Coria,<\/a><\/span><\/strong> que est\u00e1 especialmente dirigida a todos los turistas que deseen recolectar, conocer o degustar este manjar que brinda la tierra cauriense y que proporciona y ofrece los sabores y los aromas de la f\u00e9rtil Extremadura de forma segura, apacible y sostenible.<\/p>\n\n\n\n<div data-wp-interactive=\"core\/file\" class=\"wp-block-file\"><object data-wp-bind--hidden=\"!state.hasPdfPreview\"  class=\"wp-block-file__embed\" data=\"https:\/\/turismocoria.es\/turismo\/wp-content\/uploads\/2022\/10\/folleto-promocional-coria-sabor-micologico-2022.pdf\" type=\"application\/pdf\" style=\"width:100%;height:600px\" aria-label=\"Incrustado de folleto-promocional-coria-sabor-micologico-2022.\"><\/object><a id=\"wp-block-file--media-0275ddae-9ae7-49e4-808a-cff3bc196c20\" href=\"https:\/\/turismocoria.es\/turismo\/wp-content\/uploads\/2022\/10\/folleto-promocional-coria-sabor-micologico-2022.pdf\" target=\"_blank\" rel=\"noreferrer noopener\">folleto-promocional-coria-sabor-micologico-2022<\/a><a href=\"https:\/\/turismocoria.es\/turismo\/wp-content\/uploads\/2022\/10\/folleto-promocional-coria-sabor-micologico-2022.pdf\" class=\"wp-block-file__button wp-element-button\" download aria-describedby=\"wp-block-file--media-0275ddae-9ae7-49e4-808a-cff3bc196c20\">Descarga<\/a><\/div>\n\n\n\n<p>Venga a conocer los tesoros que nos deparar\u00e1 este m\u00e1gico Oto\u00f1o Micol\u00f3gico en la Ciudad de Coria.<\/p>\n\n\n\n<p><strong>M\u00e1s Informaci\u00f3n en:<br>Oficina Municipal de Turismo<\/strong><br>Plaza de San Pedro, 1, 10800 Coria (C\u00e1ceres)<br>Tlfno.: 927 50 80 00 Ext. 290 \u2013 Email: <a href=\"mailto:oficinaturismo@coria.org\">oficinaturismo@coria.org<\/a><br>Url: <a href=\"http:\/\/www.turismocoria.es\">www.turismocoria.es<\/a><\/p>\n","protected":false},"excerpt":{"rendered":"<p>Con la llegada del oto\u00f1o comienza la temporada alta micol\u00f3gica para los amantes al mundo de las setas. Un momento id\u00f3neo para disfrutar de este enclave hist\u00f3rico y monumental que es la Ciudad de Coria que, coincidiendo con la celebraci\u00f3n del D\u00eda de la Seta de Extremadura, seguir\u00e1 ofreciendo durante toda la oto\u00f1ada ese placer [&hellip;]<\/p>\n","protected":false},"author":4,"featured_media":11340,"comment_status":"closed","ping_status":"closed","sticky":false,"template":"","format":"standard","meta":{"_uag_custom_page_level_css":"","site-sidebar-layout":"default","site-content-layout":"","ast-site-content-layout":"","site-content-style":"default","site-sidebar-style":"default","ast-global-header-display":"","ast-banner-title-visibility":"","ast-main-header-display":"","ast-hfb-above-header-display":"","ast-hfb-below-header-display":"","ast-hfb-mobile-header-display":"","site-post-title":"","ast-breadcrumbs-content":"","ast-featured-img":"","footer-sml-layout":"","theme-transparent-header-meta":"","adv-header-id-meta":"","stick-header-meta":"","header-above-stick-meta":"","header-main-stick-meta":"","header-below-stick-meta":"","astra-migrate-meta-layouts":"default","ast-page-background-enabled":"default","ast-page-background-meta":{"desktop":{"background-color":"","background-image":"","background-repeat":"repeat","background-position":"center center","background-size":"auto","background-attachment":"scroll","background-type":"","background-media":"","overlay-type":"","overlay-color":"","overlay-opacity":"","overlay-gradient":""},"tablet":{"background-color":"","background-image":"","background-repeat":"repeat","background-position":"center center","background-size":"auto","background-attachment":"scroll","background-type":"","background-media":"","overlay-type":"","overlay-color":"","overlay-opacity":"","overlay-gradient":""},"mobile":{"background-color":"","background-image":"","background-repeat":"repeat","background-position":"center center","background-size":"auto","background-attachment":"scroll","background-type":"","background-media":"","overlay-type":"","overlay-color":"","overlay-opacity":"","overlay-gradient":""}},"ast-content-background-meta":{"desktop":{"background-color":"var(--ast-global-color-5)","background-image":"","background-repeat":"repeat","background-position":"center center","background-size":"auto","background-attachment":"scroll","background-type":"","background-media":"","overlay-type":"","overlay-color":"","overlay-opacity":"","overlay-gradient":""},"tablet":{"background-color":"var(--ast-global-color-5)","background-image":"","background-repeat":"repeat","background-position":"center center","background-size":"auto","background-attachment":"scroll","background-type":"","background-media":"","overlay-type":"","overlay-color":"","overlay-opacity":"","overlay-gradient":""},"mobile":{"background-color":"var(--ast-global-color-5)","background-image":"","background-repeat":"repeat","background-position":"center center","background-size":"auto","background-attachment":"scroll","background-type":"","background-media":"","overlay-type":"","overlay-color":"","overlay-opacity":"","overlay-gradient":""}},"_EventAllDay":false,"_EventTimezone":"","_EventStartDate":"","_EventEndDate":"","_EventStartDateUTC":"","_EventEndDateUTC":"","_EventShowMap":false,"_EventShowMapLink":false,"_EventURL":"","_EventCost":"","_EventCostDescription":"","_EventCurrencySymbol":"","_EventCurrencyCode":"","_EventCurrencyPosition":"","_EventDateTimeSeparator":"","_EventTimeRangeSeparator":"","_EventOrganizerID":[],"_EventVenueID":0,"_OrganizerEmail":"","_OrganizerPhone":"","_OrganizerWebsite":"","_VenueAddress":"","_VenueCity":"","_VenueCountry":"","_VenueProvince":"","_VenueZip":"","_VenuePhone":"","_VenueURL":"","_VenueStateProvince":"","_VenueLat":"","_VenueLng":"","footnotes":""},"categories":[33],"tags":[],"class_list":["post-11339","post","type-post","status-publish","format-standard","has-post-thumbnail","hentry","category-sin-categorizar"],"featured_image_src":"https:\/\/turismocoria.es\/turismo\/wp-content\/uploads\/2022\/10\/coria-sabor-micologico-2022-600x400.jpg","featured_image_src_square":"https:\/\/turismocoria.es\/turismo\/wp-content\/uploads\/2022\/10\/coria-sabor-micologico-2022-600x600.jpg","author_info":{"display_name":"Oficina Turismo","author_link":"https:\/\/turismocoria.es\/turismo\/author\/oficina\/"},"uagb_featured_image_src":{"full":["https:\/\/turismocoria.es\/turismo\/wp-content\/uploads\/2022\/10\/coria-sabor-micologico-2022.jpg",1718,801,false],"thumbnail":["https:\/\/turismocoria.es\/turismo\/wp-content\/uploads\/2022\/10\/coria-sabor-micologico-2022-150x150.jpg",150,150,true],"medium":["https:\/\/turismocoria.es\/turismo\/wp-content\/uploads\/2022\/10\/coria-sabor-micologico-2022-300x140.jpg",300,140,true],"medium_large":["https:\/\/turismocoria.es\/turismo\/wp-content\/uploads\/2022\/10\/coria-sabor-micologico-2022-768x358.jpg",768,358,true],"large":["https:\/\/turismocoria.es\/turismo\/wp-content\/uploads\/2022\/10\/coria-sabor-micologico-2022-1024x477.jpg",1024,477,true],"gs-tiny":["https:\/\/turismocoria.es\/turismo\/wp-content\/uploads\/2022\/10\/coria-sabor-micologico-2022.jpg",50,23,false],"xl":["https:\/\/turismocoria.es\/turismo\/wp-content\/uploads\/2022\/10\/coria-sabor-micologico-2022-1600x746.jpg",1600,746,true],"xxl":["https:\/\/turismocoria.es\/turismo\/wp-content\/uploads\/2022\/10\/coria-sabor-micologico-2022.jpg",1718,801,false],"xxxl":["https:\/\/turismocoria.es\/turismo\/wp-content\/uploads\/2022\/10\/coria-sabor-micologico-2022.jpg",1718,801,false],"xxxxl":["https:\/\/turismocoria.es\/turismo\/wp-content\/uploads\/2022\/10\/coria-sabor-micologico-2022.jpg",1718,801,false],"xxxxxl":["https:\/\/turismocoria.es\/turismo\/wp-content\/uploads\/2022\/10\/coria-sabor-micologico-2022.jpg",1718,801,false],"1536x1536":["https:\/\/turismocoria.es\/turismo\/wp-content\/uploads\/2022\/10\/coria-sabor-micologico-2022-1536x716.jpg",1536,716,true],"2048x2048":["https:\/\/turismocoria.es\/turismo\/wp-content\/uploads\/2022\/10\/coria-sabor-micologico-2022.jpg",1718,801,false],"ultp_layout_landscape_large":["https:\/\/turismocoria.es\/turismo\/wp-content\/uploads\/2022\/10\/coria-sabor-micologico-2022-1200x800.jpg",1200,800,true],"ultp_layout_landscape":["https:\/\/turismocoria.es\/turismo\/wp-content\/uploads\/2022\/10\/coria-sabor-micologico-2022-870x570.jpg",870,570,true],"ultp_layout_portrait":["https:\/\/turismocoria.es\/turismo\/wp-content\/uploads\/2022\/10\/coria-sabor-micologico-2022-600x801.jpg",600,801,true],"ultp_layout_square":["https:\/\/turismocoria.es\/turismo\/wp-content\/uploads\/2022\/10\/coria-sabor-micologico-2022-600x600.jpg",600,600,true],"gb-block-post-grid-landscape":["https:\/\/turismocoria.es\/turismo\/wp-content\/uploads\/2022\/10\/coria-sabor-micologico-2022-600x400.jpg",600,400,true],"gb-block-post-grid-square":["https:\/\/turismocoria.es\/turismo\/wp-content\/uploads\/2022\/10\/coria-sabor-micologico-2022-600x600.jpg",600,600,true]},"uagb_author_info":{"display_name":"Oficina Turismo","author_link":"https:\/\/turismocoria.es\/turismo\/author\/oficina\/"},"uagb_comment_info":0,"uagb_excerpt":"Con la llegada del oto\u00f1o comienza la temporada alta micol\u00f3gica para los amantes al mundo de las setas. Un momento id\u00f3neo para disfrutar de este enclave hist\u00f3rico y monumental que es la Ciudad de Coria que, coincidiendo con la celebraci\u00f3n del D\u00eda de la Seta de Extremadura, seguir\u00e1 ofreciendo durante toda la oto\u00f1ada ese placer&hellip;","_links":{"self":[{"href":"https:\/\/turismocoria.es\/turismo\/wp-json\/wp\/v2\/posts\/11339"}],"collection":[{"href":"https:\/\/turismocoria.es\/turismo\/wp-json\/wp\/v2\/posts"}],"about":[{"href":"https:\/\/turismocoria.es\/turismo\/wp-json\/wp\/v2\/types\/post"}],"author":[{"embeddable":true,"href":"https:\/\/turismocoria.es\/turismo\/wp-json\/wp\/v2\/users\/4"}],"replies":[{"embeddable":true,"href":"https:\/\/turismocoria.es\/turismo\/wp-json\/wp\/v2\/comments?post=11339"}],"version-history":[{"count":3,"href":"https:\/\/turismocoria.es\/turismo\/wp-json\/wp\/v2\/posts\/11339\/revisions"}],"predecessor-version":[{"id":11347,"href":"https:\/\/turismocoria.es\/turismo\/wp-json\/wp\/v2\/posts\/11339\/revisions\/11347"}],"wp:featuredmedia":[{"embeddable":true,"href":"https:\/\/turismocoria.es\/turismo\/wp-json\/wp\/v2\/media\/11340"}],"wp:attachment":[{"href":"https:\/\/turismocoria.es\/turismo\/wp-json\/wp\/v2\/media?parent=11339"}],"wp:term":[{"taxonomy":"category","embeddable":true,"href":"https:\/\/turismocoria.es\/turismo\/wp-json\/wp\/v2\/categories?post=11339"},{"taxonomy":"post_tag","embeddable":true,"href":"https:\/\/turismocoria.es\/turismo\/wp-json\/wp\/v2\/tags?post=11339"}],"curies":[{"name":"wp","href":"https:\/\/api.w.org\/{rel}","templated":true}]}}