{"id":11329,"date":"2022-09-28T18:01:05","date_gmt":"2022-09-28T16:01:05","guid":{"rendered":"https:\/\/turismocoria.es\/turismo\/?p=11329"},"modified":"2022-09-28T18:01:07","modified_gmt":"2022-09-28T16:01:07","slug":"coria-tu-destino-turistico-cultural-de-interior","status":"publish","type":"post","link":"https:\/\/turismocoria.es\/turismo\/coria-tu-destino-turistico-cultural-de-interior\/","title":{"rendered":"Coria: Tu Destino Tur\u00edstico Cultural de Interior"},"content":{"rendered":"\n<p><strong>La Ciudad de Coria sigue siendo una de las poblaciones con mayor encanto de toda Extremadura y, por consiguiente, de visita obligada sin importar la \u00e9poca estacional de a\u00f1o que, durante lo que resta de oto\u00f1ada, le seguir\u00e1 sorprendiendo como legado milenario de cultura y civilizaci\u00f3n.<\/strong><\/p>\n\n\n\n<p>Un relajado paseo por su coqueto Casco Hist\u00f3rico les descubrir\u00e1 muchos de los atractivos tesoros que celosamente atesora este m\u00e1gico escenario, adem\u00e1s de tener el placer de saborear, pr\u00f3ximamente, la buena cocina micol\u00f3gica dentro de los fogones de los principales establecimientos de restauraci\u00f3n abiertos en la localidad.<\/p>\n\n\n\n<p>Una urbe que, asentada al noroeste de la provincia de C\u00e1ceres, se ha erigido por m\u00e9ritos propios en centro de destino tur\u00edstico de la Alta Extremadura, derivado de su rico y longevo <strong>Patrimonio Hist\u00f3rico-Art\u00edstico, Cultural y Natural<\/strong> heredado durante siglos, lo que la convierten en el noveno n\u00facleo m\u00e1s antiguo y de extraordinario embrujo de toda Espa\u00f1a.<\/p>\n\n\n\n<p>Una milenaria historia que est\u00e1 presente, con gran autenticidad, en nuestra admirada y legendaria <strong><span style=\"text-decoration: underline;\"><a href=\"https:\/\/turismocoria.es\/turismo\/ciudad-de-coria\/\" data-type=\"page\" data-id=\"1061\">ciudad antigua<\/a><\/span><\/strong>, otrora sede del marquesado de Alba y curia, a\u00fan, de uno de los Obispados m\u00e1s primitivos de este pa\u00eds, bajo cuyo reposado silencio emergen los recuerdos de su florida antig\u00fcedad descritos en las cicatrices de las piedras de los vetustos monumentos que hoy restan de tan ilustre pasado glorioso, desde su nacimiento en \u00e9poca celta, pasando por su esplendor dentro del per\u00edodo romano y visigodo, hasta ser pieza codiciada como plaza estrat\u00e9gica de defensa fronteriza en el medievo por \u00e1rabes y cristianos durante los a\u00f1os de la Reconquista.<\/p>\n\n\n\n<p>Etapas cronol\u00f3gicas de la longeva historia cauriense, que han quedado en parte atestiguadas por el magn\u00edfico <strong><span style=\"text-decoration: underline;\"><a href=\"https:\/\/turismocoria.es\/turismo\/lugares-que-no-te-puedes-perder\/casco-historico\/\" data-type=\"page\" data-id=\"732\">legado monumental<\/a><\/span><\/strong> que conserva la ciudad. Desde las volum\u00e9tricas <strong><span style=\"text-decoration: underline;\"><a href=\"https:\/\/turismocoria.es\/turismo\/lugares-que-no-te-puedes-perder\/murallas-romanas\/\" data-type=\"page\" data-id=\"497\">Murallas Romanas (s. I)<\/a><\/span><\/strong> que circundan el Casco Hist\u00f3rico constituy\u00e9ndose como una de las fortalezas de origen romano mejor conservadas en su conjunto de entre todas las halladas en el resto de Europa; pasando por los soberbios y se\u00f1oriales <strong><span style=\"text-decoration: underline;\"><a href=\"https:\/\/turismocoria.es\/turismo\/lugares-que-no-te-puedes-perder\/castillo-de-los-duques-de-alba\/\" data-type=\"page\" data-id=\"226\">Castillo (s. XV)<\/a><\/span><\/strong> y <strong><span style=\"text-decoration: underline;\"><a href=\"https:\/\/turismocoria.es\/turismo\/otros-rincones-por-descubrir\/palacio-de-los-duques-de-alba\/\" data-type=\"page\" data-id=\"509\">Palacio de los Duques de Alba (s. XVI)<\/a><\/span><\/strong> como s\u00edmbolos del rancio poder nobiliario; hasta la magna <strong><span style=\"text-decoration: underline;\"><a href=\"https:\/\/turismocoria.es\/turismo\/lugares-que-no-te-puedes-perder\/catedral\/\" data-type=\"page\" data-id=\"488\">Catedral de Santa Mar\u00eda de la Asunci\u00f3n (s. XV-XVIII)<\/a><\/span><\/strong>, joya del g\u00f3tico-plateresco extreme\u00f1o, en la que se custodia el <strong><span style=\"text-decoration: underline;\"><a href=\"https:\/\/turismocoria.es\/turismo\/historias-para-toda-la-familia\/descubre-el-mantel-sagrado-de-coria\/\" data-type=\"page\" data-id=\"550\">Sagrado Mantel de la \u00daltima Cena<\/a><\/span><\/strong>; adem\u00e1s del <strong><span style=\"text-decoration: underline;\"><a href=\"https:\/\/turismocoria.es\/turismo\/otros-rincones-por-descubrir\/palacio-episcopal\/\" data-type=\"page\" data-id=\"511\">Palacio Episcopal (s. XVII)<\/a><\/span><\/strong>, la Iglesia de <strong><span style=\"text-decoration: underline;\"><a href=\"https:\/\/turismocoria.es\/turismo\/otros-rincones-por-descubrir\/iglesia-santiago-apostol\/\" data-type=\"page\" data-id=\"514\">Santiago Ap\u00f3stol (s. XVI-XVIII)<\/a><\/span><\/strong>, el <strong><span style=\"text-decoration: underline;\"><a href=\"https:\/\/turismocoria.es\/turismo\/lugares-que-no-te-puedes-perder\/convento-de-la-madre-de-dios\/\" data-type=\"page\" data-id=\"499\">Convento de la Madre de Dios (s. XVI-XVII)<\/a><\/span><\/strong>, el <strong><span style=\"text-decoration: underline;\"><a href=\"https:\/\/turismocoria.es\/turismo\/otros-rincones-por-descubrir\/hospital-san-nicolas-de-bari\/\" data-type=\"page\" data-id=\"521\">Hospital de San Nicol\u00e1s de Bari (s. XVI-XIX)<\/a><\/span><\/strong>, el <strong><span style=\"text-decoration: underline;\"><a href=\"https:\/\/turismocoria.es\/turismo\/otros-rincones-por-descubrir\/colegio-seminario-conciliar\/\" data-type=\"page\" data-id=\"744\">Colegio Seminario Menor Conciliar (s. XVI-XIX)<\/a><\/span><\/strong>, las <strong><span style=\"text-decoration: underline;\"><a href=\"https:\/\/turismocoria.es\/turismo\/otros-rincones-por-descubrir\/carcel-real\/\" data-type=\"page\" data-id=\"2958\">C\u00e1rceles Real (s. XVII)<\/a><\/span><\/strong>, convertida en Museo de Historia, Arqueolog\u00eda y Etnograf\u00eda, y <strong><span style=\"text-decoration: underline;\"><a href=\"https:\/\/turismocoria.es\/turismo\/lugares-que-no-te-puedes-perder\/museo-catedralicio\/\" data-type=\"page\" data-id=\"501\">Eclesi\u00e1stica (s. XVIII)<\/a><\/span><\/strong>, o los <strong><span style=\"text-decoration: underline;\"><a href=\"https:\/\/turismocoria.es\/turismo\/otros-rincones-por-descubrir\/puente-de-piedra\/\" data-type=\"page\" data-id=\"529\">Puentes de Piedra (s. XVI)<\/a><\/span><\/strong> y <strong><span style=\"text-decoration: underline;\"><a href=\"https:\/\/turismocoria.es\/turismo\/otros-rincones-por-descubrir\/puente-de-hierro\/\" data-type=\"page\" data-id=\"531\">de Hierro (s. XX)<\/a><\/span><\/strong>, entre otros.<\/p>\n\n\n\n<figure class=\"wp-block-embed is-type-video is-provider-youtube wp-block-embed-youtube wp-embed-aspect-16-9 wp-has-aspect-ratio\"><div class=\"wp-block-embed__wrapper\">\n<div class=\"ast-oembed-container \" style=\"height: 100%;\"><iframe loading=\"lazy\" title=\"Coria \u201cConjunto Monumental\u201d, destino tur\u00edstico del noroeste de Extremadura\" width=\"500\" height=\"281\" data-src=\"https:\/\/www.youtube.com\/embed\/M6VniblQWMo?feature=oembed\" frameborder=\"0\" allow=\"accelerometer; autoplay; clipboard-write; encrypted-media; gyroscope; picture-in-picture; web-share\" referrerpolicy=\"strict-origin-when-cross-origin\" allowfullscreen src=\"data:image\/gif;base64,R0lGODlhAQABAAAAACH5BAEKAAEALAAAAAABAAEAAAICTAEAOw==\" class=\"lazyload\" data-load-mode=\"1\"><\/iframe><\/div>\n<\/div><\/figure>\n\n\n\n<p>Grandes y soberbios monumentos conservados entre un entramado de calles que enamorar\u00e1n al turista, donde la devoci\u00f3n, la cultura y el turismo en torno a las <strong>Santas Reliquias<\/strong> conservadas en la Catedral cauriense, ponen el punto \u00e1lgido de esta ciudad episcopal y punto final de peregrinaci\u00f3n de los fervorosos fieles deseosos de venerar estos verdaderos tesoros sacros. Un rico legado de piezas y alhajas entre las que destacan una <strong>Santa Espina <\/strong>de la Corona, junto a un <strong><em>Lignum Crucis<\/em><\/strong> o fragmento de la Cruz de Jesucristo, adem\u00e1s del citado y excepcional <strong><span style=\"text-decoration: underline;\"><a href=\"https:\/\/turismocoria.es\/turismo\/el-sagrado-mantel-de-la-ultima-cena\/\" data-type=\"page\" data-id=\"1176\">Sagrado Mantel de la \u00daltima Cena<\/a><\/span><\/strong>, como reliquia universal de la cristiandad.<\/p>\n\n\n\n<figure class=\"wp-block-embed is-type-video is-provider-youtube wp-block-embed-youtube wp-embed-aspect-16-9 wp-has-aspect-ratio\"><div class=\"wp-block-embed__wrapper\">\n<div class=\"ast-oembed-container \" style=\"height: 100%;\"><iframe loading=\"lazy\" title=\"El Sagrado Mantel de Coria: Cultura, Devoci\u00f3n y Turismo - Reliquia Universal de la Cristiandad\" width=\"500\" height=\"281\" data-src=\"https:\/\/www.youtube.com\/embed\/qBfoZ48Qe9Q?feature=oembed\" frameborder=\"0\" allow=\"accelerometer; autoplay; clipboard-write; encrypted-media; gyroscope; picture-in-picture; web-share\" referrerpolicy=\"strict-origin-when-cross-origin\" allowfullscreen src=\"data:image\/gif;base64,R0lGODlhAQABAAAAACH5BAEKAAEALAAAAAABAAEAAAICTAEAOw==\" class=\"lazyload\" data-load-mode=\"1\"><\/iframe><\/div>\n<\/div><\/figure>\n\n\n\n<p>Y, junto las milenarias huellas de la historia y el rico legado cultural del pasado cauriense atesorado en las colecciones conservadas en los <strong><span style=\"text-decoration: underline;\"><a href=\"https:\/\/turismocoria.es\/turismo\/lugares-que-no-te-puedes-perder\/museo-catedralicio\/\" data-type=\"page\" data-id=\"501\">museos Catedralicio<\/a><\/span><\/strong> y <strong><span style=\"text-decoration: underline;\"><a href=\"https:\/\/turismocoria.es\/turismo\/lugares-que-no-te-puedes-perder\/museo-de-la-carcel-real\/\" data-type=\"page\" data-id=\"503\">de la C\u00e1rcel Real<\/a><\/span><\/strong> de la localidad, el turista podr\u00e1 sentir y disfrutar, tambi\u00e9n, de una variada y fecunda <strong>oferta gastron\u00f3mica, cultural, deportiva, folcl\u00f3rica y festiva<\/strong> que, unida a la diversificada <strong>oferta hostelera y comercial<\/strong>, a buen seguro cubrir\u00e1n todas las necesidades y los gustos de aquellos viajeros que la visiten, sin urgencias de tiempo, para deleitarse en plenitud de rico legado Patrimonial Cultural y Natural heredado desde siglos pret\u00e9ritos, perfectamente adaptado a la situaci\u00f3n actual que vivimos de forma segura, apacible y sostenible.<\/p>\n\n\n\n<p><strong>M\u00e1s Informaci\u00f3n en:<br>Oficina Municipal de Turismo<\/strong><br>Plaza de San Pedro, 1, 10800 Coria (C\u00e1ceres)<br>Tlfno.: 927 50 80 00 Ext. 290 \u2013 Email: <a href=\"mailto:oficinaturismo@coria.org\">oficinaturismo@coria.org<\/a><br>Url: <a href=\"http:\/\/www.turismocoria.es\">www.turismocoria.es<\/a><\/p>\n","protected":false},"excerpt":{"rendered":"<p>La Ciudad de Coria sigue siendo una de las poblaciones con mayor encanto de toda Extremadura y, por consiguiente, de visita obligada sin importar la \u00e9poca estacional de a\u00f1o que, durante lo que resta de oto\u00f1ada, le seguir\u00e1 sorprendiendo como legado milenario de cultura y civilizaci\u00f3n. Un relajado paseo por su coqueto Casco Hist\u00f3rico les [&hellip;]<\/p>\n","protected":false},"author":4,"featured_media":11330,"comment_status":"closed","ping_status":"closed","sticky":false,"template":"","format":"standard","meta":{"_uag_custom_page_level_css":"","site-sidebar-layout":"default","site-content-layout":"","ast-site-content-layout":"","site-content-style":"default","site-sidebar-style":"default","ast-global-header-display":"","ast-banner-title-visibility":"","ast-main-header-display":"","ast-hfb-above-header-display":"","ast-hfb-below-header-display":"","ast-hfb-mobile-header-display":"","site-post-title":"","ast-breadcrumbs-content":"","ast-featured-img":"","footer-sml-layout":"","theme-transparent-header-meta":"","adv-header-id-meta":"","stick-header-meta":"","header-above-stick-meta":"","header-main-stick-meta":"","header-below-stick-meta":"","astra-migrate-meta-layouts":"default","ast-page-background-enabled":"default","ast-page-background-meta":{"desktop":{"background-color":"","background-image":"","background-repeat":"repeat","background-position":"center center","background-size":"auto","background-attachment":"scroll","background-type":"","background-media":"","overlay-type":"","overlay-color":"","overlay-opacity":"","overlay-gradient":""},"tablet":{"background-color":"","background-image":"","background-repeat":"repeat","background-position":"center center","background-size":"auto","background-attachment":"scroll","background-type":"","background-media":"","overlay-type":"","overlay-color":"","overlay-opacity":"","overlay-gradient":""},"mobile":{"background-color":"","background-image":"","background-repeat":"repeat","background-position":"center center","background-size":"auto","background-attachment":"scroll","background-type":"","background-media":"","overlay-type":"","overlay-color":"","overlay-opacity":"","overlay-gradient":""}},"ast-content-background-meta":{"desktop":{"background-color":"var(--ast-global-color-5)","background-image":"","background-repeat":"repeat","background-position":"center center","background-size":"auto","background-attachment":"scroll","background-type":"","background-media":"","overlay-type":"","overlay-color":"","overlay-opacity":"","overlay-gradient":""},"tablet":{"background-color":"var(--ast-global-color-5)","background-image":"","background-repeat":"repeat","background-position":"center center","background-size":"auto","background-attachment":"scroll","background-type":"","background-media":"","overlay-type":"","overlay-color":"","overlay-opacity":"","overlay-gradient":""},"mobile":{"background-color":"var(--ast-global-color-5)","background-image":"","background-repeat":"repeat","background-position":"center center","background-size":"auto","background-attachment":"scroll","background-type":"","background-media":"","overlay-type":"","overlay-color":"","overlay-opacity":"","overlay-gradient":""}},"_EventAllDay":false,"_EventTimezone":"","_EventStartDate":"","_EventEndDate":"","_EventStartDateUTC":"","_EventEndDateUTC":"","_EventShowMap":false,"_EventShowMapLink":false,"_EventURL":"","_EventCost":"","_EventCostDescription":"","_EventCurrencySymbol":"","_EventCurrencyCode":"","_EventCurrencyPosition":"","_EventDateTimeSeparator":"","_EventTimeRangeSeparator":"","_EventOrganizerID":[],"_EventVenueID":0,"_OrganizerEmail":"","_OrganizerPhone":"","_OrganizerWebsite":"","_VenueAddress":"","_VenueCity":"","_VenueCountry":"","_VenueProvince":"","_VenueZip":"","_VenuePhone":"","_VenueURL":"","_VenueStateProvince":"","_VenueLat":"","_VenueLng":"","footnotes":""},"categories":[33],"tags":[],"class_list":["post-11329","post","type-post","status-publish","format-standard","has-post-thumbnail","hentry","category-sin-categorizar"],"featured_image_src":"https:\/\/turismocoria.es\/turismo\/wp-content\/uploads\/2022\/09\/coria-destino-turistico-de-interior-600x400.jpg","featured_image_src_square":"https:\/\/turismocoria.es\/turismo\/wp-content\/uploads\/2022\/09\/coria-destino-turistico-de-interior-600x600.jpg","author_info":{"display_name":"Oficina Turismo","author_link":"https:\/\/turismocoria.es\/turismo\/author\/oficina\/"},"uagb_featured_image_src":{"full":["https:\/\/turismocoria.es\/turismo\/wp-content\/uploads\/2022\/09\/coria-destino-turistico-de-interior.jpg",1067,709,false],"thumbnail":["https:\/\/turismocoria.es\/turismo\/wp-content\/uploads\/2022\/09\/coria-destino-turistico-de-interior-150x150.jpg",150,150,true],"medium":["https:\/\/turismocoria.es\/turismo\/wp-content\/uploads\/2022\/09\/coria-destino-turistico-de-interior-300x199.jpg",300,199,true],"medium_large":["https:\/\/turismocoria.es\/turismo\/wp-content\/uploads\/2022\/09\/coria-destino-turistico-de-interior-768x510.jpg",768,510,true],"large":["https:\/\/turismocoria.es\/turismo\/wp-content\/uploads\/2022\/09\/coria-destino-turistico-de-interior-1024x680.jpg",1024,680,true],"gs-tiny":["https:\/\/turismocoria.es\/turismo\/wp-content\/uploads\/2022\/09\/coria-destino-turistico-de-interior.jpg",50,33,false],"xl":["https:\/\/turismocoria.es\/turismo\/wp-content\/uploads\/2022\/09\/coria-destino-turistico-de-interior.jpg",1067,709,false],"xxl":["https:\/\/turismocoria.es\/turismo\/wp-content\/uploads\/2022\/09\/coria-destino-turistico-de-interior.jpg",1067,709,false],"xxxl":["https:\/\/turismocoria.es\/turismo\/wp-content\/uploads\/2022\/09\/coria-destino-turistico-de-interior.jpg",1067,709,false],"xxxxl":["https:\/\/turismocoria.es\/turismo\/wp-content\/uploads\/2022\/09\/coria-destino-turistico-de-interior.jpg",1067,709,false],"xxxxxl":["https:\/\/turismocoria.es\/turismo\/wp-content\/uploads\/2022\/09\/coria-destino-turistico-de-interior.jpg",1067,709,false],"1536x1536":["https:\/\/turismocoria.es\/turismo\/wp-content\/uploads\/2022\/09\/coria-destino-turistico-de-interior.jpg",1067,709,false],"2048x2048":["https:\/\/turismocoria.es\/turismo\/wp-content\/uploads\/2022\/09\/coria-destino-turistico-de-interior.jpg",1067,709,false],"ultp_layout_landscape_large":["https:\/\/turismocoria.es\/turismo\/wp-content\/uploads\/2022\/09\/coria-destino-turistico-de-interior.jpg",1067,709,false],"ultp_layout_landscape":["https:\/\/turismocoria.es\/turismo\/wp-content\/uploads\/2022\/09\/coria-destino-turistico-de-interior-870x570.jpg",870,570,true],"ultp_layout_portrait":["https:\/\/turismocoria.es\/turismo\/wp-content\/uploads\/2022\/09\/coria-destino-turistico-de-interior-600x709.jpg",600,709,true],"ultp_layout_square":["https:\/\/turismocoria.es\/turismo\/wp-content\/uploads\/2022\/09\/coria-destino-turistico-de-interior-600x600.jpg",600,600,true],"gb-block-post-grid-landscape":["https:\/\/turismocoria.es\/turismo\/wp-content\/uploads\/2022\/09\/coria-destino-turistico-de-interior-600x400.jpg",600,400,true],"gb-block-post-grid-square":["https:\/\/turismocoria.es\/turismo\/wp-content\/uploads\/2022\/09\/coria-destino-turistico-de-interior-600x600.jpg",600,600,true]},"uagb_author_info":{"display_name":"Oficina Turismo","author_link":"https:\/\/turismocoria.es\/turismo\/author\/oficina\/"},"uagb_comment_info":0,"uagb_excerpt":"La Ciudad de Coria sigue siendo una de las poblaciones con mayor encanto de toda Extremadura y, por consiguiente, de visita obligada sin importar la \u00e9poca estacional de a\u00f1o que, durante lo que resta de oto\u00f1ada, le seguir\u00e1 sorprendiendo como legado milenario de cultura y civilizaci\u00f3n. Un relajado paseo por su coqueto Casco Hist\u00f3rico les&hellip;","_links":{"self":[{"href":"https:\/\/turismocoria.es\/turismo\/wp-json\/wp\/v2\/posts\/11329"}],"collection":[{"href":"https:\/\/turismocoria.es\/turismo\/wp-json\/wp\/v2\/posts"}],"about":[{"href":"https:\/\/turismocoria.es\/turismo\/wp-json\/wp\/v2\/types\/post"}],"author":[{"embeddable":true,"href":"https:\/\/turismocoria.es\/turismo\/wp-json\/wp\/v2\/users\/4"}],"replies":[{"embeddable":true,"href":"https:\/\/turismocoria.es\/turismo\/wp-json\/wp\/v2\/comments?post=11329"}],"version-history":[{"count":1,"href":"https:\/\/turismocoria.es\/turismo\/wp-json\/wp\/v2\/posts\/11329\/revisions"}],"predecessor-version":[{"id":11331,"href":"https:\/\/turismocoria.es\/turismo\/wp-json\/wp\/v2\/posts\/11329\/revisions\/11331"}],"wp:featuredmedia":[{"embeddable":true,"href":"https:\/\/turismocoria.es\/turismo\/wp-json\/wp\/v2\/media\/11330"}],"wp:attachment":[{"href":"https:\/\/turismocoria.es\/turismo\/wp-json\/wp\/v2\/media?parent=11329"}],"wp:term":[{"taxonomy":"category","embeddable":true,"href":"https:\/\/turismocoria.es\/turismo\/wp-json\/wp\/v2\/categories?post=11329"},{"taxonomy":"post_tag","embeddable":true,"href":"https:\/\/turismocoria.es\/turismo\/wp-json\/wp\/v2\/tags?post=11329"}],"curies":[{"name":"wp","href":"https:\/\/api.w.org\/{rel}","templated":true}]}}