{"id":11256,"date":"2022-09-24T09:06:57","date_gmt":"2022-09-24T07:06:57","guid":{"rendered":"https:\/\/turismocoria.es\/turismo\/?p=11256"},"modified":"2022-09-24T09:06:59","modified_gmt":"2022-09-24T07:06:59","slug":"siente-el-dia-mundial-del-turismo-en-la-ciudad-de-coria","status":"publish","type":"post","link":"https:\/\/turismocoria.es\/turismo\/siente-el-dia-mundial-del-turismo-en-la-ciudad-de-coria\/","title":{"rendered":"Siente el D\u00eda Mundial del Turismo en la Ciudad de Coria"},"content":{"rendered":"\n<p><strong>Si tienes previsto hacer un viaje coincidiendo con el D\u00eda Mundial del Turismo, puedes entonces disfrutar de un evocador fin de semana en la hist\u00f3rica y monumental Ciudad de Coria. Un milenario enclave tur\u00edstico de obligada visita que le descubrir\u00e1 muchos de los atractivos tesoros que celosamente se conservan en esta cultural, paisaj\u00edstica y rural localidad extreme\u00f1a.<\/strong><\/p>\n\n\n\n<p>Bajo el lema <strong><em>\u201cRepensar el Turismo\u201d<\/em><\/strong>, la OMT desea poner en relieve el cambio hacia el reconocimiento del turismo como pilar crucial del desarrollo. Aunque la tarea no es f\u00e1cil, es el momento de repensar uno de los principales sectores econ\u00f3micos a nivel mundial, derivado a que la crisis ha inspirado y catalizado la creatividad, mientras que la pandemia ha acelerado la transformaci\u00f3n del trabajo, planteando desaf\u00edos, a la vez que generado grandes oportunidades para asegurar el crecimiento de las ciudades y los destinos, adem\u00e1s de reforzar las peque\u00f1as y medianas empresas y crear empleo benefici\u00e1ndose de la reactivaci\u00f3n de un turismo m\u00e1s verde, m\u00e1s inteligente y m\u00e1s seguro.<\/p>\n\n\n\n<p>Una celebraci\u00f3n del D\u00eda Mundial del Turismo, que se celebrar\u00e1 este martes, 27 de septiembre, y que este a\u00f1o llega en un momento de impulso y recuperaci\u00f3n del sector, a trav\u00e9s de la cooperaci\u00f3n internacional del fomento del conocimiento de los recursos culturales y naturales que ofrece cada destino, del que le proponemos, dentro de esta simb\u00f3lica efem\u00e9ride, una de las escapadas m\u00e1s interesantes, sin duda, a una de las poblaciones con mayor encanto de toda Extremadura como es la milenaria Ciudad de Coria, donde un relajado paseo por las calles y plazas de su longevo y coqueto <strong><span style=\"text-decoration: underline;\"><a href=\"https:\/\/turismocoria.es\/turismo\/lugares-que-no-te-puedes-perder\/casco-historico\/\" data-type=\"page\" data-id=\"732\">Casco Hist\u00f3rico Amurallado<\/a><\/span><\/strong> le trasladar\u00e1 a otras \u00e9pocas de la historia en el que ha sido considerado como el <strong><span style=\"text-decoration: underline;\"><a href=\"https:\/\/turismocoria.es\/turismo\/ciudad-de-coria\/\" data-type=\"page\" data-id=\"1061\">noveno rinc\u00f3n m\u00e1s antiguo de toda Espa\u00f1a<\/a><\/span><\/strong>.<\/p>\n\n\n\n<p>Un magn\u00edfico <strong>Patrimonio Hist\u00f3rico-Art\u00edstico<\/strong>, <strong>Cultural <\/strong>y <strong>Natural <\/strong>heredado durante siglos que, perfectamente conservado a intramuros y extramuros de la nobiliaria y episcopal Ciudad de Coria a orillas del caudaloso r\u00edo Alag\u00f3n, podr\u00e1 ser descubierto a trav\u00e9s de su participaci\u00f3n activa hasta el punto de llevarse un bonito recuerdo para ser compartido con su familia o grupo de amigos.<\/p>\n\n\n\n<figure class=\"wp-block-embed is-type-video is-provider-youtube wp-block-embed-youtube wp-embed-aspect-16-9 wp-has-aspect-ratio\"><div class=\"wp-block-embed__wrapper\">\n<div class=\"ast-oembed-container \" style=\"height: 100%;\"><iframe loading=\"lazy\" title=\"Coria \u201cConjunto Monumental\u201d, destino tur\u00edstico del noroeste de Extremadura\" width=\"500\" height=\"281\" data-src=\"https:\/\/www.youtube.com\/embed\/M6VniblQWMo?feature=oembed\" frameborder=\"0\" allow=\"accelerometer; autoplay; clipboard-write; encrypted-media; gyroscope; picture-in-picture; web-share\" referrerpolicy=\"strict-origin-when-cross-origin\" allowfullscreen src=\"data:image\/gif;base64,R0lGODlhAQABAAAAACH5BAEKAAEALAAAAAABAAEAAAICTAEAOw==\" class=\"lazyload\" data-load-mode=\"1\"><\/iframe><\/div>\n<\/div><\/figure>\n\n\n\n<p>Por ello, le invitamos a participar en la serie de <strong>actividades dise\u00f1adas y programadas<\/strong> para esta se\u00f1alada jornada, al objeto de que puedan conocer los valores patrimoniales que est\u00e1n presentes, con gran autenticidad, en nuestra admirada y legendaria ciudad antigua, otrora sede del marquesado de Alba y curia a\u00fan de uno de los Obispados m\u00e1s primitivos de este pa\u00eds.<\/p>\n\n\n\n<p>En este sentido, qu\u00e9 mejor manera de conocer nuestro rico patrimonio hist\u00f3rico-monumental o natural heredado, que a trav\u00e9s de la <strong>entrada gratuita<\/strong> a todos los <strong>monumentos visitables<\/strong> repartidos por el <strong><span style=\"text-decoration: underline;\"><a href=\"https:\/\/turismocoria.es\/turismo\/lugares-que-no-te-puedes-perder\/casco-historico\/\" data-type=\"page\" data-id=\"732\">Casco Antiguo de Coria<\/a><\/span><\/strong> el pr\u00f3ximo <strong>martes, 27 de septiembre<\/strong>, coincidiendo con el <strong>D\u00eda Mundial del Turismo<\/strong>. Una gratificante forma descubrir, tambi\u00e9n, el <strong>legado cultural y espiritual<\/strong> que se exhibe en las colecciones conservadas en los <strong><span style=\"text-decoration: underline;\"><a href=\"https:\/\/turismocoria.es\/turismo\/lugares-que-no-te-puedes-perder\/museo-catedralicio\/\" data-type=\"page\" data-id=\"501\">museos Catedralicio<\/a><\/span><\/strong> y <strong><span style=\"text-decoration: underline;\"><a href=\"https:\/\/turismocoria.es\/turismo\/lugares-que-no-te-puedes-perder\/museo-de-la-carcel-real\/\" data-type=\"page\" data-id=\"503\">de la C\u00e1rcel Real<\/a><\/span><\/strong> de la tambi\u00e9n ciudad episcopal que fue, en su tiempo, el punto final de una de las peregrinaciones m\u00e1s importantes y conocidas de toda la pen\u00ednsula Ib\u00e9rica. Devoci\u00f3n, cultura y turismo en torno a las <strong>Santas Reliquias<\/strong> conservadas en la seo cauriense, convertidas en verdaderos tesoros sacros para el gozo y fervor de los fieles. Un rico legado de piezas y alhajas entre las que destacan una <strong>Santa Espina<\/strong> de la Corona, junto a un <strong>Lignum Crucis<\/strong> o fragmento de la Cruz de Jesucristo, adem\u00e1s del citado y excepcional <strong><span style=\"text-decoration: underline;\"><a href=\"https:\/\/turismocoria.es\/turismo\/el-sagrado-mantel-de-la-ultima-cena\/\" data-type=\"page\" data-id=\"1176\">Sagrado Mantel de la \u00daltima Cena<\/a><\/span><\/strong>, como reliquia universal de la cristiandad.<\/p>\n\n\n\n<figure class=\"wp-block-embed is-type-video is-provider-youtube wp-block-embed-youtube wp-embed-aspect-16-9 wp-has-aspect-ratio\"><div class=\"wp-block-embed__wrapper\">\n<div class=\"ast-oembed-container \" style=\"height: 100%;\"><iframe loading=\"lazy\" title=\"El Sagrado Mantel de Coria: Cultura, Devoci\u00f3n y Turismo - Reliquia Universal de la Cristiandad\" width=\"500\" height=\"281\" data-src=\"https:\/\/www.youtube.com\/embed\/qBfoZ48Qe9Q?feature=oembed\" frameborder=\"0\" allow=\"accelerometer; autoplay; clipboard-write; encrypted-media; gyroscope; picture-in-picture; web-share\" referrerpolicy=\"strict-origin-when-cross-origin\" allowfullscreen src=\"data:image\/gif;base64,R0lGODlhAQABAAAAACH5BAEKAAEALAAAAAABAAEAAAICTAEAOw==\" class=\"lazyload\" data-load-mode=\"1\"><\/iframe><\/div>\n<\/div><\/figure>\n\n\n\n<p>Y, junto las milenarias huellas de la historia y el rico legado cultural atesorado del pasado cauriense, le proponemos tambi\u00e9n, a trav\u00e9s de la iniciativa del <strong>Concurso \u201cMi Rinc\u00f3n Favorito\u201d<\/strong> para aquellos amantes de la fotograf\u00eda, el que usted pueda conocer, poner en valor y difundir nuestro laureado patrimonio, <strong>del 27 de septiembre al 15 de octubre<\/strong>, por medio de la toma de instant\u00e1neas fotogr\u00e1ficas realizadas por los principales s\u00edmbolos de ese m\u00e1gico escenario que componen la centenaria Ciudad de Coria, subi\u00e9ndolas posteriormente a las redes sociales municipales con el hashtag: <strong>#coriasientela<\/strong> y etiquetando: <strong>@oficinaturismocoria<\/strong>, con las que se entrar\u00e1 en el sorteo de una cena para dos personas en uno de los restaurantes de la localidad.<\/p>\n\n\n\n<div class=\"wp-block-media-text alignwide is-stacked-on-mobile\" style=\"grid-template-columns:26% auto\"><figure class=\"wp-block-media-text__media\"><a href=\"https:\/\/turismocoria.es\/turismo\/wp-content\/uploads\/2022\/09\/programa-dia-mundial-del-turismo-coria-2022.jpg\"><img loading=\"lazy\" decoding=\"async\" width=\"668\" height=\"945\" data-src=\"https:\/\/turismocoria.es\/turismo\/wp-content\/uploads\/2022\/09\/programa-dia-mundial-del-turismo-coria-2022.jpg\" alt=\"\" class=\"wp-image-11258 size-full lazyload\" data-srcset=\"https:\/\/turismocoria.es\/turismo\/wp-content\/uploads\/2022\/09\/programa-dia-mundial-del-turismo-coria-2022.jpg 668w, https:\/\/turismocoria.es\/turismo\/wp-content\/uploads\/2022\/09\/programa-dia-mundial-del-turismo-coria-2022-212x300.jpg 212w\" data-sizes=\"(max-width: 668px) 100vw, 668px\" src=\"data:image\/gif;base64,R0lGODlhAQABAAAAACH5BAEKAAEALAAAAAABAAEAAAICTAEAOw==\" style=\"--smush-placeholder-width: 668px; --smush-placeholder-aspect-ratio: 668\/945;\" \/><noscript><img loading=\"lazy\" decoding=\"async\" width=\"668\" height=\"945\" src=\"https:\/\/turismocoria.es\/turismo\/wp-content\/uploads\/2022\/09\/programa-dia-mundial-del-turismo-coria-2022.jpg\" alt=\"\" class=\"wp-image-11258 size-full\" srcset=\"https:\/\/turismocoria.es\/turismo\/wp-content\/uploads\/2022\/09\/programa-dia-mundial-del-turismo-coria-2022.jpg 668w, https:\/\/turismocoria.es\/turismo\/wp-content\/uploads\/2022\/09\/programa-dia-mundial-del-turismo-coria-2022-212x300.jpg 212w\" sizes=\"(max-width: 668px) 100vw, 668px\" \/><\/noscript><\/a><\/figure><div class=\"wp-block-media-text__content\">\n<p><\/p>\n\n\n\n<p>O bien, para los entusiastas de la literatura, el mismo <strong>martes, 27 de septiembre<\/strong>, acompa\u00f1ados por gu\u00eda tur\u00edstico, y con salida desde la <strong>Oficina de Turismo<\/strong>, a partir de las <strong>17:00 horas<\/strong>, mediante inscripci\u00f3n previa, por medio de la <strong>visita guiada<\/strong> a trav\u00e9s de la recientemente creada <strong>Ruta Literaria \u201cRafael S\u00e1nchez Ferlosio\u201d<\/strong>, novelista, ensayista, gram\u00e1tico y ling\u00fcista espa\u00f1ol (Premio Cervantes en 2004 y Premio Nacional de las Letras Espa\u00f1olas en 2009, entre otros) que residi\u00f3 largos a\u00f1os y temporadas en esta milenaria ciudad, en la que escribi\u00f3 gran parte de su obra literaria, y en cuyo Casco Hist\u00f3rico podremos visitar los lugares que tuvieron especial relevancia tanto para el propio autor como para su familia, poseedora de importantes bienes inmuebles y heredades de terreno repartidos por la misma. <\/p>\n\n\n\n<p>Una nueva iniciativa tur\u00edstica, a trav\u00e9s de la creaci\u00f3n de esta <strong>Ruta Literaria<\/strong>, cuya <strong>presentaci\u00f3n<\/strong> tendr\u00e1 lugar el d\u00eda anterior <strong>lunes, 26 de septiembre<\/strong>, a partir de las <strong>11:00 horas<\/strong>, en la <strong><span style=\"text-decoration: underline;\"><a href=\"https:\/\/turismocoria.es\/turismo\/otros-rincones-por-descubrir\/alhondiga\/\" data-type=\"page\" data-id=\"525\">Biblioteca P\u00fablica Municipal \u201cRafael S\u00e1nchez Ferlosio\u201d<\/a><\/span><\/strong>.<\/p>\n<\/div><\/div>\n\n\n\n<p>Finalmente, la Ciudad de Coria le brinda tambi\u00e9n un verdadero <strong>arco-iris gastron\u00f3mico<\/strong> a la espera de ser descubierto por los amantes del buen yantar, gracias a la variada carta ofrecida en los restaurantes y otros establecimientos de comida r\u00e1pida en los que podr\u00e1n degustar la fecunda <strong>cocina popular y de autor cauriense<\/strong> a trav\u00e9s de la recreaci\u00f3n y el repertorio de estupendos platos y tapas que configuran el santo y se\u00f1a de la buena cocina de los fogones extreme\u00f1os; as\u00ed como descubrir la diversificada <strong>oferta comercial<\/strong> que, a buen seguro, cubrir\u00e1n todas las necesidades y los gustos de aquellos viajeros que nos visiten sin hacerlo al trote de la moda actual imperante, por lo que bien har\u00e1n en detenerse, sin urgencias de tiempo, para deleitarse en plenitud de nuestras amables gentes y del valioso legado Patrimonial Cultural y Natural heredado desde siglos pret\u00e9ritos, perfectamente adaptado a la situaci\u00f3n actual que vivimos de forma segura, apacible y sostenible.<\/p>\n\n\n\n<p><strong>M\u00e1s Informaci\u00f3n en:<br>Oficina Municipal de Turismo<\/strong><br>Plaza de San Pedro, 1, 10800 Coria (C\u00e1ceres)<br>Tlfno.: 927 50 80 00 Ext. 290 \u2013 Email: <a href=\"mailto:oficinaturismo@coria.org\">oficinaturismo@coria.org<\/a><br>Url: <a href=\"http:\/\/www.turismocoria.es\">www.turismocoria.es<\/a><\/p>\n","protected":false},"excerpt":{"rendered":"<p>Si tienes previsto hacer un viaje coincidiendo con el D\u00eda Mundial del Turismo, puedes entonces disfrutar de un evocador fin de semana en la hist\u00f3rica y monumental Ciudad de Coria. Un milenario enclave tur\u00edstico de obligada visita que le descubrir\u00e1 muchos de los atractivos tesoros que celosamente se conservan en esta cultural, paisaj\u00edstica y rural [&hellip;]<\/p>\n","protected":false},"author":4,"featured_media":11257,"comment_status":"closed","ping_status":"closed","sticky":false,"template":"","format":"standard","meta":{"_uag_custom_page_level_css":"","site-sidebar-layout":"default","site-content-layout":"","ast-site-content-layout":"","site-content-style":"default","site-sidebar-style":"default","ast-global-header-display":"","ast-banner-title-visibility":"","ast-main-header-display":"","ast-hfb-above-header-display":"","ast-hfb-below-header-display":"","ast-hfb-mobile-header-display":"","site-post-title":"","ast-breadcrumbs-content":"","ast-featured-img":"","footer-sml-layout":"","theme-transparent-header-meta":"","adv-header-id-meta":"","stick-header-meta":"","header-above-stick-meta":"","header-main-stick-meta":"","header-below-stick-meta":"","astra-migrate-meta-layouts":"default","ast-page-background-enabled":"default","ast-page-background-meta":{"desktop":{"background-color":"","background-image":"","background-repeat":"repeat","background-position":"center center","background-size":"auto","background-attachment":"scroll","background-type":"","background-media":"","overlay-type":"","overlay-color":"","overlay-opacity":"","overlay-gradient":""},"tablet":{"background-color":"","background-image":"","background-repeat":"repeat","background-position":"center center","background-size":"auto","background-attachment":"scroll","background-type":"","background-media":"","overlay-type":"","overlay-color":"","overlay-opacity":"","overlay-gradient":""},"mobile":{"background-color":"","background-image":"","background-repeat":"repeat","background-position":"center center","background-size":"auto","background-attachment":"scroll","background-type":"","background-media":"","overlay-type":"","overlay-color":"","overlay-opacity":"","overlay-gradient":""}},"ast-content-background-meta":{"desktop":{"background-color":"var(--ast-global-color-5)","background-image":"","background-repeat":"repeat","background-position":"center center","background-size":"auto","background-attachment":"scroll","background-type":"","background-media":"","overlay-type":"","overlay-color":"","overlay-opacity":"","overlay-gradient":""},"tablet":{"background-color":"var(--ast-global-color-5)","background-image":"","background-repeat":"repeat","background-position":"center center","background-size":"auto","background-attachment":"scroll","background-type":"","background-media":"","overlay-type":"","overlay-color":"","overlay-opacity":"","overlay-gradient":""},"mobile":{"background-color":"var(--ast-global-color-5)","background-image":"","background-repeat":"repeat","background-position":"center center","background-size":"auto","background-attachment":"scroll","background-type":"","background-media":"","overlay-type":"","overlay-color":"","overlay-opacity":"","overlay-gradient":""}},"_EventAllDay":false,"_EventTimezone":"","_EventStartDate":"","_EventEndDate":"","_EventStartDateUTC":"","_EventEndDateUTC":"","_EventShowMap":false,"_EventShowMapLink":false,"_EventURL":"","_EventCost":"","_EventCostDescription":"","_EventCurrencySymbol":"","_EventCurrencyCode":"","_EventCurrencyPosition":"","_EventDateTimeSeparator":"","_EventTimeRangeSeparator":"","_EventOrganizerID":[],"_EventVenueID":0,"_OrganizerEmail":"","_OrganizerPhone":"","_OrganizerWebsite":"","_VenueAddress":"","_VenueCity":"","_VenueCountry":"","_VenueProvince":"","_VenueZip":"","_VenuePhone":"","_VenueURL":"","_VenueStateProvince":"","_VenueLat":"","_VenueLng":"","footnotes":""},"categories":[33],"tags":[],"class_list":["post-11256","post","type-post","status-publish","format-standard","has-post-thumbnail","hentry","category-sin-categorizar"],"featured_image_src":"https:\/\/turismocoria.es\/turismo\/wp-content\/uploads\/2022\/09\/dia-mundial-del-turismo-coria-600x400.jpg","featured_image_src_square":"https:\/\/turismocoria.es\/turismo\/wp-content\/uploads\/2022\/09\/dia-mundial-del-turismo-coria-600x600.jpg","author_info":{"display_name":"Oficina Turismo","author_link":"https:\/\/turismocoria.es\/turismo\/author\/oficina\/"},"uagb_featured_image_src":{"full":["https:\/\/turismocoria.es\/turismo\/wp-content\/uploads\/2022\/09\/dia-mundial-del-turismo-coria.jpg",1245,756,false],"thumbnail":["https:\/\/turismocoria.es\/turismo\/wp-content\/uploads\/2022\/09\/dia-mundial-del-turismo-coria-150x150.jpg",150,150,true],"medium":["https:\/\/turismocoria.es\/turismo\/wp-content\/uploads\/2022\/09\/dia-mundial-del-turismo-coria-300x182.jpg",300,182,true],"medium_large":["https:\/\/turismocoria.es\/turismo\/wp-content\/uploads\/2022\/09\/dia-mundial-del-turismo-coria-768x466.jpg",768,466,true],"large":["https:\/\/turismocoria.es\/turismo\/wp-content\/uploads\/2022\/09\/dia-mundial-del-turismo-coria-1024x622.jpg",1024,622,true],"gs-tiny":["https:\/\/turismocoria.es\/turismo\/wp-content\/uploads\/2022\/09\/dia-mundial-del-turismo-coria.jpg",50,30,false],"xl":["https:\/\/turismocoria.es\/turismo\/wp-content\/uploads\/2022\/09\/dia-mundial-del-turismo-coria.jpg",1245,756,false],"xxl":["https:\/\/turismocoria.es\/turismo\/wp-content\/uploads\/2022\/09\/dia-mundial-del-turismo-coria.jpg",1245,756,false],"xxxl":["https:\/\/turismocoria.es\/turismo\/wp-content\/uploads\/2022\/09\/dia-mundial-del-turismo-coria.jpg",1245,756,false],"xxxxl":["https:\/\/turismocoria.es\/turismo\/wp-content\/uploads\/2022\/09\/dia-mundial-del-turismo-coria.jpg",1245,756,false],"xxxxxl":["https:\/\/turismocoria.es\/turismo\/wp-content\/uploads\/2022\/09\/dia-mundial-del-turismo-coria.jpg",1245,756,false],"1536x1536":["https:\/\/turismocoria.es\/turismo\/wp-content\/uploads\/2022\/09\/dia-mundial-del-turismo-coria.jpg",1245,756,false],"2048x2048":["https:\/\/turismocoria.es\/turismo\/wp-content\/uploads\/2022\/09\/dia-mundial-del-turismo-coria.jpg",1245,756,false],"ultp_layout_landscape_large":["https:\/\/turismocoria.es\/turismo\/wp-content\/uploads\/2022\/09\/dia-mundial-del-turismo-coria-1200x756.jpg",1200,756,true],"ultp_layout_landscape":["https:\/\/turismocoria.es\/turismo\/wp-content\/uploads\/2022\/09\/dia-mundial-del-turismo-coria-870x570.jpg",870,570,true],"ultp_layout_portrait":["https:\/\/turismocoria.es\/turismo\/wp-content\/uploads\/2022\/09\/dia-mundial-del-turismo-coria-600x756.jpg",600,756,true],"ultp_layout_square":["https:\/\/turismocoria.es\/turismo\/wp-content\/uploads\/2022\/09\/dia-mundial-del-turismo-coria-600x600.jpg",600,600,true],"gb-block-post-grid-landscape":["https:\/\/turismocoria.es\/turismo\/wp-content\/uploads\/2022\/09\/dia-mundial-del-turismo-coria-600x400.jpg",600,400,true],"gb-block-post-grid-square":["https:\/\/turismocoria.es\/turismo\/wp-content\/uploads\/2022\/09\/dia-mundial-del-turismo-coria-600x600.jpg",600,600,true]},"uagb_author_info":{"display_name":"Oficina Turismo","author_link":"https:\/\/turismocoria.es\/turismo\/author\/oficina\/"},"uagb_comment_info":0,"uagb_excerpt":"Si tienes previsto hacer un viaje coincidiendo con el D\u00eda Mundial del Turismo, puedes entonces disfrutar de un evocador fin de semana en la hist\u00f3rica y monumental Ciudad de Coria. Un milenario enclave tur\u00edstico de obligada visita que le descubrir\u00e1 muchos de los atractivos tesoros que celosamente se conservan en esta cultural, paisaj\u00edstica y rural&hellip;","_links":{"self":[{"href":"https:\/\/turismocoria.es\/turismo\/wp-json\/wp\/v2\/posts\/11256"}],"collection":[{"href":"https:\/\/turismocoria.es\/turismo\/wp-json\/wp\/v2\/posts"}],"about":[{"href":"https:\/\/turismocoria.es\/turismo\/wp-json\/wp\/v2\/types\/post"}],"author":[{"embeddable":true,"href":"https:\/\/turismocoria.es\/turismo\/wp-json\/wp\/v2\/users\/4"}],"replies":[{"embeddable":true,"href":"https:\/\/turismocoria.es\/turismo\/wp-json\/wp\/v2\/comments?post=11256"}],"version-history":[{"count":6,"href":"https:\/\/turismocoria.es\/turismo\/wp-json\/wp\/v2\/posts\/11256\/revisions"}],"predecessor-version":[{"id":11264,"href":"https:\/\/turismocoria.es\/turismo\/wp-json\/wp\/v2\/posts\/11256\/revisions\/11264"}],"wp:featuredmedia":[{"embeddable":true,"href":"https:\/\/turismocoria.es\/turismo\/wp-json\/wp\/v2\/media\/11257"}],"wp:attachment":[{"href":"https:\/\/turismocoria.es\/turismo\/wp-json\/wp\/v2\/media?parent=11256"}],"wp:term":[{"taxonomy":"category","embeddable":true,"href":"https:\/\/turismocoria.es\/turismo\/wp-json\/wp\/v2\/categories?post=11256"},{"taxonomy":"post_tag","embeddable":true,"href":"https:\/\/turismocoria.es\/turismo\/wp-json\/wp\/v2\/tags?post=11256"}],"curies":[{"name":"wp","href":"https:\/\/api.w.org\/{rel}","templated":true}]}}