{"id":11014,"date":"2022-09-01T09:20:29","date_gmt":"2022-09-01T07:20:29","guid":{"rendered":"https:\/\/turismocoria.es\/turismo\/?p=11014"},"modified":"2022-09-01T09:20:31","modified_gmt":"2022-09-01T07:20:31","slug":"coria-destino-de-embrujo-para-viajar-este-otono","status":"publish","type":"post","link":"https:\/\/turismocoria.es\/turismo\/coria-destino-de-embrujo-para-viajar-este-otono\/","title":{"rendered":"Coria: Destino de Embrujo para Viajar este Oto\u00f1o"},"content":{"rendered":"\n<p><strong>En el norte de Extremadura, ba\u00f1ada por el R\u00edo Alag\u00f3n, se encuentra la Ciudad de Coria. Una poblaci\u00f3n por la que han pasado multitud de civilizaciones, que se encuentra muy cerca de ti, y que te ofrece, este oto\u00f1o, mil y una posibilidades de ocio, culturales, festivas, gastron\u00f3micas y patrimoniales para vivir unos d\u00edas de ensue\u00f1o y sorprenderte. \u00bfTe atreves a vivir Coria?.<\/strong><\/p>\n\n\n\n<p><\/p>\n\n\n\n<p><strong>Coria sorprende. Coria te atrapa. Coria te hace vivir con los cinco sentidos\u2026<\/strong> Estos son algunos de los calificativos que este municipio cacere\u00f1o, capital de la comarca del Valle del Alag\u00f3n, es, por m\u00e9ritos propios, uno de esos rincones de nuestro pa\u00eds, y de Extremadura, que, alzado majestuoso por su excelso patrimonio arquitect\u00f3nico, cultural y paisaj\u00edstico, ofrece una escapada multisensorial en la que sobre todo su embrujo especial lo convierten en un destino de deseo donde poder disfrutar intensamente de unos d\u00edas de descanso, de un fin de semana intenso o de una aventura sorprendente por medio de mil y un planes diferentes para todo tipo de viajeros, para compartir en familia o para volver a enamorarte y entretenerte en este oto\u00f1o m\u00e1gico en una de las ciudades m\u00e1s antiguas de Espa\u00f1a.<\/p>\n\n\n\n<p>Y es que la <strong><span style=\"text-decoration: underline;\"><a href=\"https:\/\/turismocoria.es\/turismo\/ciudad-de-coria\/\" data-type=\"page\" data-id=\"1061\">Ciudad de Coria<\/a><\/span><\/strong> cuenta con un sorprendente <strong><span style=\"text-decoration: underline;\"><a href=\"https:\/\/turismocoria.es\/turismo\/lugares-que-no-te-puedes-perder\/casco-historico\/\" data-type=\"page\" data-id=\"732\">Casco Antiguo<\/a><\/span><\/strong>, declarado <strong>Bien de Inter\u00e9s Cultural con categor\u00eda de Conjunto Hist\u00f3rico (1993)<\/strong>, y una Catedral de Santa Mar\u00eda de la Asunci\u00f3n (S. XV-XVIII), Monumento Hist\u00f3rico-Art\u00edstico Nacional (1931), de esas en las que las piedras hablan y te narran mil historias; por lo que recorrer esta localidad cacere\u00f1a es adentrarte en un mundo de coquetos rincones, callejuelas, plazas, edificios sorprendentes y leyendas ancestrales que te van a ir contando la esencia de un recorrido que se puede comenzar visitando sus <strong><span style=\"text-decoration: underline;\"><a href=\"https:\/\/turismocoria.es\/turismo\/lugares-que-no-te-puedes-perder\/murallas-romanas\/\" data-type=\"page\" data-id=\"497\">Murallas Romanas (S. I)<\/a><\/span><\/strong> que se conservan casi en su totalidad estando declaradas Monumento Hist\u00f3rico Nacional (1931), y su <strong><span style=\"text-decoration: underline;\"><a href=\"https:\/\/turismocoria.es\/turismo\/lugares-que-no-te-puedes-perder\/castillo-de-los-duques-de-alba\/\" data-type=\"page\" data-id=\"226\">Castillo de los Duques de Alba (S. XV)<\/a><\/span><\/strong>, construido desde 1472, y declarado Bien de Inter\u00e9s Cultural con categor\u00eda de Monumento (1988).<\/p>\n\n\n\n<p>Desde ah\u00ed\u2026 respira\u2026 mira detr\u00e1s y adelante, a derecha e izquierda, y siente\u2026 Siente su aroma, su luz, sus gentes, su identidad como pueblo, su tradici\u00f3n y su historia\u2026 Siente su esencia y su vida\u2026 Siente Coria y accede a su <strong><span style=\"text-decoration: underline;\"><a href=\"https:\/\/turismocoria.es\/turismo\/lugares-que-no-te-puedes-perder\/casco-historico\/\" data-type=\"page\" data-id=\"732\">Casco Hist\u00f3rico<\/a><\/span><\/strong> llegando, en primer lugar, a la Plaza de Espa\u00f1a. Aqu\u00ed encontrar\u00e1s diversos monumentos que no puedes dejar de visitar, como la <strong><span style=\"text-decoration: underline;\"><a href=\"https:\/\/turismocoria.es\/turismo\/otros-rincones-por-descubrir\/carcel-real\/\" data-type=\"page\" data-id=\"2958\">C\u00e1rcel Real (S. XVII)<\/a><\/span><\/strong>, que alberga el Museo de Historia, Arqueolog\u00eda y Etnograf\u00eda de la Ciudad, el <strong><span style=\"text-decoration: underline;\"><a href=\"https:\/\/turismocoria.es\/turismo\/otros-rincones-por-descubrir\/ayuntamiento-viejo\/\" data-type=\"page\" data-id=\"523\">Ayuntamiento Viejo (S. XVXX)<\/a><\/span><\/strong>, que acoge la Escuela Municipal de M\u00fasica, o la <strong><span style=\"text-decoration: underline;\"><a href=\"https:\/\/turismocoria.es\/turismo\/otros-rincones-por-descubrir\/iglesia-santiago-apostol\/\" data-type=\"page\" data-id=\"514\">Iglesia de Santiago Ap\u00f3stol (S. XVI-XVIII)<\/a><\/span><\/strong> y, pr\u00f3xima a ellos, el <strong><span style=\"text-decoration: underline;\"><a href=\"https:\/\/turismocoria.es\/turismo\/lugares-que-no-te-puedes-perder\/convento-de-la-madre-de-dios\/\" data-type=\"page\" data-id=\"499\">Convento de la Madre de Dios (S. XVI-XVII)<\/a><\/span><\/strong>, como s\u00edmbolos inequ\u00edvocos todos del rancio poder nobiliario y episcopal atesorado durante siglos en esta milenaria urbe que se completa monumentalmente adem\u00e1s con los <strong><span style=\"text-decoration: underline;\"><a href=\"https:\/\/turismocoria.es\/turismo\/otros-rincones-por-descubrir\/palacio-de-los-duques-de-alba\/\" data-type=\"page\" data-id=\"509\">Palacio Ducal de Alba (S. XVI)<\/a><\/span><\/strong> y <strong><span style=\"text-decoration: underline;\"><a href=\"https:\/\/turismocoria.es\/turismo\/otros-rincones-por-descubrir\/palacio-episcopal\/\" data-type=\"page\" data-id=\"511\">Episcopal (S. XVII)<\/a><\/span><\/strong>, el <strong><span style=\"text-decoration: underline;\"><a href=\"https:\/\/turismocoria.es\/turismo\/otros-rincones-por-descubrir\/hospital-san-nicolas-de-bari\/\" data-type=\"page\" data-id=\"521\">Hospital de San Nicol\u00e1s de Bari (S. XVI-XIX)<\/a><\/span><\/strong>, el <strong><span style=\"text-decoration: underline;\"><a href=\"https:\/\/turismocoria.es\/turismo\/otros-rincones-por-descubrir\/colegio-seminario-conciliar\/\" data-type=\"page\" data-id=\"744\">Colegio Seminario Menor Conciliar (S. XVI-XIX)<\/a><\/span><\/strong> y la <strong><span style=\"text-decoration: underline;\"><a href=\"https:\/\/turismocoria.es\/turismo\/otros-rincones-por-descubrir\/carcel-eclesiastica\/\" data-type=\"page\" data-id=\"517\">C\u00e1rcel Eclesi\u00e1stica (S. XVIII)<\/a><\/span><\/strong>, o a extramuros con el <strong><span style=\"text-decoration: underline;\"><a href=\"https:\/\/turismocoria.es\/turismo\/lugares-que-no-te-puedes-perder\/santuario-de-la-virgen-de-argeme\/\" data-type=\"page\" data-id=\"505\">Santuario de Ntra. Sra. Virgen de Argeme (S. XVII-XVIII)<\/a><\/span><\/strong>, declarada Monumento Hist\u00f3rico Nacional (1983), junto a los <strong><span style=\"text-decoration: underline;\"><a href=\"https:\/\/turismocoria.es\/turismo\/otros-rincones-por-descubrir\/puente-de-piedra\/\" data-type=\"page\" data-id=\"529\">Puentes de Piedra (S. XVI)<\/a><\/span><\/strong> y de <strong><span style=\"text-decoration: underline;\"><a href=\"https:\/\/turismocoria.es\/turismo\/otros-rincones-por-descubrir\/puente-de-hierro\/\" data-type=\"page\" data-id=\"531\">Hierro (S. XX)<\/a><\/span><\/strong>, entre otros.<\/p>\n\n\n\n<figure class=\"wp-block-embed is-type-video is-provider-youtube wp-block-embed-youtube wp-embed-aspect-16-9 wp-has-aspect-ratio\"><div class=\"wp-block-embed__wrapper\">\n<div class=\"ast-oembed-container \" style=\"height: 100%;\"><iframe loading=\"lazy\" title=\"Coria \u201cConjunto Monumental\u201d, destino tur\u00edstico del noroeste de Extremadura\" width=\"500\" height=\"281\" data-src=\"https:\/\/www.youtube.com\/embed\/M6VniblQWMo?feature=oembed\" frameborder=\"0\" allow=\"accelerometer; autoplay; clipboard-write; encrypted-media; gyroscope; picture-in-picture; web-share\" referrerpolicy=\"strict-origin-when-cross-origin\" allowfullscreen src=\"data:image\/gif;base64,R0lGODlhAQABAAAAACH5BAEKAAEALAAAAAABAAEAAAICTAEAOw==\" class=\"lazyload\" data-load-mode=\"1\"><\/iframe><\/div>\n<\/div><\/figure>\n\n\n\n<p>Embriagado de Oto\u00f1o, de aromas, de historia, de personajes ilustres y de rincones que te van contando secretos inconfesables de siglos atr\u00e1s, pasea por sus estrechas callejuelas en busca de un momento sublime, de una imagen fotografiada a lo largo de los a\u00f1os y que a\u00fan conserva toda su magia, de una postal que en cualquier hora del d\u00eda te sorprender\u00e1 y te dar\u00e1 la bienvenida\u2026 y esta no es otra que la <strong><span style=\"text-decoration: underline;\"><a href=\"https:\/\/turismocoria.es\/turismo\/lugares-que-no-te-puedes-perder\/catedral\/\" data-type=\"page\" data-id=\"488\">Catedral de Coria<\/a><\/span><\/strong>, la cual, comenz\u00f3 a construirse en 1498 y se finaliz\u00f3 en 1748, regalando al viajero un conjunto de estilo g\u00f3tico, con elementos platerescos y barrocos, entre los que destaca su espectacular campanario, el retablo mayor y una importante colecci\u00f3n de pintura y escultura dentro de sus fondos catedralicios.<\/p>\n\n\n\n<p>Pero, adem\u00e1s, para el viajero \u00e1vido de conocimiento y sabidur\u00eda, de sorpresas y belleza, de alma y religi\u00f3n, en su interior, la Catedral sorprende abriendo las puertas de su <strong><span style=\"text-decoration: underline;\"><a href=\"https:\/\/turismocoria.es\/turismo\/lugares-que-no-te-puedes-perder\/museo-catedralicio\/\" data-type=\"page\" data-id=\"501\">Museo de Arte Sacro<\/a><\/span><\/strong>, donde est\u00e1 expuesta una de las reliquia universales m\u00e1s valorada de la cristiandad: el <strong><span style=\"text-decoration: underline;\"><a href=\"https:\/\/turismocoria.es\/turismo\/el-sagrado-mantel-de-la-ultima-cena\/\" data-type=\"page\" data-id=\"1176\">Sagrado Mantel de la \u00daltima Cena del Se\u00f1or<\/a><\/span><\/strong>. Una pieza de lino que mide 4,2 metros de largo, por 92 cent\u00edmetros de ancho, que data del siglo I, y que re\u00fane a miles y miles de fieles, curiosos y visitantes entorno a una historia, la historia m\u00e1s importante que jam\u00e1s se ha contado.<\/p>\n\n\n\n<figure class=\"wp-block-embed is-type-video is-provider-youtube wp-block-embed-youtube wp-embed-aspect-16-9 wp-has-aspect-ratio\"><div class=\"wp-block-embed__wrapper\">\n<div class=\"ast-oembed-container \" style=\"height: 100%;\"><iframe loading=\"lazy\" title=\"El Sagrado Mantel de Coria: Cultura, Devoci\u00f3n y Turismo - Reliquia Universal de la Cristiandad\" width=\"500\" height=\"281\" data-src=\"https:\/\/www.youtube.com\/embed\/qBfoZ48Qe9Q?feature=oembed\" frameborder=\"0\" allow=\"accelerometer; autoplay; clipboard-write; encrypted-media; gyroscope; picture-in-picture; web-share\" referrerpolicy=\"strict-origin-when-cross-origin\" allowfullscreen src=\"data:image\/gif;base64,R0lGODlhAQABAAAAACH5BAEKAAEALAAAAAABAAEAAAICTAEAOw==\" class=\"lazyload\" data-load-mode=\"1\"><\/iframe><\/div>\n<\/div><\/figure>\n\n\n\n<p>Pero <strong>Coria<\/strong>,<strong> este a\u00f1o, este oto\u00f1o, es mucho m\u00e1s<\/strong>. Coria es arte y festividad, es ocio y gastronom\u00eda, es imaginaci\u00f3n y talento, es tradici\u00f3n y luz, son personas y hospitalidad, es ese rinc\u00f3n del mundo donde parar, respirar profundamente, sentir, compartir, vivir y empezar a relatar una nueva historia, la de tu pr\u00f3xima escapada, que todos deseamos conocer. Viajar a una de las \u00e9pocas m\u00e1s esperadas para los seteros y los amantes de los exquisitos sabores micol\u00f3gicos heredados desde siglos pret\u00e9ritos.<\/p>\n\n\n\n<p><strong>M\u00e1s Informaci\u00f3n en:<br>Oficina Municipal de Turismo<\/strong><br>Plaza de San Pedro, 1, 10800 Coria (C\u00e1ceres)<br>Tlfno.: 927 50 80 00 Ext. 290 \u2013 Email: <a href=\"mailto:oficinaturismo@coria.org\">oficinaturismo@coria.org<\/a><br>Url: <a href=\"http:\/\/www.turismocoria.es\">www.turismocoria.es<\/a><\/p>\n","protected":false},"excerpt":{"rendered":"<p>En el norte de Extremadura, ba\u00f1ada por el R\u00edo Alag\u00f3n, se encuentra la Ciudad de Coria. Una poblaci\u00f3n por la que han pasado multitud de civilizaciones, que se encuentra muy cerca de ti, y que te ofrece, este oto\u00f1o, mil y una posibilidades de ocio, culturales, festivas, gastron\u00f3micas y patrimoniales para vivir unos d\u00edas de [&hellip;]<\/p>\n","protected":false},"author":4,"featured_media":11015,"comment_status":"closed","ping_status":"closed","sticky":false,"template":"","format":"standard","meta":{"_uag_custom_page_level_css":"","site-sidebar-layout":"default","site-content-layout":"","ast-site-content-layout":"","site-content-style":"default","site-sidebar-style":"default","ast-global-header-display":"","ast-banner-title-visibility":"","ast-main-header-display":"","ast-hfb-above-header-display":"","ast-hfb-below-header-display":"","ast-hfb-mobile-header-display":"","site-post-title":"","ast-breadcrumbs-content":"","ast-featured-img":"","footer-sml-layout":"","theme-transparent-header-meta":"","adv-header-id-meta":"","stick-header-meta":"","header-above-stick-meta":"","header-main-stick-meta":"","header-below-stick-meta":"","astra-migrate-meta-layouts":"default","ast-page-background-enabled":"default","ast-page-background-meta":{"desktop":{"background-color":"","background-image":"","background-repeat":"repeat","background-position":"center center","background-size":"auto","background-attachment":"scroll","background-type":"","background-media":"","overlay-type":"","overlay-color":"","overlay-opacity":"","overlay-gradient":""},"tablet":{"background-color":"","background-image":"","background-repeat":"repeat","background-position":"center center","background-size":"auto","background-attachment":"scroll","background-type":"","background-media":"","overlay-type":"","overlay-color":"","overlay-opacity":"","overlay-gradient":""},"mobile":{"background-color":"","background-image":"","background-repeat":"repeat","background-position":"center center","background-size":"auto","background-attachment":"scroll","background-type":"","background-media":"","overlay-type":"","overlay-color":"","overlay-opacity":"","overlay-gradient":""}},"ast-content-background-meta":{"desktop":{"background-color":"var(--ast-global-color-5)","background-image":"","background-repeat":"repeat","background-position":"center center","background-size":"auto","background-attachment":"scroll","background-type":"","background-media":"","overlay-type":"","overlay-color":"","overlay-opacity":"","overlay-gradient":""},"tablet":{"background-color":"var(--ast-global-color-5)","background-image":"","background-repeat":"repeat","background-position":"center center","background-size":"auto","background-attachment":"scroll","background-type":"","background-media":"","overlay-type":"","overlay-color":"","overlay-opacity":"","overlay-gradient":""},"mobile":{"background-color":"var(--ast-global-color-5)","background-image":"","background-repeat":"repeat","background-position":"center center","background-size":"auto","background-attachment":"scroll","background-type":"","background-media":"","overlay-type":"","overlay-color":"","overlay-opacity":"","overlay-gradient":""}},"_EventAllDay":false,"_EventTimezone":"","_EventStartDate":"","_EventEndDate":"","_EventStartDateUTC":"","_EventEndDateUTC":"","_EventShowMap":false,"_EventShowMapLink":false,"_EventURL":"","_EventCost":"","_EventCostDescription":"","_EventCurrencySymbol":"","_EventCurrencyCode":"","_EventCurrencyPosition":"","_EventDateTimeSeparator":"","_EventTimeRangeSeparator":"","_EventOrganizerID":[],"_EventVenueID":0,"_OrganizerEmail":"","_OrganizerPhone":"","_OrganizerWebsite":"","_VenueAddress":"","_VenueCity":"","_VenueCountry":"","_VenueProvince":"","_VenueZip":"","_VenuePhone":"","_VenueURL":"","_VenueStateProvince":"","_VenueLat":"","_VenueLng":"","footnotes":""},"categories":[33],"tags":[],"class_list":["post-11014","post","type-post","status-publish","format-standard","has-post-thumbnail","hentry","category-sin-categorizar"],"featured_image_src":"https:\/\/turismocoria.es\/turismo\/wp-content\/uploads\/2022\/09\/coria-embrujo-de-otonio-600x400.jpg","featured_image_src_square":"https:\/\/turismocoria.es\/turismo\/wp-content\/uploads\/2022\/09\/coria-embrujo-de-otonio-600x600.jpg","author_info":{"display_name":"Oficina Turismo","author_link":"https:\/\/turismocoria.es\/turismo\/author\/oficina\/"},"uagb_featured_image_src":{"full":["https:\/\/turismocoria.es\/turismo\/wp-content\/uploads\/2022\/09\/coria-embrujo-de-otonio.jpg",1067,709,false],"thumbnail":["https:\/\/turismocoria.es\/turismo\/wp-content\/uploads\/2022\/09\/coria-embrujo-de-otonio-150x150.jpg",150,150,true],"medium":["https:\/\/turismocoria.es\/turismo\/wp-content\/uploads\/2022\/09\/coria-embrujo-de-otonio-300x199.jpg",300,199,true],"medium_large":["https:\/\/turismocoria.es\/turismo\/wp-content\/uploads\/2022\/09\/coria-embrujo-de-otonio-768x510.jpg",768,510,true],"large":["https:\/\/turismocoria.es\/turismo\/wp-content\/uploads\/2022\/09\/coria-embrujo-de-otonio-1024x680.jpg",1024,680,true],"gs-tiny":["https:\/\/turismocoria.es\/turismo\/wp-content\/uploads\/2022\/09\/coria-embrujo-de-otonio.jpg",50,33,false],"xl":["https:\/\/turismocoria.es\/turismo\/wp-content\/uploads\/2022\/09\/coria-embrujo-de-otonio.jpg",1067,709,false],"xxl":["https:\/\/turismocoria.es\/turismo\/wp-content\/uploads\/2022\/09\/coria-embrujo-de-otonio.jpg",1067,709,false],"xxxl":["https:\/\/turismocoria.es\/turismo\/wp-content\/uploads\/2022\/09\/coria-embrujo-de-otonio.jpg",1067,709,false],"xxxxl":["https:\/\/turismocoria.es\/turismo\/wp-content\/uploads\/2022\/09\/coria-embrujo-de-otonio.jpg",1067,709,false],"xxxxxl":["https:\/\/turismocoria.es\/turismo\/wp-content\/uploads\/2022\/09\/coria-embrujo-de-otonio.jpg",1067,709,false],"1536x1536":["https:\/\/turismocoria.es\/turismo\/wp-content\/uploads\/2022\/09\/coria-embrujo-de-otonio.jpg",1067,709,false],"2048x2048":["https:\/\/turismocoria.es\/turismo\/wp-content\/uploads\/2022\/09\/coria-embrujo-de-otonio.jpg",1067,709,false],"ultp_layout_landscape_large":["https:\/\/turismocoria.es\/turismo\/wp-content\/uploads\/2022\/09\/coria-embrujo-de-otonio.jpg",1067,709,false],"ultp_layout_landscape":["https:\/\/turismocoria.es\/turismo\/wp-content\/uploads\/2022\/09\/coria-embrujo-de-otonio-870x570.jpg",870,570,true],"ultp_layout_portrait":["https:\/\/turismocoria.es\/turismo\/wp-content\/uploads\/2022\/09\/coria-embrujo-de-otonio-600x709.jpg",600,709,true],"ultp_layout_square":["https:\/\/turismocoria.es\/turismo\/wp-content\/uploads\/2022\/09\/coria-embrujo-de-otonio-600x600.jpg",600,600,true],"gb-block-post-grid-landscape":["https:\/\/turismocoria.es\/turismo\/wp-content\/uploads\/2022\/09\/coria-embrujo-de-otonio-600x400.jpg",600,400,true],"gb-block-post-grid-square":["https:\/\/turismocoria.es\/turismo\/wp-content\/uploads\/2022\/09\/coria-embrujo-de-otonio-600x600.jpg",600,600,true]},"uagb_author_info":{"display_name":"Oficina Turismo","author_link":"https:\/\/turismocoria.es\/turismo\/author\/oficina\/"},"uagb_comment_info":0,"uagb_excerpt":"En el norte de Extremadura, ba\u00f1ada por el R\u00edo Alag\u00f3n, se encuentra la Ciudad de Coria. Una poblaci\u00f3n por la que han pasado multitud de civilizaciones, que se encuentra muy cerca de ti, y que te ofrece, este oto\u00f1o, mil y una posibilidades de ocio, culturales, festivas, gastron\u00f3micas y patrimoniales para vivir unos d\u00edas de&hellip;","_links":{"self":[{"href":"https:\/\/turismocoria.es\/turismo\/wp-json\/wp\/v2\/posts\/11014"}],"collection":[{"href":"https:\/\/turismocoria.es\/turismo\/wp-json\/wp\/v2\/posts"}],"about":[{"href":"https:\/\/turismocoria.es\/turismo\/wp-json\/wp\/v2\/types\/post"}],"author":[{"embeddable":true,"href":"https:\/\/turismocoria.es\/turismo\/wp-json\/wp\/v2\/users\/4"}],"replies":[{"embeddable":true,"href":"https:\/\/turismocoria.es\/turismo\/wp-json\/wp\/v2\/comments?post=11014"}],"version-history":[{"count":1,"href":"https:\/\/turismocoria.es\/turismo\/wp-json\/wp\/v2\/posts\/11014\/revisions"}],"predecessor-version":[{"id":11016,"href":"https:\/\/turismocoria.es\/turismo\/wp-json\/wp\/v2\/posts\/11014\/revisions\/11016"}],"wp:featuredmedia":[{"embeddable":true,"href":"https:\/\/turismocoria.es\/turismo\/wp-json\/wp\/v2\/media\/11015"}],"wp:attachment":[{"href":"https:\/\/turismocoria.es\/turismo\/wp-json\/wp\/v2\/media?parent=11014"}],"wp:term":[{"taxonomy":"category","embeddable":true,"href":"https:\/\/turismocoria.es\/turismo\/wp-json\/wp\/v2\/categories?post=11014"},{"taxonomy":"post_tag","embeddable":true,"href":"https:\/\/turismocoria.es\/turismo\/wp-json\/wp\/v2\/tags?post=11014"}],"curies":[{"name":"wp","href":"https:\/\/api.w.org\/{rel}","templated":true}]}}