{"id":10981,"date":"2022-07-29T10:43:31","date_gmt":"2022-07-29T08:43:31","guid":{"rendered":"https:\/\/turismocoria.es\/turismo\/?p=10981"},"modified":"2022-07-29T10:43:32","modified_gmt":"2022-07-29T08:43:32","slug":"10-grandes-citas-dentro-del-agosto-turistico-ciudad-de-coria","status":"publish","type":"post","link":"https:\/\/turismocoria.es\/turismo\/10-grandes-citas-dentro-del-agosto-turistico-ciudad-de-coria\/","title":{"rendered":"10 Grandes Citas dentro del Agosto Tur\u00edstico Ciudad de Coria"},"content":{"rendered":"\n<p><strong>Historia, patrimonio, arte, gastronom\u00eda, naturaleza y tradiciones, son algunos de los atractivos tur\u00edsticos que atesora la milenaria, se\u00f1orial y episcopal Ciudad de Coria. Rincones centenarios y tesoros secretos prodigiosamente guardados en la novena poblaci\u00f3n m\u00e1s antigua de Espa\u00f1a que, durante este vacacional mes estival, contar\u00e1 con diez imprescindibles citas para un verano de interior inolvidable que, a buen seguro, har\u00e1n de este enclave hist\u00f3rico tu mejor opci\u00f3n donde pasar un merecido per\u00edodo de descanso repleto de encantos, seguro y tranquilo.<\/strong><\/p>\n\n\n\n<p>Si lo que realmente busca el turista es dedicar su tiempo de ocio vacacional a conocer otras gentes y otras costumbres, a disfrutar de la familia y los amigos, a practicar un turismo alternativo basado en la historia, el arte, la naturaleza o las experiencias, sin prisas y sin aglomeraciones, debe entonces acercase hasta el <strong><span style=\"text-decoration: underline;\"><a href=\"https:\/\/turismocoria.es\/turismo\/lugares-que-no-te-puedes-perder\/casco-historico\/\" data-type=\"page\" data-id=\"732\">Conjunto Monumental<\/a><\/span><\/strong> de la <strong><span style=\"text-decoration: underline;\"><a href=\"https:\/\/turismocoria.es\/turismo\/ciudad-de-coria\/\" data-type=\"page\" data-id=\"1061\">Ciudad de Coria<\/a><\/span><\/strong>, sin duda, una de las mejores opciones patrimoniales culturales m\u00e1s emblem\u00e1ticas de toda Extremadura.<\/p>\n\n\n\n<p>Diez ineludibles citas dentro de la variada programaci\u00f3n del <strong><span style=\"text-decoration: underline;\"><a href=\"https:\/\/turismocoria.es\/turismo\/fiestas-y-eventos-para-disfrutar\/agosto-turistico\/\" data-type=\"page\" data-id=\"856\">\u201cAgosto Tur\u00edstico\u201d<\/a><\/span><\/strong> de esta longeva ciudad extreme\u00f1a que, cargada de eventos cautivadores, sumergir\u00e1n al visitante en un emotivo ambiente de experiencias y emociones con las que sentir la Ciudad de Coria con toda intensidad.<\/p>\n\n\n\n<p>Momentos especiales que, desde el apasionante <strong><span style=\"text-decoration: underline;\"><a href=\"https:\/\/turismocoria.es\/turismo\/deporte-activo-de-salud-y-vida\/desciende-en-canoa-rio-alagon\/eco-descenso-por-el-valle-del-alagon\/\" data-type=\"page\" data-id=\"875\">\u201cDescenso del R\u00edo Alag\u00f3n\u201d<\/a><\/span><\/strong> que surca las aguas de este caudaloso curso fluvial, pasando por el laureado <strong><span style=\"text-decoration: underline;\"><a href=\"https:\/\/turismocoria.es\/turismo\/fiestas-y-eventos-para-disfrutar\/festival-internacional-de-guitarra\/\" data-type=\"page\" data-id=\"576\">\u201cFestival Internacional de Guitarra\u201d<\/a><\/span><\/strong>, hasta la seductora <strong><span style=\"text-decoration: underline;\"><a href=\"https:\/\/turismocoria.es\/turismo\/fiestas-y-eventos-para-disfrutar\/agosto-turistico\/noche-de-las-velas\/\" data-type=\"page\" data-id=\"578\">\u201cNoche de las Velas\u201d<\/a><\/span><\/strong>, donde cientos de lamparitas iluminan el Casco Antiguo creando una sobrecogedora atm\u00f3sfera de luces y sombras que envuelven su mercado de artesan\u00eda en vivo que dan paso al decano mercado matinal del <strong><span style=\"text-decoration: underline;\"><a href=\"https:\/\/turismocoria.es\/turismo\/fiestas-y-eventos-para-disfrutar\/agosto-turistico\/jueves-turistico\/\" data-type=\"page\" data-id=\"859\">\u201cJueves Tur\u00edstico\u201d<\/a><\/span><\/strong>, nutren de eventos este t\u00edpico mes vacacional que se ve complementado con otras interesantes actividades, caso de: observaciones astron\u00f3micas, conciertos, visitas nocturnas, teatro de calle, deportes, etc., que har\u00e1n las delicias de aquellos que se acerquen hasta la Ciudad de Coria para disfrutar de estas 10 inolvidables citas\u2026<\/p>\n\n\n\n<figure class=\"wp-block-embed is-type-video is-provider-youtube wp-block-embed-youtube wp-embed-aspect-16-9 wp-has-aspect-ratio\"><div class=\"wp-block-embed__wrapper\">\n<div class=\"ast-oembed-container \" style=\"height: 100%;\"><iframe loading=\"lazy\" title=\"Agosto Tur\u00edstico en Coria\" width=\"500\" height=\"281\" data-src=\"https:\/\/www.youtube.com\/embed\/ER7WIOu1V0M?feature=oembed\" frameborder=\"0\" allow=\"accelerometer; autoplay; clipboard-write; encrypted-media; gyroscope; picture-in-picture; web-share\" referrerpolicy=\"strict-origin-when-cross-origin\" allowfullscreen src=\"data:image\/gif;base64,R0lGODlhAQABAAAAACH5BAEKAAEALAAAAAABAAEAAAICTAEAOw==\" class=\"lazyload\" data-load-mode=\"1\"><\/iframe><\/div>\n<\/div><\/figure>\n\n\n\n<div style=\"height:40px\" aria-hidden=\"true\" class=\"wp-block-spacer\"><\/div>\n\n\n\n<p class=\"has-text-align-center\"><strong>PROGRAMACI\u00d3N AGOSTO TUR\u00cdSTICO CIUDAD DE CORIA<br>Del 1 al 26 de Agosto de 2022<\/strong><\/p>\n\n\n\n<p class=\"has-text-align-left\">1. <strong><span style=\"text-decoration: underline;\">Cultural y Emotivo \u201cFESTIVAL INTERNACIONAL DE GUITARRA\u201d.<\/span><\/strong><br><strong>Del 1 al 8 de agosto<\/strong>, la Ciudad de Coria acoge la <strong>XXV edici\u00f3n<\/strong> de este <strong>evento musical<\/strong> que tiene como m\u00e1gico escenario la plaza de la Catedral, donde se ofrecer\u00e1n los conciertos al aire libre de <strong>Carlos N\u00fa\u00f1ez (Lunes 1)<\/strong>, de <strong>Twanguero (jueves 4)<\/strong> y de <strong>Tomatito (domingo 7)<\/strong>. Adem\u00e1s, el interior de la propia seo cauriense acoger\u00e1 los conciertos de <strong>Aniello Desiderio (martes 2)<\/strong>, <strong>David Mart\u00ednez (mi\u00e9rcoles 3)<\/strong>, <strong>Pedro-Mateo Gonz\u00e1lez (viernes 5)<\/strong>, <strong>Sevilla Guitar D\u00fao (s\u00e1bado 6)<\/strong> y la <strong>Final del Concurso Senior de Guitarra (lunes 8 de agosto)<\/strong>.<br><strong>Venta de entradas online en:<\/strong> <strong><span style=\"text-decoration: underline;\"><a href=\"http:\/\/www.giglon.com\">www.giglon.com<\/a><\/span><\/strong><\/p>\n\n\n\n<p><strong>2.<\/strong> <strong><span style=\"text-decoration: underline;\">Deportivo y Animado \u201cDESCENSO DEL R\u00cdO ALAG\u00d3N\u201d.<\/span><\/strong><br>Durante la matinal del <strong>domingo, 7 de agosto<\/strong>, este sorprendente <strong>descenso en piragua o canoa<\/strong>, de <strong>18,8 km. fluviales<\/strong>, entre el Puente de la Macarrona (en la cercana localidad de Riolobos) y el Puente de Hierro (en Coria), se ha convertido en una prueba obligada del calendario n\u00e1utico extreme\u00f1o. La duraci\u00f3n estimada es de unas <strong>4 horas y media<\/strong> para recorrer este bello tramo del <strong>afluente m\u00e1s largo del r\u00edo Tajo<\/strong>. Una cita que los amantes de la naturaleza y el deporte no pueden perderse\u2026<br><strong>Inscripciones en:<\/strong> <strong><span style=\"text-decoration: underline;\"><a href=\"https:\/\/descensorioalagon.blogspot.com\">https:\/\/descensorioalagon.blogspot.com<\/a><\/span><\/strong><\/p>\n\n\n\n<p><strong>3.<\/strong> <strong><span style=\"text-decoration: underline;\">Luces y Sombras en la M\u00e1gica \u201cNOCHE DE LAS VELAS\u201d.<\/span><\/strong><br>Al caer el sol en el atardecer del <strong>mi\u00e9rcoles, 10 de agosto<\/strong>, Coria se transforma. Las principales calles y plazas de su Casco Hist\u00f3rico adornan sus v\u00edas, balcones y rejas con cientos de candelillas, cirios y lamparillas, arropando un emocional <strong>Mercado Artesanal de las Velas<\/strong>, con productos de la tierra. Todo ello, amenizado con m\u00fasica en vivo, actividades para ni\u00f1os y mayores\u2026 Una forma diferente y original de conocer la historia de Coria, encantada y divertida. \u00a1Impresionante!.<\/p>\n\n\n\n<p><strong>4.<\/strong> <strong><span style=\"text-decoration: underline;\">Ambientado Mercado de Artesan\u00eda del \u201cJUEVES TUR\u00cdSTICO\u201d.<\/span><\/strong><br>Al d\u00eda siguiente de la \u2018Noche de la Velas\u2019, el <strong>jueves, 11 de agosto<\/strong>, la Ciudad de Coria se despierta con la <strong>XXVII<\/strong> edici\u00f3n de un atractivo <strong>Mercado de Artesan\u00eda y Comercio<\/strong> ambientado por las calles y plazas de su monumental Casco Hist\u00f3rico Amurallado. Evento que se complementa con otras actividades como <strong>paseos en burro<\/strong> para ni\u00f1os, mercadillo tradicional (Barrio de Moscoso) y\/o el teatro de calle por medio de la representaci\u00f3n teatralizada de la historia viva m\u00e1s antigua de la ciudad, <strong>\u2018El Sentir de la Historia: VETONES\u2019<\/strong>, amenizada por la Compa\u00f1\u00eda Zircus, con <strong>pases de 40 min.<\/strong> desde las <strong>10:30 h. (Plaza de la Cava), 11:30 h. (Plaza de Espa\u00f1a) y 12:30 h. (Puerta del Perd\u00f3n).<\/strong><\/p>\n\n\n\n<p><strong>5.<\/strong> <strong><span style=\"text-decoration: underline;\">Ruta Nocturna \u201cLUNA ZAPATONA\u201d.<\/span><\/strong><br><strong>VIII edici\u00f3n<\/strong> de este evento deportivo solidario que, celebrado el <strong>s\u00e1bado, 13 de agosto<\/strong>, con partida desde el Pabell\u00f3n Municipal de Deportes, tendr\u00e1 un recorrido de <strong>10 km<\/strong>., con una doble salida en dos modalidades: <strong>23:10 h. (senderistas) y 23:45 h. (corredores).<\/strong><br><strong>Inscripciones en:<\/strong> <strong><span style=\"text-decoration: underline;\"><a href=\"https:\/\/lunazapatona.blogspot.com\/p\/inscripciones.html\">https:\/\/lunazapatona.blogspot.com\/p\/inscripciones.html<\/a><\/span><\/strong><\/p>\n\n\n\n<p><strong>6.<\/strong> <strong><span style=\"text-decoration: underline;\">Observaci\u00f3n Astron\u00f3mica \u201cDE CORIA A LAS ESTRELLAS\u201d.<\/span><\/strong><br>En la cerrada noche del <strong>domingo, 14 de agosto<\/strong>, en la explanada de la Ermita-Santuario, tendr\u00e1 lugar esta fascinante actividad con el fin de admirar <strong>\u201cLas Perseidas\u201d<\/strong> o lluvia de estrellas. Ese mismo d\u00eda, a las 20:00 h., se realizar\u00e1 tambi\u00e9n una <strong>visita guiada<\/strong> al <strong>Santuario de la Virgen de Argeme<\/strong>, en la que se podr\u00e1 aprovechar para tomar una foto de una de las <strong>puestas de sol m\u00e1s bonitas de Extremadura.<\/strong> \u00a1Todo un lujo para los sentidos!\u2026<br><strong>Inscripciones en:<\/strong> <strong><span style=\"text-decoration: underline;\"><a href=\"https:\/\/turismocoria.es\/turismo\/instituciones-y-servicios-de-interes\/#oficina-turismo\">Oficina Municipal de Turismo<\/a><\/span><\/strong><\/p>\n\n\n\n<p><strong>7. <span style=\"text-decoration: underline;\">Seductora \u201cVISITA GUIADA NOCTURNA POR EL CASCO HIST\u00d3RICO DE CORIA\u201d.<\/span><\/strong><br>El <strong>lunes, 15 de agosto<\/strong>, festividad de la Asunci\u00f3n de la Virgen Mar\u00eda, tenemos la oportunidad de descubrir los lugares y monumentos m\u00e1s emblem\u00e1ticos de la ciudad a trav\u00e9s de una <strong>visita nocturna<\/strong> que dar\u00e1 comienzo a las <strong>22:00 h.<\/strong><br><strong>Inscripciones en:<\/strong> <strong><span style=\"text-decoration: underline;\"><a href=\"https:\/\/turismocoria.es\/turismo\/instituciones-y-servicios-de-interes\/#oficina-turismo\">Oficina Municipal de Turismo<\/a><\/span><\/strong><\/p>\n\n\n\n<p><strong>8.<\/strong> <strong><span style=\"text-decoration: underline;\">De Fiesta a trav\u00e9s del Concierto Tributo a \u201cEL CANTO DEL LOCO\u201d.<\/span><\/strong><br>La <strong>Plaza del Norte<\/strong> acoger\u00e1 el <strong>viernes, 19 de agosto<\/strong>, a las <strong>22:30 h.<\/strong>, un concierto que recordar\u00e1 las mejores canciones de este grupo espa\u00f1ol de pop-rock, creado en 1995 y disuelto en 2010, liderado por <strong>Dani Mart\u00edn<\/strong>.<\/p>\n\n\n\n<p><strong>9.<\/strong> <strong><span style=\"text-decoration: underline;\">Did\u00e1ctica \u201cSEMANA CULTURAL DE PUEBLA DE ARGEME\u201d.<\/span><\/strong><br>Este n\u00facleo ped\u00e1neo de poblaci\u00f3n cercana a Coria, e integrado administrativamente en ella, celebrar\u00e1 <strong>del 24 al 26 de agosto<\/strong> diversas <strong>actividades culturales<\/strong> entre ellas el <strong>concierto de Aurelio Gallardo<\/strong>, en la <strong>Plaza del Bosque, <\/strong>el \u00faltimo d\u00eda de programaci\u00f3n, a partir de las <strong>22:30 h.<\/strong><\/p>\n\n\n\n<p><strong>10.<\/strong> <strong><span style=\"text-decoration: underline;\">\u00danica e irrepetible \u201cEXPOSICI\u00d3N VESTIGIUM: TRAS LAS HUELLAS DE CRISTO\u201d.<\/span><\/strong><br>Desde el pasado 23 de mayo y <strong>hasta el domingo, 11 de septiembre<\/strong> los amantes del turismo religioso disfrutar\u00e1n con esta <strong>exposici\u00f3n temporal<\/strong> en la <strong>Catedral de Santa Mar\u00eda de la Asunci\u00f3n<\/strong>. En ella se muestran <strong>dos reliquias hist\u00f3ricas y espirituales<\/strong> relacionadas con la <strong>Vida y Pasi\u00f3n de Cristo:<\/strong> la <strong>S\u00e1bana Santa de Tur\u00edn<\/strong> (en versi\u00f3n reproducida) y el <strong>Sagrado Mantel de la \u00daltima Cena de Coria<\/strong>. <strong>\u2018Vestigium\u2019<\/strong> muestra tambi\u00e9n otras piezas de colecci\u00f3n sacra, entre ellas una <strong>Santa Espina<\/strong> y un <strong>Lignum Crucis<\/strong>.<br><strong>Ampliar informaci\u00f3n en:<\/strong> <strong><span style=\"text-decoration: underline;\"><a href=\"https:\/\/turismocoria.es\/turismo\/exposicion-vestigium\/\">https:\/\/turismocoria.es\/turismo\/exposicion-vestigium\/<\/a><\/span><\/strong><\/p>\n\n\n\n<div style=\"height:40px\" aria-hidden=\"true\" class=\"wp-block-spacer\"><\/div>\n\n\n\n<div class=\"wp-block-media-text alignwide is-stacked-on-mobile\" style=\"grid-template-columns:37% auto\"><figure class=\"wp-block-media-text__media\"><a href=\"https:\/\/turismocoria.es\/turismo\/wp-content\/uploads\/2022\/07\/caretel-agosto-turistico-coria-2022.jpg\"><img loading=\"lazy\" decoding=\"async\" width=\"723\" height=\"1024\" data-src=\"https:\/\/turismocoria.es\/turismo\/wp-content\/uploads\/2022\/07\/caretel-agosto-turistico-coria-2022-723x1024.jpg\" alt=\"Agosto tur\u00edstico 2022\" class=\"wp-image-10982 size-full lazyload\" data-srcset=\"https:\/\/turismocoria.es\/turismo\/wp-content\/uploads\/2022\/07\/caretel-agosto-turistico-coria-2022-723x1024.jpg 723w, https:\/\/turismocoria.es\/turismo\/wp-content\/uploads\/2022\/07\/caretel-agosto-turistico-coria-2022-212x300.jpg 212w, https:\/\/turismocoria.es\/turismo\/wp-content\/uploads\/2022\/07\/caretel-agosto-turistico-coria-2022-768x1087.jpg 768w, https:\/\/turismocoria.es\/turismo\/wp-content\/uploads\/2022\/07\/caretel-agosto-turistico-coria-2022-1085x1536.jpg 1085w, https:\/\/turismocoria.es\/turismo\/wp-content\/uploads\/2022\/07\/caretel-agosto-turistico-coria-2022.jpg 1391w\" data-sizes=\"(max-width: 723px) 100vw, 723px\" src=\"data:image\/gif;base64,R0lGODlhAQABAAAAACH5BAEKAAEALAAAAAABAAEAAAICTAEAOw==\" style=\"--smush-placeholder-width: 723px; --smush-placeholder-aspect-ratio: 723\/1024;\" \/><noscript><img loading=\"lazy\" decoding=\"async\" width=\"723\" height=\"1024\" src=\"https:\/\/turismocoria.es\/turismo\/wp-content\/uploads\/2022\/07\/caretel-agosto-turistico-coria-2022-723x1024.jpg\" alt=\"Agosto tur\u00edstico 2022\" class=\"wp-image-10982 size-full\" srcset=\"https:\/\/turismocoria.es\/turismo\/wp-content\/uploads\/2022\/07\/caretel-agosto-turistico-coria-2022-723x1024.jpg 723w, https:\/\/turismocoria.es\/turismo\/wp-content\/uploads\/2022\/07\/caretel-agosto-turistico-coria-2022-212x300.jpg 212w, https:\/\/turismocoria.es\/turismo\/wp-content\/uploads\/2022\/07\/caretel-agosto-turistico-coria-2022-768x1087.jpg 768w, https:\/\/turismocoria.es\/turismo\/wp-content\/uploads\/2022\/07\/caretel-agosto-turistico-coria-2022-1085x1536.jpg 1085w, https:\/\/turismocoria.es\/turismo\/wp-content\/uploads\/2022\/07\/caretel-agosto-turistico-coria-2022.jpg 1391w\" sizes=\"(max-width: 723px) 100vw, 723px\" \/><\/noscript><\/a><\/figure><div class=\"wp-block-media-text__content\">\n<div data-wp-interactive=\"core\/file\" class=\"wp-block-file\"><object data-wp-bind--hidden=\"!state.hasPdfPreview\"  class=\"wp-block-file__embed\" data=\"https:\/\/turismocoria.es\/turismo\/wp-content\/uploads\/2022\/07\/FOLLETO-AGOSTO-TURISTICO-CORIA-2022.pdf\" type=\"application\/pdf\" style=\"width:100%;height:600px\" aria-label=\"Incrustado de Incrustado de FOLLETO-AGOSTO-TURISTICO-CORIA-2022..\"><\/object><a id=\"wp-block-file--media-fb9210c2-4569-45dc-8d5d-1d0e95b0cb7c\" href=\"https:\/\/turismocoria.es\/turismo\/wp-content\/uploads\/2022\/07\/FOLLETO-AGOSTO-TURISTICO-CORIA-2022.pdf\">FOLLETO-AGOSTO-TURISTICO-CORIA-2022<\/a><a href=\"https:\/\/turismocoria.es\/turismo\/wp-content\/uploads\/2022\/07\/FOLLETO-AGOSTO-TURISTICO-CORIA-2022.pdf\" class=\"wp-block-file__button wp-element-button\" download aria-describedby=\"wp-block-file--media-fb9210c2-4569-45dc-8d5d-1d0e95b0cb7c\">Descarga<\/a><\/div>\n<\/div><\/div>\n\n\n\n<div style=\"height:40px\" aria-hidden=\"true\" class=\"wp-block-spacer\"><\/div>\n\n\n\n<p><strong>M\u00e1s Informaci\u00f3n en:<br>Oficina Municipal de Turismo<\/strong><br>Plaza de San Pedro, 1, 10800 Coria (C\u00e1ceres)<br>Tlfno.: 927 50 80 00 Ext. 290 \u2013 Email: <a href=\"mailto:oficinaturismo@coria.org\">oficinaturismo@coria.org<\/a><br>Url: <a href=\"http:\/\/www.turismocoria.es\">www.turismocoria.es<\/a><\/p>\n","protected":false},"excerpt":{"rendered":"<p>Historia, patrimonio, arte, gastronom\u00eda, naturaleza y tradiciones, son algunos de los atractivos tur\u00edsticos que atesora la milenaria, se\u00f1orial y episcopal Ciudad de Coria. Rincones centenarios y tesoros secretos prodigiosamente guardados en la novena poblaci\u00f3n m\u00e1s antigua de Espa\u00f1a que, durante este vacacional mes estival, contar\u00e1 con diez imprescindibles citas para un verano de interior inolvidable [&hellip;]<\/p>\n","protected":false},"author":4,"featured_media":10983,"comment_status":"closed","ping_status":"closed","sticky":false,"template":"","format":"standard","meta":{"_uag_custom_page_level_css":"","site-sidebar-layout":"default","site-content-layout":"","ast-site-content-layout":"","site-content-style":"default","site-sidebar-style":"default","ast-global-header-display":"","ast-banner-title-visibility":"","ast-main-header-display":"","ast-hfb-above-header-display":"","ast-hfb-below-header-display":"","ast-hfb-mobile-header-display":"","site-post-title":"","ast-breadcrumbs-content":"","ast-featured-img":"","footer-sml-layout":"","theme-transparent-header-meta":"","adv-header-id-meta":"","stick-header-meta":"","header-above-stick-meta":"","header-main-stick-meta":"","header-below-stick-meta":"","astra-migrate-meta-layouts":"default","ast-page-background-enabled":"default","ast-page-background-meta":{"desktop":{"background-color":"","background-image":"","background-repeat":"repeat","background-position":"center center","background-size":"auto","background-attachment":"scroll","background-type":"","background-media":"","overlay-type":"","overlay-color":"","overlay-opacity":"","overlay-gradient":""},"tablet":{"background-color":"","background-image":"","background-repeat":"repeat","background-position":"center center","background-size":"auto","background-attachment":"scroll","background-type":"","background-media":"","overlay-type":"","overlay-color":"","overlay-opacity":"","overlay-gradient":""},"mobile":{"background-color":"","background-image":"","background-repeat":"repeat","background-position":"center center","background-size":"auto","background-attachment":"scroll","background-type":"","background-media":"","overlay-type":"","overlay-color":"","overlay-opacity":"","overlay-gradient":""}},"ast-content-background-meta":{"desktop":{"background-color":"var(--ast-global-color-5)","background-image":"","background-repeat":"repeat","background-position":"center center","background-size":"auto","background-attachment":"scroll","background-type":"","background-media":"","overlay-type":"","overlay-color":"","overlay-opacity":"","overlay-gradient":""},"tablet":{"background-color":"var(--ast-global-color-5)","background-image":"","background-repeat":"repeat","background-position":"center center","background-size":"auto","background-attachment":"scroll","background-type":"","background-media":"","overlay-type":"","overlay-color":"","overlay-opacity":"","overlay-gradient":""},"mobile":{"background-color":"var(--ast-global-color-5)","background-image":"","background-repeat":"repeat","background-position":"center center","background-size":"auto","background-attachment":"scroll","background-type":"","background-media":"","overlay-type":"","overlay-color":"","overlay-opacity":"","overlay-gradient":""}},"_EventAllDay":false,"_EventTimezone":"","_EventStartDate":"","_EventEndDate":"","_EventStartDateUTC":"","_EventEndDateUTC":"","_EventShowMap":false,"_EventShowMapLink":false,"_EventURL":"","_EventCost":"","_EventCostDescription":"","_EventCurrencySymbol":"","_EventCurrencyCode":"","_EventCurrencyPosition":"","_EventDateTimeSeparator":"","_EventTimeRangeSeparator":"","_EventOrganizerID":[],"_EventVenueID":0,"_OrganizerEmail":"","_OrganizerPhone":"","_OrganizerWebsite":"","_VenueAddress":"","_VenueCity":"","_VenueCountry":"","_VenueProvince":"","_VenueZip":"","_VenuePhone":"","_VenueURL":"","_VenueStateProvince":"","_VenueLat":"","_VenueLng":"","footnotes":""},"categories":[33],"tags":[],"class_list":["post-10981","post","type-post","status-publish","format-standard","has-post-thumbnail","hentry","category-sin-categorizar"],"featured_image_src":"https:\/\/turismocoria.es\/turismo\/wp-content\/uploads\/2022\/07\/coria-verano-turistico-2022-600x400.jpg","featured_image_src_square":"https:\/\/turismocoria.es\/turismo\/wp-content\/uploads\/2022\/07\/coria-verano-turistico-2022-600x600.jpg","author_info":{"display_name":"Oficina Turismo","author_link":"https:\/\/turismocoria.es\/turismo\/author\/oficina\/"},"uagb_featured_image_src":{"full":["https:\/\/turismocoria.es\/turismo\/wp-content\/uploads\/2022\/07\/coria-verano-turistico-2022.jpg",1770,1181,false],"thumbnail":["https:\/\/turismocoria.es\/turismo\/wp-content\/uploads\/2022\/07\/coria-verano-turistico-2022-150x150.jpg",150,150,true],"medium":["https:\/\/turismocoria.es\/turismo\/wp-content\/uploads\/2022\/07\/coria-verano-turistico-2022-300x200.jpg",300,200,true],"medium_large":["https:\/\/turismocoria.es\/turismo\/wp-content\/uploads\/2022\/07\/coria-verano-turistico-2022-768x512.jpg",768,512,true],"large":["https:\/\/turismocoria.es\/turismo\/wp-content\/uploads\/2022\/07\/coria-verano-turistico-2022-1024x683.jpg",1024,683,true],"gs-tiny":["https:\/\/turismocoria.es\/turismo\/wp-content\/uploads\/2022\/07\/coria-verano-turistico-2022.jpg",50,33,false],"xl":["https:\/\/turismocoria.es\/turismo\/wp-content\/uploads\/2022\/07\/coria-verano-turistico-2022-1600x1068.jpg",1600,1068,true],"xxl":["https:\/\/turismocoria.es\/turismo\/wp-content\/uploads\/2022\/07\/coria-verano-turistico-2022.jpg",1770,1181,false],"xxxl":["https:\/\/turismocoria.es\/turismo\/wp-content\/uploads\/2022\/07\/coria-verano-turistico-2022.jpg",1770,1181,false],"xxxxl":["https:\/\/turismocoria.es\/turismo\/wp-content\/uploads\/2022\/07\/coria-verano-turistico-2022.jpg",1770,1181,false],"xxxxxl":["https:\/\/turismocoria.es\/turismo\/wp-content\/uploads\/2022\/07\/coria-verano-turistico-2022.jpg",1770,1181,false],"1536x1536":["https:\/\/turismocoria.es\/turismo\/wp-content\/uploads\/2022\/07\/coria-verano-turistico-2022-1536x1025.jpg",1536,1025,true],"2048x2048":["https:\/\/turismocoria.es\/turismo\/wp-content\/uploads\/2022\/07\/coria-verano-turistico-2022.jpg",1770,1181,false],"ultp_layout_landscape_large":["https:\/\/turismocoria.es\/turismo\/wp-content\/uploads\/2022\/07\/coria-verano-turistico-2022-1200x800.jpg",1200,800,true],"ultp_layout_landscape":["https:\/\/turismocoria.es\/turismo\/wp-content\/uploads\/2022\/07\/coria-verano-turistico-2022-870x570.jpg",870,570,true],"ultp_layout_portrait":["https:\/\/turismocoria.es\/turismo\/wp-content\/uploads\/2022\/07\/coria-verano-turistico-2022-600x900.jpg",600,900,true],"ultp_layout_square":["https:\/\/turismocoria.es\/turismo\/wp-content\/uploads\/2022\/07\/coria-verano-turistico-2022-600x600.jpg",600,600,true],"gb-block-post-grid-landscape":["https:\/\/turismocoria.es\/turismo\/wp-content\/uploads\/2022\/07\/coria-verano-turistico-2022-600x400.jpg",600,400,true],"gb-block-post-grid-square":["https:\/\/turismocoria.es\/turismo\/wp-content\/uploads\/2022\/07\/coria-verano-turistico-2022-600x600.jpg",600,600,true]},"uagb_author_info":{"display_name":"Oficina Turismo","author_link":"https:\/\/turismocoria.es\/turismo\/author\/oficina\/"},"uagb_comment_info":0,"uagb_excerpt":"Historia, patrimonio, arte, gastronom\u00eda, naturaleza y tradiciones, son algunos de los atractivos tur\u00edsticos que atesora la milenaria, se\u00f1orial y episcopal Ciudad de Coria. Rincones centenarios y tesoros secretos prodigiosamente guardados en la novena poblaci\u00f3n m\u00e1s antigua de Espa\u00f1a que, durante este vacacional mes estival, contar\u00e1 con diez imprescindibles citas para un verano de interior inolvidable&hellip;","_links":{"self":[{"href":"https:\/\/turismocoria.es\/turismo\/wp-json\/wp\/v2\/posts\/10981"}],"collection":[{"href":"https:\/\/turismocoria.es\/turismo\/wp-json\/wp\/v2\/posts"}],"about":[{"href":"https:\/\/turismocoria.es\/turismo\/wp-json\/wp\/v2\/types\/post"}],"author":[{"embeddable":true,"href":"https:\/\/turismocoria.es\/turismo\/wp-json\/wp\/v2\/users\/4"}],"replies":[{"embeddable":true,"href":"https:\/\/turismocoria.es\/turismo\/wp-json\/wp\/v2\/comments?post=10981"}],"version-history":[{"count":6,"href":"https:\/\/turismocoria.es\/turismo\/wp-json\/wp\/v2\/posts\/10981\/revisions"}],"predecessor-version":[{"id":10994,"href":"https:\/\/turismocoria.es\/turismo\/wp-json\/wp\/v2\/posts\/10981\/revisions\/10994"}],"wp:featuredmedia":[{"embeddable":true,"href":"https:\/\/turismocoria.es\/turismo\/wp-json\/wp\/v2\/media\/10983"}],"wp:attachment":[{"href":"https:\/\/turismocoria.es\/turismo\/wp-json\/wp\/v2\/media?parent=10981"}],"wp:term":[{"taxonomy":"category","embeddable":true,"href":"https:\/\/turismocoria.es\/turismo\/wp-json\/wp\/v2\/categories?post=10981"},{"taxonomy":"post_tag","embeddable":true,"href":"https:\/\/turismocoria.es\/turismo\/wp-json\/wp\/v2\/tags?post=10981"}],"curies":[{"name":"wp","href":"https:\/\/api.w.org\/{rel}","templated":true}]}}