{"id":10877,"date":"2022-07-20T11:43:18","date_gmt":"2022-07-20T09:43:18","guid":{"rendered":"https:\/\/turismocoria.es\/turismo\/?p=10877"},"modified":"2022-07-27T10:38:49","modified_gmt":"2022-07-27T08:38:49","slug":"la-ciudad-de-coria-a-ritmo-de-guitarra","status":"publish","type":"post","link":"https:\/\/turismocoria.es\/turismo\/la-ciudad-de-coria-a-ritmo-de-guitarra\/","title":{"rendered":"La Ciudad de Coria a Ritmo de Guitarra"},"content":{"rendered":"\n<p><strong>La Ciudad de Coria acoge el XXV Festival Internacional de Guitarra como una cita cultural con car\u00e1cter monogr\u00e1fico a trav\u00e9s de diversos conciertos musicales y otras manifestaciones art\u00edsticas en torno a este instrumento en las que poder vivir experiencias \u00fanicas que, en su 25\u00aa edici\u00f3n, ha tenido un deseo claro de volver a reunir a guitarristas y p\u00fablico en ese afortunado rinc\u00f3n de Extremadura que es la plaza y Catedral de Santa Mar\u00eda de la Asunci\u00f3n (S. XV-XVIII).<\/strong><\/p>\n\n\n\n<p>Todo un prestigioso evento cultural y tur\u00edstico que espera recibir, un a\u00f1o m\u00e1s, a los distintos alumnos que viajan desde distintos pa\u00edses del mundo para formarse en este bello instrumento de las seis cuerdas, a la vez que percibir la vibraci\u00f3n del p\u00fablico en general en ese gran teatro musical en el que se convierte la hospitalaria plaza que precede a la soberbia seo cauriense bajo la intimidad de sus muros durante la primera semana del mes de agosto, en pleno per\u00edodo estival vacacional, en el que la nobiliaria y episcopal <strong><a href=\"https:\/\/turismocoria.es\/turismo\/ciudad-de-coria\/\" data-type=\"page\" data-id=\"1061\">Ciudad de Coria<\/a><\/strong> se convierte en destino tur\u00edstico obligado de la f\u00e9rtil y noble Extremadura derivado de su rico y longevo<strong> Patrimonio Hist\u00f3rico-Art\u00edstico, Cultural y Natural<\/strong> heredado durante siglos, lo que la convierten en una de las poblaciones m\u00e1s antiguas de toda Espa\u00f1a.<\/p>\n\n\n\n<p>Una m\u00e1s que interesante <strong>programaci\u00f3n <\/strong>que, en la edici\u00f3n de este a\u00f1o, al cumplir sus bodas de plata, se ha superado con creces en la selecci\u00f3n de los conciertos contratados, al objeto de que los espectadores vivan ocho intensos d\u00edas repletos de sensaciones y experiencias \u00fanicas, seg\u00fan se extrae del cartel dise\u00f1ado dentro del <strong>XXV Festival Internacional de Guitarra Ciudad de Coria <\/strong>para su puesta en escena del <strong>1 al 8 de agosto de 2022<\/strong>.<\/p>\n\n\n\n<p><strong>Carlos N\u00fa\u00f1ez<\/strong>, <strong>Twanguero<\/strong> o <strong>Tomatito<\/strong> ser\u00e1n algunos de los grandes m\u00fasicos protagonistas invitados a este prestigioso festival, \u00fanico en Extremadura, cuyos conciertos acoger\u00e1, tanto al aire libre, como en su espiritual interior, la catedral cauriense haciendo las delicias de los amantes de la m\u00fasica que se den cita para disfrutar, en pleno coraz\u00f3n del <a href=\"https:\/\/turismocoria.es\/turismo\/lugares-que-no-te-puedes-perder\/casco-historico\/\" data-type=\"page\" data-id=\"732\"><strong>Casco Hist\u00f3rico de Coria<\/strong><\/a>, de las veraniegas noches art\u00edsticas y culturales en las que descubrir, con gran autenticidad, nuestra admirada y legendaria ciudad antigua bajo el reposado silencio en el que emergen los recuerdos de su florida antig\u00fcedad escrita en las cicatrices de las piedras de sus vetustos monumentos.<\/p>\n\n\n\n<figure class=\"wp-block-embed is-type-video is-provider-youtube wp-block-embed-youtube wp-embed-aspect-16-9 wp-has-aspect-ratio\"><div class=\"wp-block-embed__wrapper\">\n<div class=\"ast-oembed-container \" style=\"height: 100%;\"><iframe loading=\"lazy\" title=\"Festival Internacional de Guitarra en Coria\" width=\"500\" height=\"281\" data-src=\"https:\/\/www.youtube.com\/embed\/pc5XcfWYtH8?feature=oembed\" frameborder=\"0\" allow=\"accelerometer; autoplay; clipboard-write; encrypted-media; gyroscope; picture-in-picture; web-share\" referrerpolicy=\"strict-origin-when-cross-origin\" allowfullscreen src=\"data:image\/gif;base64,R0lGODlhAQABAAAAACH5BAEKAAEALAAAAAABAAEAAAICTAEAOw==\" class=\"lazyload\" data-load-mode=\"1\"><\/iframe><\/div>\n<\/div><\/figure>\n\n\n\n<p>Unos <strong>conciertos musicales<\/strong> que se celebrar\u00e1n en la g\u00f3tico-plateresca sede catedralicia y atrio del Evangelio a partir de las 22:00 h., cuya <strong>venta de entradas anticipadas<\/strong> se pueden adquirir bien presencialmente en la Oficina Municipal de Turismo o en la plataforma: <strong><a href=\"http:\/\/www.giglon.com\" target=\"_blank\" rel=\"noreferrer noopener\">www.giglon.com<\/a><\/strong>, con unos precios que oscilan entre los 10 y 15 \u20ac, en cuanto a las entradas individuales, mientras que el abono para los tres conciertos es de 35 \u20ac, siendo el resto de los conciertos de guitarra cl\u00e1sica de entrada libre y a partir de las 21:30 h.<\/p>\n\n\n\n<p>Del mismo modo, se celebrar\u00e1n tambi\u00e9n otras <strong>actividades complementarias<\/strong> que se desarrollar\u00e1n de manera paralela al festival, tales como el <strong>curso formativo<\/strong> y el <strong>concurso de guitarra<\/strong> para j\u00f3venes promesas en las categor\u00edas \u201cjunior\u201d y \u201csenior\u201d que, dotado de unos estupendos premios, son una extraordinaria plataforma de promoci\u00f3n para lanzar sus carreras art\u00edsticas y profesionales, cuya gran final tendr\u00e1 lugar el lunes, 8 de agosto, a las 10:0 h., en el \u00faltimo d\u00eda del certamen.<\/p>\n\n\n\n<p>Adem\u00e1s de las posibles <strong>visitas guiadas<\/strong> concertadas por el <strong><a href=\"https:\/\/turismocoria.es\/turismo\/lugares-que-no-te-puedes-perder\/casco-historico\/\" data-type=\"page\" data-id=\"732\">Conjunto Monumental de Coria<\/a><\/strong> (Vidatours, 636792032), que le llevar\u00e1n a descubrir, tambi\u00e9n, esa joya y sacro tesoro oculto para el gozo y el fervor del turismo espiritual como es el <strong><a href=\"https:\/\/turismocoria.es\/turismo\/el-sagrado-mantel-de-la-ultima-cena\/\" data-type=\"page\" data-id=\"1176\">Sagrado Mantel de la \u00daltima Cena<\/a><\/strong> o <strong>El Hombre de la S\u00e1bana Santa<\/strong> a trav\u00e9s de la excepcional <a href=\"https:\/\/turismocoria.es\/turismo\/exposicion-vestigium\/\" data-type=\"page\" data-id=\"10560\"><strong>Exposici\u00f3n Vestigium<\/strong><\/a> que se exhibe y custodia en la Santa Iglesia Catedral de Coria.<\/p>\n\n\n\n<p>Por ello, si lo que realmente busca el turista es dedicar su tiempo de ocio vacacional a conocer otras gentes y otras costumbres, a disfrutar de la familia y los amigos, a practicar un turismo alternativo basado en la historia, el arte, la naturaleza o las experiencias, sin prisas y sin aglomeraciones, debe entonces acercase hasta la <strong><a href=\"https:\/\/turismocoria.es\/turismo\/ciudad-de-coria\/\" data-type=\"page\" data-id=\"1061\">Monumental Ciudad de Cor<\/a><\/strong><a href=\"https:\/\/turismocoria.es\/turismo\/ciudad-de-coria\/\" data-type=\"page\" data-id=\"1061\"><strong>ia<\/strong><\/a>, sin duda, una de las mejores opciones patrimoniales culturales y naturales m\u00e1s emblem\u00e1ticas de toda Extremadura en la que est\u00e1 recientemente considerada como la novena ciudad m\u00e1s antigua de Espa\u00f1a.<\/p>\n\n\n\n<p>Un turismo cultural de interior, placentero y entretenido, cuya variada <strong>oferta cultural, gastron\u00f3mica y deportiva<\/strong> se prolongar\u00e1 en esta bella, hist\u00f3rica y milenaria localidad cauriense durante todo el <strong>per\u00edodo estival<\/strong> de los meses de julio, agosto y septiembre, a trav\u00e9s de una m\u00e1s que interesante programaci\u00f3n tur\u00edstica adaptada a la situaci\u00f3n actual que vivimos, segura, apacible y sostenible.<\/p>\n\n\n\n<p>En este sentido, desde el Consistorio cauriense se hace un llamamiento animando tanto al p\u00fablico local como al for\u00e1neo para que visiten la ciudad y vivan, en primera persona, este gran festival, del que esperemos sea del agrado de todos, con el fin de que disfrutemos de una gran semana cultural y tur\u00edstica, al objeto de que la Ciudad de Coria y nuestro Festival Internacional de Guitarra suenen en todos los rincones de la geograf\u00eda extreme\u00f1a, espa\u00f1ola y del vecino pa\u00eds de Portugal.<\/p>\n\n\n\n<p>\u00a1Atenci\u00f3n!, se apagan las luces, empieza el espect\u00e1culo\u2026<\/p>\n\n\n\n<div class=\"wp-block-media-text alignwide is-stacked-on-mobile\" style=\"grid-template-columns:36% auto\"><figure class=\"wp-block-media-text__media\"><a href=\"https:\/\/turismocoria.es\/turismo\/wp-content\/uploads\/2022\/07\/cartel-festival-internacional-guitarra-coria-2022.jpg\"><img loading=\"lazy\" decoding=\"async\" width=\"728\" height=\"1024\" data-src=\"https:\/\/turismocoria.es\/turismo\/wp-content\/uploads\/2022\/07\/cartel-festival-internacional-guitarra-coria-2022-728x1024.jpg\" alt=\"\" class=\"wp-image-10878 size-full lazyload\" data-srcset=\"https:\/\/turismocoria.es\/turismo\/wp-content\/uploads\/2022\/07\/cartel-festival-internacional-guitarra-coria-2022-728x1024.jpg 728w, https:\/\/turismocoria.es\/turismo\/wp-content\/uploads\/2022\/07\/cartel-festival-internacional-guitarra-coria-2022-213x300.jpg 213w, https:\/\/turismocoria.es\/turismo\/wp-content\/uploads\/2022\/07\/cartel-festival-internacional-guitarra-coria-2022-768x1081.jpg 768w, https:\/\/turismocoria.es\/turismo\/wp-content\/uploads\/2022\/07\/cartel-festival-internacional-guitarra-coria-2022-1092x1536.jpg 1092w, https:\/\/turismocoria.es\/turismo\/wp-content\/uploads\/2022\/07\/cartel-festival-internacional-guitarra-coria-2022.jpg 1137w\" data-sizes=\"(max-width: 728px) 100vw, 728px\" src=\"data:image\/gif;base64,R0lGODlhAQABAAAAACH5BAEKAAEALAAAAAABAAEAAAICTAEAOw==\" style=\"--smush-placeholder-width: 728px; --smush-placeholder-aspect-ratio: 728\/1024;\" \/><noscript><img loading=\"lazy\" decoding=\"async\" width=\"728\" height=\"1024\" src=\"https:\/\/turismocoria.es\/turismo\/wp-content\/uploads\/2022\/07\/cartel-festival-internacional-guitarra-coria-2022-728x1024.jpg\" alt=\"\" class=\"wp-image-10878 size-full\" srcset=\"https:\/\/turismocoria.es\/turismo\/wp-content\/uploads\/2022\/07\/cartel-festival-internacional-guitarra-coria-2022-728x1024.jpg 728w, https:\/\/turismocoria.es\/turismo\/wp-content\/uploads\/2022\/07\/cartel-festival-internacional-guitarra-coria-2022-213x300.jpg 213w, https:\/\/turismocoria.es\/turismo\/wp-content\/uploads\/2022\/07\/cartel-festival-internacional-guitarra-coria-2022-768x1081.jpg 768w, https:\/\/turismocoria.es\/turismo\/wp-content\/uploads\/2022\/07\/cartel-festival-internacional-guitarra-coria-2022-1092x1536.jpg 1092w, https:\/\/turismocoria.es\/turismo\/wp-content\/uploads\/2022\/07\/cartel-festival-internacional-guitarra-coria-2022.jpg 1137w\" sizes=\"(max-width: 728px) 100vw, 728px\" \/><\/noscript><\/a><\/figure><div class=\"wp-block-media-text__content\">\n<p class=\"has-text-align-center\"><strong>PROGRAMACI\u00d3N FESTIVAL INTERNACIONAL DE GUITARRA &#8220;CIUDAD DE CORIA&#8221;<\/strong><br><strong>Plaza de la Catedral y Seo de Coria<\/strong><\/p>\n\n\n\n<p class=\"has-text-align-center\"><br>Lunes, 1 de Agosto de 2022<br>Concierto Inaugural:<strong> \u201cCARLOS N\u00da\u00d1EZ\u201d <\/strong>-22:00 h.- (Plaza Catedral)<br>Martes, 2 de Agosto de 2022<br>Convierto: <strong>&#8220;ANIELLO DESIDERIO&#8221;<\/strong> &#8211; 21:30 h.- (S.I. Catedral)<br>Mi\u00e9rcoles, 3 de Agosto de 2022<br>Concierto: <strong>&#8220;DAVID MART\u00cdNEZ&#8221;<\/strong> -21:30 h.- (S.I Catedral)<br>Jueves, 4 de Agosto de 2022<br>Concierto Central: <strong>\u201cTWANGUERO\u201d<\/strong> -22:00 h.- (Plaza Catedral)<br>Obra: <strong>\u201cNUMANCIA\u201d -23:00 h.- (Compa\u00f1\u00eda Nao D\u00b4Amores)<\/strong><br>Viernes, 5 de Agosto de 2022<br>Concierto: <strong>&#8220;PEDRO MATEO GONZ\u00c1LEZ&#8221;<\/strong> -21:30 h.- (S.I. Catedral)<br>S\u00e1bado, 6 de Agosto de 2022<br>Concierto <strong>&#8220;SEVILLA GUITAR DUO&#8221;<\/strong> -21:30 h.- (Plaza Catedral)<br>Domingo, 7 de Agosto de 2022<br>Concierto Clausura: <strong>\u201cTOMATITO\u201d<\/strong> -22:00 h.- (Plaza Catedral)<\/p>\n\n\n\n<p class=\"has-text-align-center\">Lunes, 8 de Agosto de 2022<br>Concierto: <strong>\u201cFINAL CONCURSO SENIOR\u201d<\/strong> -10:00 h.- (S.I. Catedral)<\/p>\n<\/div><\/div>\n\n\n\n<p><strong>M\u00e1s Informaci\u00f3n en:<br>Oficina Municipal de Turismo<\/strong><br>Plaza de San Pedro, 1, 10800 Coria (C\u00e1ceres)<br>Tlfno.: 927 50 80 00 Ext. 290 \u2013 Email: <a href=\"mailto:oficinaturismo@coria.org\">oficinaturismo<\/a>@adolfo\n<br>Url: <a href=\"https:\/\/turismocoria.es\/turismo\/evento\/xxv-festival-internacional-de-guitarra-ciudad-de-coria\/\nhttps:\/\/turismocoria.es\/turismo\/fiestas-y-eventos-para-disfrutar\/festival-internacional-de-guitarra\/\nhttp:\/\/www.guitarracoria.com\/\">https:\/\/turismocoria.es\/turismo\/evento\/xxv-festival-internacional-de-guitarra-ciudad-de-coria\/\n<blockquote class=\"wp-embedded-content\" data-secret=\"mcxipPbeQt\"><a href=\"https:\/\/turismocoria.es\/turismo\/fiestas-y-eventos-para-disfrutar\/festival-internacional-de-guitarra\/\">Festival Internacional De Guitarra<\/a><\/blockquote><iframe loading=\"lazy\" class=\"wp-embedded-content lazyload\" sandbox=\"allow-scripts\" security=\"restricted\" style=\"position: absolute; visibility: hidden;\" title=\"\u00abFestival Internacional De Guitarra\u00bb \u2014 Web Oficial de Turismo de Coria\" data-src=\"https:\/\/turismocoria.es\/turismo\/fiestas-y-eventos-para-disfrutar\/festival-internacional-de-guitarra\/embed\/#?secret=9SLX2yeycL#?secret=mcxipPbeQt\" data-secret=\"mcxipPbeQt\" width=\"500\" height=\"282\" frameborder=\"0\" marginwidth=\"0\" marginheight=\"0\" scrolling=\"no\" src=\"data:image\/gif;base64,R0lGODlhAQABAAAAACH5BAEKAAEALAAAAAABAAEAAAICTAEAOw==\" data-load-mode=\"1\"><\/iframe>\nhttp:\/\/www.guitarracoria.com\/<\/a><\/p>\n","protected":false},"excerpt":{"rendered":"<p>La Ciudad de Coria acoge el XXV Festival Internacional de Guitarra como una cita cultural con car\u00e1cter monogr\u00e1fico a trav\u00e9s de diversos conciertos musicales y otras manifestaciones art\u00edsticas en torno a este instrumento en las que poder vivir experiencias \u00fanicas que, en su 25\u00aa edici\u00f3n, ha tenido un deseo claro de volver a reunir a [&hellip;]<\/p>\n","protected":false},"author":4,"featured_media":10886,"comment_status":"closed","ping_status":"closed","sticky":false,"template":"","format":"standard","meta":{"_uag_custom_page_level_css":"","site-sidebar-layout":"default","site-content-layout":"","ast-site-content-layout":"","site-content-style":"default","site-sidebar-style":"default","ast-global-header-display":"","ast-banner-title-visibility":"","ast-main-header-display":"","ast-hfb-above-header-display":"","ast-hfb-below-header-display":"","ast-hfb-mobile-header-display":"","site-post-title":"","ast-breadcrumbs-content":"","ast-featured-img":"","footer-sml-layout":"","theme-transparent-header-meta":"","adv-header-id-meta":"","stick-header-meta":"","header-above-stick-meta":"","header-main-stick-meta":"","header-below-stick-meta":"","astra-migrate-meta-layouts":"default","ast-page-background-enabled":"default","ast-page-background-meta":{"desktop":{"background-color":"","background-image":"","background-repeat":"repeat","background-position":"center center","background-size":"auto","background-attachment":"scroll","background-type":"","background-media":"","overlay-type":"","overlay-color":"","overlay-opacity":"","overlay-gradient":""},"tablet":{"background-color":"","background-image":"","background-repeat":"repeat","background-position":"center center","background-size":"auto","background-attachment":"scroll","background-type":"","background-media":"","overlay-type":"","overlay-color":"","overlay-opacity":"","overlay-gradient":""},"mobile":{"background-color":"","background-image":"","background-repeat":"repeat","background-position":"center center","background-size":"auto","background-attachment":"scroll","background-type":"","background-media":"","overlay-type":"","overlay-color":"","overlay-opacity":"","overlay-gradient":""}},"ast-content-background-meta":{"desktop":{"background-color":"var(--ast-global-color-5)","background-image":"","background-repeat":"repeat","background-position":"center center","background-size":"auto","background-attachment":"scroll","background-type":"","background-media":"","overlay-type":"","overlay-color":"","overlay-opacity":"","overlay-gradient":""},"tablet":{"background-color":"var(--ast-global-color-5)","background-image":"","background-repeat":"repeat","background-position":"center center","background-size":"auto","background-attachment":"scroll","background-type":"","background-media":"","overlay-type":"","overlay-color":"","overlay-opacity":"","overlay-gradient":""},"mobile":{"background-color":"var(--ast-global-color-5)","background-image":"","background-repeat":"repeat","background-position":"center center","background-size":"auto","background-attachment":"scroll","background-type":"","background-media":"","overlay-type":"","overlay-color":"","overlay-opacity":"","overlay-gradient":""}},"_EventAllDay":false,"_EventTimezone":"","_EventStartDate":"","_EventEndDate":"","_EventStartDateUTC":"","_EventEndDateUTC":"","_EventShowMap":false,"_EventShowMapLink":false,"_EventURL":"","_EventCost":"","_EventCostDescription":"","_EventCurrencySymbol":"","_EventCurrencyCode":"","_EventCurrencyPosition":"","_EventDateTimeSeparator":"","_EventTimeRangeSeparator":"","_EventOrganizerID":[],"_EventVenueID":0,"_OrganizerEmail":"","_OrganizerPhone":"","_OrganizerWebsite":"","_VenueAddress":"","_VenueCity":"","_VenueCountry":"","_VenueProvince":"","_VenueZip":"","_VenuePhone":"","_VenueURL":"","_VenueStateProvince":"","_VenueLat":"","_VenueLng":"","footnotes":""},"categories":[33],"tags":[],"class_list":["post-10877","post","type-post","status-publish","format-standard","has-post-thumbnail","hentry","category-sin-categorizar"],"featured_image_src":"https:\/\/turismocoria.es\/turismo\/wp-content\/uploads\/2022\/07\/festival-internacional-guitarra-coria-2022.jpg-600x400.jpg","featured_image_src_square":"https:\/\/turismocoria.es\/turismo\/wp-content\/uploads\/2022\/07\/festival-internacional-guitarra-coria-2022.jpg-600x600.jpg","author_info":{"display_name":"Oficina Turismo","author_link":"https:\/\/turismocoria.es\/turismo\/author\/oficina\/"},"uagb_featured_image_src":{"full":["https:\/\/turismocoria.es\/turismo\/wp-content\/uploads\/2022\/07\/festival-internacional-guitarra-coria-2022.jpg.jpg",1417,945,false],"thumbnail":["https:\/\/turismocoria.es\/turismo\/wp-content\/uploads\/2022\/07\/festival-internacional-guitarra-coria-2022.jpg-150x150.jpg",150,150,true],"medium":["https:\/\/turismocoria.es\/turismo\/wp-content\/uploads\/2022\/07\/festival-internacional-guitarra-coria-2022.jpg-300x200.jpg",300,200,true],"medium_large":["https:\/\/turismocoria.es\/turismo\/wp-content\/uploads\/2022\/07\/festival-internacional-guitarra-coria-2022.jpg-768x512.jpg",768,512,true],"large":["https:\/\/turismocoria.es\/turismo\/wp-content\/uploads\/2022\/07\/festival-internacional-guitarra-coria-2022.jpg-1024x683.jpg",1024,683,true],"gs-tiny":["https:\/\/turismocoria.es\/turismo\/wp-content\/uploads\/2022\/07\/festival-internacional-guitarra-coria-2022.jpg.jpg",50,33,false],"xl":["https:\/\/turismocoria.es\/turismo\/wp-content\/uploads\/2022\/07\/festival-internacional-guitarra-coria-2022.jpg.jpg",1417,945,false],"xxl":["https:\/\/turismocoria.es\/turismo\/wp-content\/uploads\/2022\/07\/festival-internacional-guitarra-coria-2022.jpg.jpg",1417,945,false],"xxxl":["https:\/\/turismocoria.es\/turismo\/wp-content\/uploads\/2022\/07\/festival-internacional-guitarra-coria-2022.jpg.jpg",1417,945,false],"xxxxl":["https:\/\/turismocoria.es\/turismo\/wp-content\/uploads\/2022\/07\/festival-internacional-guitarra-coria-2022.jpg.jpg",1417,945,false],"xxxxxl":["https:\/\/turismocoria.es\/turismo\/wp-content\/uploads\/2022\/07\/festival-internacional-guitarra-coria-2022.jpg.jpg",1417,945,false],"1536x1536":["https:\/\/turismocoria.es\/turismo\/wp-content\/uploads\/2022\/07\/festival-internacional-guitarra-coria-2022.jpg.jpg",1417,945,false],"2048x2048":["https:\/\/turismocoria.es\/turismo\/wp-content\/uploads\/2022\/07\/festival-internacional-guitarra-coria-2022.jpg.jpg",1417,945,false],"ultp_layout_landscape_large":["https:\/\/turismocoria.es\/turismo\/wp-content\/uploads\/2022\/07\/festival-internacional-guitarra-coria-2022.jpg-1200x800.jpg",1200,800,true],"ultp_layout_landscape":["https:\/\/turismocoria.es\/turismo\/wp-content\/uploads\/2022\/07\/festival-internacional-guitarra-coria-2022.jpg-870x570.jpg",870,570,true],"ultp_layout_portrait":["https:\/\/turismocoria.es\/turismo\/wp-content\/uploads\/2022\/07\/festival-internacional-guitarra-coria-2022.jpg-600x900.jpg",600,900,true],"ultp_layout_square":["https:\/\/turismocoria.es\/turismo\/wp-content\/uploads\/2022\/07\/festival-internacional-guitarra-coria-2022.jpg-600x600.jpg",600,600,true],"gb-block-post-grid-landscape":["https:\/\/turismocoria.es\/turismo\/wp-content\/uploads\/2022\/07\/festival-internacional-guitarra-coria-2022.jpg-600x400.jpg",600,400,true],"gb-block-post-grid-square":["https:\/\/turismocoria.es\/turismo\/wp-content\/uploads\/2022\/07\/festival-internacional-guitarra-coria-2022.jpg-600x600.jpg",600,600,true]},"uagb_author_info":{"display_name":"Oficina Turismo","author_link":"https:\/\/turismocoria.es\/turismo\/author\/oficina\/"},"uagb_comment_info":0,"uagb_excerpt":"La Ciudad de Coria acoge el XXV Festival Internacional de Guitarra como una cita cultural con car\u00e1cter monogr\u00e1fico a trav\u00e9s de diversos conciertos musicales y otras manifestaciones art\u00edsticas en torno a este instrumento en las que poder vivir experiencias \u00fanicas que, en su 25\u00aa edici\u00f3n, ha tenido un deseo claro de volver a reunir a&hellip;","_links":{"self":[{"href":"https:\/\/turismocoria.es\/turismo\/wp-json\/wp\/v2\/posts\/10877"}],"collection":[{"href":"https:\/\/turismocoria.es\/turismo\/wp-json\/wp\/v2\/posts"}],"about":[{"href":"https:\/\/turismocoria.es\/turismo\/wp-json\/wp\/v2\/types\/post"}],"author":[{"embeddable":true,"href":"https:\/\/turismocoria.es\/turismo\/wp-json\/wp\/v2\/users\/4"}],"replies":[{"embeddable":true,"href":"https:\/\/turismocoria.es\/turismo\/wp-json\/wp\/v2\/comments?post=10877"}],"version-history":[{"count":4,"href":"https:\/\/turismocoria.es\/turismo\/wp-json\/wp\/v2\/posts\/10877\/revisions"}],"predecessor-version":[{"id":10953,"href":"https:\/\/turismocoria.es\/turismo\/wp-json\/wp\/v2\/posts\/10877\/revisions\/10953"}],"wp:featuredmedia":[{"embeddable":true,"href":"https:\/\/turismocoria.es\/turismo\/wp-json\/wp\/v2\/media\/10886"}],"wp:attachment":[{"href":"https:\/\/turismocoria.es\/turismo\/wp-json\/wp\/v2\/media?parent=10877"}],"wp:term":[{"taxonomy":"category","embeddable":true,"href":"https:\/\/turismocoria.es\/turismo\/wp-json\/wp\/v2\/categories?post=10877"},{"taxonomy":"post_tag","embeddable":true,"href":"https:\/\/turismocoria.es\/turismo\/wp-json\/wp\/v2\/tags?post=10877"}],"curies":[{"name":"wp","href":"https:\/\/api.w.org\/{rel}","templated":true}]}}