{"id":10782,"date":"2022-07-01T18:20:42","date_gmt":"2022-07-01T16:20:42","guid":{"rendered":"https:\/\/turismocoria.es\/turismo\/?p=10782"},"modified":"2022-07-12T09:37:36","modified_gmt":"2022-07-12T07:37:36","slug":"se-alza-el-telon-en-la-ciudad-de-coria","status":"publish","type":"post","link":"https:\/\/turismocoria.es\/turismo\/se-alza-el-telon-en-la-ciudad-de-coria\/","title":{"rendered":"\u201cSe Alza el Tel\u00f3n en la Ciudad de Coria\u201d"},"content":{"rendered":"\n<p><strong>El Festival Internacional de Teatro Coria Si\u00e9ntela!, abre nuevamente el tel\u00f3n de este magn\u00edfico espect\u00e1culo cuyo escenario cobra vida con la puesta en escena de cada una de las representaciones estivales de teatro al aire libre en ese marco incomparable que es la puerta principal de la seo cauriense donde, como en cada edici\u00f3n, los amantes de la far\u00e1ndula y las artes esc\u00e9nicas se dan cita para disfrutar en las noches de mediados del mes de julio en pleno coraz\u00f3n del Casco Hist\u00f3rico de Coria.<\/strong><\/p>\n\n\n\n<p>Un evento cultural y tur\u00edstico dentro de la milenaria e hist\u00f3rica Ciudad de Coria, que naci\u00f3 con \u00e9xito y vocaci\u00f3n de permanencia en una localidad con ra\u00edces dram\u00e1ticas que sigue apostando por la apuesta en valor y promoci\u00f3n de las compa\u00f1\u00edas consagradas existentes dentro y fuera de la regi\u00f3n de esta bella rama del arte que se desarrolla en ese insuperable entorno arquitect\u00f3nico como es la portada plateresca del atrio del Perd\u00f3n de la Santa Iglesia Catedral de Santa Mar\u00eda de la Asunci\u00f3n (S. XVII-XVIII).<\/p>\n\n\n\n<p>Una m\u00e1s que interesante <strong>programaci\u00f3n<\/strong> que, en la edici\u00f3n de este a\u00f1o, se ha superado con creces la selecci\u00f3n de las obras contratadas, al objeto de que los espectadores vivan siete intensas noches repletas de sensaciones y experiencias \u00fanicas, seg\u00fan se extrae del cartel dise\u00f1ado dentro del <strong>Festival Internacional de Teatro \u201cCoria Si\u00e9ntela\u201d<\/strong> para su representaci\u00f3n <strong>del 13 al 19 de julio de 2022<\/strong>.<\/p>\n\n\n\n<figure class=\"wp-block-embed is-type-video is-provider-youtube wp-block-embed-youtube wp-embed-aspect-16-9 wp-has-aspect-ratio\"><div class=\"wp-block-embed__wrapper\">\n<div class=\"ast-oembed-container \" style=\"height: 100%;\"><iframe loading=\"lazy\" title=\"VIII Festival Internacional de Teatro \u201cCoria, Si\u00e9ntela\u201d\" width=\"500\" height=\"281\" data-src=\"https:\/\/www.youtube.com\/embed\/eL9ZXu7WXZo?feature=oembed\" frameborder=\"0\" allow=\"accelerometer; autoplay; clipboard-write; encrypted-media; gyroscope; picture-in-picture; web-share\" referrerpolicy=\"strict-origin-when-cross-origin\" allowfullscreen src=\"data:image\/gif;base64,R0lGODlhAQABAAAAACH5BAEKAAEALAAAAAABAAEAAAICTAEAOw==\" class=\"lazyload\" data-load-mode=\"1\"><\/iframe><\/div>\n<\/div><\/figure>\n\n\n\n<p>Unas obras teatrales que se representar\u00e1n en la plateresca portada del Perd\u00f3n de la Catedral cauriense a partir de las 23:00 h., cuya <strong>venta de entradas anticipadas<\/strong> se pueden adquirir en la plataforma:<span style=\"text-decoration: underline;\"> <a href=\"http:\/\/www.giglon.com\" data-type=\"URL\" data-id=\"www.giglon.com\"><strong>www.giglon.com<\/strong><\/a><\/span>, con unos precios que oscilan entre los 5 \u20ac (personas con movilidad reducida) y 10 euros (p\u00fablico en general) en cuanto a las entradas individuales, mientras que los abonos fluct\u00faan entre los 50 \u20ac (p\u00fablico en general) y 30 \u20ac (personas con movilidad reducida).<\/p>\n\n\n\n<p>Del mismo modo, se celebrar\u00e1n tambi\u00e9n otras <strong>actividades complementarias<\/strong> que se desarrollar\u00e1n de manera paralela al festival, tales como: espect\u00e1culos y talleres de teatro infantiles, pasacalles, adem\u00e1s de visitas guiadas por el Conjunto Monumental de Coria (Vidatours, 636792032), que le llevar\u00e1n a descubrir esa joya y sacro tesoro  del turismo espiritual como es el <strong>Sagrado Mantel de la \u00daltima Cena<\/strong> o <strong>El Hombre de la S\u00e1bana Santa<\/strong> a trav\u00e9s de la  <strong><span style=\"text-decoration: underline;\"><a href=\"https:\/\/turismocoria.es\/turismo\/exposicion-vestigium\/\" data-type=\"page\" data-id=\"10560\">Exposici\u00f3n Vestigium<\/a><\/span><\/strong> que se exhibe en la Santa Iglesia Catedral de Coria.<\/p>\n\n\n\n<p>Desde el Consistorio cauriense se hace un llamamiento animando tanto al p\u00fablico local como al for\u00e1neo para que visiten la ciudad y vivan, en primera persona, este gran festival, del que esperemos sea del agrado de todos, con el fin de que disfrutemos de una gran semana cultural y tur\u00edstica, al objeto de que la Ciudad de Coria y nuestro Festival Internacional de Teatro suenen en todos los rincones de la geograf\u00eda extreme\u00f1a, espa\u00f1ola y del vecino pa\u00eds de Portugal.<\/p>\n\n\n\n<p>\u00a1Atenci\u00f3n!, se apagan las luces, empieza el espect\u00e1culo\u2026<\/p>\n\n\n\n<div class=\"wp-block-media-text alignwide is-stacked-on-mobile\" style=\"grid-template-columns:36% auto\"><figure class=\"wp-block-media-text__media\"><a href=\"https:\/\/turismocoria.es\/turismo\/wp-content\/uploads\/2022\/07\/cartel-festival-internacional-ciudad-coria-2022.jpeg\"><img loading=\"lazy\" decoding=\"async\" width=\"765\" height=\"952\" data-src=\"https:\/\/turismocoria.es\/turismo\/wp-content\/uploads\/2022\/07\/cartel-festival-internacional-ciudad-coria-2022.jpeg\" alt=\"\" class=\"wp-image-10784 size-full lazyload\" data-srcset=\"https:\/\/turismocoria.es\/turismo\/wp-content\/uploads\/2022\/07\/cartel-festival-internacional-ciudad-coria-2022.jpeg 765w, https:\/\/turismocoria.es\/turismo\/wp-content\/uploads\/2022\/07\/cartel-festival-internacional-ciudad-coria-2022-241x300.jpeg 241w\" data-sizes=\"(max-width: 765px) 100vw, 765px\" src=\"data:image\/gif;base64,R0lGODlhAQABAAAAACH5BAEKAAEALAAAAAABAAEAAAICTAEAOw==\" style=\"--smush-placeholder-width: 765px; --smush-placeholder-aspect-ratio: 765\/952;\" \/><noscript><img loading=\"lazy\" decoding=\"async\" width=\"765\" height=\"952\" src=\"https:\/\/turismocoria.es\/turismo\/wp-content\/uploads\/2022\/07\/cartel-festival-internacional-ciudad-coria-2022.jpeg\" alt=\"\" class=\"wp-image-10784 size-full\" srcset=\"https:\/\/turismocoria.es\/turismo\/wp-content\/uploads\/2022\/07\/cartel-festival-internacional-ciudad-coria-2022.jpeg 765w, https:\/\/turismocoria.es\/turismo\/wp-content\/uploads\/2022\/07\/cartel-festival-internacional-ciudad-coria-2022-241x300.jpeg 241w\" sizes=\"(max-width: 765px) 100vw, 765px\" \/><\/noscript><\/a><\/figure><div class=\"wp-block-media-text__content\">\n<p class=\"has-text-align-center\"><strong>PROGRAMACI\u00d3N FESTIVAL INTERNACIONAL DE TEATRO \u201cCORIA SI\u00c9NTELA\u201d<\/strong><br>Del 13 al 19 de Julio de 2022<br>Mi\u00e9rcoles, 13 de Julio de 2022<br>Obra Inaugural:<strong> \u201cANDANZAS Y ENTREMESES DE JUAN RANA\u201d (Compa\u00f1\u00eda Ron Lal\u00e1)<\/strong><br>Jueves, 14 de Julio de 2022<br>Obra: <strong>\u201cMEDEA A LA DERIVA\u201d (Compa\u00f1\u00eda Maltravieso Teatro)<\/strong><br>Viernes, 15 de Julio de 2022<br>Obra: <strong>\u201cALFONSO X LA \u00daLTIMA CANTIGA\u201d (Compa\u00f1\u00eda Mar\u00eda de Melo Producciones)<\/strong><br>S\u00e1bado, 16 de Julio de 2022<br>Obra: <strong>\u201cPROMETEO EL GRANDE\u201d -21:00 h.- (Compa\u00f1\u00eda Tupa Percusi\u00f3n Teatral)<\/strong><br>Obra: <strong>\u201cNUMANCIA\u201d -23:00 h.- (Compa\u00f1\u00eda Nao D\u00b4Amores)<\/strong><br>Domingo, 17 de Julio de 2022<br>Obra: <strong>\u201cCAYO C\u00c9SAR\u201d (Compa\u00f1\u00eda Atakama Produciones)<\/strong><br>Lunes, 18 de Julio de 2022<br>Obra: <strong>\u201cEL VIENTO ES SALVAJE\u201d (Compa\u00f1\u00eda Las Ni\u00f1as de C\u00e1diz)<\/strong><br>Martes, 19 de Julio de 2022<br>Obra Clausura: <strong>\u201cLOS DIOSES Y DIOS\u201d de Rafael \u00c1lvarez \u201cEl Brujo\u201d<\/strong><\/p>\n<\/div><\/div>\n\n\n\n<div style=\"height:50px\" aria-hidden=\"true\" class=\"wp-block-spacer\"><\/div>\n\n\n","protected":false},"excerpt":{"rendered":"<p>El Festival Internacional de Teatro Coria Si\u00e9ntela!, abre nuevamente el tel\u00f3n de este magn\u00edfico espect\u00e1culo cuyo escenario cobra vida con la puesta en escena de cada una de las representaciones estivales de teatro al aire libre en ese marco incomparable que es la puerta principal de la seo cauriense donde, como en cada edici\u00f3n, los [&hellip;]<\/p>\n","protected":false},"author":4,"featured_media":10783,"comment_status":"closed","ping_status":"closed","sticky":false,"template":"","format":"standard","meta":{"_uag_custom_page_level_css":"","site-sidebar-layout":"default","site-content-layout":"","ast-site-content-layout":"","site-content-style":"default","site-sidebar-style":"default","ast-global-header-display":"","ast-banner-title-visibility":"","ast-main-header-display":"","ast-hfb-above-header-display":"","ast-hfb-below-header-display":"","ast-hfb-mobile-header-display":"","site-post-title":"","ast-breadcrumbs-content":"","ast-featured-img":"","footer-sml-layout":"","theme-transparent-header-meta":"","adv-header-id-meta":"","stick-header-meta":"","header-above-stick-meta":"","header-main-stick-meta":"","header-below-stick-meta":"","astra-migrate-meta-layouts":"default","ast-page-background-enabled":"default","ast-page-background-meta":{"desktop":{"background-color":"","background-image":"","background-repeat":"repeat","background-position":"center center","background-size":"auto","background-attachment":"scroll","background-type":"","background-media":"","overlay-type":"","overlay-color":"","overlay-opacity":"","overlay-gradient":""},"tablet":{"background-color":"","background-image":"","background-repeat":"repeat","background-position":"center center","background-size":"auto","background-attachment":"scroll","background-type":"","background-media":"","overlay-type":"","overlay-color":"","overlay-opacity":"","overlay-gradient":""},"mobile":{"background-color":"","background-image":"","background-repeat":"repeat","background-position":"center center","background-size":"auto","background-attachment":"scroll","background-type":"","background-media":"","overlay-type":"","overlay-color":"","overlay-opacity":"","overlay-gradient":""}},"ast-content-background-meta":{"desktop":{"background-color":"var(--ast-global-color-5)","background-image":"","background-repeat":"repeat","background-position":"center center","background-size":"auto","background-attachment":"scroll","background-type":"","background-media":"","overlay-type":"","overlay-color":"","overlay-opacity":"","overlay-gradient":""},"tablet":{"background-color":"var(--ast-global-color-5)","background-image":"","background-repeat":"repeat","background-position":"center center","background-size":"auto","background-attachment":"scroll","background-type":"","background-media":"","overlay-type":"","overlay-color":"","overlay-opacity":"","overlay-gradient":""},"mobile":{"background-color":"var(--ast-global-color-5)","background-image":"","background-repeat":"repeat","background-position":"center center","background-size":"auto","background-attachment":"scroll","background-type":"","background-media":"","overlay-type":"","overlay-color":"","overlay-opacity":"","overlay-gradient":""}},"_EventAllDay":false,"_EventTimezone":"","_EventStartDate":"","_EventEndDate":"","_EventStartDateUTC":"","_EventEndDateUTC":"","_EventShowMap":false,"_EventShowMapLink":false,"_EventURL":"","_EventCost":"","_EventCostDescription":"","_EventCurrencySymbol":"","_EventCurrencyCode":"","_EventCurrencyPosition":"","_EventDateTimeSeparator":"","_EventTimeRangeSeparator":"","_EventOrganizerID":[],"_EventVenueID":0,"_OrganizerEmail":"","_OrganizerPhone":"","_OrganizerWebsite":"","_VenueAddress":"","_VenueCity":"","_VenueCountry":"","_VenueProvince":"","_VenueZip":"","_VenuePhone":"","_VenueURL":"","_VenueStateProvince":"","_VenueLat":"","_VenueLng":"","footnotes":""},"categories":[33],"tags":[321,317,353,351],"class_list":["post-10782","post","type-post","status-publish","format-standard","has-post-thumbnail","hentry","category-sin-categorizar","tag-catedral","tag-coria","tag-entradas","tag-teatro"],"featured_image_src":"https:\/\/turismocoria.es\/turismo\/wp-content\/uploads\/2022\/07\/festival-internacional-ciudad-coria-2022-600x400.jpg","featured_image_src_square":"https:\/\/turismocoria.es\/turismo\/wp-content\/uploads\/2022\/07\/festival-internacional-ciudad-coria-2022-600x600.jpg","author_info":{"display_name":"Oficina Turismo","author_link":"https:\/\/turismocoria.es\/turismo\/author\/oficina\/"},"uagb_featured_image_src":{"full":["https:\/\/turismocoria.es\/turismo\/wp-content\/uploads\/2022\/07\/festival-internacional-ciudad-coria-2022.jpg",1506,1361,false],"thumbnail":["https:\/\/turismocoria.es\/turismo\/wp-content\/uploads\/2022\/07\/festival-internacional-ciudad-coria-2022-150x150.jpg",150,150,true],"medium":["https:\/\/turismocoria.es\/turismo\/wp-content\/uploads\/2022\/07\/festival-internacional-ciudad-coria-2022-300x271.jpg",300,271,true],"medium_large":["https:\/\/turismocoria.es\/turismo\/wp-content\/uploads\/2022\/07\/festival-internacional-ciudad-coria-2022-768x694.jpg",768,694,true],"large":["https:\/\/turismocoria.es\/turismo\/wp-content\/uploads\/2022\/07\/festival-internacional-ciudad-coria-2022-1024x925.jpg",1024,925,true],"gs-tiny":["https:\/\/turismocoria.es\/turismo\/wp-content\/uploads\/2022\/07\/festival-internacional-ciudad-coria-2022.jpg",50,45,false],"xl":["https:\/\/turismocoria.es\/turismo\/wp-content\/uploads\/2022\/07\/festival-internacional-ciudad-coria-2022.jpg",1506,1361,false],"xxl":["https:\/\/turismocoria.es\/turismo\/wp-content\/uploads\/2022\/07\/festival-internacional-ciudad-coria-2022.jpg",1506,1361,false],"xxxl":["https:\/\/turismocoria.es\/turismo\/wp-content\/uploads\/2022\/07\/festival-internacional-ciudad-coria-2022.jpg",1506,1361,false],"xxxxl":["https:\/\/turismocoria.es\/turismo\/wp-content\/uploads\/2022\/07\/festival-internacional-ciudad-coria-2022.jpg",1506,1361,false],"xxxxxl":["https:\/\/turismocoria.es\/turismo\/wp-content\/uploads\/2022\/07\/festival-internacional-ciudad-coria-2022.jpg",1506,1361,false],"1536x1536":["https:\/\/turismocoria.es\/turismo\/wp-content\/uploads\/2022\/07\/festival-internacional-ciudad-coria-2022.jpg",1506,1361,false],"2048x2048":["https:\/\/turismocoria.es\/turismo\/wp-content\/uploads\/2022\/07\/festival-internacional-ciudad-coria-2022.jpg",1506,1361,false],"ultp_layout_landscape_large":["https:\/\/turismocoria.es\/turismo\/wp-content\/uploads\/2022\/07\/festival-internacional-ciudad-coria-2022-1200x800.jpg",1200,800,true],"ultp_layout_landscape":["https:\/\/turismocoria.es\/turismo\/wp-content\/uploads\/2022\/07\/festival-internacional-ciudad-coria-2022-870x570.jpg",870,570,true],"ultp_layout_portrait":["https:\/\/turismocoria.es\/turismo\/wp-content\/uploads\/2022\/07\/festival-internacional-ciudad-coria-2022-600x900.jpg",600,900,true],"ultp_layout_square":["https:\/\/turismocoria.es\/turismo\/wp-content\/uploads\/2022\/07\/festival-internacional-ciudad-coria-2022-600x600.jpg",600,600,true],"gb-block-post-grid-landscape":["https:\/\/turismocoria.es\/turismo\/wp-content\/uploads\/2022\/07\/festival-internacional-ciudad-coria-2022-600x400.jpg",600,400,true],"gb-block-post-grid-square":["https:\/\/turismocoria.es\/turismo\/wp-content\/uploads\/2022\/07\/festival-internacional-ciudad-coria-2022-600x600.jpg",600,600,true]},"uagb_author_info":{"display_name":"Oficina Turismo","author_link":"https:\/\/turismocoria.es\/turismo\/author\/oficina\/"},"uagb_comment_info":0,"uagb_excerpt":"El Festival Internacional de Teatro Coria Si\u00e9ntela!, abre nuevamente el tel\u00f3n de este magn\u00edfico espect\u00e1culo cuyo escenario cobra vida con la puesta en escena de cada una de las representaciones estivales de teatro al aire libre en ese marco incomparable que es la puerta principal de la seo cauriense donde, como en cada edici\u00f3n, los&hellip;","_links":{"self":[{"href":"https:\/\/turismocoria.es\/turismo\/wp-json\/wp\/v2\/posts\/10782"}],"collection":[{"href":"https:\/\/turismocoria.es\/turismo\/wp-json\/wp\/v2\/posts"}],"about":[{"href":"https:\/\/turismocoria.es\/turismo\/wp-json\/wp\/v2\/types\/post"}],"author":[{"embeddable":true,"href":"https:\/\/turismocoria.es\/turismo\/wp-json\/wp\/v2\/users\/4"}],"replies":[{"embeddable":true,"href":"https:\/\/turismocoria.es\/turismo\/wp-json\/wp\/v2\/comments?post=10782"}],"version-history":[{"count":9,"href":"https:\/\/turismocoria.es\/turismo\/wp-json\/wp\/v2\/posts\/10782\/revisions"}],"predecessor-version":[{"id":10869,"href":"https:\/\/turismocoria.es\/turismo\/wp-json\/wp\/v2\/posts\/10782\/revisions\/10869"}],"wp:featuredmedia":[{"embeddable":true,"href":"https:\/\/turismocoria.es\/turismo\/wp-json\/wp\/v2\/media\/10783"}],"wp:attachment":[{"href":"https:\/\/turismocoria.es\/turismo\/wp-json\/wp\/v2\/media?parent=10782"}],"wp:term":[{"taxonomy":"category","embeddable":true,"href":"https:\/\/turismocoria.es\/turismo\/wp-json\/wp\/v2\/categories?post=10782"},{"taxonomy":"post_tag","embeddable":true,"href":"https:\/\/turismocoria.es\/turismo\/wp-json\/wp\/v2\/tags?post=10782"}],"curies":[{"name":"wp","href":"https:\/\/api.w.org\/{rel}","templated":true}]}}