{"id":10775,"date":"2022-06-20T18:39:03","date_gmt":"2022-06-20T16:39:03","guid":{"rendered":"https:\/\/turismocoria.es\/turismo\/?p=10775"},"modified":"2022-06-20T18:39:04","modified_gmt":"2022-06-20T16:39:04","slug":"fiestas-de-san-juan-el-templo-de-la-tauromaquia-en-la-calle","status":"publish","type":"post","link":"https:\/\/turismocoria.es\/turismo\/fiestas-de-san-juan-el-templo-de-la-tauromaquia-en-la-calle\/","title":{"rendered":"Fiestas de San Juan: El Templo de la Tauromaquia en la Calle"},"content":{"rendered":"\n<p><strong>Si lo que busca el aficionado al mundo del toro es dedicar su tiempo de ocio a conocer otras costumbres taurinas y otras gentes, a disfrutar de la familia y los amigos practicando un turismo taurino basado en la historia, la cultura, el arte o las tradiciones m\u00e1s enraizadas, debe entonces acercarse del 23 al 29 de junio hasta la milenaria Ciudad de Coria.<\/strong><\/p>\n\n\n\n<p>La Ciudad de Coria vuelve a renacer nuevamente, tras su profundo letargo impuesto despu\u00e9s de dos continuados y largos a\u00f1os de pandemia, para aprestarse a vestirse de gala abriendo las centenarias puertas de su casco antiguo amurallado, con el fin de recibir a cuantos visitantes deseen disfrutar de nuestras centenarias Fiestas de San Juan, en la que se rememoran nuestros primigenios y antiguos rituales paganos celtas vettones, de culto al fuego, y de veneraci\u00f3n al toro como animal sagrado, coincidiendo con la entrada del solsticio de verano.<\/p>\n\n\n\n<p>Una tradici\u00f3n taurina, convertida en referente tur\u00edstico y cultural, que tiene, en la suelta de los toros por el <strong>Casco Hist\u00f3rico<\/strong>, su mejor y m\u00e1s preciadas se\u00f1as de identidad. Un magn\u00edfico Conjunto Monumental, en el que estos combativos y bravos guerreros, a los que se les rinde culto a la entrada del solsticio de verano, se convierten en due\u00f1os, amos y se\u00f1ores de las angulosas calles y plazas que describen este legendario recinto taurino protegido por la milenaria muralla romana que cerca su Casco Antiguo.<\/p>\n\n\n\n<figure class=\"wp-block-video\"><video controls src=\"https:\/\/turismocoria.es\/turismo\/wp-content\/uploads\/2022\/06\/PROMO-FIESTAS-DE-SAN-JUAN.mp4\"><\/video><\/figure>\n\n\n\n<p>Otra interesante iniciativa de turismo taurino, como legado patrimonial cultural en la que est\u00e1 considerada como la novena poblaci\u00f3n m\u00e1s antigua de este pa\u00eds, en el que la milenaria, nobiliaria y episcopal <strong>Ciudad de Coria<\/strong> se convertir\u00e1 nuevamente en <strong>destino tur\u00edstico<\/strong> obligado dentro de la f\u00e9rtil y noble Extremadura, al convertirse dichas festivas fechas en un momento propicio para disfrutar, tanto del embrujo del Mundo del Toro y de la Tauromaquia Tradicional, como del turismo cultural de interior a trav\u00e9s de la imprescindible visita al magn\u00edfico <strong>Conjunto Monumental<\/strong> que a\u00fan conserva su longevo y evocador <strong>Casco Hist\u00f3rico<\/strong>, convertido en m\u00e1gico escenario que alberga muchos atractivos tesoros celosamente custodiados durante siglos.<\/p>\n\n\n\n<figure class=\"wp-block-embed is-type-video is-provider-youtube wp-block-embed-youtube wp-embed-aspect-16-9 wp-has-aspect-ratio\"><div class=\"wp-block-embed__wrapper\">\n<div class=\"ast-oembed-container \" style=\"height: 100%;\"><iframe loading=\"lazy\" title=\"Coria \u201cConjunto Monumental\u201d, destino tur\u00edstico del noroeste de Extremadura\" width=\"500\" height=\"281\" data-src=\"https:\/\/www.youtube.com\/embed\/M6VniblQWMo?feature=oembed\" frameborder=\"0\" allow=\"accelerometer; autoplay; clipboard-write; encrypted-media; gyroscope; picture-in-picture; web-share\" referrerpolicy=\"strict-origin-when-cross-origin\" allowfullscreen src=\"data:image\/gif;base64,R0lGODlhAQABAAAAACH5BAEKAAEALAAAAAABAAEAAAICTAEAOw==\" class=\"lazyload\" data-load-mode=\"1\"><\/iframe><\/div>\n<\/div><\/figure>\n\n\n\n<p>Adem\u00e1s, y a modo de <strong>actividades complementarias<\/strong>, los turistas, visitantes y buenos aficionados podr\u00e1n disfrutar y descubrir tambi\u00e9n, tras su visita a la Ciudad de Coria, de esa joya y sacro tesoro oculto para el gozo y el fervor del turismo espiritual como es el excepcional <strong>Sagrado Mantel de la \u00daltima Cena<\/strong> que, custodiado en el museo catedralicio desde la antig\u00fcedad como reliquia universal de la cristiandad, puede contemplarse junto al <strong>Hombre de la S\u00e1bana Santa<\/strong> a trav\u00e9s de la <strong>Exposici\u00f3n Vestigium<\/strong>, como muestra temporal \u00fanica e irrepetible.<\/p>\n\n\n\n<p>Una variada <strong>oferta cultural, gastron\u00f3mica y deportiva<\/strong> que se prolongar\u00e1 en esta bella, hist\u00f3rica y milenaria localidad cauriense durante todo el per\u00edodo estival de los meses de julio, agosto y septiembre, a trav\u00e9s de una m\u00e1s que interesante programaci\u00f3n tur\u00edstica adaptada a la situaci\u00f3n actual que vivimos, segura, apacible y sostenible.<\/p>\n\n\n\n<p>Por todo ello, todos aquellos que deseen disfrutar de verdad esta fiesta de culto al sol sinti\u00e9ndose como en su propia casa, gracias a la hospitalidad del pueblo cauriense, no lo piensen m\u00e1s y, si la idea les seduce, pongan rumbo hacia la Catedral del Toro en Extremadura, que no es otra que la Ciudad de Coria, dentro de esa piel de toro llamada Espa\u00f1a ; pues, tal y como se dice por estos lares: <em>\u00a1Quien viene y vive San Juan\u2026 vuelve nuevamente para poder reeditar las experiencias vividas!\u2026<\/em><\/p>\n\n\n\n<p>As\u00ed, a todos aquellos que arriben hasta las puertas de la vetusta ciudad amurallada la v\u00edspera de fiestas: <em>\u00a1Que la Luna de Coria os colme de alegr\u00eda, de salud y de riquezas en tan m\u00e1gicas Noches de San Juan, llenas de mitos, amores, tradici\u00f3n y leyendas!\u2026<\/em><\/p>\n\n\n","protected":false},"excerpt":{"rendered":"<p>Si lo que busca el aficionado al mundo del toro es dedicar su tiempo de ocio a conocer otras costumbres taurinas y otras gentes, a disfrutar de la familia y los amigos practicando un turismo taurino basado en la historia, la cultura, el arte o las tradiciones m\u00e1s enraizadas, debe entonces acercarse del 23 al [&hellip;]<\/p>\n","protected":false},"author":4,"featured_media":10778,"comment_status":"closed","ping_status":"closed","sticky":false,"template":"","format":"standard","meta":{"_uag_custom_page_level_css":"","site-sidebar-layout":"default","site-content-layout":"","ast-site-content-layout":"","site-content-style":"default","site-sidebar-style":"default","ast-global-header-display":"","ast-banner-title-visibility":"","ast-main-header-display":"","ast-hfb-above-header-display":"","ast-hfb-below-header-display":"","ast-hfb-mobile-header-display":"","site-post-title":"","ast-breadcrumbs-content":"","ast-featured-img":"","footer-sml-layout":"","theme-transparent-header-meta":"","adv-header-id-meta":"","stick-header-meta":"","header-above-stick-meta":"","header-main-stick-meta":"","header-below-stick-meta":"","astra-migrate-meta-layouts":"default","ast-page-background-enabled":"default","ast-page-background-meta":{"desktop":{"background-color":"","background-image":"","background-repeat":"repeat","background-position":"center center","background-size":"auto","background-attachment":"scroll","background-type":"","background-media":"","overlay-type":"","overlay-color":"","overlay-opacity":"","overlay-gradient":""},"tablet":{"background-color":"","background-image":"","background-repeat":"repeat","background-position":"center center","background-size":"auto","background-attachment":"scroll","background-type":"","background-media":"","overlay-type":"","overlay-color":"","overlay-opacity":"","overlay-gradient":""},"mobile":{"background-color":"","background-image":"","background-repeat":"repeat","background-position":"center center","background-size":"auto","background-attachment":"scroll","background-type":"","background-media":"","overlay-type":"","overlay-color":"","overlay-opacity":"","overlay-gradient":""}},"ast-content-background-meta":{"desktop":{"background-color":"var(--ast-global-color-5)","background-image":"","background-repeat":"repeat","background-position":"center center","background-size":"auto","background-attachment":"scroll","background-type":"","background-media":"","overlay-type":"","overlay-color":"","overlay-opacity":"","overlay-gradient":""},"tablet":{"background-color":"var(--ast-global-color-5)","background-image":"","background-repeat":"repeat","background-position":"center center","background-size":"auto","background-attachment":"scroll","background-type":"","background-media":"","overlay-type":"","overlay-color":"","overlay-opacity":"","overlay-gradient":""},"mobile":{"background-color":"var(--ast-global-color-5)","background-image":"","background-repeat":"repeat","background-position":"center center","background-size":"auto","background-attachment":"scroll","background-type":"","background-media":"","overlay-type":"","overlay-color":"","overlay-opacity":"","overlay-gradient":""}},"_EventAllDay":false,"_EventTimezone":"","_EventStartDate":"","_EventEndDate":"","_EventStartDateUTC":"","_EventEndDateUTC":"","_EventShowMap":false,"_EventShowMapLink":false,"_EventURL":"","_EventCost":"","_EventCostDescription":"","_EventCurrencySymbol":"","_EventCurrencyCode":"","_EventCurrencyPosition":"","_EventDateTimeSeparator":"","_EventTimeRangeSeparator":"","_EventOrganizerID":[],"_EventVenueID":0,"_OrganizerEmail":"","_OrganizerPhone":"","_OrganizerWebsite":"","_VenueAddress":"","_VenueCity":"","_VenueCountry":"","_VenueProvince":"","_VenueZip":"","_VenuePhone":"","_VenueURL":"","_VenueStateProvince":"","_VenueLat":"","_VenueLng":"","footnotes":""},"categories":[33],"tags":[],"class_list":["post-10775","post","type-post","status-publish","format-standard","has-post-thumbnail","hentry","category-sin-categorizar"],"featured_image_src":"https:\/\/turismocoria.es\/turismo\/wp-content\/uploads\/2022\/06\/Coria-Fiestas-San-Juan-Cartel-2022-600x400.jpg","featured_image_src_square":"https:\/\/turismocoria.es\/turismo\/wp-content\/uploads\/2022\/06\/Coria-Fiestas-San-Juan-Cartel-2022-600x600.jpg","author_info":{"display_name":"Oficina Turismo","author_link":"https:\/\/turismocoria.es\/turismo\/author\/oficina\/"},"uagb_featured_image_src":{"full":["https:\/\/turismocoria.es\/turismo\/wp-content\/uploads\/2022\/06\/Coria-Fiestas-San-Juan-Cartel-2022.jpg",675,945,false],"thumbnail":["https:\/\/turismocoria.es\/turismo\/wp-content\/uploads\/2022\/06\/Coria-Fiestas-San-Juan-Cartel-2022-150x150.jpg",150,150,true],"medium":["https:\/\/turismocoria.es\/turismo\/wp-content\/uploads\/2022\/06\/Coria-Fiestas-San-Juan-Cartel-2022-214x300.jpg",214,300,true],"medium_large":["https:\/\/turismocoria.es\/turismo\/wp-content\/uploads\/2022\/06\/Coria-Fiestas-San-Juan-Cartel-2022.jpg",675,945,false],"large":["https:\/\/turismocoria.es\/turismo\/wp-content\/uploads\/2022\/06\/Coria-Fiestas-San-Juan-Cartel-2022.jpg",675,945,false],"gs-tiny":["https:\/\/turismocoria.es\/turismo\/wp-content\/uploads\/2022\/06\/Coria-Fiestas-San-Juan-Cartel-2022.jpg",50,70,false],"xl":["https:\/\/turismocoria.es\/turismo\/wp-content\/uploads\/2022\/06\/Coria-Fiestas-San-Juan-Cartel-2022.jpg",675,945,false],"xxl":["https:\/\/turismocoria.es\/turismo\/wp-content\/uploads\/2022\/06\/Coria-Fiestas-San-Juan-Cartel-2022.jpg",675,945,false],"xxxl":["https:\/\/turismocoria.es\/turismo\/wp-content\/uploads\/2022\/06\/Coria-Fiestas-San-Juan-Cartel-2022.jpg",675,945,false],"xxxxl":["https:\/\/turismocoria.es\/turismo\/wp-content\/uploads\/2022\/06\/Coria-Fiestas-San-Juan-Cartel-2022.jpg",675,945,false],"xxxxxl":["https:\/\/turismocoria.es\/turismo\/wp-content\/uploads\/2022\/06\/Coria-Fiestas-San-Juan-Cartel-2022.jpg",675,945,false],"1536x1536":["https:\/\/turismocoria.es\/turismo\/wp-content\/uploads\/2022\/06\/Coria-Fiestas-San-Juan-Cartel-2022.jpg",675,945,false],"2048x2048":["https:\/\/turismocoria.es\/turismo\/wp-content\/uploads\/2022\/06\/Coria-Fiestas-San-Juan-Cartel-2022.jpg",675,945,false],"ultp_layout_landscape_large":["https:\/\/turismocoria.es\/turismo\/wp-content\/uploads\/2022\/06\/Coria-Fiestas-San-Juan-Cartel-2022-675x800.jpg",675,800,true],"ultp_layout_landscape":["https:\/\/turismocoria.es\/turismo\/wp-content\/uploads\/2022\/06\/Coria-Fiestas-San-Juan-Cartel-2022-675x570.jpg",675,570,true],"ultp_layout_portrait":["https:\/\/turismocoria.es\/turismo\/wp-content\/uploads\/2022\/06\/Coria-Fiestas-San-Juan-Cartel-2022-600x900.jpg",600,900,true],"ultp_layout_square":["https:\/\/turismocoria.es\/turismo\/wp-content\/uploads\/2022\/06\/Coria-Fiestas-San-Juan-Cartel-2022-600x600.jpg",600,600,true],"gb-block-post-grid-landscape":["https:\/\/turismocoria.es\/turismo\/wp-content\/uploads\/2022\/06\/Coria-Fiestas-San-Juan-Cartel-2022-600x400.jpg",600,400,true],"gb-block-post-grid-square":["https:\/\/turismocoria.es\/turismo\/wp-content\/uploads\/2022\/06\/Coria-Fiestas-San-Juan-Cartel-2022-600x600.jpg",600,600,true]},"uagb_author_info":{"display_name":"Oficina Turismo","author_link":"https:\/\/turismocoria.es\/turismo\/author\/oficina\/"},"uagb_comment_info":0,"uagb_excerpt":"Si lo que busca el aficionado al mundo del toro es dedicar su tiempo de ocio a conocer otras costumbres taurinas y otras gentes, a disfrutar de la familia y los amigos practicando un turismo taurino basado en la historia, la cultura, el arte o las tradiciones m\u00e1s enraizadas, debe entonces acercarse del 23 al&hellip;","_links":{"self":[{"href":"https:\/\/turismocoria.es\/turismo\/wp-json\/wp\/v2\/posts\/10775"}],"collection":[{"href":"https:\/\/turismocoria.es\/turismo\/wp-json\/wp\/v2\/posts"}],"about":[{"href":"https:\/\/turismocoria.es\/turismo\/wp-json\/wp\/v2\/types\/post"}],"author":[{"embeddable":true,"href":"https:\/\/turismocoria.es\/turismo\/wp-json\/wp\/v2\/users\/4"}],"replies":[{"embeddable":true,"href":"https:\/\/turismocoria.es\/turismo\/wp-json\/wp\/v2\/comments?post=10775"}],"version-history":[{"count":1,"href":"https:\/\/turismocoria.es\/turismo\/wp-json\/wp\/v2\/posts\/10775\/revisions"}],"predecessor-version":[{"id":10779,"href":"https:\/\/turismocoria.es\/turismo\/wp-json\/wp\/v2\/posts\/10775\/revisions\/10779"}],"wp:featuredmedia":[{"embeddable":true,"href":"https:\/\/turismocoria.es\/turismo\/wp-json\/wp\/v2\/media\/10778"}],"wp:attachment":[{"href":"https:\/\/turismocoria.es\/turismo\/wp-json\/wp\/v2\/media?parent=10775"}],"wp:term":[{"taxonomy":"category","embeddable":true,"href":"https:\/\/turismocoria.es\/turismo\/wp-json\/wp\/v2\/categories?post=10775"},{"taxonomy":"post_tag","embeddable":true,"href":"https:\/\/turismocoria.es\/turismo\/wp-json\/wp\/v2\/tags?post=10775"}],"curies":[{"name":"wp","href":"https:\/\/api.w.org\/{rel}","templated":true}]}}