{"id":10508,"date":"2022-05-27T14:15:19","date_gmt":"2022-05-27T12:15:19","guid":{"rendered":"https:\/\/turismocoria.es\/turismo\/?p=10508"},"modified":"2022-05-27T14:15:19","modified_gmt":"2022-05-27T12:15:19","slug":"exposicion-vestigium-una-historia-que-comenzo-hace-mas-de-2-000-anos","status":"publish","type":"post","link":"https:\/\/turismocoria.es\/turismo\/exposicion-vestigium-una-historia-que-comenzo-hace-mas-de-2-000-anos\/","title":{"rendered":"Exposici\u00f3n &#8220;Vestigium&#8221;, Una historia que comenz\u00f3 hace m\u00e1s de 2.000 a\u00f1os&#8230;"},"content":{"rendered":"\n<p><strong>Vestigium<\/strong> se trata de una muestra expositiva, \u00fanica e irrepetible, que pretende poner en valor y trascendencia dos de los reclamos m\u00e1s atractivos e influyentes existentes dentro de la cristiandad desde tiempos inmemoriales, como son esas dos reliquias hist\u00f3ricas y espirituales relacionadas con la Vida y Pasi\u00f3n de Cristo, caso de la S\u00e1bana Santa de Tur\u00edn, en versi\u00f3n reproducida, y del <a href=\"https:\/\/turismocoria.es\/turismo\/historias-para-toda-la-familia\/descubre-el-mantel-sagrado-de-coria\/\" data-type=\"URL\" data-id=\"https:\/\/turismocoria.es\/turismo\/historias-para-toda-la-familia\/descubre-el-mantel-sagrado-de-coria\/\" target=\"_blank\" rel=\"noreferrer noopener\">Sagrado Mantel de Coria,<\/a> que ha de volver a recuperar y convertirse, por m\u00e9ritos propios, en uno de los ejes principales sobre los que gire el turismo religioso a nivel mundial como reliquia universal de la cristiandad.<\/p>\n\n\n\n<p>As\u00ed pues, bajo el t\u00edtulo de <strong>Vestigium<\/strong>, esta exposici\u00f3n temporal recoge la clara vinculaci\u00f3n humana por conocer el rastro, los pasos o las huellas de Cristo durante estos dos milenios de historia cristiana ininterrumpida, como un acto espont\u00e1neo de sentimiento religioso y de atracci\u00f3n tur\u00edstico-cultural articulados alrededor de siete \u00e1reas tem\u00e1ticas repartidas por la <a href=\"https:\/\/turismocoria.es\/turismo\/lugares-que-no-te-puedes-perder\/catedral\/\" data-type=\"URL\" data-id=\"https:\/\/turismocoria.es\/turismo\/lugares-que-no-te-puedes-perder\/catedral\/\" target=\"_blank\" rel=\"noreferrer noopener\">Catedral de Santa Mar\u00eda de la Asunci\u00f3n<\/a> de Coria en un espacio expositivo de 200 m2.<\/p>\n\n\n\n<p>La muestra <strong>Vestigium<\/strong> recoge, entre algunos de sus fundamentos, la evidencia, seg\u00fan consideran los \u00faltimos estudios cient\u00edficos, que ambas piezas estuvieron presentes, conjuntamente, sobre la Mesa de la \u00daltima Cena conmemorando la liturgia de la milagrosa Noche del Jueves Santo, origen sacramental de la Eucarist\u00eda.<\/p>\n\n\n\n<p>Esta exposici\u00f3n se podr\u00e1 visitar desde el 23 de mayo hasta el 11 de septiembre de 2022 en la Catedral de Santa Mar\u00eda de la Asunci\u00f3n.<\/p>\n\n\n\n<p><strong>HORARIO:<\/strong><\/p>\n\n\n\n<ul class=\"wp-block-list\"><li>Lunes a Domingo<\/li><li> 10:30h a 14:00h y 17:00h a 20:00<\/li><\/ul>\n\n\n\n<p><strong>ENTRADAS:<\/strong><\/p>\n\n\n\n<ul class=\"wp-block-list\"><li>General: 6\u20ac<\/li><li>Mayores de 65 a\u00f1os: 5\u20ac<\/li><li><em>Consultar otras opciones de entrada<\/em><\/li><\/ul>\n\n\n\n<p>La entrada a la exposici\u00f3n incluye, adem\u00e1s, la visita y recorrido expositivo por toda la Catedral de Coria, su Museo, Claustro y la subida a la Torre Catedralicia<\/p>\n\n\n\n<p><strong>PUNTOS DE VENTA:<\/strong><\/p>\n\n\n\n<ul class=\"wp-block-list\"><li>Venta online a trav\u00e9s de <a rel=\"noreferrer noopener\" href=\"http:\/\/articketing.vocces.com\/catedral-de-coria\/\" data-type=\"URL\" data-id=\"http:\/\/articketing.vocces.com\/catedral-de-coria\/\" target=\"_blank\">http:\/\/articketing.vocces.com\/catedral-de-coria\/<\/a><\/li><li>Venta f\u00edsica en la propia Catedral de Coria<\/li><\/ul>\n\n\n\n<p><strong>VISITAS GUIADAS:<\/strong><\/p>\n\n\n\n<p>Esta deber\u00e1 formalizarse mediante reserva previa a trav\u00e9s del tel\u00e9fono de contacto del Museo Catedralicio de Coria: <a href=\"https:\/\/turismocoria.es\/turismo\/?page_id=10514\" data-type=\"page\" data-id=\"10514\">927 50 39 60<\/a><\/p>\n\n\n\n<p><\/p>\n\n\n\n<p><\/p>\n\n\n\n<p><\/p>\n\n\n\n<figure class=\"wp-block-gallery has-nested-images columns-default is-cropped wp-block-gallery-1 is-layout-flex wp-block-gallery-is-layout-flex\">\n<figure class=\"wp-block-image size-large\"><img loading=\"lazy\" decoding=\"async\" width=\"1024\" height=\"1024\" data-id=\"10520\" data-src=\"https:\/\/turismocoria.es\/turismo\/wp-content\/uploads\/2022\/05\/vestigium3-1024x1024.jpg\" alt=\"\" class=\"wp-image-10520 lazyload\" data-srcset=\"https:\/\/turismocoria.es\/turismo\/wp-content\/uploads\/2022\/05\/vestigium3-1024x1024.jpg 1024w, https:\/\/turismocoria.es\/turismo\/wp-content\/uploads\/2022\/05\/vestigium3-300x300.jpg 300w, https:\/\/turismocoria.es\/turismo\/wp-content\/uploads\/2022\/05\/vestigium3-150x150.jpg 150w, https:\/\/turismocoria.es\/turismo\/wp-content\/uploads\/2022\/05\/vestigium3-768x768.jpg 768w, https:\/\/turismocoria.es\/turismo\/wp-content\/uploads\/2022\/05\/vestigium3-1600x1600.jpg 1600w, https:\/\/turismocoria.es\/turismo\/wp-content\/uploads\/2022\/05\/vestigium3-1536x1536.jpg 1536w, https:\/\/turismocoria.es\/turismo\/wp-content\/uploads\/2022\/05\/vestigium3-2048x2048.jpg 2048w, https:\/\/turismocoria.es\/turismo\/wp-content\/uploads\/2022\/05\/vestigium3-600x600.jpg 600w\" data-sizes=\"(max-width: 1024px) 100vw, 1024px\" src=\"data:image\/gif;base64,R0lGODlhAQABAAAAACH5BAEKAAEALAAAAAABAAEAAAICTAEAOw==\" style=\"--smush-placeholder-width: 1024px; --smush-placeholder-aspect-ratio: 1024\/1024;\" \/><noscript><img loading=\"lazy\" decoding=\"async\" width=\"1024\" height=\"1024\" data-id=\"10520\" src=\"https:\/\/turismocoria.es\/turismo\/wp-content\/uploads\/2022\/05\/vestigium3-1024x1024.jpg\" alt=\"\" class=\"wp-image-10520\" srcset=\"https:\/\/turismocoria.es\/turismo\/wp-content\/uploads\/2022\/05\/vestigium3-1024x1024.jpg 1024w, https:\/\/turismocoria.es\/turismo\/wp-content\/uploads\/2022\/05\/vestigium3-300x300.jpg 300w, https:\/\/turismocoria.es\/turismo\/wp-content\/uploads\/2022\/05\/vestigium3-150x150.jpg 150w, https:\/\/turismocoria.es\/turismo\/wp-content\/uploads\/2022\/05\/vestigium3-768x768.jpg 768w, https:\/\/turismocoria.es\/turismo\/wp-content\/uploads\/2022\/05\/vestigium3-1600x1600.jpg 1600w, https:\/\/turismocoria.es\/turismo\/wp-content\/uploads\/2022\/05\/vestigium3-1536x1536.jpg 1536w, https:\/\/turismocoria.es\/turismo\/wp-content\/uploads\/2022\/05\/vestigium3-2048x2048.jpg 2048w, https:\/\/turismocoria.es\/turismo\/wp-content\/uploads\/2022\/05\/vestigium3-600x600.jpg 600w\" sizes=\"(max-width: 1024px) 100vw, 1024px\" \/><\/noscript><\/figure>\n\n\n\n<figure class=\"wp-block-image size-large\"><img loading=\"lazy\" decoding=\"async\" width=\"2560\" height=\"2560\" data-id=\"10521\" data-src=\"https:\/\/turismocoria.es\/turismo\/wp-content\/uploads\/2022\/05\/vestigium2-2-scaled.jpg\" alt=\"\" class=\"wp-image-10521 lazyload\" data-srcset=\"https:\/\/turismocoria.es\/turismo\/wp-content\/uploads\/2022\/05\/vestigium2-2-scaled.jpg 2560w, https:\/\/turismocoria.es\/turismo\/wp-content\/uploads\/2022\/05\/vestigium2-2-300x300.jpg 300w, https:\/\/turismocoria.es\/turismo\/wp-content\/uploads\/2022\/05\/vestigium2-2-1024x1024.jpg 1024w, https:\/\/turismocoria.es\/turismo\/wp-content\/uploads\/2022\/05\/vestigium2-2-150x150.jpg 150w, https:\/\/turismocoria.es\/turismo\/wp-content\/uploads\/2022\/05\/vestigium2-2-768x768.jpg 768w, https:\/\/turismocoria.es\/turismo\/wp-content\/uploads\/2022\/05\/vestigium2-2-1600x1600.jpg 1600w, https:\/\/turismocoria.es\/turismo\/wp-content\/uploads\/2022\/05\/vestigium2-2-1536x1536.jpg 1536w, https:\/\/turismocoria.es\/turismo\/wp-content\/uploads\/2022\/05\/vestigium2-2-2048x2048.jpg 2048w, https:\/\/turismocoria.es\/turismo\/wp-content\/uploads\/2022\/05\/vestigium2-2-600x600.jpg 600w\" data-sizes=\"(max-width: 2560px) 100vw, 2560px\" src=\"data:image\/gif;base64,R0lGODlhAQABAAAAACH5BAEKAAEALAAAAAABAAEAAAICTAEAOw==\" style=\"--smush-placeholder-width: 2560px; --smush-placeholder-aspect-ratio: 2560\/2560;\" \/><noscript><img loading=\"lazy\" decoding=\"async\" width=\"2560\" height=\"2560\" data-id=\"10521\" src=\"https:\/\/turismocoria.es\/turismo\/wp-content\/uploads\/2022\/05\/vestigium2-2-scaled.jpg\" alt=\"\" class=\"wp-image-10521\" srcset=\"https:\/\/turismocoria.es\/turismo\/wp-content\/uploads\/2022\/05\/vestigium2-2-scaled.jpg 2560w, https:\/\/turismocoria.es\/turismo\/wp-content\/uploads\/2022\/05\/vestigium2-2-300x300.jpg 300w, https:\/\/turismocoria.es\/turismo\/wp-content\/uploads\/2022\/05\/vestigium2-2-1024x1024.jpg 1024w, https:\/\/turismocoria.es\/turismo\/wp-content\/uploads\/2022\/05\/vestigium2-2-150x150.jpg 150w, https:\/\/turismocoria.es\/turismo\/wp-content\/uploads\/2022\/05\/vestigium2-2-768x768.jpg 768w, https:\/\/turismocoria.es\/turismo\/wp-content\/uploads\/2022\/05\/vestigium2-2-1600x1600.jpg 1600w, https:\/\/turismocoria.es\/turismo\/wp-content\/uploads\/2022\/05\/vestigium2-2-1536x1536.jpg 1536w, https:\/\/turismocoria.es\/turismo\/wp-content\/uploads\/2022\/05\/vestigium2-2-2048x2048.jpg 2048w, https:\/\/turismocoria.es\/turismo\/wp-content\/uploads\/2022\/05\/vestigium2-2-600x600.jpg 600w\" sizes=\"(max-width: 2560px) 100vw, 2560px\" \/><\/noscript><\/figure>\n<\/figure>\n","protected":false},"excerpt":{"rendered":"<p>Vestigium se trata de una muestra expositiva, \u00fanica e irrepetible, que pretende poner en valor y trascendencia dos de los reclamos m\u00e1s atractivos e influyentes existentes dentro de la cristiandad desde tiempos inmemoriales, como son esas dos reliquias hist\u00f3ricas y espirituales relacionadas con la Vida y Pasi\u00f3n de Cristo, caso de la S\u00e1bana Santa de [&hellip;]<\/p>\n","protected":false},"author":4,"featured_media":10509,"comment_status":"closed","ping_status":"","sticky":false,"template":"","format":"standard","meta":{"_uag_custom_page_level_css":"","site-sidebar-layout":"default","site-content-layout":"","ast-site-content-layout":"","site-content-style":"default","site-sidebar-style":"default","ast-global-header-display":"","ast-banner-title-visibility":"","ast-main-header-display":"","ast-hfb-above-header-display":"","ast-hfb-below-header-display":"","ast-hfb-mobile-header-display":"","site-post-title":"","ast-breadcrumbs-content":"","ast-featured-img":"disabled","footer-sml-layout":"","theme-transparent-header-meta":"","adv-header-id-meta":"","stick-header-meta":"","header-above-stick-meta":"","header-main-stick-meta":"","header-below-stick-meta":"","astra-migrate-meta-layouts":"default","ast-page-background-enabled":"default","ast-page-background-meta":{"desktop":{"background-color":"","background-image":"","background-repeat":"repeat","background-position":"center center","background-size":"auto","background-attachment":"scroll","background-type":"","background-media":"","overlay-type":"","overlay-color":"","overlay-opacity":"","overlay-gradient":""},"tablet":{"background-color":"","background-image":"","background-repeat":"repeat","background-position":"center center","background-size":"auto","background-attachment":"scroll","background-type":"","background-media":"","overlay-type":"","overlay-color":"","overlay-opacity":"","overlay-gradient":""},"mobile":{"background-color":"","background-image":"","background-repeat":"repeat","background-position":"center center","background-size":"auto","background-attachment":"scroll","background-type":"","background-media":"","overlay-type":"","overlay-color":"","overlay-opacity":"","overlay-gradient":""}},"ast-content-background-meta":{"desktop":{"background-color":"var(--ast-global-color-5)","background-image":"","background-repeat":"repeat","background-position":"center center","background-size":"auto","background-attachment":"scroll","background-type":"","background-media":"","overlay-type":"","overlay-color":"","overlay-opacity":"","overlay-gradient":""},"tablet":{"background-color":"var(--ast-global-color-5)","background-image":"","background-repeat":"repeat","background-position":"center center","background-size":"auto","background-attachment":"scroll","background-type":"","background-media":"","overlay-type":"","overlay-color":"","overlay-opacity":"","overlay-gradient":""},"mobile":{"background-color":"var(--ast-global-color-5)","background-image":"","background-repeat":"repeat","background-position":"center center","background-size":"auto","background-attachment":"scroll","background-type":"","background-media":"","overlay-type":"","overlay-color":"","overlay-opacity":"","overlay-gradient":""}},"_EventAllDay":false,"_EventTimezone":"","_EventStartDate":"","_EventEndDate":"","_EventStartDateUTC":"","_EventEndDateUTC":"","_EventShowMap":false,"_EventShowMapLink":false,"_EventURL":"","_EventCost":"","_EventCostDescription":"","_EventCurrencySymbol":"","_EventCurrencyCode":"","_EventCurrencyPosition":"","_EventDateTimeSeparator":"","_EventTimeRangeSeparator":"","_EventOrganizerID":[],"_EventVenueID":0,"_OrganizerEmail":"","_OrganizerPhone":"","_OrganizerWebsite":"","_VenueAddress":"","_VenueCity":"","_VenueCountry":"","_VenueProvince":"","_VenueZip":"","_VenuePhone":"","_VenueURL":"","_VenueStateProvince":"","_VenueLat":"","_VenueLng":"","footnotes":""},"categories":[33],"tags":[321,317,338,334,330,336,340,332],"class_list":["post-10508","post","type-post","status-publish","format-standard","has-post-thumbnail","hentry","category-sin-categorizar","tag-catedral","tag-coria","tag-pasion-de-cristo","tag-sabana-santa","tag-sagrado-mantel","tag-turin","tag-ultima-cena","tag-vestigium"],"featured_image_src":"https:\/\/turismocoria.es\/turismo\/wp-content\/uploads\/2022\/05\/CARTEL-PROMOCIONAL-EXPOSICION-VESTIGIUM-CORIA-600x400.jpg","featured_image_src_square":"https:\/\/turismocoria.es\/turismo\/wp-content\/uploads\/2022\/05\/CARTEL-PROMOCIONAL-EXPOSICION-VESTIGIUM-CORIA-600x600.jpg","author_info":{"display_name":"Oficina Turismo","author_link":"https:\/\/turismocoria.es\/turismo\/author\/oficina\/"},"uagb_featured_image_src":{"full":["https:\/\/turismocoria.es\/turismo\/wp-content\/uploads\/2022\/05\/CARTEL-PROMOCIONAL-EXPOSICION-VESTIGIUM-CORIA.jpg",675,945,false],"thumbnail":["https:\/\/turismocoria.es\/turismo\/wp-content\/uploads\/2022\/05\/CARTEL-PROMOCIONAL-EXPOSICION-VESTIGIUM-CORIA-150x150.jpg",150,150,true],"medium":["https:\/\/turismocoria.es\/turismo\/wp-content\/uploads\/2022\/05\/CARTEL-PROMOCIONAL-EXPOSICION-VESTIGIUM-CORIA-214x300.jpg",214,300,true],"medium_large":["https:\/\/turismocoria.es\/turismo\/wp-content\/uploads\/2022\/05\/CARTEL-PROMOCIONAL-EXPOSICION-VESTIGIUM-CORIA.jpg",675,945,false],"large":["https:\/\/turismocoria.es\/turismo\/wp-content\/uploads\/2022\/05\/CARTEL-PROMOCIONAL-EXPOSICION-VESTIGIUM-CORIA.jpg",675,945,false],"gs-tiny":["https:\/\/turismocoria.es\/turismo\/wp-content\/uploads\/2022\/05\/CARTEL-PROMOCIONAL-EXPOSICION-VESTIGIUM-CORIA.jpg",50,70,false],"xl":["https:\/\/turismocoria.es\/turismo\/wp-content\/uploads\/2022\/05\/CARTEL-PROMOCIONAL-EXPOSICION-VESTIGIUM-CORIA.jpg",675,945,false],"xxl":["https:\/\/turismocoria.es\/turismo\/wp-content\/uploads\/2022\/05\/CARTEL-PROMOCIONAL-EXPOSICION-VESTIGIUM-CORIA.jpg",675,945,false],"xxxl":["https:\/\/turismocoria.es\/turismo\/wp-content\/uploads\/2022\/05\/CARTEL-PROMOCIONAL-EXPOSICION-VESTIGIUM-CORIA.jpg",675,945,false],"xxxxl":["https:\/\/turismocoria.es\/turismo\/wp-content\/uploads\/2022\/05\/CARTEL-PROMOCIONAL-EXPOSICION-VESTIGIUM-CORIA.jpg",675,945,false],"xxxxxl":["https:\/\/turismocoria.es\/turismo\/wp-content\/uploads\/2022\/05\/CARTEL-PROMOCIONAL-EXPOSICION-VESTIGIUM-CORIA.jpg",675,945,false],"1536x1536":["https:\/\/turismocoria.es\/turismo\/wp-content\/uploads\/2022\/05\/CARTEL-PROMOCIONAL-EXPOSICION-VESTIGIUM-CORIA.jpg",675,945,false],"2048x2048":["https:\/\/turismocoria.es\/turismo\/wp-content\/uploads\/2022\/05\/CARTEL-PROMOCIONAL-EXPOSICION-VESTIGIUM-CORIA.jpg",675,945,false],"ultp_layout_landscape_large":["https:\/\/turismocoria.es\/turismo\/wp-content\/uploads\/2022\/05\/CARTEL-PROMOCIONAL-EXPOSICION-VESTIGIUM-CORIA-675x800.jpg",675,800,true],"ultp_layout_landscape":["https:\/\/turismocoria.es\/turismo\/wp-content\/uploads\/2022\/05\/CARTEL-PROMOCIONAL-EXPOSICION-VESTIGIUM-CORIA-675x570.jpg",675,570,true],"ultp_layout_portrait":["https:\/\/turismocoria.es\/turismo\/wp-content\/uploads\/2022\/05\/CARTEL-PROMOCIONAL-EXPOSICION-VESTIGIUM-CORIA-600x900.jpg",600,900,true],"ultp_layout_square":["https:\/\/turismocoria.es\/turismo\/wp-content\/uploads\/2022\/05\/CARTEL-PROMOCIONAL-EXPOSICION-VESTIGIUM-CORIA-600x600.jpg",600,600,true],"gb-block-post-grid-landscape":["https:\/\/turismocoria.es\/turismo\/wp-content\/uploads\/2022\/05\/CARTEL-PROMOCIONAL-EXPOSICION-VESTIGIUM-CORIA-600x400.jpg",600,400,true],"gb-block-post-grid-square":["https:\/\/turismocoria.es\/turismo\/wp-content\/uploads\/2022\/05\/CARTEL-PROMOCIONAL-EXPOSICION-VESTIGIUM-CORIA-600x600.jpg",600,600,true]},"uagb_author_info":{"display_name":"Oficina Turismo","author_link":"https:\/\/turismocoria.es\/turismo\/author\/oficina\/"},"uagb_comment_info":0,"uagb_excerpt":"Vestigium se trata de una muestra expositiva, \u00fanica e irrepetible, que pretende poner en valor y trascendencia dos de los reclamos m\u00e1s atractivos e influyentes existentes dentro de la cristiandad desde tiempos inmemoriales, como son esas dos reliquias hist\u00f3ricas y espirituales relacionadas con la Vida y Pasi\u00f3n de Cristo, caso de la S\u00e1bana Santa de&hellip;","_links":{"self":[{"href":"https:\/\/turismocoria.es\/turismo\/wp-json\/wp\/v2\/posts\/10508"}],"collection":[{"href":"https:\/\/turismocoria.es\/turismo\/wp-json\/wp\/v2\/posts"}],"about":[{"href":"https:\/\/turismocoria.es\/turismo\/wp-json\/wp\/v2\/types\/post"}],"author":[{"embeddable":true,"href":"https:\/\/turismocoria.es\/turismo\/wp-json\/wp\/v2\/users\/4"}],"replies":[{"embeddable":true,"href":"https:\/\/turismocoria.es\/turismo\/wp-json\/wp\/v2\/comments?post=10508"}],"version-history":[{"count":6,"href":"https:\/\/turismocoria.es\/turismo\/wp-json\/wp\/v2\/posts\/10508\/revisions"}],"predecessor-version":[{"id":10522,"href":"https:\/\/turismocoria.es\/turismo\/wp-json\/wp\/v2\/posts\/10508\/revisions\/10522"}],"wp:featuredmedia":[{"embeddable":true,"href":"https:\/\/turismocoria.es\/turismo\/wp-json\/wp\/v2\/media\/10509"}],"wp:attachment":[{"href":"https:\/\/turismocoria.es\/turismo\/wp-json\/wp\/v2\/media?parent=10508"}],"wp:term":[{"taxonomy":"category","embeddable":true,"href":"https:\/\/turismocoria.es\/turismo\/wp-json\/wp\/v2\/categories?post=10508"},{"taxonomy":"post_tag","embeddable":true,"href":"https:\/\/turismocoria.es\/turismo\/wp-json\/wp\/v2\/tags?post=10508"}],"curies":[{"name":"wp","href":"https:\/\/api.w.org\/{rel}","templated":true}]}}