{"id":13375,"global_id":"turismocoria.es\/turismo?id=13375","global_id_lineage":["turismocoria.es\/turismo?id=13375"],"author":"4","status":"publish","date":"2025-07-02 13:30:16","date_utc":"2025-07-02 11:30:16","modified":"2025-08-07 13:23:22","modified_utc":"2025-08-07 11:23:22","url":"https:\/\/turismocoria.es\/turismo\/evento\/mercado-artesanal-de-las-velas-2025\/","rest_url":"https:\/\/turismocoria.es\/turismo\/wp-json\/tribe\/events\/v1\/events\/13375","title":"Mercado Artesanal de las Velas 2025","description":"<div class=\"tribe-events-schedule tribe-clearfix\">\n\t<h2 class=\"tribe-events-schedule__datetime\">\n\t\t<span class=\"tribe-events-schedule__date tribe-events-schedule__date--start\">\n\t\t\t\t\t<\/span>\n\n\t\t\t\t\t<span class=\"tribe-events-schedule__separator tribe-events-schedule__separator--date\">\n\t\t\t\t&#8211;\t\t\t<\/span>\n\t\t\t<span class=\"tribe-events-schedule__time tribe-events-schedule__time--start\">\n\t\t\t\t\t\t\t<\/span>\n\t\t\n\t\t\t<\/h2>\n<\/div>\n\n\n\n<p>Mercado Nocturno previo al Jueves Tur\u00edstico en Coria. Iluminaci\u00f3n con Velas de las principales Calles y Plazas del Casco Hist\u00f3rico de Coria.<\/p>\n\n\n\n<p>Desde las diez de la noche hasta las dos de las madrugada, las principales plazas y calles acoger\u00e1n conciertos simult\u00e1neos, con guitarristas, violinistas, saxofonistas y teclistas, pasacalles con pompas de jab\u00f3n, atracciones ecol\u00f3gicas infantiles, talleres y exhibiciones de aves rapaces y cetrer\u00eda. Todo ello acompa\u00f1ado de un photocall en la plaza de la Cava y en la plaza de San Pedro para conmemorar este aniversario.<\/p>\n\n\n<div class=\"tribe-block tribe-block__event-price\">\n\t\t<\/div>\n\n\n<div class=\"tribe-block tribe-block__organizer__details tribe-clearfix\">\n\t<div class=\"tribe-block__organizer__title\">\n\t\t<h3><a href=\"https:\/\/turismocoria.es\/turismo\/organizer\/oficina-de-turismo-de-coria\/\" title=\"Oficina de Turismo de Coria\" target=\"_self\" rel=\"\">Oficina de Turismo de Coria<\/a><\/h3>\n\t<\/div>\n\t\t\t<p class=\"tribe-block__organizer__phone\">927508000 ext- 290<\/p>\n\t\t\t\t\t<p class=\"tribe-block__organizer__email\">&#111;&#102;icina&#116;u&#114;&#105;sm&#111;&#064;cori&#097;&#046;o&#114;g<\/p>\n\t<\/div>\n\n\n<div class=\"tribe-block tribe-block__venue \">\n\t\n\t\t\n\t<\/div>\n\n\n\n\n\t<div class=\"tribe-block tribe-block__events-link\">\n\t\t<div class=\"tribe-events tribe-common\">\n\t\t\t<div class=\"tribe-events-c-subscribe-dropdown__container\">\n\t\t\t\t<div class=\"tribe-events-c-subscribe-dropdown\">\n\t\t\t\t\t<div class=\"tribe-common-c-btn-border tribe-events-c-subscribe-dropdown__button\" tabindex=\"0\">\n\t\t\t\t\t\t<svg  class=\"tribe-common-c-svgicon tribe-common-c-svgicon--cal-export tribe-events-c-subscribe-dropdown__export-icon\"  viewBox=\"0 0 23 17\" xmlns=\"http:\/\/www.w3.org\/2000\/svg\">\n  <path fill-rule=\"evenodd\" clip-rule=\"evenodd\" d=\"M.128.896V16.13c0 .211.145.383.323.383h15.354c.179 0 .323-.172.323-.383V.896c0-.212-.144-.383-.323-.383H.451C.273.513.128.684.128.896Zm16 6.742h-.901V4.679H1.009v10.729h14.218v-3.336h.901V7.638ZM1.01 1.614h14.218v2.058H1.009V1.614Z\" \/>\n  <path d=\"M20.5 9.846H8.312M18.524 6.953l2.89 2.909-2.855 2.855\" stroke-width=\"1.2\" stroke-linecap=\"round\" stroke-linejoin=\"round\"\/>\n<\/svg>\n\t\t\t\t\t\t<button class=\"tribe-events-c-subscribe-dropdown__button-text\">\n\t\t\t\t\t\t\tA\u00f1adir al calendario\t\t\t\t\t\t<\/button>\n\t\t\t\t\t\t<svg  class=\"tribe-common-c-svgicon tribe-common-c-svgicon--caret-down tribe-events-c-subscribe-dropdown__button-icon\"  viewBox=\"0 0 10 7\" xmlns=\"http:\/\/www.w3.org\/2000\/svg\"><path fill-rule=\"evenodd\" clip-rule=\"evenodd\" d=\"M1.008.609L5 4.6 8.992.61l.958.958L5 6.517.05 1.566l.958-.958z\" class=\"tribe-common-c-svgicon__svg-fill\"\/><\/svg>\n\t\t\t\t\t<\/div>\n\t\t\t\t\t<div class=\"tribe-events-c-subscribe-dropdown__content\">\n\t\t\t\t\t\t<ul class=\"tribe-events-c-subscribe-dropdown__list\" tabindex=\"0\">\n\t\t\t\t\t\t\t\t\t\t\t\t\t\t\t<li class=\"tribe-events-c-subscribe-dropdown__list-item\">\n\t\t\t\t\t\t\t\t\t<a\n\t\t\t\t\t\t\t\t\t\thref=\"\"\n\t\t\t\t\t\t\t\t\t\tclass=\"tribe-events-c-subscribe-dropdown__list-item-link\"\n\t\t\t\t\t\t\t\t\t\ttabindex=\"0\"\n\t\t\t\t\t\t\t\t\t\ttarget=\"_blank\"\n\t\t\t\t\t\t\t\t\t\trel=\"noopener noreferrer nofollow noindex\"\n\t\t\t\t\t\t\t\t\t>\n\t\t\t\t\t\t\t\t\t\tGoogle Calendar\t\t\t\t\t\t\t\t\t<\/a>\n\t\t\t\t\t\t\t\t<\/li>\n\t\t\t\t\t\t\t\t\t\t\t\t\t\t\t<li class=\"tribe-events-c-subscribe-dropdown__list-item\">\n\t\t\t\t\t\t\t\t\t<a\n\t\t\t\t\t\t\t\t\t\thref=\"\"\n\t\t\t\t\t\t\t\t\t\tclass=\"tribe-events-c-subscribe-dropdown__list-item-link\"\n\t\t\t\t\t\t\t\t\t\ttabindex=\"0\"\n\t\t\t\t\t\t\t\t\t\ttarget=\"_blank\"\n\t\t\t\t\t\t\t\t\t\trel=\"noopener noreferrer nofollow noindex\"\n\t\t\t\t\t\t\t\t\t>\n\t\t\t\t\t\t\t\t\t\tiCalendar\t\t\t\t\t\t\t\t\t<\/a>\n\t\t\t\t\t\t\t\t<\/li>\n\t\t\t\t\t\t\t\t\t\t\t\t\t\t\t<li class=\"tribe-events-c-subscribe-dropdown__list-item\">\n\t\t\t\t\t\t\t\t\t<a\n\t\t\t\t\t\t\t\t\t\thref=\"\"\n\t\t\t\t\t\t\t\t\t\tclass=\"tribe-events-c-subscribe-dropdown__list-item-link\"\n\t\t\t\t\t\t\t\t\t\ttabindex=\"0\"\n\t\t\t\t\t\t\t\t\t\ttarget=\"_blank\"\n\t\t\t\t\t\t\t\t\t\trel=\"noopener noreferrer nofollow noindex\"\n\t\t\t\t\t\t\t\t\t>\n\t\t\t\t\t\t\t\t\t\tOutlook 365\t\t\t\t\t\t\t\t\t<\/a>\n\t\t\t\t\t\t\t\t<\/li>\n\t\t\t\t\t\t\t\t\t\t\t\t\t\t\t<li class=\"tribe-events-c-subscribe-dropdown__list-item\">\n\t\t\t\t\t\t\t\t\t<a\n\t\t\t\t\t\t\t\t\t\thref=\"\"\n\t\t\t\t\t\t\t\t\t\tclass=\"tribe-events-c-subscribe-dropdown__list-item-link\"\n\t\t\t\t\t\t\t\t\t\ttabindex=\"0\"\n\t\t\t\t\t\t\t\t\t\ttarget=\"_blank\"\n\t\t\t\t\t\t\t\t\t\trel=\"noopener noreferrer nofollow noindex\"\n\t\t\t\t\t\t\t\t\t>\n\t\t\t\t\t\t\t\t\t\tOutlook Live\t\t\t\t\t\t\t\t\t<\/a>\n\t\t\t\t\t\t\t\t<\/li>\n\t\t\t\t\t\t\t\t\t\t\t\t\t<\/ul>\n\t\t\t\t\t<\/div>\n\t\t\t\t<\/div>\n\t\t\t<\/div>\n\t\t<\/div>\n\t<\/div>","excerpt":"","slug":"mercado-artesanal-de-las-velas-2025","image":{"url":"https:\/\/turismocoria.es\/turismo\/wp-content\/uploads\/2021\/05\/jueves-turistico-coria-10.jpg","id":2452,"extension":"jpg","width":1500,"height":1000,"sizes":{"medium":{"width":300,"height":200,"mime-type":"image\/jpeg","url":"https:\/\/turismocoria.es\/turismo\/wp-content\/uploads\/2021\/05\/jueves-turistico-coria-10-300x200.jpg"},"large":{"width":1024,"height":683,"mime-type":"image\/jpeg","url":"https:\/\/turismocoria.es\/turismo\/wp-content\/uploads\/2021\/05\/jueves-turistico-coria-10-1024x683.jpg"},"thumbnail":{"width":150,"height":150,"mime-type":"image\/jpeg","url":"https:\/\/turismocoria.es\/turismo\/wp-content\/uploads\/2021\/05\/jueves-turistico-coria-10-150x150.jpg"},"medium_large":{"width":768,"height":512,"mime-type":"image\/jpeg","url":"https:\/\/turismocoria.es\/turismo\/wp-content\/uploads\/2021\/05\/jueves-turistico-coria-10-768x512.jpg"},"ultp_layout_landscape_large":{"width":1200,"height":800,"mime-type":"image\/jpeg","url":"https:\/\/turismocoria.es\/turismo\/wp-content\/uploads\/2021\/05\/jueves-turistico-coria-10-1200x800.jpg"},"ultp_layout_landscape":{"width":870,"height":570,"mime-type":"image\/jpeg","url":"https:\/\/turismocoria.es\/turismo\/wp-content\/uploads\/2021\/05\/jueves-turistico-coria-10-870x570.jpg"},"ultp_layout_portrait":{"width":600,"height":900,"mime-type":"image\/jpeg","url":"https:\/\/turismocoria.es\/turismo\/wp-content\/uploads\/2021\/05\/jueves-turistico-coria-10-600x900.jpg"},"ultp_layout_square":{"width":600,"height":600,"mime-type":"image\/jpeg","url":"https:\/\/turismocoria.es\/turismo\/wp-content\/uploads\/2021\/05\/jueves-turistico-coria-10-600x600.jpg"},"gb-block-post-grid-landscape":{"width":600,"height":400,"mime-type":"image\/jpeg","url":"https:\/\/turismocoria.es\/turismo\/wp-content\/uploads\/2021\/05\/jueves-turistico-coria-10-600x400.jpg"},"gb-block-post-grid-square":{"width":600,"height":600,"mime-type":"image\/jpeg","url":"https:\/\/turismocoria.es\/turismo\/wp-content\/uploads\/2021\/05\/jueves-turistico-coria-10-600x600.jpg"}}},"all_day":false,"start_date":"2025-08-13 20:00:00","start_date_details":{"year":"2025","month":"08","day":"13","hour":"20","minutes":"00","seconds":"00"},"end_date":"2025-08-14 02:00:00","end_date_details":{"year":"2025","month":"08","day":"14","hour":"02","minutes":"00","seconds":"00"},"utc_start_date":"2025-08-13 18:00:00","utc_start_date_details":{"year":"2025","month":"08","day":"13","hour":"18","minutes":"00","seconds":"00"},"utc_end_date":"2025-08-14 00:00:00","utc_end_date_details":{"year":"2025","month":"08","day":"14","hour":"00","minutes":"00","seconds":"00"},"timezone":"Europe\/Madrid","timezone_abbr":"","cost":"","cost_details":{"currency_symbol":"\u20ac","currency_code":"EUR","currency_position":"suffix","values":[]},"website":"","show_map":true,"show_map_link":true,"hide_from_listings":false,"sticky":false,"featured":false,"categories":[],"tags":[{"name":"comercio","slug":"comercio","term_group":0,"term_taxonomy_id":499,"taxonomy":"post_tag","description":"","parent":0,"count":4,"filter":"raw","id":499,"urls":{"self":"https:\/\/turismocoria.es\/turismo\/wp-json\/tribe\/events\/v1\/tags\/499","collection":"https:\/\/turismocoria.es\/turismo\/wp-json\/tribe\/events\/v1\/tags"}}],"venue":{"id":11916,"author":"3","status":"publish","date":"2023-08-01 12:45:58","date_utc":"2023-08-01 10:45:58","modified":"2023-08-01 12:45:58","modified_utc":"2023-08-01 10:45:58","url":"https:\/\/turismocoria.es\/turismo\/venue\/casco-historico-de-coria\/","venue":"Casco Hist\u00f3rico de Coria","slug":"casco-historico-de-coria","json_ld":{"@type":"Place","name":"Casco Hist\u00f3rico de Coria","description":"","url":"https:\/\/turismocoria.es\/turismo\/venue\/casco-historico-de-coria\/","address":{"@type":"PostalAddress"},"telephone":"","sameAs":""},"show_map":true,"show_map_link":true,"global_id":"turismocoria.es\/turismo?id=11916","global_id_lineage":["turismocoria.es\/turismo?id=11916"]},"organizer":[{"id":12844,"author":"3","status":"publish","date":"2024-12-04 12:26:52","date_utc":"2024-12-04 11:26:52","modified":"2024-12-04 12:26:52","modified_utc":"2024-12-04 11:26:52","url":"https:\/\/turismocoria.es\/turismo\/organizer\/oficina-de-turismo-de-coria\/","organizer":"Oficina de Turismo de Coria","slug":"oficina-de-turismo-de-coria","phone":"927508000 ext- 290","email":"oficinaturismo@coria.org","json_ld":{"@type":"Person","name":"Oficina de Turismo de Coria","description":"","url":"","telephone":"927508000 ext- 290","email":"o&#102;&#105;ci&#110;&#97;&#116;u&#114;&#105;s&#109;o&#64;c&#111;&#114;&#105;&#97;.&#111;rg","sameAs":""},"global_id":"turismocoria.es\/turismo?id=12844","global_id_lineage":["turismocoria.es\/turismo?id=12844"]}],"json_ld":{"@context":"http:\/\/schema.org","@type":"Event","name":"Mercado Artesanal de las Velas 2025","description":"&lt;p&gt;Mercado Nocturno previo al Jueves Tur\u00edstico en Coria. Iluminaci\u00f3n con Velas de las principales Calles y Plazas del Casco Hist\u00f3rico de Coria. Desde las diez de la noche hasta las dos de las madrugada, las principales plazas y calles acoger\u00e1n conciertos simult\u00e1neos, con guitarristas, violinistas, saxofonistas y teclistas, pasacalles con pompas de jab\u00f3n, atracciones ecol\u00f3gicas [&hellip;]&lt;\/p&gt;\\n","image":"https:\/\/turismocoria.es\/turismo\/wp-content\/uploads\/2021\/05\/jueves-turistico-coria-10.jpg","url":"https:\/\/turismocoria.es\/turismo\/evento\/mercado-artesanal-de-las-velas-2025\/","eventAttendanceMode":"https:\/\/schema.org\/OfflineEventAttendanceMode","startDate":"2025-08-13T20:00:00+02:00","endDate":"2025-08-14T02:00:00+02:00","location":{"@type":"Place","name":"Casco Hist\u00f3rico de Coria","description":"","url":"https:\/\/turismocoria.es\/turismo\/venue\/casco-historico-de-coria\/","address":{"@type":"PostalAddress"},"telephone":"","sameAs":""},"organizer":{"@type":"Person","name":"Oficina de Turismo de Coria","description":"","url":"","telephone":"927508000 ext- 290","email":"&#111;&#102;&#105;&#99;&#105;&#110;at&#117;ris&#109;o&#64;&#99;o&#114;&#105;a.o&#114;g","sameAs":""},"performer":"Organization"}}